{"id":538686,"date":"2025-11-30T15:41:07","date_gmt":"2025-11-30T19:41:07","guid":{"rendered":"https:\/\/diarioelpopular.com\/?p=538686"},"modified":"2025-11-30T15:48:00","modified_gmt":"2025-11-30T19:48:00","slug":"el-hombre-que-se-infiltro-en-auschwitz-para-revelar-al-mundo-las-atrocidades-de-hitler-y-los-nazis","status":"publish","type":"post","link":"https:\/\/diarioelpopular.com\/index.php\/2025\/11\/30\/el-hombre-que-se-infiltro-en-auschwitz-para-revelar-al-mundo-las-atrocidades-de-hitler-y-los-nazis\/","title":{"rendered":"El hombre que se infiltr\u00f3 en Auschwitz para revelar al mundo las atrocidades de Hitler y los nazis"},"content":{"rendered":"<p><img loading=\"lazy\" decoding=\"async\" class=\"alignnone size-custom-full-size wp-image-538687\" src=\"https:\/\/diarioelpopular.com\/wp-content\/uploads\/2025\/11\/Screen-Shot-2025-11-30-at-2.40.38-PM-636x358.png\" alt=\"\" width=\"636\" height=\"358\" srcset=\"https:\/\/diarioelpopular.com\/wp-content\/uploads\/2025\/11\/Screen-Shot-2025-11-30-at-2.40.38-PM-636x358.png 636w, https:\/\/diarioelpopular.com\/wp-content\/uploads\/2025\/11\/Screen-Shot-2025-11-30-at-2.40.38-PM-300x169.png 300w, https:\/\/diarioelpopular.com\/wp-content\/uploads\/2025\/11\/Screen-Shot-2025-11-30-at-2.40.38-PM-768x432.png 768w, https:\/\/diarioelpopular.com\/wp-content\/uploads\/2025\/11\/Screen-Shot-2025-11-30-at-2.40.38-PM-130x73.png 130w, https:\/\/diarioelpopular.com\/wp-content\/uploads\/2025\/11\/Screen-Shot-2025-11-30-at-2.40.38-PM.png 856w\" sizes=\"auto, (max-width: 636px) 100vw, 636px\" \/><\/p>\n<p>&nbsp;<\/p>\n<div class=\"css-19j92fr ebmt73l0\" dir=\"ltr\">\n<ul>\n<li class=\"css-oygqes e17g058b0\" dir=\"ltr\"><em><b>El 27 de enero de 1945, los prisioneros del principal campo de concentraci\u00f3n en Auschwitz vieron c\u00f3mo los soldados del Primer Frente Ucraniano llegaron y abrieron las rejas bajo la infame frase <\/b><b>Arbeit Macht Frei<\/b><b>\u00a0(El trabajo libera). Despu\u00e9s de m\u00e1s de cuatro a\u00f1os de terror, estaban siendo liberados finalmente.<\/b><\/em><\/li>\n<\/ul>\n<\/div>\n<div class=\"css-19j92fr ebmt73l0\" dir=\"ltr\">\n<p class=\"css-oygqes e17g058b0\" dir=\"ltr\">Este a\u00f1o marc\u00f3 el 80 aniversario de la liberaci\u00f3n del campo de concentraci\u00f3n en tiempos de guerra m\u00e1s infame del mundo, donde m\u00e1s de 1,1 millones de personas, la mayor\u00eda jud\u00edos, fueron asesinados (este 30 de abril tambi\u00e9n marca los 80 a\u00f1os de la muerte de Adolf Hitler, el hombre cuya ideolog\u00eda condujo a la Alemania nazi a cometer esas atrocidades).<\/p>\n<\/div>\n<div class=\"css-19j92fr ebmt73l0\" dir=\"ltr\">\n<p class=\"css-oygqes e17g058b0\" dir=\"ltr\">Auschwitz se estableci\u00f3 en 1940, cuando los nazis abrieron un nuevo complejo de campos en O\u015bwi\u0119cim, en el sur de Polonia, para albergar reclusos. Lo que empez\u00f3 como una prisi\u00f3n pol\u00edtica para ciudadanos polacos evolucion\u00f3 en una f\u00e1brica de muerte para los jud\u00edos europeos, y el nombre Auschwitz pronto se volver\u00eda sin\u00f3nimo de genocidio y el Holocausto.<\/p>\n<\/div>\n<div class=\"css-19j92fr ebmt73l0\" dir=\"ltr\">\n<p class=\"css-oygqes e17g058b0\" dir=\"ltr\">Durante su primer a\u00f1o de operaci\u00f3n, poco se sab\u00eda de las actividades del campo, hasta que un hombre decidi\u00f3 arriesgar su vida para descubrirlo.<\/p>\n<\/div>\n<div class=\"css-19j92fr ebmt73l0\" dir=\"ltr\">\n<p class=\"css-oygqes e17g058b0\" dir=\"ltr\">Para los guardias y otros prisioneros, ese hombre era Tomasz Serafi\u0144ski, preso n\u00famero 4859, un disidente que casualmente estaba en el lugar equivocado en el momento equivocado. Pero para un peque\u00f1o grupo de resistencia clandestina contra la Alemania nazi, su nombre era Witold Pilecki, subteniente del ej\u00e9rcito, agente de inteligencia, esposo y padre de dos hijos, y cat\u00f3lico.<\/p>\n<\/div>\n<section class=\"css-j7aurr\" role=\"region\" aria-label=\"Publicidad 2\" aria-hidden=\"true\" data-e2e=\"advertisement\">\n<div id=\"dotcom-mpu\" class=\"dotcom-ad active\" aria-hidden=\"true\">\n<div class=\"dotcom-ad-inner\"><\/div>\n<\/div>\n<\/section>\n<div class=\"css-19j92fr ebmt73l0\" dir=\"ltr\">\n<p class=\"css-oygqes e17g058b0\" dir=\"ltr\">&#8220;Witold Pilecki fue uno de los fundadores de la organizaci\u00f3n del movimiento de resistencia llamada Ej\u00e9rcito Polaco Secreto (TAP por sus siglas en polaco)&#8221;, cont\u00f3 el doctor Piotr Setkiewicz, historiador del Museo Conmemorativo de Auschwitz-Birkenau.<\/p>\n<\/div>\n<div class=\"css-19j92fr ebmt73l0\" dir=\"ltr\">\n<p class=\"css-oygqes e17g058b0\" dir=\"ltr\">&#8220;Cuando TAP se enter\u00f3 del nuevo campo en Auschwitz, empezaron discusiones para enviar a alguien a investigar qu\u00e9 estaba ocurriendo all\u00ed. Pilecki acept\u00f3 tomar esa misi\u00f3n&#8221;.<\/p>\n<p dir=\"ltr\">\n<\/div>\n<figure class=\"css-1qn0xuy\">\n<div class=\"css-1gbs0ve\">\n<div style=\"width: 1610px\" class=\"wp-caption alignnone\"><img loading=\"lazy\" decoding=\"async\" class=\"css-4ejld5\" src=\"https:\/\/ichef.bbci.co.uk\/ace\/ws\/640\/cpsprodpb\/4cdf\/live\/b1f039b0-fb54-11ef-896e-d7e7fb1719a4.jpg.webp\" alt=\"La entrada principal de Auschwitz con su infame frase &quot;El trabajo libera&quot;\" width=\"1600\" height=\"900\" \/><p class=\"wp-caption-text\">Fuente de la imagen,Getty Images. La entrada principal de Auschwitz con su frase &#8220;El trabajo libera&#8221; fue construida por prisioneros pol\u00edticos polacos, bajo \u00f3rdenes de los nazis.<\/p><\/div>\n<p class=\"css-by8ykd\" role=\"text\">\n<\/div>\n<\/figure>\n<div class=\"css-19j92fr ebmt73l0\" dir=\"ltr\">\n<p class=\"css-oygqes e17g058b0\" dir=\"ltr\">&#8220;Se debe enfatizar que en esa \u00e9poca nadie en TAP sab\u00eda lo que Auschwitz era&#8221;, continu\u00f3 Setkiewicz. &#8220;Fue s\u00f3lo entonces que empezaron a llegar telegramas informando sobre las muertes de las personas deportadas en el primer transporte de Varsovia&#8221;.<\/p>\n<\/div>\n<div class=\"css-19j92fr ebmt73l0\" dir=\"ltr\">\n<p class=\"css-oygqes e17g058b0\" dir=\"ltr\">No obstante, Pilecki necesitaba un plan para infiltrarse. As\u00ed que, un d\u00eda de septiembre de 1940, se las arregl\u00f3 para estar en el apartamento de su cu\u00f1ada en el vecindario de \u017boliborz, en Varsovia, durante una redada y us\u00f3 la identidad jud\u00eda de un soldado polaco muerto para garantizar su arresto.<\/p>\n<\/div>\n<div class=\"css-19j92fr ebmt73l0\" dir=\"ltr\">\n<p class=\"css-oygqes e17g058b0\" dir=\"ltr\">Tres d\u00edas despu\u00e9s, Pilecki cruz\u00f3 las puertas enrejadas con la inscripci\u00f3n\u00a0<i class=\"css-6whwaq eih42320\">Arbeit Macht Frei<\/i>, donde permanecer\u00eda dos a\u00f1os y medio infiltrado en el campamento y enviando evidencia para alertar al mundo de sus actividades, mientras era sometido a trabajos forzados, hambre y al riesgo de muerte como cualquier otro prisionero.<\/p>\n<\/div>\n<div class=\"css-19j92fr ebmt73l0\" dir=\"ltr\">\n<p class=\"css-oygqes e17g058b0\" dir=\"ltr\">Escribi\u00f3 reportes que fueron sacados del campamento en secreto, incluyendo informaci\u00f3n sobre las condiciones, torturas y muertes. Al mismo tiempo, inspir\u00f3 un movimiento clandestino que saboteaba las instalaciones y asesinaba a oficiales de la SS mientras organizaba el ingreso del contrabando de comida y medicina.<\/p>\n<\/div>\n<div class=\"css-19j92fr ebmt73l0\" dir=\"ltr\">\n<p class=\"css-oygqes e17g058b0\" dir=\"ltr\">Fuera de su cu\u00f1ada, su familia ten\u00eda poca idea de sus actividades militares.<\/p>\n<\/div>\n<div class=\"css-19j92fr ebmt73l0\" dir=\"ltr\">\n<p class=\"css-oygqes e17g058b0\" dir=\"ltr\">&#8220;Ten\u00edamos una tenue noci\u00f3n de que pap\u00e1 estaba cumpliendo unas labores importantes, pero ciertamente nosotros, como ni\u00f1os, no sab\u00edamos de qu\u00e9 tipo. Si mam\u00e1 sab\u00eda algo m\u00e1s, no estoy segura, pero supongo que tampoco conoc\u00eda los detalles del trabajo de pap\u00e1&#8221;, dijo la hija de Pilecki, Zofia Pilecka-Optulowicz.<\/p>\n<\/div>\n<div class=\"css-19j92fr ebmt73l0\" dir=\"ltr\">\n<p class=\"css-oygqes e17g058b0\" dir=\"ltr\">&#8220;Los requerimientos conspirativos implicaban que para la seguridad de tanto pap\u00e1 como de nosotros, entre menos supi\u00e9ramos, era mejor&#8221;.<\/p>\n<p dir=\"ltr\">\n<\/div>\n<figure class=\"css-1qn0xuy\">\n<div class=\"css-1gbs0ve\">\n<div style=\"width: 687px\" class=\"wp-caption alignnone\"><img loading=\"lazy\" decoding=\"async\" class=\"css-4ejld5\" src=\"https:\/\/ichef.bbci.co.uk\/ace\/ws\/640\/cpsprodpb\/2635\/live\/17b3dc70-fb55-11ef-9e61-71ee71f26eb1.jpg.webp\" alt=\"Witold Pilecki en uniforme militar\" width=\"677\" height=\"1024\" \/><p class=\"wp-caption-text\">Fuente de la imagen,Getty Images. Witold Pilecki era en realidad un subteniente del ej\u00e9rcito polaco, pero pocos sab\u00edan de su actividad secreta.<\/p><\/div>\n<p class=\"css-by8ykd\" role=\"text\">\n<\/div>\n<\/figure>\n<div class=\"css-19j92fr ebmt73l0\" dir=\"ltr\">\n<p dir=\"ltr\">\n<p class=\"css-oygqes e17g058b0\" dir=\"ltr\">En sus reportes, Pilecki describi\u00f3 la realidad de Auschwitz y solicit\u00f3 que las Fuerzas Aliadas atacaran el campamento.<\/p>\n<\/div>\n<div class=\"css-19j92fr ebmt73l0\" dir=\"ltr\">\n<p class=\"css-oygqes e17g058b0\" dir=\"ltr\">Aunque los documentos llegaron a manos de algunos altos comandantes, fueron mayormente ignorados porque Polonia no era una prioridad militar. Incluso el d\u00eda de la liberaci\u00f3n final del campo, el Ej\u00e9rcito Rojo lleg\u00f3 a percatarse de su existencia s\u00f3lo por casualidad, despu\u00e9s de haber liberado a la vecina ciudad de Cracovia.<\/p>\n<\/div>\n<div class=\"css-19j92fr ebmt73l0\" dir=\"ltr\">\n<p class=\"css-oygqes e17g058b0\" dir=\"ltr\">Aunque los testimonios de Pilecki no condujeron directamente a la liberaci\u00f3n del campo, s\u00ed crearon la primera idea general sobre las condiciones all\u00ed.<\/p>\n<\/div>\n<div class=\"css-19j92fr ebmt73l0\" dir=\"ltr\">\n<p class=\"css-oygqes e17g058b0\" dir=\"ltr\">Fue el primero en proveer informaci\u00f3n de primera mano al mundo sobre las torturas y muertes de los prisioneros tres a\u00f1os antes de que los comandantes aliados reconocieran oficialmente la existencia del campo de concentraci\u00f3n.<\/p>\n<\/div>\n<div class=\"css-19j92fr ebmt73l0\" dir=\"ltr\">\n<p class=\"css-oygqes e17g058b0\" dir=\"ltr\">Pasaron otros dos a\u00f1os despu\u00e9s de su escape para que los prisioneros sobrevivientes de Auschwitz fueran rescatados. Para entonces, de una total de casi 1,1 millones de personas internadas en el campo, solo unas 7.000 vieron la libertad.<\/p>\n<\/div>\n<div class=\"css-19j92fr ebmt73l0\" dir=\"ltr\">\n<p class=\"css-oygqes e17g058b0\" dir=\"ltr\">Pilecki lleg\u00f3 a ser conocido como &#8220;el hombre que fue voluntariamente a Auschwitz&#8221;, aunque su historia no se difundir\u00eda ampliamente durante muchos a\u00f1os. Despu\u00e9s de la guerra, Polonia cay\u00f3 bajo el r\u00e9gimen sovi\u00e9tico y Pilecki y su unidad clandestina continuaron luchando por la independencia polaca en el Alzamiento de Varsovia.<\/p>\n<\/div>\n<div class=\"css-19j92fr ebmt73l0\" dir=\"ltr\">\n<p class=\"css-oygqes e17g058b0\" dir=\"ltr\">Finalmente, fue arrestado, forzado a firmar una confesi\u00f3n como traidor y fue ejecutado en secreto en la c\u00e1rcel en 1948. Se prohibi\u00f3 mencionar el nombre de Witold Pilecki y los reportes y documentaci\u00f3n de sus actividades fueron destruidos o archivados.<\/p>\n<p dir=\"ltr\">\n<\/div>\n<figure class=\"css-1qn0xuy\">\n<div class=\"css-1gbs0ve\">\n<div style=\"width: 1034px\" class=\"wp-caption alignnone\"><img loading=\"lazy\" decoding=\"async\" class=\"css-4ejld5\" src=\"https:\/\/ichef.bbci.co.uk\/ace\/ws\/640\/cpsprodpb\/e38f\/live\/8a3d2670-fb55-11ef-8c03-7dfdbeeb2526.jpg.webp\" alt=\"Mujeres uniformadas sostienen pancartas con las fotos de Witold Pilecki y otros m\u00e1rtires anticomunistas en la llamada marcha de los &quot;soldados malditos&quot;\" width=\"1024\" height=\"683\" \/><p class=\"wp-caption-text\">Fuente de la imagen,Getty Images. En Polonia se realiza la marcha de los &#8220;soldados malditos&#8221; que conmemora a Witold Pilecki y otros m\u00e1rtires anticomunistas.<\/p><\/div>\n<p class=\"css-by8ykd\" role=\"text\">\n<\/div>\n<\/figure>\n<div class=\"css-19j92fr ebmt73l0\" dir=\"ltr\">\n<p class=\"css-oygqes e17g058b0\" dir=\"ltr\">Pilecka-Optulowicz y su hermano Andrej escucharon en la radio los informes del juicio y ejecuci\u00f3n de Pilecki y crecieron con gente dici\u00e9ndoles que su padre fue un traidor y enemigo del Estado.<\/p>\n<\/div>\n<div class=\"css-19j92fr ebmt73l0\" dir=\"ltr\">\n<p class=\"css-oygqes e17g058b0\" dir=\"ltr\">No fue sino hasta la d\u00e9cada de los 1990 que descubrieron que su padre hab\u00eda sido un h\u00e9roe todo ese tiempo.<\/p>\n<\/div>\n<div class=\"css-19j92fr ebmt73l0\" dir=\"ltr\">\n<p class=\"css-oygqes e17g058b0\" dir=\"ltr\">Pilecka-Optulowicz tiene recuerdos de su padre como un hombre cari\u00f1oso pero r\u00edgido. Un hombre de principios que amaba a su familia.<\/p>\n<\/div>\n<div class=\"css-19j92fr ebmt73l0\" dir=\"ltr\">\n<p class=\"css-oygqes e17g058b0\" dir=\"ltr\">&#8220;Recuerdo muy claramente las muchas conversaciones que tuve con mi padre sobre la naturaleza, c\u00f3mo funciona la cadena de la vida, lo importante que son todas las criaturas en esa cadena&#8221;, coment\u00f3.<\/p>\n<\/div>\n<div class=\"css-19j92fr ebmt73l0\" dir=\"ltr\">\n<p class=\"css-oygqes e17g058b0\" dir=\"ltr\">&#8220;Tambi\u00e9n me revel\u00f3 el mundo de una manera amistosa y amorosa y me dijo c\u00f3mo comportarme en situaciones diferentes\u2026 inculc\u00f3 en nosotros que la puntualidad y la veracidad eran especialmente importantes. He llevado esas lecciones toda mi vida&#8221;.<\/p>\n<p dir=\"ltr\">\n<\/div>\n<figure class=\"css-1qn0xuy\">\n<div class=\"css-1gbs0ve\">\n<div style=\"width: 486px\" class=\"wp-caption alignnone\"><img loading=\"lazy\" decoding=\"async\" class=\"css-4ejld5\" src=\"https:\/\/ichef.bbci.co.uk\/ace\/ws\/640\/cpsprodpb\/3cd2\/live\/a5d0f9b0-fb56-11ef-b636-c1776c0b9770.jpg.webp\" alt=\"Zofia Pilecka-Optulowicz\" width=\"476\" height=\"268\" \/><p class=\"wp-caption-text\">Fuente de la imagen,Getty Images. Zofia Pilecka-Optulowicz, la hija de Pilecki, no supo sino hasta la d\u00e9cada de 1990 que su padre hab\u00eda sido un h\u00e9roe.<\/p><\/div>\n<p class=\"css-by8ykd\" role=\"text\">\n<\/div>\n<\/figure>\n<div class=\"css-19j92fr ebmt73l0\" dir=\"ltr\">\n<p class=\"css-oygqes e17g058b0\" dir=\"ltr\">El comunismo sovi\u00e9tico en Polonia lleg\u00f3 a su fin en 1989 y finalmente se pudo contar la verdadera historia de Pilecki. Se publicaron libros al respecto, se nombraron calles en su honor y se ense\u00f1\u00f3 su historia en las escuelas polacas.<\/p>\n<\/div>\n<div class=\"css-19j92fr ebmt73l0\" dir=\"ltr\">\n<p class=\"css-oygqes e17g058b0\" dir=\"ltr\">Se estableci\u00f3 un Instituto Pilecki para la investigaci\u00f3n de la historia pol\u00edtica de Polonia y para honrar a todos los que apoyaron a los ciudadanos polacos en tiempos dif\u00edciles, y la historia de Pilecki forma parte de las exposiciones en el Museo Conmemorativo de Auschwitz-Birkenau.<\/p>\n<\/div>\n<div class=\"css-19j92fr ebmt73l0\" dir=\"ltr\">\n<p class=\"css-oygqes e17g058b0\" dir=\"ltr\">Una gira del museo es una emotiva e intensa experiencia; un recuento crudo de la crueldad de que son capaces los seres humanos contra ellos mismos.<\/p>\n<p dir=\"ltr\">\n<\/div>\n<figure class=\"css-1qn0xuy\">\n<div class=\"css-1gbs0ve\">\n<div style=\"width: 1034px\" class=\"wp-caption alignnone\"><img loading=\"lazy\" decoding=\"async\" class=\"css-4ejld5\" src=\"https:\/\/ichef.bbci.co.uk\/ace\/ws\/640\/cpsprodpb\/c615\/live\/927e76b0-fb58-11ef-8c03-7dfdbeeb2526.jpg.webp\" alt=\"Un grupo de extranjeros visita el campo de concentraci\u00f3n nazi en Auschwitz\" width=\"1024\" height=\"683\" \/><p class=\"wp-caption-text\">Fuente de la imagen,Getty Images. Una visita a Auschwitz es incre\u00edblemente exigente y sombr\u00eda, expresa una gu\u00eda del museo conmemorativo.<\/p><\/div>\n<\/div>\n<\/figure>\n<div class=\"css-19j92fr ebmt73l0\" dir=\"ltr\">\n<p dir=\"ltr\">\n<p class=\"css-oygqes e17g058b0\" dir=\"ltr\">Dorota Kuczy\u0144ska ha trabajado como gu\u00eda y jefa de prensa en el museo durante 27 a\u00f1os y encuentra su responsabilidad tanto un desaf\u00edo como emocionalmente agotadora. Su labor involucra no s\u00f3lo guiar y contar historia, sino a veces, conocer y escuchar a los amigos y parientes de los antiguos prisioneros que perdieron a miembros de sus familias en ese lugar.<\/p>\n<\/div>\n<div class=\"css-19j92fr ebmt73l0\" dir=\"ltr\">\n<p class=\"css-oygqes e17g058b0\" dir=\"ltr\">&#8220;Este es un lugar extraordinario, y el tema que abordamos durante las visitas es incre\u00edblemente exigente y sombr\u00edo&#8221;, explic\u00f3.<\/p>\n<\/div>\n<div class=\"css-19j92fr ebmt73l0\" dir=\"ltr\">\n<p class=\"css-oygqes e17g058b0\" dir=\"ltr\">Sin embargo, a\u00f1adi\u00f3 que tiene muchos momentos gratificantes.<\/p>\n<\/div>\n<div class=\"css-19j92fr ebmt73l0\" dir=\"ltr\">\n<p class=\"css-oygqes e17g058b0\" dir=\"ltr\">&#8220;Ver a la gente joven que no s\u00f3lo escucha la historia del pasado sino que tambi\u00e9n se involucra en las discusiones sobre el presente y c\u00f3mo construir un mundo basado en el respeto, empat\u00eda y verdad nos da esperanza en la humanidad y nos motiva a continuar esta labor vital&#8221;.<\/p>\n<\/div>\n","protected":false},"excerpt":{"rendered":"<p>&nbsp; El 27 de enero de 1945, los prisioneros del principal campo de concentraci\u00f3n en Auschwitz vieron c\u00f3mo los soldados del Primer Frente Ucraniano llegaron&hellip;<\/p>\n","protected":false},"author":99,"featured_media":538687,"comment_status":"open","ping_status":"open","sticky":false,"template":"","format":"standard","meta":{"footnotes":""},"categories":[24],"tags":[],"class_list":["post-538686","post","type-post","status-publish","format-standard","has-post-thumbnail","hentry","category-mundo"],"_links":{"self":[{"href":"https:\/\/diarioelpopular.com\/index.php\/wp-json\/wp\/v2\/posts\/538686","targetHints":{"allow":["GET"]}}],"collection":[{"href":"https:\/\/diarioelpopular.com\/index.php\/wp-json\/wp\/v2\/posts"}],"about":[{"href":"https:\/\/diarioelpopular.com\/index.php\/wp-json\/wp\/v2\/types\/post"}],"author":[{"embeddable":true,"href":"https:\/\/diarioelpopular.com\/index.php\/wp-json\/wp\/v2\/users\/99"}],"replies":[{"embeddable":true,"href":"https:\/\/diarioelpopular.com\/index.php\/wp-json\/wp\/v2\/comments?post=538686"}],"version-history":[{"count":3,"href":"https:\/\/diarioelpopular.com\/index.php\/wp-json\/wp\/v2\/posts\/538686\/revisions"}],"predecessor-version":[{"id":538690,"href":"https:\/\/diarioelpopular.com\/index.php\/wp-json\/wp\/v2\/posts\/538686\/revisions\/538690"}],"wp:featuredmedia":[{"embeddable":true,"href":"https:\/\/diarioelpopular.com\/index.php\/wp-json\/wp\/v2\/media\/538687"}],"wp:attachment":[{"href":"https:\/\/diarioelpopular.com\/index.php\/wp-json\/wp\/v2\/media?parent=538686"}],"wp:term":[{"taxonomy":"category","embeddable":true,"href":"https:\/\/diarioelpopular.com\/index.php\/wp-json\/wp\/v2\/categories?post=538686"},{"taxonomy":"post_tag","embeddable":true,"href":"https:\/\/diarioelpopular.com\/index.php\/wp-json\/wp\/v2\/tags?post=538686"}],"curies":[{"name":"wp","href":"https:\/\/api.w.org\/{rel}","templated":true}]}}