{"id":538839,"date":"2025-12-04T16:39:06","date_gmt":"2025-12-04T20:39:06","guid":{"rendered":"https:\/\/diarioelpopular.com\/?p=538839"},"modified":"2025-12-04T16:39:06","modified_gmt":"2025-12-04T20:39:06","slug":"sheinbaum-trump-y-el-primer-ministro-carney-tendran-encuentro-cara-a-cara-en-washington-por-el-sorteo-del-mundial","status":"publish","type":"post","link":"https:\/\/diarioelpopular.com\/index.php\/2025\/12\/04\/sheinbaum-trump-y-el-primer-ministro-carney-tendran-encuentro-cara-a-cara-en-washington-por-el-sorteo-del-mundial\/","title":{"rendered":"Sheinbaum, Trump y el primer ministro Carney tendr\u00e1n encuentro cara a cara en Washington por el sorteo del Mundial"},"content":{"rendered":"<div id=\"attachment_538840\" style=\"width: 1210px\" class=\"wp-caption alignnone\"><img loading=\"lazy\" decoding=\"async\" aria-describedby=\"caption-attachment-538840\" class=\"wp-image-538840 size-custom-big-size\" src=\"https:\/\/diarioelpopular.com\/wp-content\/uploads\/2025\/12\/Screen-Shot-2025-12-04-at-3.36.10-PM-1200x813.png\" alt=\"\" width=\"1200\" height=\"813\" srcset=\"https:\/\/diarioelpopular.com\/wp-content\/uploads\/2025\/12\/Screen-Shot-2025-12-04-at-3.36.10-PM-1200x813.png 1200w, https:\/\/diarioelpopular.com\/wp-content\/uploads\/2025\/12\/Screen-Shot-2025-12-04-at-3.36.10-PM-300x203.png 300w, https:\/\/diarioelpopular.com\/wp-content\/uploads\/2025\/12\/Screen-Shot-2025-12-04-at-3.36.10-PM-768x520.png 768w, https:\/\/diarioelpopular.com\/wp-content\/uploads\/2025\/12\/Screen-Shot-2025-12-04-at-3.36.10-PM-636x431.png 636w, https:\/\/diarioelpopular.com\/wp-content\/uploads\/2025\/12\/Screen-Shot-2025-12-04-at-3.36.10-PM-80x55.png 80w, https:\/\/diarioelpopular.com\/wp-content\/uploads\/2025\/12\/Screen-Shot-2025-12-04-at-3.36.10-PM-108x73.png 108w, https:\/\/diarioelpopular.com\/wp-content\/uploads\/2025\/12\/Screen-Shot-2025-12-04-at-3.36.10-PM.png 1024w\" sizes=\"auto, (max-width: 1200px) 100vw, 1200px\" \/><p id=\"caption-attachment-538840\" class=\"wp-caption-text\">Gianni Infantino y la FIFA han convertido el Mundial en un juego pol\u00edtico para Trump. Claudia Sheinbaum y el Primer Ministro canadiense se ver\u00e1n este viernes. Foto Presidencia (Cuartoscuro)<\/p><\/div>\n<p>&nbsp;<\/p>\n<ul>\n<li><em><strong>La mandataria confirm\u00f3 la visita rel\u00e1mpago y un encuentro lo m\u00e1s breve posible con Trump este viernes<\/strong><\/em><\/li>\n<\/ul>\n<p>&nbsp;<\/p>\n<p class=\"\">Claudia Sheinbaum y Donald Trump se encontrar\u00e1n cara a cara por primera vez este viernes en Washington.<\/p>\n<p class=\"\">La mandataria ha confirmado que <a title=\"https:\/\/elpais.com\/mexico\/2025-12-03\/sheinbaum-cree-que-si-acudira-al-sorteo-del-mundial-en-washington-pero-descarta-una-reunion-de-peso-con-trump.html\" href=\"https:\/\/elpais.com\/mexico\/2025-12-03\/sheinbaum-cree-que-si-acudira-al-sorteo-del-mundial-en-washington-pero-descarta-una-reunion-de-peso-con-trump.html\" target=\"_self\" rel=\"\" data-link-track-dtm=\"\" data-mrf-link=\"https:\/\/elpais.com\/mexico\/2025-12-03\/sheinbaum-cree-que-si-acudira-al-sorteo-del-mundial-en-washington-pero-descarta-una-reunion-de-peso-con-trump.html\">viajar\u00e1 esta tarde a la capital estadounidense para asistir al sorteo del Mundial de 2026<\/a>, donde \u201ctodo parece indicar\u201d que sostendr\u00e1 una breve reuni\u00f3n con Trump y otra m\u00e1s amable y cordial con el primer ministro canadiense, Mark Carney. \u201cLo que me mueve a ir es estar los tres pa\u00edses juntos en un escenario deportivo, de paz, de uni\u00f3n y tener la oportunidad de conocer en persona al presidente Trump, y poder acordar hacia d\u00f3nde contin\u00faa todo el proceso de acuerdos relacionados con el comercio\u201d, ha compartido.<\/p>\n<p class=\"\">Sheinbaum detall\u00f3 que har\u00e1 el trayecto a Estados Unidos en un avi\u00f3n de la Secretar\u00eda de la Defensa Nacional \u201cpor los tiempos de ida y vuelta\u201d: \u201cNos vamos hoy en la tarde-noche, dormimos en Washington y ma\u00f1ana por la ma\u00f1ana acudimos al evento\u201d, ha dicho. Explic\u00f3 que su participaci\u00f3n en la ceremonia ser\u00e1 m\u00ednima: \u201cEl evento dura cuatro minutos, vamos a sacar la bolita para ver qu\u00e9 grupo vamos a encabezar como M\u00e9xico\u201d. Tambi\u00e9n aprovechar\u00e1 el viaje para reunirse con integrantes de la comunidad mexicana en Estados Unidos, preocupada por los abusos del republicano.<\/p>\n<p class=\"\">La mandataria adelant\u00f3 que uno de los temas centrales del encuentro ser\u00e1 la revisi\u00f3n del tratado de libre comercio con Estados Unidos y Canad\u00e1 (TMEC). Insisti\u00f3 en que el acuerdo no expirar\u00e1, como se ha insinuado en Estados Unidos. \u201cHay una revisi\u00f3n, pero no es cierto que termina el tratado el pr\u00f3ximo a\u00f1o\u201d, ha dicho. \u201cVa a salir bien\u201d.<\/p>\n<p class=\"\">La primera reuni\u00f3n entre ambos l\u00edderes llega en un momento de tensi\u00f3n por las abusivas pol\u00edticas migratorias de Trump y sus absurdas insinuaciones de intervenir contra el crimen organizado en territorio mexicano. \u201cM\u00e9xico defiende su soberan\u00eda. Tenemos un entendimiento: no intervenci\u00f3n, cooperaci\u00f3n sin subordinaci\u00f3n y la soberan\u00eda de nuestros territorios\u201d, ha tranquilizado la mandataria en la conferencia matutina. \u201cLa pr\u00f3xima semana habr\u00e1 una reuni\u00f3n de seguridad entre los equipos de ambos pa\u00edses\u201d, comparti\u00f3.<\/p>\n<p>&nbsp;<\/p>\n<figure class=\"a_m a_m-h \">\n<p><div style=\"width: 424px\" class=\"wp-caption alignnone\"><img loading=\"lazy\" decoding=\"async\" class=\"_re lazyload a_m-h\" src=\"https:\/\/imagenes.elpais.com\/resizer\/v2\/KQ2IK56PCJIPXEK7ZYT6OPOZRM.jpg?auth=0e6421bf397a73643522efd18a888020efa7b193a55533d0491e071a17413297&amp;width=414\" sizes=\"auto, (min-width:1199px) 1155px,(min-width:1001px) calc(100vw - 44px),(min-width:768px) 767px, 100vw\" srcset=\"https:\/\/imagenes.elpais.com\/resizer\/v2\/KQ2IK56PCJIPXEK7ZYT6OPOZRM.jpg?auth=0e6421bf397a73643522efd18a888020efa7b193a55533d0491e071a17413297&amp;width=414 414w,https:\/\/imagenes.elpais.com\/resizer\/v2\/KQ2IK56PCJIPXEK7ZYT6OPOZRM.jpg?auth=0e6421bf397a73643522efd18a888020efa7b193a55533d0491e071a17413297&amp;width=828 640w,https:\/\/imagenes.elpais.com\/resizer\/v2\/KQ2IK56PCJIPXEK7ZYT6OPOZRM.jpg?auth=0e6421bf397a73643522efd18a888020efa7b193a55533d0491e071a17413297&amp;width=980 1000w,https:\/\/imagenes.elpais.com\/resizer\/v2\/KQ2IK56PCJIPXEK7ZYT6OPOZRM.jpg?auth=0e6421bf397a73643522efd18a888020efa7b193a55533d0491e071a17413297&amp;width=1960 1960w\" alt=\"\" width=\"414\" height=\"277\" \/><p class=\"wp-caption-text\">Centro John F. Kennedy para las Artes Esc\u00e9nicas en Washington, el 3 de diciembre. Foto Evelyn Hockstein (REUTERS)<\/p><\/div><figcaption class=\"a_m_p\" aria-hidden=\"true\"><\/figcaption><\/figure>\n<p>&nbsp;<\/p>\n<p class=\"\">El sorteo reunir\u00e1 a los tres l\u00edderes de los pa\u00edses anfitriones del torneo en el Centro John F. Kennedy para las Artes Esc\u00e9nicas. \u201cSer\u00e1 un buen momento para estar los dos presidentes y el primer ministro de Canad\u00e1 juntos, dando esta imagen de que Am\u00e9rica del Norte y nuestro compromiso comercial siguen adelante\u201d, dijo este mi\u00e9rcoles la mandataria. \u201cM\u00e1s all\u00e1 del propio torneo y de la FIFA y lo que significa, en M\u00e9xico hay un pueblo al que le gusta mucho el f\u00fatbol. El f\u00fatbol es el deporte favorito de los mexicanos\u201d, ha dicho.<\/p>\n<p class=\"\">El sorteo definir\u00e1 a los rivales y el recorrido de cada selecci\u00f3n en la primera fase del Mundial. Las 42 selecciones clasificadas se distribuir\u00e1n\u2014a la espera de las seis plazas restantes del repechaje\u2014 en 12 grupos. M\u00e9xico conocer\u00e1 ese d\u00eda a sus tres contrincantes y el orden de sus partidos. La jornada incluir\u00e1 las presentaciones de Village People, Robbie Williams y el tenor Andrea Bocelli, con la conducci\u00f3n de Heidi Klum, el comediante Kevin Hart y el actor Danny Ram\u00edrez. Adem\u00e1s, Infantino anunci\u00f3 un nuevo Premio FIFA de la paz, que se entregar\u00e1 ese mismo d\u00eda, con certeza de que \u00e9ste se ha establecido para estimular m\u00e1s el ego de Trump que va como principal candidato para llevarse el galard\u00f3n. Un d\u00eda despu\u00e9s del sorteo, el s\u00e1bado, se publicar\u00e1 el calendario actualizado con los estadios y horarios de cada partido.<\/p>\n<p class=\"\">El anuncio del viaje ocurre en medio de la pol\u00e9mica decisi\u00f3n de la mandataria de no asistir a la ceremonia de inauguraci\u00f3n del Mundial, el 11 de junio en el Estadio Azteca, una ausencia in\u00e9dita en el torneo. La mandataria ha reiterado que ceder\u00e1 el boleto 001 que Infantino le entreg\u00f3 en agosto, a una ni\u00f1a ind\u00edgena aficionada al f\u00fatbol. A\u00fan no est\u00e1 confirmado si Trump o Carney acudir\u00e1n a la inauguraci\u00f3n.<\/p>\n","protected":false},"excerpt":{"rendered":"<p>&nbsp; La mandataria confirm\u00f3 la visita rel\u00e1mpago y un encuentro lo m\u00e1s breve posible con Trump este viernes &nbsp; Claudia Sheinbaum y Donald Trump se&hellip;<\/p>\n","protected":false},"author":99,"featured_media":538840,"comment_status":"open","ping_status":"open","sticky":false,"template":"","format":"standard","meta":{"footnotes":""},"categories":[24],"tags":[],"class_list":["post-538839","post","type-post","status-publish","format-standard","has-post-thumbnail","hentry","category-mundo"],"_links":{"self":[{"href":"https:\/\/diarioelpopular.com\/index.php\/wp-json\/wp\/v2\/posts\/538839","targetHints":{"allow":["GET"]}}],"collection":[{"href":"https:\/\/diarioelpopular.com\/index.php\/wp-json\/wp\/v2\/posts"}],"about":[{"href":"https:\/\/diarioelpopular.com\/index.php\/wp-json\/wp\/v2\/types\/post"}],"author":[{"embeddable":true,"href":"https:\/\/diarioelpopular.com\/index.php\/wp-json\/wp\/v2\/users\/99"}],"replies":[{"embeddable":true,"href":"https:\/\/diarioelpopular.com\/index.php\/wp-json\/wp\/v2\/comments?post=538839"}],"version-history":[{"count":1,"href":"https:\/\/diarioelpopular.com\/index.php\/wp-json\/wp\/v2\/posts\/538839\/revisions"}],"predecessor-version":[{"id":538841,"href":"https:\/\/diarioelpopular.com\/index.php\/wp-json\/wp\/v2\/posts\/538839\/revisions\/538841"}],"wp:featuredmedia":[{"embeddable":true,"href":"https:\/\/diarioelpopular.com\/index.php\/wp-json\/wp\/v2\/media\/538840"}],"wp:attachment":[{"href":"https:\/\/diarioelpopular.com\/index.php\/wp-json\/wp\/v2\/media?parent=538839"}],"wp:term":[{"taxonomy":"category","embeddable":true,"href":"https:\/\/diarioelpopular.com\/index.php\/wp-json\/wp\/v2\/categories?post=538839"},{"taxonomy":"post_tag","embeddable":true,"href":"https:\/\/diarioelpopular.com\/index.php\/wp-json\/wp\/v2\/tags?post=538839"}],"curies":[{"name":"wp","href":"https:\/\/api.w.org\/{rel}","templated":true}]}}