{"id":539002,"date":"2025-12-09T10:33:50","date_gmt":"2025-12-09T14:33:50","guid":{"rendered":"https:\/\/diarioelpopular.com\/?p=539002"},"modified":"2025-12-09T10:33:50","modified_gmt":"2025-12-09T14:33:50","slug":"canada-facilitara-la-inmigracion-para-profesionales-esenciales","status":"publish","type":"post","link":"https:\/\/diarioelpopular.com\/index.php\/2025\/12\/09\/canada-facilitara-la-inmigracion-para-profesionales-esenciales\/","title":{"rendered":"Canad\u00e1 facilitar\u00e1 la inmigraci\u00f3n para profesionales esenciales"},"content":{"rendered":"<p><img loading=\"lazy\" decoding=\"async\" class=\"alignnone size-custom-full-size wp-image-539003\" src=\"https:\/\/diarioelpopular.com\/wp-content\/uploads\/2025\/12\/Screen-Shot-2025-12-09-at-9.33.01-AM-636x375.png\" alt=\"\" width=\"636\" height=\"375\" srcset=\"https:\/\/diarioelpopular.com\/wp-content\/uploads\/2025\/12\/Screen-Shot-2025-12-09-at-9.33.01-AM-636x375.png 636w, https:\/\/diarioelpopular.com\/wp-content\/uploads\/2025\/12\/Screen-Shot-2025-12-09-at-9.33.01-AM-300x177.png 300w, https:\/\/diarioelpopular.com\/wp-content\/uploads\/2025\/12\/Screen-Shot-2025-12-09-at-9.33.01-AM-768x452.png 768w, https:\/\/diarioelpopular.com\/wp-content\/uploads\/2025\/12\/Screen-Shot-2025-12-09-at-9.33.01-AM-1200x707.png 1200w, https:\/\/diarioelpopular.com\/wp-content\/uploads\/2025\/12\/Screen-Shot-2025-12-09-at-9.33.01-AM-124x73.png 124w, https:\/\/diarioelpopular.com\/wp-content\/uploads\/2025\/12\/Screen-Shot-2025-12-09-at-9.33.01-AM.png 1024w\" sizes=\"auto, (max-width: 636px) 100vw, 636px\" \/><\/p>\n<p>&nbsp;<\/p>\n<p><em><strong>Las personas elegibles pronto podr\u00e1n solicitar una nueva categor\u00eda de inmigraci\u00f3n de Entrada Expr\u00e9s, introducida por el gobierno federal<\/strong><\/em><\/p>\n<p>&nbsp;<\/p>\n<p>Este lunes, Ottawa anunci\u00f3 nuevas medidas para cubrir la &#8220;brecha laboral cr\u00edtica&#8221; en el sistema de salud, simplificando el proceso de residencia permanente para m\u00e9dicos internacionales.<\/p>\n<p>Inmigraci\u00f3n, Refugiados y Ciudadan\u00eda de Canad\u00e1 (IRCC) est\u00e1 creando una nueva categor\u00eda de Entrada Expr\u00e9s para m\u00e9dicos internacionales con al menos un a\u00f1o de experiencia laboral canadiense en una ocupaci\u00f3n elegible, adquirida en los \u00faltimos tres a\u00f1os.<\/p>\n<p>El gobierno explic\u00f3 que estos m\u00e9dicos ya trabajan en Canad\u00e1 y contribuyen al sistema de salud del pa\u00eds de forma temporal. La nueva categor\u00eda de Entrada Expr\u00e9s brindar\u00e1 a los m\u00e9dicos internacionales una v\u00eda clara para obtener la residencia permanente y cubrir\u00e1 las vacantes en el personal sanitario.<\/p>\n<p>&#8220;Esta categor\u00eda de Entrada Expr\u00e9s, junto con los espacios de admisi\u00f3n federales reservados para provincias y territorios, ayudar\u00e1 a atraer y retener a m\u00e9dicos listos para ejercer, para que las personas en todo Canad\u00e1 puedan recibir la atenci\u00f3n que necesitan&#8221;, declar\u00f3 la ministra de Inmigraci\u00f3n, Lena Metlege Diab.<\/p>\n<p>Seg\u00fan el IRCC, las invitaciones para postularse a esta nueva categor\u00eda se emitir\u00e1n a principios de 2026.<\/p>\n<p>El gobierno a\u00f1adi\u00f3 que reservar\u00e1 5.000 plazas de admisi\u00f3n federal para que las provincias y territorios nominen a m\u00e9dicos colegiados con ofertas de empleo. Estas plazas se suman a las asignaciones anuales del Programa Provincial de Nominados.<\/p>\n<p>Los m\u00e9dicos nominados recibir\u00e1n un tr\u00e1mite acelerado de 14 d\u00edas para su permiso de trabajo, lo que les permitir\u00e1 trabajar mientras esperan la aprobaci\u00f3n de su residencia permanente.<\/p>\n<p>&#8220;Atraer profesionales de la salud cualificados es esencial para abordar la escasez de personal sanitario en Canad\u00e1&#8221;, declar\u00f3 la Secretaria Parlamentaria del Ministro de Salud, Maggie Chi.<\/p>\n<p>&#8220;Aumentar el n\u00famero de m\u00e9dicos cualificados con la experiencia que nuestro sistema de salud necesita garantizar\u00e1 que las personas de todo el pa\u00eds reciban atenci\u00f3n oportuna y de alta calidad&#8221;.<\/p>\n<p>Las ocupaciones elegibles para esta nueva categor\u00eda son m\u00e9dicos generales y m\u00e9dicos de familia, especialistas en cirug\u00eda y especialistas en medicina cl\u00ednica y de laboratorio.<\/p>\n<p>Canad\u00e1 ha experimentado una escasez de m\u00e9dicos durante a\u00f1os. Statistics Canada inform\u00f3 que, en 2021, 4,7 millones de canadienses a\u00fan no ten\u00edan acceso a un m\u00e9dico de cabecera.<\/p>\n<p>En 2024, aproximadamente 5,7 millones (17 %) de los adultos y unos 765.000 (11 %) de los ni\u00f1os y j\u00f3venes declararon no tener un m\u00e9dico de cabecera, seg\u00fan el gobierno federal.<\/p>\n","protected":false},"excerpt":{"rendered":"<p>&nbsp; Las personas elegibles pronto podr\u00e1n solicitar una nueva categor\u00eda de inmigraci\u00f3n de Entrada Expr\u00e9s, introducida por el gobierno federal &nbsp; Este lunes, Ottawa anunci\u00f3&hellip;<\/p>\n","protected":false},"author":99,"featured_media":539003,"comment_status":"open","ping_status":"open","sticky":false,"template":"","format":"standard","meta":{"footnotes":""},"categories":[21,11357,11191],"tags":[],"class_list":["post-539002","post","type-post","status-publish","format-standard","has-post-thumbnail","hentry","category-canada","category-salud","category-top-news"],"_links":{"self":[{"href":"https:\/\/diarioelpopular.com\/index.php\/wp-json\/wp\/v2\/posts\/539002","targetHints":{"allow":["GET"]}}],"collection":[{"href":"https:\/\/diarioelpopular.com\/index.php\/wp-json\/wp\/v2\/posts"}],"about":[{"href":"https:\/\/diarioelpopular.com\/index.php\/wp-json\/wp\/v2\/types\/post"}],"author":[{"embeddable":true,"href":"https:\/\/diarioelpopular.com\/index.php\/wp-json\/wp\/v2\/users\/99"}],"replies":[{"embeddable":true,"href":"https:\/\/diarioelpopular.com\/index.php\/wp-json\/wp\/v2\/comments?post=539002"}],"version-history":[{"count":1,"href":"https:\/\/diarioelpopular.com\/index.php\/wp-json\/wp\/v2\/posts\/539002\/revisions"}],"predecessor-version":[{"id":539004,"href":"https:\/\/diarioelpopular.com\/index.php\/wp-json\/wp\/v2\/posts\/539002\/revisions\/539004"}],"wp:featuredmedia":[{"embeddable":true,"href":"https:\/\/diarioelpopular.com\/index.php\/wp-json\/wp\/v2\/media\/539003"}],"wp:attachment":[{"href":"https:\/\/diarioelpopular.com\/index.php\/wp-json\/wp\/v2\/media?parent=539002"}],"wp:term":[{"taxonomy":"category","embeddable":true,"href":"https:\/\/diarioelpopular.com\/index.php\/wp-json\/wp\/v2\/categories?post=539002"},{"taxonomy":"post_tag","embeddable":true,"href":"https:\/\/diarioelpopular.com\/index.php\/wp-json\/wp\/v2\/tags?post=539002"}],"curies":[{"name":"wp","href":"https:\/\/api.w.org\/{rel}","templated":true}]}}