{"id":539032,"date":"2025-12-09T11:47:31","date_gmt":"2025-12-09T15:47:31","guid":{"rendered":"https:\/\/diarioelpopular.com\/?p=539032"},"modified":"2025-12-09T11:47:31","modified_gmt":"2025-12-09T15:47:31","slug":"maria-elvira-salazar-congresista-de-florida-se-canso-y-rompe-filas-con-los-republicanos-cubanoamericanos-de-miami-y-trump","status":"publish","type":"post","link":"https:\/\/diarioelpopular.com\/index.php\/2025\/12\/09\/maria-elvira-salazar-congresista-de-florida-se-canso-y-rompe-filas-con-los-republicanos-cubanoamericanos-de-miami-y-trump\/","title":{"rendered":"Mar\u00eda Elvira Salazar, congresista de Florida, se cans\u00f3 y rompe filas con los republicanos cubanoamericanos de Miami y Trump"},"content":{"rendered":"<div id=\"attachment_539033\" style=\"width: 1210px\" class=\"wp-caption alignnone\"><img loading=\"lazy\" decoding=\"async\" aria-describedby=\"caption-attachment-539033\" class=\"wp-image-539033 size-custom-big-size\" src=\"https:\/\/diarioelpopular.com\/wp-content\/uploads\/2025\/12\/Screen-Shot-2025-12-09-at-10.45.48-AM-1200x821.png\" alt=\"\" width=\"1200\" height=\"821\" srcset=\"https:\/\/diarioelpopular.com\/wp-content\/uploads\/2025\/12\/Screen-Shot-2025-12-09-at-10.45.48-AM-1200x821.png 1200w, https:\/\/diarioelpopular.com\/wp-content\/uploads\/2025\/12\/Screen-Shot-2025-12-09-at-10.45.48-AM-300x205.png 300w, https:\/\/diarioelpopular.com\/wp-content\/uploads\/2025\/12\/Screen-Shot-2025-12-09-at-10.45.48-AM-768x526.png 768w, https:\/\/diarioelpopular.com\/wp-content\/uploads\/2025\/12\/Screen-Shot-2025-12-09-at-10.45.48-AM-636x435.png 636w, https:\/\/diarioelpopular.com\/wp-content\/uploads\/2025\/12\/Screen-Shot-2025-12-09-at-10.45.48-AM-80x55.png 80w, https:\/\/diarioelpopular.com\/wp-content\/uploads\/2025\/12\/Screen-Shot-2025-12-09-at-10.45.48-AM-107x73.png 107w, https:\/\/diarioelpopular.com\/wp-content\/uploads\/2025\/12\/Screen-Shot-2025-12-09-at-10.45.48-AM.png 1024w\" sizes=\"auto, (max-width: 1200px) 100vw, 1200px\" \/><p id=\"caption-attachment-539033\" class=\"wp-caption-text\">La representante Mar\u00eda Elvira Salazar durante una audiencia en la C\u00e1mara de Representantes en el Capitolio, dijo &#8220;ya basta&#8221;, rompiendo filas republicanas. Foto Mark Schiefelbein (AP)<\/p><\/div>\n<p>&nbsp;<\/p>\n<p>&nbsp;<\/p>\n<ul>\n<li><em><strong>La representante califica como \u201cinjusta, abusiva\u201d y \u201canti estadounidense\u201d la decisi\u00f3n del Gobierno Trump de pausar todos los procesos migratorios de los ciudadanos de 19 pa\u00edses<\/strong><\/em><\/li>\n<\/ul>\n<p>&nbsp;<\/p>\n<p class=\"\">La congresista de Florida Mar\u00eda Elvira Salazar ha roto filas con los\u00a0<a title=\"https:\/\/elpais.com\/us\/2025-11-01\/estoy-enojada-con-mi-presidente-los-votantes-de-trump-en-florida-afrontan-los-efectos-de-sus-politicas-a-un-ano-de-las-elecciones.html\" href=\"https:\/\/elpais.com\/us\/2025-11-01\/estoy-enojada-con-mi-presidente-los-votantes-de-trump-en-florida-afrontan-los-efectos-de-sus-politicas-a-un-ano-de-las-elecciones.html\" target=\"_self\" rel=\"\" data-link-track-dtm=\"\" data-mrf-link=\"https:\/\/elpais.com\/us\/2025-11-01\/estoy-enojada-con-mi-presidente-los-votantes-de-trump-en-florida-afrontan-los-efectos-de-sus-politicas-a-un-ano-de-las-elecciones.html\">legisladores republicanos cubanoamericanos<\/a> de Miami, al calificar como \u201cinjusta, abusiva\u201d y \u201canti estadounidense\u201d la decisi\u00f3n del Gobierno de Donald Trump de pausar todos los procesos migratorios de los ciudadanos de 19 pa\u00edses, incluyendo cubanos, venezolanos y haitianos. El presidente justific\u00f3 la medida <a title=\"https:\/\/elpais.com\/us\/migracion\/2025-11-29\/trump-utiliza-el-ataque-a-la-guardia-nacional-para-redoblar-su-ofensiva-contra-los-migrantes.html\" href=\"https:\/\/elpais.com\/us\/migracion\/2025-11-29\/trump-utiliza-el-ataque-a-la-guardia-nacional-para-redoblar-su-ofensiva-contra-los-migrantes.html\" target=\"_self\" rel=\"\" data-link-track-dtm=\"\" data-mrf-link=\"https:\/\/elpais.com\/us\/migracion\/2025-11-29\/trump-utiliza-el-ataque-a-la-guardia-nacional-para-redoblar-su-ofensiva-contra-los-migrantes.html\">despu\u00e9s de que dos miembros de la Guardia Nacional fueron baleados<\/a>\u00a0por un inmigrante afgano en Washington antes de Acci\u00f3n de Gracias.<\/p>\n<p class=\"\">\u201cEstados Unidos no cree en el castigo colectivo. No castigamos a los inocentes por los pecados de los culpables. Congelar los procesos de asilo, residencia permanente y ciudadan\u00eda NO es la soluci\u00f3n. Castiga y abusa a inmigrantes trabajadores y respetuosos de la ley que han seguido cada paso del proceso legal. Eso es injusto, anti estadounidense y va en contra de todo lo que representa este pa\u00eds\u201d, dijo Salazar en un comunicado.<\/p>\n<p class=\"\">\u201cYa existen verificaciones de antecedentes para detener a los terroristas, y as\u00ed debe ser. En el sur de Florida, miles de personas que huyeron de tiran\u00edas socialistas lo hicieron de la manera correcta: aplicaron legalmente, pasaron las verificaciones de antecedentes y esperaron su turno. \u00a1Muchos de ellos est\u00e1n listos para votar a favor de la democracia y la libertad!\u201d, agreg\u00f3 la congresista.<\/p>\n<p class=\"\">Su declaraci\u00f3n contrasta con la postura de sus compa\u00f1eros de partido cubanoamericanos de Miami Carlos Gim\u00e9nez y Mario D\u00edaz-Balart, quienes hicieron una conferencia de prensa aparte el mi\u00e9rcoles pasado y dijeron que la medida anunciada por el Gobierno de Trump era una consecuencia del \u201cabandono imprudente de la seguridad fronteriza\u201d de la Administraci\u00f3n del expresidente dem\u00f3crata Joe Biden.<\/p>\n<p class=\"\">Durante a\u00f1os, los tres legisladores cubanoamericanos se han presentado como un bloque pol\u00edtico cohesionado, exigiendo mano dura contra reg\u00edmenes totalitarios, aplaudiendo sanciones y defendiendo controvertidas medidas ante la opini\u00f3n p\u00fablica. En los \u00faltimos meses, han mostrado una unidad casi monol\u00edtica en apoyo a Trump y su agenda, al punto de ser apodados por aliados de Trump como \u201clos tres locos cubanos\u201d.<\/p>\n<p class=\"\">Su apodo encapsula su postura como un tr\u00edo inflexible y estridente, cuya colaboraci\u00f3n ilustra la influencia del presidente en la pol\u00edtica del sur de Florida. El a\u00f1o pasado, unieron fuerzas para presionar al Gobierno sobre un acuerdo que permit\u00eda a Chevron operar en Venezuela, cuya licencia no fue renovada como resultado. Tambi\u00e9n han respaldado p\u00fablicamente la pol\u00edtica migratoria del presidente: han culpado al Gobierno de Biden por la crisis migratoria y presentado las medidas de Trump como necesarias para la seguridad, a tono con el discurso nacional republicano.<\/p>\n<h3 class=\"\">Un giro estrat\u00e9gico<\/h3>\n<p class=\"\">El giro de Salazar ocurre en medio de\u00a0<a title=\"https:\/\/elpais.com\/us\/migracion\/2025-11-26\/eduardo-padron-lo-que-esta-sucediendo-con-los-inmigrantes-en-estados-unidos-es-inaceptable-y-una-falta-de-respeto-a-la-dignidad-humana.html\" href=\"https:\/\/elpais.com\/us\/migracion\/2025-11-26\/eduardo-padron-lo-que-esta-sucediendo-con-los-inmigrantes-en-estados-unidos-es-inaceptable-y-una-falta-de-respeto-a-la-dignidad-humana.html\" target=\"_self\" rel=\"\" data-link-track-dtm=\"\" data-mrf-link=\"https:\/\/elpais.com\/us\/migracion\/2025-11-26\/eduardo-padron-lo-que-esta-sucediendo-con-los-inmigrantes-en-estados-unidos-es-inaceptable-y-una-falta-de-respeto-a-la-dignidad-humana.html\">un creciente malestar en el sur de Florida con la ofensiva migratoria del presidente<\/a>, que ha golpeado a comunidades que lo apoyaron y ayudaron a que el condado de Miami-Dade \u2014un basti\u00f3n dem\u00f3crata por d\u00e9cadas\u2014 se virara a republicano en las elecciones presidenciales pasadas.<\/p>\n<p class=\"\">El Gobierno de Trump ha cancelado programas humanitarios que permit\u00edan vivir y trabajar legalmente en el pa\u00eds a cientos de miles de cubanos, venezolanos, nicarag\u00fcenses y haitianos, muchos residentes en Miami-Dade. Tambi\u00e9n ha impulsado operativos para arrestar indiscriminadamente migrantes en sitios de trabajo, carreteras y tribunales de inmigraci\u00f3n, dejando a miles de familias separadas y generando un clima de caos y miedo en las comunidades.<\/p>\n<p class=\"\">Ese clima ha sido capitalizado pol\u00edticamente. Los tres legisladores han sido criticados por los dem\u00f3cratas en\u00a0<a title=\"https:\/\/elpais.com\/us\/migracion\/2025-04-08\/un-cartel-publicitario-en-miami-llama-traidores-a-marco-rubio-y-otros-congresistas-republicanos-por-no-defender-a-los-inmigrantes.html\" href=\"https:\/\/elpais.com\/us\/migracion\/2025-04-08\/un-cartel-publicitario-en-miami-llama-traidores-a-marco-rubio-y-otros-congresistas-republicanos-por-no-defender-a-los-inmigrantes.html\" target=\"_self\" rel=\"\" data-link-track-dtm=\"\" data-mrf-link=\"https:\/\/elpais.com\/us\/migracion\/2025-04-08\/un-cartel-publicitario-en-miami-llama-traidores-a-marco-rubio-y-otros-congresistas-republicanos-por-no-defender-a-los-inmigrantes.html\">campa\u00f1as publicitarias con carteles que han aparecido en las principales autopistas de Miami<\/a>, llam\u00e1ndolos \u201ctraidores\u201d por su apoyo a las controvertidas y abusivas pol\u00edticas migratorias de Trump.<\/p>\n<p class=\"\">Seg\u00fan analistas, Salazar estar\u00eda ajustando su estrategia pol\u00edtica antes de las elecciones del pr\u00f3ximo a\u00f1o, consciente de que su distrito \u2014el 27 de Miami-Dade, con un 70% de votantes hispanos y un 20% de inmigrantes\u2014 es particularmente vol\u00e1til y sensible a los efectos de las pol\u00edticas migratorias de Trump.<\/p>\n<p class=\"\">Los expertos opinan que su giro podr\u00eda posicionarla estrat\u00e9gicamente como una voz sensata dentro de un partido cada vez m\u00e1s polarizado, al tiempo que env\u00eda un claro mensaje de que en el sur de Florida la inmigraci\u00f3n es una realidad profundamente personal.<\/p>\n<p class=\"\">\u201cSalazar es muy vulnerable en su distrito, que no es homog\u00e9neo ni hist\u00f3ricamente republicano, sino que tiene una demograf\u00eda muy particular y diversa, con afrodescendientes, haitianos e hispanos en general. Basta que haya un cambio peque\u00f1o entre los hispanos para que ella pierda ese distrito\u201d, apunta el profesor de Ciencias Pol\u00edticas de la Universidad Internacional de la Florida (FIU) Eduardo Gamarra. La congresista \u201cest\u00e1 viendo en las encuestas que ahora hay una reacci\u00f3n negativa entre los hispanos\u201d, agrega.<\/p>\n<p class=\"\">Gamarra lider\u00f3 un estudio en mayo sobre\u00a0<a title=\"https:\/\/elpais.com\/us\/migracion\/2025-11-03\/los-venezolanos-ante-la-eliminacion-del-tps-el-7-de-noviembre-lo-pierdo-todo.html\" href=\"https:\/\/elpais.com\/us\/migracion\/2025-11-03\/los-venezolanos-ante-la-eliminacion-del-tps-el-7-de-noviembre-lo-pierdo-todo.html\" target=\"_self\" rel=\"\" data-link-track-dtm=\"\" data-mrf-link=\"https:\/\/elpais.com\/us\/migracion\/2025-11-03\/los-venezolanos-ante-la-eliminacion-del-tps-el-7-de-noviembre-lo-pierdo-todo.html\">el sentimiento entre los venezolanos tras el fin del Estatus de Protecci\u00f3n Temporal (TPS)<\/a>\u00a0y el programa de\u00a0<i>parole<\/i>\u00a0humanitario, donde el 43% de los encuestados dijo que los representantes de Miami-Dade en el Congreso \u2014D\u00edaz-Balart, Mar\u00eda Salazar y Gim\u00e9nez\u2014 no hab\u00edan defendido adecuadamente a la di\u00e1spora venezolana en materia migratoria.<\/p>\n<p class=\"\">\u201cElla no va a poder ganar la reelecci\u00f3n con las pol\u00edticas de Trump y los republicanos, especialmente con este nuevo endurecimiento que lo que ha hecho es b\u00e1sicamente congelar todas las aplicaciones, desde matrimonios hasta juramentaciones de naturalizaci\u00f3n. Ella tiene que mudarse de esa posici\u00f3n dura\u201d, indica Gamarra. \u201cSabe, por la demograf\u00eda de su distrito, que tiene que reaccionar, porque si no van a elegir un dem\u00f3crata\u201d.<\/p>\n<p class=\"\">El doctor Andrew Seele, presidente del Migration Policy Institute, un\u00a0<i>think tank<\/i>\u00a0con sede en Washington, dijo que \u201ccuanto m\u00e1s indiscriminadas sean las pol\u00edticas migratorias, m\u00e1s probable es que afecten a personas que son votantes estadounidenses\u201d.<\/p>\n<p class=\"\">Seg\u00fan Guillermo Grenier, profesor de sociolog\u00eda de FIU, la decisi\u00f3n de Salazar es m\u00e1s personal. \u201c<a title=\"https:\/\/elpais.com\/us\/migracion\/2025-07-15\/dos-congresistas-latinas-presentan-una-ambiciosa-propuesta-bipartidista-de-reforma-migratoria.html\" href=\"https:\/\/elpais.com\/us\/migracion\/2025-07-15\/dos-congresistas-latinas-presentan-una-ambiciosa-propuesta-bipartidista-de-reforma-migratoria.html\" target=\"_self\" rel=\"\" data-link-track-dtm=\"\" data-mrf-link=\"https:\/\/elpais.com\/us\/migracion\/2025-07-15\/dos-congresistas-latinas-presentan-una-ambiciosa-propuesta-bipartidista-de-reforma-migratoria.html\">Salazar lleva tiempo inc\u00f3moda con la situaci\u00f3n de la inmigraci\u00f3n<\/a>\u00a0y esta vez dijo \u2018ya basta\u2019. Est\u00e1 leyendo los mismos sondeos que todo el mundo, que indican que Trump se est\u00e1 extralimitando, y a nivel personal vio que su posici\u00f3n ten\u00eda que cambiar\u201d. Opina.<\/p>\n<p class=\"\">Salazar \u201cno tiene nada que perder porque en su distrito no tiene a nadie contra ella\u201d, incluso si Trump reacciona y decide impulsar a un candidato opositor republicano. \u201cSu posici\u00f3n en el partido como uno de los tres <i>Crazy Cubans<\/i>, \u2014ahora la menos\u00a0<i>crazy\u00a0<\/i>de los tres\u2014 est\u00e1 s\u00f3lidamente establecida, y est\u00e1 diciendo una cosa que la mayor parte de las personas \u2014cubanos, venezolanos, haitianos, quienes sea\u2014 est\u00e1n pensando: que Trump se ha estado extralimitando legalmente, es decir, ha ido m\u00e1s all\u00e1 de lo que la ley permite. Lo que ella ha dicho es, en realidad, lo que los sondeos muestran y lo que la gente est\u00e1 hablando: que lo que est\u00e1 ocurriendo es peligroso\u201d, agrega.<\/p>\n<p class=\"\">Grenier cree que la congresista ha tomado \u201cuna decisi\u00f3n muy sensata pol\u00edticamente, porque se est\u00e1 apartando de los argumentos demag\u00f3gicos de Trump que tienen un impacto negativo en Miami-Dade\u201d, sin se\u00f1alar directamente a nadie.<\/p>\n","protected":false},"excerpt":{"rendered":"<p>&nbsp; &nbsp; La representante califica como \u201cinjusta, abusiva\u201d y \u201canti estadounidense\u201d la decisi\u00f3n del Gobierno Trump de pausar todos los procesos migratorios de los ciudadanos&hellip;<\/p>\n","protected":false},"author":99,"featured_media":539033,"comment_status":"open","ping_status":"open","sticky":false,"template":"","format":"standard","meta":{"footnotes":""},"categories":[24],"tags":[],"class_list":["post-539032","post","type-post","status-publish","format-standard","has-post-thumbnail","hentry","category-mundo"],"_links":{"self":[{"href":"https:\/\/diarioelpopular.com\/index.php\/wp-json\/wp\/v2\/posts\/539032","targetHints":{"allow":["GET"]}}],"collection":[{"href":"https:\/\/diarioelpopular.com\/index.php\/wp-json\/wp\/v2\/posts"}],"about":[{"href":"https:\/\/diarioelpopular.com\/index.php\/wp-json\/wp\/v2\/types\/post"}],"author":[{"embeddable":true,"href":"https:\/\/diarioelpopular.com\/index.php\/wp-json\/wp\/v2\/users\/99"}],"replies":[{"embeddable":true,"href":"https:\/\/diarioelpopular.com\/index.php\/wp-json\/wp\/v2\/comments?post=539032"}],"version-history":[{"count":1,"href":"https:\/\/diarioelpopular.com\/index.php\/wp-json\/wp\/v2\/posts\/539032\/revisions"}],"predecessor-version":[{"id":539034,"href":"https:\/\/diarioelpopular.com\/index.php\/wp-json\/wp\/v2\/posts\/539032\/revisions\/539034"}],"wp:featuredmedia":[{"embeddable":true,"href":"https:\/\/diarioelpopular.com\/index.php\/wp-json\/wp\/v2\/media\/539033"}],"wp:attachment":[{"href":"https:\/\/diarioelpopular.com\/index.php\/wp-json\/wp\/v2\/media?parent=539032"}],"wp:term":[{"taxonomy":"category","embeddable":true,"href":"https:\/\/diarioelpopular.com\/index.php\/wp-json\/wp\/v2\/categories?post=539032"},{"taxonomy":"post_tag","embeddable":true,"href":"https:\/\/diarioelpopular.com\/index.php\/wp-json\/wp\/v2\/tags?post=539032"}],"curies":[{"name":"wp","href":"https:\/\/api.w.org\/{rel}","templated":true}]}}