{"id":539070,"date":"2025-12-10T11:02:52","date_gmt":"2025-12-10T15:02:52","guid":{"rendered":"https:\/\/diarioelpopular.com\/?p=539070"},"modified":"2025-12-10T11:02:52","modified_gmt":"2025-12-10T15:02:52","slug":"un-ano-de-la-desaparicion-de-cuatro-ninos-a-manos-de-militares-en-ecuador-me-arrancaron-el-alma-me-arrancaron-la-vida","status":"publish","type":"post","link":"https:\/\/diarioelpopular.com\/index.php\/2025\/12\/10\/un-ano-de-la-desaparicion-de-cuatro-ninos-a-manos-de-militares-en-ecuador-me-arrancaron-el-alma-me-arrancaron-la-vida\/","title":{"rendered":"Un a\u00f1o de la desaparici\u00f3n de cuatro ni\u00f1os a manos de militares en Ecuador: \u201cMe arrancaron el alma, me arrancaron la vida\u201d"},"content":{"rendered":"<div id=\"attachment_539071\" style=\"width: 1210px\" class=\"wp-caption alignnone\"><img loading=\"lazy\" decoding=\"async\" aria-describedby=\"caption-attachment-539071\" class=\"wp-image-539071 size-custom-big-size\" src=\"https:\/\/diarioelpopular.com\/wp-content\/uploads\/2025\/12\/Screen-Shot-2025-12-10-at-10.01.25-AM-1200x792.png\" alt=\"\" width=\"1200\" height=\"792\" srcset=\"https:\/\/diarioelpopular.com\/wp-content\/uploads\/2025\/12\/Screen-Shot-2025-12-10-at-10.01.25-AM-1200x792.png 1200w, https:\/\/diarioelpopular.com\/wp-content\/uploads\/2025\/12\/Screen-Shot-2025-12-10-at-10.01.25-AM-300x198.png 300w, https:\/\/diarioelpopular.com\/wp-content\/uploads\/2025\/12\/Screen-Shot-2025-12-10-at-10.01.25-AM-768x507.png 768w, https:\/\/diarioelpopular.com\/wp-content\/uploads\/2025\/12\/Screen-Shot-2025-12-10-at-10.01.25-AM-85x55.png 85w, https:\/\/diarioelpopular.com\/wp-content\/uploads\/2025\/12\/Screen-Shot-2025-12-10-at-10.01.25-AM-1536x1013.png 1536w, https:\/\/diarioelpopular.com\/wp-content\/uploads\/2025\/12\/Screen-Shot-2025-12-10-at-10.01.25-AM-636x420.png 636w, https:\/\/diarioelpopular.com\/wp-content\/uploads\/2025\/12\/Screen-Shot-2025-12-10-at-10.01.25-AM-111x73.png 111w, https:\/\/diarioelpopular.com\/wp-content\/uploads\/2025\/12\/Screen-Shot-2025-12-10-at-10.01.25-AM.png 1024w\" sizes=\"auto, (max-width: 1200px) 100vw, 1200px\" \/><p id=\"caption-attachment-539071\" class=\"wp-caption-text\">Conmemoraci\u00f3n del asesinato de cuatro ni\u00f1os a manos de militares, el pasado lunes en Guayaquil.\u00a0 \u00a0 \u00a0 \u00a0 \u00a0 \u00a0 \u00a0 \u00a0 \u00a0 \u00a0 \u00a0 \u00a0 \u00a0 \u00a0 \u00a0 \u00a0 \u00a0Foto VICENTE GAIBOR<\/p><\/div>\n<p>&nbsp;<\/p>\n<p>&nbsp;<\/p>\n<ul>\n<li><em><strong>El primer aniversario de la captura y desaparici\u00f3n forzada de Nehem\u00edas, Steven, Ismael y Josu\u00e9, moviliza a familiares y vecinos en v\u00edsperas de la sentencia<\/strong><\/em><\/li>\n<\/ul>\n<p>&nbsp;<\/p>\n<p class=\"\">En Las Malvinas, un barrio apretado y olvidado del sur de Guayaquil, el calendario se detuvo este 8 de diciembre. Desde entonces, los vecinos tienen un \u00fanico tema, una letan\u00eda que repiten como si al nombrarlos pudieran traerlos de vuelta: Nehem\u00edas, Steven, Ismael y Josu\u00e9.<\/p>\n<p class=\"\">Aquel domingo, hace ya un a\u00f1o, los cuatro chicos salieron con un grupo de otros 10 ni\u00f1os y adolescentes rumbo a unas canchas a veinte minutos a pie, tal vez menos para ellos, siempre apresurados por llegar primero, por adue\u00f1arse del rect\u00e1ngulo de c\u00e9sped donde se sienten invencibles. Caminaban, corr\u00edan, se empujaban, se robaban la pelota, jugaban como si nada malo pudiera tocarles. Fue la \u00faltima vez que el barrio los vio con vida. La siguiente, <a title=\"https:\/\/elpais.com\/america\/2025-01-02\/dolor-y-rabia-en-el-funeral-de-los-cuatro-ninos-asesinados-en-ecuador-mataron-a-nuestros-hijos.html\" href=\"https:\/\/elpais.com\/america\/2025-01-02\/dolor-y-rabia-en-el-funeral-de-los-cuatro-ninos-asesinados-en-ecuador-mataron-a-nuestros-hijos.html\" target=\"_self\" rel=\"\" data-link-track-dtm=\"\" data-mrf-link=\"https:\/\/elpais.com\/america\/2025-01-02\/dolor-y-rabia-en-el-funeral-de-los-cuatro-ninos-asesinados-en-ecuador-mataron-a-nuestros-hijos.html\">los acompa\u00f1\u00f3 con gritos y llanto frente a cuatro ata\u00fades.<\/a><\/p>\n<p class=\"\">Un a\u00f1o despu\u00e9s, este lunes, los vecinos de Las Malvinas tomaron las calles en una procesi\u00f3n para hacer el mismo camino que recorrieron los chicos antes de ser capturados por una patrulla militar, y de ah\u00ed desaparecidos para siempre. Solo d\u00edas despu\u00e9s, y tras la presi\u00f3n incansable de los padres, los cuerpos fueron encontrados calcinados cerca de la base militar de Taura.<\/p>\n<p class=\"\">La convocatoria se gest\u00f3 en la sala comunitaria, donde el ritmo del bombo, el cununo y el guas\u00e1 empez\u00f3 a golpear fuerte y con rabia, marcando el pulso de la memoria colectiva. La batucada, cargada de herencia afrodescendiente, encabez\u00f3 la marcha, con melod\u00eda de protesta. Los padres de los cuatro chicos estaban abrazados por otros familiares y vecinos, nunca solos. Cuando los saludaban, respond\u00edan con sonrisas rotas, agradeciendo sin palabras el apoyo de la multitud que gritaba con furia los nombres de sus hijos. Ya no ten\u00edan fuerzas para clamar por s\u00ed mismos.<\/p>\n<p>&nbsp;<\/p>\n<figure class=\"a_m a_m-h \">\n<p><div style=\"width: 424px\" class=\"wp-caption alignnone\"><img loading=\"lazy\" decoding=\"async\" class=\"_re lazyload a_m-h\" src=\"https:\/\/imagenes.elpais.com\/resizer\/v2\/T73ARVN5NRFLHJGE4YBUSJBW4Q.jpg?auth=5514cd5506f4d29d649e1961e18ac8a79367222c832d8e05b281b12b11ffbd32&amp;width=414\" sizes=\"auto, (min-width:1199px) 1155px,(min-width:1001px) calc(100vw - 44px),(min-width:768px) 767px, 100vw\" srcset=\"https:\/\/imagenes.elpais.com\/resizer\/v2\/T73ARVN5NRFLHJGE4YBUSJBW4Q.jpg?auth=5514cd5506f4d29d649e1961e18ac8a79367222c832d8e05b281b12b11ffbd32&amp;width=414 414w,https:\/\/imagenes.elpais.com\/resizer\/v2\/T73ARVN5NRFLHJGE4YBUSJBW4Q.jpg?auth=5514cd5506f4d29d649e1961e18ac8a79367222c832d8e05b281b12b11ffbd32&amp;width=828 640w,https:\/\/imagenes.elpais.com\/resizer\/v2\/T73ARVN5NRFLHJGE4YBUSJBW4Q.jpg?auth=5514cd5506f4d29d649e1961e18ac8a79367222c832d8e05b281b12b11ffbd32&amp;width=980 1000w,https:\/\/imagenes.elpais.com\/resizer\/v2\/T73ARVN5NRFLHJGE4YBUSJBW4Q.jpg?auth=5514cd5506f4d29d649e1961e18ac8a79367222c832d8e05b281b12b11ffbd32&amp;width=1960 1960w\" alt=\"\" width=\"414\" height=\"276\" \/><p class=\"wp-caption-text\">Familiares siguen demandando justicia, verdad y reparaci\u00f3n. Foto VICENTE GAIBOR<\/p><\/div><figcaption class=\"a_m_p\" aria-hidden=\"true\"><\/figcaption><\/figure>\n<p>&nbsp;<\/p>\n<p class=\"\">El vil asesinato de los ni\u00f1os ha vuelto a ocupar su lugar en la actualidad del pa\u00eds. Tras la marcha, la expectaci\u00f3n es m\u00e1xima ante la sentencia que esta semana \u2014seg\u00fan est\u00e1 previsto\u2014 se dictar\u00e1 contra los 17 militares acusados de la desaparici\u00f3n forzada y asesinato de los menores.<\/p>\n<p class=\"\">Los uniformados se enfrentan a penas de 34 a\u00f1os y ocho meses, como ha solicitado el fiscal encargado del caso. Este caso podr\u00eda marcar un antes y un despu\u00e9s para el pa\u00eds profundamente conmocionado por el aumento de la violencia, tambi\u00e9n por parte de los militares, a quienes se les atribuyen al menos 31 desapariciones forzadas en los dos a\u00f1os de gobierno de Daniel Noboa.<\/p>\n<p class=\"\">Los familiares enfrentaron las crueles confesiones de cuatro de los 17 militares implicados, quienes contaron lo que pas\u00f3 ese d\u00eda:\u00a0<a title=\"https:\/\/elpais.com\/america\/2025-01-02\/dolor-y-rabia-en-el-funeral-de-los-cuatro-ninos-asesinados-en-ecuador-mataron-a-nuestros-hijos.html\" href=\"https:\/\/elpais.com\/america\/2025-01-02\/dolor-y-rabia-en-el-funeral-de-los-cuatro-ninos-asesinados-en-ecuador-mataron-a-nuestros-hijos.html\" target=\"_self\" rel=\"\" data-link-track-dtm=\"\" data-mrf-link=\"https:\/\/elpais.com\/america\/2025-01-02\/dolor-y-rabia-en-el-funeral-de-los-cuatro-ninos-asesinados-en-ecuador-mataron-a-nuestros-hijos.html\">los obligaron a desnudarse, los golpearon, los torturaron<\/a>\u00a0y simularon su ejecuci\u00f3n. \u201cCada d\u00eda ha sido como abrir la herida una y otra vez\u201d, cuenta Yuliana Flores, prima de los hermanos Ismael y Josu\u00e9.<\/p>\n<p class=\"\">La primera parada fue en casa de Nehem\u00edas Arboleda, ten\u00eda 15 a\u00f1os. La m\u00fasica se detuvo, y un silencio cubri\u00f3 la puerta por donde sali\u00f3 ese d\u00eda, rumbo a su \u00faltimo partido de f\u00fatbol. \u201c\u00c9l viv\u00eda cantando\u201d, dice Mayra Avil\u00e9s, vecina y amiga, quien viste una camiseta rosa con el rostro de Nehem\u00edas estampado sobre su pecho. \u201cSu voz hac\u00eda que los d\u00edas parecieran menos pesados. So\u00f1aba con un negocio para ayudar a su mam\u00e1 y a su hermana. Le encantaba el f\u00fatbol, y se emocionaba con la idea de alg\u00fan d\u00eda verse en una pantalla gigante\u201d, describe con la voz entrecortada, lo que el barrio recuerda de Nehem\u00edas, el cantante, el que so\u00f1aba con ser famoso.<\/p>\n<p class=\"\">Cuando el silencio se rompe, los chicos de la batucada retoman los tambores con fuerza. Golpean el bombo, hacen que la pandereta suene como lluvia de invierno. La marcha avanza y se detiene en la casa de los hermanos Ismael y Josu\u00e9. Ambos, apasionados por el f\u00fatbol, eran inseparables. Ismael, de 15 a\u00f1os, so\u00f1aba con jugar en las grandes ligas, mientras Josu\u00e9, con 14, quer\u00eda ser militar. \u201c\u00a1Verdad, justicia y reparaci\u00f3n\u2026!\u201d, gritan los manifestantes. La siguiente parada es la casa de Steven, el m\u00e1s peque\u00f1o, con apenas 11 a\u00f1os cuando los militares lo detuvieron. Su amplia sonrisa, su afici\u00f3n por coleccionar mu\u00f1ecos de Spiderman, se repiten en los relatos de quienes lo conocieron. \u201c\u00a1Verdad, justicia y reparaci\u00f3n\u2026!\u201d<\/p>\n<p>&nbsp;<\/p>\n<figure class=\"a_m a_m-h \">\n<p><div style=\"width: 424px\" class=\"wp-caption alignnone\"><img loading=\"lazy\" decoding=\"async\" class=\"_re lazyload a_m-h\" src=\"https:\/\/imagenes.elpais.com\/resizer\/v2\/DTVS7IUDMFAFDFCVMIMUR5NKCU.jpg?auth=5b2606f80f52454806ecfea2b39b11a07f15e3e5529fa7a81108435f41c013b0&amp;width=414\" sizes=\"auto, (min-width:1199px) 1155px,(min-width:1001px) calc(100vw - 44px),(min-width:768px) 767px, 100vw\" srcset=\"https:\/\/imagenes.elpais.com\/resizer\/v2\/DTVS7IUDMFAFDFCVMIMUR5NKCU.jpg?auth=5b2606f80f52454806ecfea2b39b11a07f15e3e5529fa7a81108435f41c013b0&amp;width=414 414w,https:\/\/imagenes.elpais.com\/resizer\/v2\/DTVS7IUDMFAFDFCVMIMUR5NKCU.jpg?auth=5b2606f80f52454806ecfea2b39b11a07f15e3e5529fa7a81108435f41c013b0&amp;width=828 640w,https:\/\/imagenes.elpais.com\/resizer\/v2\/DTVS7IUDMFAFDFCVMIMUR5NKCU.jpg?auth=5b2606f80f52454806ecfea2b39b11a07f15e3e5529fa7a81108435f41c013b0&amp;width=980 1000w,https:\/\/imagenes.elpais.com\/resizer\/v2\/DTVS7IUDMFAFDFCVMIMUR5NKCU.jpg?auth=5b2606f80f52454806ecfea2b39b11a07f15e3e5529fa7a81108435f41c013b0&amp;width=1960 1960w\" alt=\"\" width=\"414\" height=\"276\" \/><p class=\"wp-caption-text\">Despu\u00e9s de la marcha llegaron al parque La Coviem, para nombrarlo en honor a los ni\u00f1os.VICENTE GAIBOR<\/p><\/div><figcaption class=\"a_m_p\" aria-hidden=\"true\"><\/figcaption><\/figure>\n<p>&nbsp;<\/p>\n<p class=\"\">La marcha se expand\u00eda mientras continuaban recorriendo los pasos de los chicos. Entre los manifestantes se encuentra Efra\u00edn Bayas, un jubilado de 69 a\u00f1os. Vive al otro lado de la ciudad, pero su indignaci\u00f3n por lo ocurrido no le permite quedarse quieto. \u201cNo podemos olvidar este crimen atroz.\u00a0<a title=\"https:\/\/elpais.com\/america\/2025-07-25\/ecuador-registra-31-denuncias-de-desapariciones-forzadas-a-manos-de-militares-bajo-el-gobierno-de-noboa.html\" href=\"https:\/\/elpais.com\/america\/2025-07-25\/ecuador-registra-31-denuncias-de-desapariciones-forzadas-a-manos-de-militares-bajo-el-gobierno-de-noboa.html\" target=\"_self\" rel=\"\" data-link-track-dtm=\"\" data-mrf-link=\"https:\/\/elpais.com\/america\/2025-07-25\/ecuador-registra-31-denuncias-de-desapariciones-forzadas-a-manos-de-militares-bajo-el-gobierno-de-noboa.html\">Si esto no se para, continuar\u00e1 con m\u00e1s casos.\u00a0<\/a>Debe haber una sentencia para que los frene\u201d, a\u00f1ade con firmeza.<\/p>\n<p class=\"\">La cancha de f\u00fatbol donde los chicos jugaron por \u00faltima vez est\u00e1 vac\u00eda. Ahora hay sillas alineadas y una tarima levantada para develar una placa en su honor. A partir de ahora, la cancha llevar\u00e1 el nombre de \u201cLos Cuatro Ni\u00f1os de Las Malvinas\u201d, como un recordatorio permanente de que all\u00ed, en ese espacio de sue\u00f1os y risas, se extinguieron sus vidas. Entre los asistentes, dos madres se esfuerzan por encontrar palabras, mientras sus voces tiemblan al intentar agradecer a la multitud que no los ha dejado caer. \u201cMe arrancaron el alma, me arrancaron la vida\u201d, dice Katy Bustos, madre de Ismael y Josu\u00e9. \u201cEn casa, hay una mesa con dos puestos vac\u00edos. Solo los lleno con la presencia de su esp\u00edritu, porque sus cuerpos ya no est\u00e1n aqu\u00ed\u201d.<\/p>\n<p class=\"\">\u201cSoy la mam\u00e1 de Nehem\u00edas Arboleda\u201d, dice Teresa, pero al pronunciar su nombre algo se quiebra en su voz. Con l\u00e1grimas a punto de desbordarse, lanza la pregunta que resuena en el fondo de todos: \u201c\u00bfPor qu\u00e9 le hicieron esto a nuestros hijos?\u201d.<\/p>\n<p>&nbsp;<\/p>\n<figure class=\"a_m a_m-h \">\n<p><div style=\"width: 424px\" class=\"wp-caption alignnone\"><img loading=\"lazy\" decoding=\"async\" class=\"_re lazyload a_m-h\" src=\"https:\/\/imagenes.elpais.com\/resizer\/v2\/DOAHKNWKBBCWZM74RP3ULIIVPU.jpg?auth=521f44cfafd95b2579bacf70aa71264218a0bb2ce283d34f8b2f4c09be18bf1a&amp;width=414\" sizes=\"auto, (min-width:1199px) 1155px,(min-width:1001px) calc(100vw - 44px),(min-width:768px) 767px, 100vw\" srcset=\"https:\/\/imagenes.elpais.com\/resizer\/v2\/DOAHKNWKBBCWZM74RP3ULIIVPU.jpg?auth=521f44cfafd95b2579bacf70aa71264218a0bb2ce283d34f8b2f4c09be18bf1a&amp;width=414 414w,https:\/\/imagenes.elpais.com\/resizer\/v2\/DOAHKNWKBBCWZM74RP3ULIIVPU.jpg?auth=521f44cfafd95b2579bacf70aa71264218a0bb2ce283d34f8b2f4c09be18bf1a&amp;width=828 640w,https:\/\/imagenes.elpais.com\/resizer\/v2\/DOAHKNWKBBCWZM74RP3ULIIVPU.jpg?auth=521f44cfafd95b2579bacf70aa71264218a0bb2ce283d34f8b2f4c09be18bf1a&amp;width=980 1000w,https:\/\/imagenes.elpais.com\/resizer\/v2\/DOAHKNWKBBCWZM74RP3ULIIVPU.jpg?auth=521f44cfafd95b2579bacf70aa71264218a0bb2ce283d34f8b2f4c09be18bf1a&amp;width=1960 1960w\" alt=\"\" width=\"414\" height=\"276\" \/><p class=\"wp-caption-text\">Carteles de Steven Medina, Nehem\u00edas Arboleda, Josu\u00e9 Arroyo e Ismael Arroyo. Foto VICENTE GAIBOR<\/p><\/div><figcaption class=\"a_m_p\" aria-hidden=\"true\"><\/figcaption><\/figure>\n<p>&nbsp;<\/p>\n<p class=\"\">La marcha de la memoria culmin\u00f3 en la Avenida 25 de Julio, el lugar exacto donde la patrulla militar los intercept\u00f3. All\u00ed, los subieron a la camioneta, los golpearon en la parte trasera y los arrastraron hacia Taura, un \u00e1rea rural a una hora de distancia. Seg\u00fan los relatos de cuatro de los 17 militares procesados por desaparici\u00f3n forzada, llevaron a los chicos al monte, donde, en medio de la nada, los sometieron a una tortura brutal. Uno de los soldados se ensa\u00f1\u00f3 con Steven, el m\u00e1s peque\u00f1o, d\u00e1ndole m\u00e1s de 20 golpes con un cintur\u00f3n. Parte de la tortura fue grabada en video por uno de los soldados, que grab\u00f3 a escondidas cuando vio que todo se \u201cdescontrol\u00f3\u201d. Esa grabaci\u00f3n es ahora una de las pruebas cruciales en el juicio, que se encuentra en su fase final.<\/p>\n<p class=\"\">En el mismo punto exacto de la Avenida 25 de Julio, donde los chicos fueron secuestrados, los manifestantes encendieron velas y levantaron un altar con sus rostros. Cuatro personas se acostaron sobre la vereda, cubiertas por una bandera tricolor, mientras los m\u00fasicos, con el alma rota, improvisaban una melod\u00eda de protesta y despedida:<\/p>\n<p class=\"\">Adi\u00f3s, ya te est\u00e1 llamando<\/p>\n<p class=\"\">All\u00e1 est\u00e1 tu caminito<\/p>\n<p class=\"\">Adi\u00f3s, ya te est\u00e1 llamando<\/p>\n<p class=\"\">Adi\u00f3s mi ni\u00f1ito<\/p>\n<p class=\"\">Adi\u00f3s, ya te est\u00e1 llamando<\/p>\n<p class=\"\">All\u00ed el Gobierno es el culpable<\/p>\n<p class=\"\">Adi\u00f3s, ya te est\u00e1 llamando<\/p>\n<p class=\"\">Tan culpable, ay qu\u00e9 dolor<\/p>\n","protected":false},"excerpt":{"rendered":"<p>&nbsp; &nbsp; El primer aniversario de la captura y desaparici\u00f3n forzada de Nehem\u00edas, Steven, Ismael y Josu\u00e9, moviliza a familiares y vecinos en v\u00edsperas de&hellip;<\/p>\n","protected":false},"author":99,"featured_media":539071,"comment_status":"open","ping_status":"open","sticky":false,"template":"","format":"standard","meta":{"footnotes":""},"categories":[23],"tags":[],"class_list":["post-539070","post","type-post","status-publish","format-standard","has-post-thumbnail","hentry","category-latinoamerica"],"_links":{"self":[{"href":"https:\/\/diarioelpopular.com\/index.php\/wp-json\/wp\/v2\/posts\/539070","targetHints":{"allow":["GET"]}}],"collection":[{"href":"https:\/\/diarioelpopular.com\/index.php\/wp-json\/wp\/v2\/posts"}],"about":[{"href":"https:\/\/diarioelpopular.com\/index.php\/wp-json\/wp\/v2\/types\/post"}],"author":[{"embeddable":true,"href":"https:\/\/diarioelpopular.com\/index.php\/wp-json\/wp\/v2\/users\/99"}],"replies":[{"embeddable":true,"href":"https:\/\/diarioelpopular.com\/index.php\/wp-json\/wp\/v2\/comments?post=539070"}],"version-history":[{"count":1,"href":"https:\/\/diarioelpopular.com\/index.php\/wp-json\/wp\/v2\/posts\/539070\/revisions"}],"predecessor-version":[{"id":539072,"href":"https:\/\/diarioelpopular.com\/index.php\/wp-json\/wp\/v2\/posts\/539070\/revisions\/539072"}],"wp:featuredmedia":[{"embeddable":true,"href":"https:\/\/diarioelpopular.com\/index.php\/wp-json\/wp\/v2\/media\/539071"}],"wp:attachment":[{"href":"https:\/\/diarioelpopular.com\/index.php\/wp-json\/wp\/v2\/media?parent=539070"}],"wp:term":[{"taxonomy":"category","embeddable":true,"href":"https:\/\/diarioelpopular.com\/index.php\/wp-json\/wp\/v2\/categories?post=539070"},{"taxonomy":"post_tag","embeddable":true,"href":"https:\/\/diarioelpopular.com\/index.php\/wp-json\/wp\/v2\/tags?post=539070"}],"curies":[{"name":"wp","href":"https:\/\/api.w.org\/{rel}","templated":true}]}}