{"id":539075,"date":"2025-12-10T11:10:17","date_gmt":"2025-12-10T15:10:17","guid":{"rendered":"https:\/\/diarioelpopular.com\/?p=539075"},"modified":"2025-12-10T11:10:17","modified_gmt":"2025-12-10T15:10:17","slug":"como-se-comparan-las-propuestas-mas-emblematicas-de-jara-y-kast-de-cara-a-las-elecciones-presidenciales-en-chile-de-este-domingo","status":"publish","type":"post","link":"https:\/\/diarioelpopular.com\/index.php\/2025\/12\/10\/como-se-comparan-las-propuestas-mas-emblematicas-de-jara-y-kast-de-cara-a-las-elecciones-presidenciales-en-chile-de-este-domingo\/","title":{"rendered":"C\u00f3mo se comparan las propuestas m\u00e1s emblem\u00e1ticas de Jara y Kast de cara a las elecciones presidenciales en Chile de este domingo"},"content":{"rendered":"<div id=\"attachment_539076\" style=\"width: 646px\" class=\"wp-caption alignnone\"><img loading=\"lazy\" decoding=\"async\" aria-describedby=\"caption-attachment-539076\" class=\"wp-image-539076 size-custom-full-size\" src=\"https:\/\/diarioelpopular.com\/wp-content\/uploads\/2025\/12\/Screen-Shot-2025-12-10-at-10.09.38-AM-636x357.png\" alt=\"\" width=\"636\" height=\"357\" srcset=\"https:\/\/diarioelpopular.com\/wp-content\/uploads\/2025\/12\/Screen-Shot-2025-12-10-at-10.09.38-AM-636x357.png 636w, https:\/\/diarioelpopular.com\/wp-content\/uploads\/2025\/12\/Screen-Shot-2025-12-10-at-10.09.38-AM-300x169.png 300w, https:\/\/diarioelpopular.com\/wp-content\/uploads\/2025\/12\/Screen-Shot-2025-12-10-at-10.09.38-AM-768x431.png 768w, https:\/\/diarioelpopular.com\/wp-content\/uploads\/2025\/12\/Screen-Shot-2025-12-10-at-10.09.38-AM-130x73.png 130w, https:\/\/diarioelpopular.com\/wp-content\/uploads\/2025\/12\/Screen-Shot-2025-12-10-at-10.09.38-AM.png 858w\" sizes=\"auto, (max-width: 636px) 100vw, 636px\" \/><p id=\"caption-attachment-539076\" class=\"wp-caption-text\">Jos\u00e9 Antonio Kast y Jeannette Jara se enfrentan este domingo en las elecciones presidenciales de Chile.<\/p><\/div>\n<p>&nbsp;<\/p>\n<p>&nbsp;<\/p>\n<div class=\"css-1k9op6x e17x9cvu0\" dir=\"ltr\">\n<ul>\n<li class=\"css-s4cjt0 e1yuyadm0\" dir=\"ltr\"><em><b>Cuando falta poco para el balotaje presidencial en Chile, el ultraderechista Jos\u00e9 Antonio Kast y la comunista Jeannette Jara se enfrentar\u00e1n en las urnas este domingo en unos comicios presidenciales en los que por primera vez el voto es obligatorio.<\/b><\/em><\/li>\n<\/ul>\n<\/div>\n<div class=\"css-1k9op6x e17x9cvu0\" dir=\"ltr\">\n<p dir=\"ltr\">\n<p class=\"css-s4cjt0 e1yuyadm0\" dir=\"ltr\">Aunque las \u00faltimas encuestas le dan la ventaja a Kast por un margen superior a diez puntos frente a Jara, el gran interrogante sobre c\u00f3mo se comportar\u00e1 el voto de los indecisos complica los pron\u00f3sticos.<\/p>\n<\/div>\n<div class=\"css-1k9op6x e17x9cvu0\" dir=\"ltr\">\n<p class=\"css-s4cjt0 e1yuyadm0\" dir=\"ltr\">Kast pareciera estar aprovechando las transferencias de votos de los candidatos de derecha derrotados en la primera vuelta, tras conseguir el apoyo del libertario Johannes Kaiser y de la representante de la derecha m\u00e1s tradicional Evelyn Matthei.<\/p>\n<\/div>\n<div class=\"css-1k9op6x e17x9cvu0\" dir=\"ltr\">\n<p class=\"css-s4cjt0 e1yuyadm0\" dir=\"ltr\">Entre los factores de incertidumbre que acompa\u00f1an esta elecci\u00f3n est\u00e1 el destino de los votos de los m\u00e1s de cinco millones de chilenos que por primera vez estar\u00e1n obligados a sufragar.<\/p>\n<\/div>\n<div class=\"css-1k9op6x e17x9cvu0\" dir=\"ltr\">\n<p class=\"css-s4cjt0 e1yuyadm0\" dir=\"ltr\">Tampoco est\u00e1 claro cu\u00e1l ser\u00e1 la preferencia de los que votaron en la primera vuelta por el candidato antisistema Franco Parisi, quien consigui\u00f3 la tercera posici\u00f3n con casi el 20% de los sufragios.<\/p>\n<\/div>\n<div class=\"css-1k9op6x e17x9cvu0\" dir=\"ltr\">\n<p class=\"css-s4cjt0 e1yuyadm0\" dir=\"ltr\">En ese contexto, el abogado Jos\u00e9 Antonio Kast, l\u00edder de la ultraderecha y fundador del Partido Republicano, disputa la presidencia por tercera vez con un discurso de &#8220;mano dura&#8221; centrado en los temas de seguridad y migraci\u00f3n, as\u00ed como tambi\u00e9n la reducci\u00f3n del gasto fiscal.<\/p>\n<\/div>\n<div class=\"css-1k9op6x e17x9cvu0\" dir=\"ltr\">\n<p class=\"css-s4cjt0 e1yuyadm0\" dir=\"ltr\">La exministra del Trabajo del actual gobierno, Jeannette Jara, representante de una alianza que agrupa a todos los sectores de la izquierda y la centroizquierda chilena, llega al balotaje tras haber ganado la primera vuelta electoral, con un mensaje centrado en un mayor acceso a las redes de protecci\u00f3n social, y medidas para enfrentar los problemas de seguridad y migraci\u00f3n, dos asuntos prioritarios para los chilenos.<\/p>\n<\/div>\n<div class=\"css-1k9op6x e17x9cvu0\" dir=\"ltr\">\n<p class=\"css-s4cjt0 e1yuyadm0\" dir=\"ltr\">Ambos han intentado conseguir el apoyo de los votantes que se consideran m\u00e1s cercanos al centro pol\u00edtico, en una elecci\u00f3n hist\u00f3rica marcada por el fuerte antagonismo que representan los modelos de sociedad que cada uno defiende.<\/p>\n<\/div>\n<div class=\"css-1k9op6x e17x9cvu0\" dir=\"ltr\">\n<p class=\"css-s4cjt0 e1yuyadm0\" dir=\"ltr\">\u00bfPero c\u00f3mo se comparan las propuestas m\u00e1s emblem\u00e1ticas de ambos candidatos?<\/p>\n<p dir=\"ltr\">\n<\/div>\n<figure class=\"css-1qn0xuy\">\n<div class=\"css-1jir9cx\">\n<div style=\"width: 3807px\" class=\"wp-caption alignnone\"><img loading=\"lazy\" decoding=\"async\" class=\"css-1seqhu9\" src=\"https:\/\/ichef.bbci.co.uk\/ace\/ws\/640\/cpsprodpb\/6670\/live\/e524ede0-d5cd-11f0-ae19-ef278771bbc7.jpg.webp\" alt=\"Jos\u00e9 Antonio Kast y Jeannette Jara en el \u00faltimo debate presidencial previo al balotaje.\" width=\"3797\" height=\"2136\" \/><p class=\"wp-caption-text\">Fuente de la imagen,Reuters. Los candidatos se enfrentaron en el \u00faltimo debate presidencial televisado el martes 9 de diciembre.<\/p><\/div>\n<p class=\"css-by8ykd\" role=\"text\">\n<\/div>\n<\/figure>\n<div class=\"css-1k9op6x e17x9cvu0\" dir=\"ltr\">\n<h2 id=\"M\u00e1s-plata-en-tu-bolsillo\" class=\"css-jtxtr9 emoh99e1\" tabindex=\"-1\">&#8220;M\u00e1s plata en tu bolsillo&#8221;<\/h2>\n<\/div>\n<div class=\"css-1k9op6x e17x9cvu0\" dir=\"ltr\">\n<p class=\"css-s4cjt0 e1yuyadm0\" dir=\"ltr\">La candidata comunista de 51 a\u00f1os, sostuvo que, si gana, su gobierno apostar\u00e1 por representar la visi\u00f3n de la izquierda y la centroizquierda agrupada en la coalici\u00f3n pol\u00edtica que la respalda.<\/p>\n<\/div>\n<div class=\"css-1k9op6x e17x9cvu0\" dir=\"ltr\">\n<p class=\"css-s4cjt0 e1yuyadm0\" dir=\"ltr\">En lo econ\u00f3mico, Jara propuso la creaci\u00f3n de un &#8220;ingreso vital&#8221; cercano a los US$800 mensuales, para mejorar la situaci\u00f3n econ\u00f3mica de las familias m\u00e1s vulnerables, el cual ser\u00eda financiado gradualmente con subsidios estatales a peque\u00f1as y medianas empresas.<\/p>\n<\/div>\n<div class=\"css-1k9op6x e17x9cvu0\" dir=\"ltr\">\n<p class=\"css-s4cjt0 e1yuyadm0\" dir=\"ltr\">&#8220;En mi gobierno queremos poner m\u00e1s plata en tu bolsillo&#8221;, declar\u00f3 la candidata.<\/p>\n<p dir=\"ltr\">\n<\/div>\n<figure class=\"css-1qn0xuy\">\n<div class=\"css-1jir9cx\">\n<div style=\"width: 1022px\" class=\"wp-caption alignnone\"><img loading=\"lazy\" decoding=\"async\" class=\"css-1seqhu9\" src=\"https:\/\/ichef.bbci.co.uk\/ace\/ws\/640\/cpsprodpb\/2ed1\/live\/57889f10-d47c-11f0-b433-753c64b53a9c.jpg.webp\" alt=\"Jeannette Jara\" width=\"1012\" height=\"569\" \/><p class=\"wp-caption-text\">Fuente de la imagen,AFP via Getty Images. Jeannette Jara es la abanderada del oficialismo que representa a los distintos sectores de la izquierda y centroizquierda chilena.<\/p><\/div>\n<p class=\"css-by8ykd\" role=\"text\">\n<\/div>\n<\/figure>\n<div class=\"css-13c4x68 e11b6abi0\" dir=\"ltr\" data-e2e=\"podcast-promo\">\n<section class=\"e11b6abi1 css-12e4ke4 e1306b2b0\" role=\"region\" aria-labelledby=\"podcast-promo\">\n<div class=\"css-79elbk e175zld10\"><\/div>\n<\/section>\n<\/div>\n<div class=\"css-1k9op6x e17x9cvu0\" dir=\"ltr\">\n<p class=\"css-s4cjt0 e1yuyadm0\" dir=\"ltr\">Jara prometi\u00f3 reducir el precio de las cuentas de luz y que el Estado entregue un apoyo econ\u00f3mico al ahorro que realizan los j\u00f3venes de entre 25 y 40 a\u00f1os para la compra de una vivienda.<\/p>\n<\/div>\n<div class=\"css-1k9op6x e17x9cvu0\" dir=\"ltr\">\n<p class=\"css-s4cjt0 e1yuyadm0\" dir=\"ltr\">Otra de sus propuestas es eliminar el uso de la Unidad de Fomento (UF) en las \u00e1reas de salud y educaci\u00f3n para evitar el aumento &#8220;excesivo&#8221; de los pagos. La UF es un \u00edndice que se reajusta diariamente seg\u00fan la inflaci\u00f3n y se utiliza para expresar el valor de las viviendas, los pr\u00e9stamos bancarios o el costo de los seguros de salud.<\/p>\n<\/div>\n<div class=\"css-1k9op6x e17x9cvu0\" dir=\"ltr\">\n<p class=\"css-s4cjt0 e1yuyadm0\" dir=\"ltr\">Tambi\u00e9n propuso la creaci\u00f3n de un subsidio unificado al empleo para mujeres, j\u00f3venes y adultos mayores, adem\u00e1s de la reducci\u00f3n de las listas de espera para la atenci\u00f3n m\u00e9dica.<\/p>\n<\/div>\n<div class=\"css-1k9op6x e17x9cvu0\" dir=\"ltr\">\n<p class=\"css-s4cjt0 e1yuyadm0\" dir=\"ltr\">En el tema migratorio, a diferencia de las deportaciones masivas que promete Kast, Jara propuso la creaci\u00f3n de un registro biom\u00e9trico y una &#8220;regularizaci\u00f3n acotada&#8221; para aquellos extranjeros sin antecedentes delictivos, con empleo y que mantengan v\u00ednculos familiares, adem\u00e1s de un registro biom\u00e9trico de los extranjeros que viven en el pa\u00eds.<\/p>\n<\/div>\n<div class=\"css-1k9op6x e17x9cvu0\" dir=\"ltr\">\n<p class=\"css-s4cjt0 e1yuyadm0\" dir=\"ltr\">Por otro lado, la candidata oficialista se comprometi\u00f3 a fortalecer el control fronterizo con apoyo de las Fuerzas Armadas y tecnolog\u00eda de vigilancia.<\/p>\n<\/div>\n<div class=\"css-1k9op6x e17x9cvu0\" dir=\"ltr\">\n<p class=\"css-s4cjt0 e1yuyadm0\" dir=\"ltr\">Y en el terreno de la seguridad, Jara sostuvo que su gobierno atacar\u00e1 las finanzas del crimen organizado. Para eso, propuso levantar el secreto bancario (una norma que protege la privacidad de las transacciones financieras) con el fin de rastrear el flujo de dinero vinculado al narcotr\u00e1fico.<\/p>\n<\/div>\n<div class=\"css-1k9op6x e17x9cvu0\" dir=\"ltr\">\n<p class=\"css-s4cjt0 e1yuyadm0\" dir=\"ltr\">&#8220;No basta con m\u00e1s c\u00e1rceles o m\u00e1s carabineros si no enfrentamos de ra\u00edz al crimen organizado&#8221;, afirm\u00f3.<\/p>\n<\/div>\n<div class=\"css-1k9op6x e17x9cvu0\" dir=\"ltr\">\n<p class=\"css-s4cjt0 e1yuyadm0\" dir=\"ltr\">En paralelo, la candidata prometi\u00f3 fortalecer a las polic\u00edas del pa\u00eds y aumentar el control de las armas.<\/p>\n<\/div>\n<div class=\"css-1k9op6x e17x9cvu0\" dir=\"ltr\">\n<p class=\"css-s4cjt0 e1yuyadm0\" dir=\"ltr\">En el \u00faltimo debate presidencial previo al balotaje, Jara anunci\u00f3 que si se convierte en presidente, renunciar\u00e1 a su militancia en el Partido Comunista.<\/p>\n<\/div>\n<div class=\"css-1k9op6x e17x9cvu0\" dir=\"ltr\">\n<p class=\"css-s4cjt0 e1yuyadm0\" dir=\"ltr\">Sobre la amenaza de una posible intervenci\u00f3n militar de Estados Unidos en Venezuela, Jara sostuvo que el presidente Nicol\u00e1s Maduro, &#8220;sin lugar a dudas debe dejar el poder&#8221;, pero advirti\u00f3 que la propuesta de Donald Trump le parece que &#8220;viola el derecho internacional&#8221;.<\/p>\n<\/div>\n<div class=\"css-1k9op6x e17x9cvu0\" dir=\"ltr\">\n<p class=\"css-s4cjt0 e1yuyadm0\" dir=\"ltr\">&#8220;No voy a amparar la invasi\u00f3n de otro pa\u00eds&#8221;, afirm\u00f3.<\/p>\n<\/div>\n<div class=\"css-1k9op6x e17x9cvu0\" dir=\"ltr\">\n<h2 id=\"Un-pa\u00eds-seguro\" class=\"css-jtxtr9 emoh99e1\" tabindex=\"-1\">&#8220;Un pa\u00eds seguro&#8221;<\/h2>\n<\/div>\n<div class=\"css-1k9op6x e17x9cvu0\" dir=\"ltr\">\n<p class=\"css-s4cjt0 e1yuyadm0\" dir=\"ltr\">El eje central de la campa\u00f1a de Kast ha girado en torno a los temas de seguridad y migraci\u00f3n.<\/p>\n<\/div>\n<div class=\"css-1k9op6x e17x9cvu0\" dir=\"ltr\">\n<p class=\"css-s4cjt0 e1yuyadm0\" dir=\"ltr\">El ultraderechista ha articulado su discurso en torno a la idea de un &#8220;gobierno de emergencia&#8221;, para enfrentar un aumento de la criminalidad.<\/p>\n<p dir=\"ltr\">\n<\/div>\n<figure class=\"css-1qn0xuy\">\n<div class=\"css-1jir9cx\">\n<div style=\"width: 1007px\" class=\"wp-caption alignnone\"><img loading=\"lazy\" decoding=\"async\" class=\"css-1seqhu9\" src=\"https:\/\/ichef.bbci.co.uk\/ace\/ws\/640\/cpsprodpb\/b5a5\/live\/aa427280-d47c-11f0-b433-753c64b53a9c.jpg.webp\" alt=\"Jos\u00e9 Antonio Kast\" width=\"997\" height=\"561\" \/><p class=\"wp-caption-text\">Fuente de la imagen,AFP via Getty Images. Jos\u00e9 Antonio Kast consigui\u00f3 el respaldo de los otros candidatos de derecha, present\u00e1ndose al balotaje como el \u00fanico representante del sector.<\/p><\/div>\n<p class=\"css-by8ykd\" role=\"text\">\n<\/div>\n<\/figure>\n<div class=\"css-1k9op6x e17x9cvu0\" dir=\"ltr\">\n<p dir=\"ltr\">\n<p class=\"css-s4cjt0 e1yuyadm0\" dir=\"ltr\">Kast propuso construir c\u00e1rceles de m\u00e1xima seguridad, endurecer las penas a los infractores de la ley, el fin de los &#8220;narcofunerales&#8221;, una revisi\u00f3n de c\u00f3mo se aplica la leg\u00edtima defensa y establecer una fuerza especial para recuperar zonas del pa\u00eds dominadas por la delincuencia.<\/p>\n<\/div>\n<div class=\"css-1k9op6x e17x9cvu0\" dir=\"ltr\">\n<p class=\"css-s4cjt0 e1yuyadm0\" dir=\"ltr\">&#8220;Chile volver\u00e1 a ser un pa\u00eds seguro&#8221;, dijo el candidato. En el tema migratorio, prometi\u00f3 deportaciones masivas de inmigrantes en situaci\u00f3n irregular, incluyendo vuelos ch\u00e1rter que los llevar\u00e1n de regreso a sus pa\u00edses de origen y cuyo costo deber\u00eda ser financiado, en parte, por los propios pasajeros.<\/p>\n<\/div>\n<div class=\"css-1k9op6x e17x9cvu0\" dir=\"ltr\">\n<p class=\"css-s4cjt0 e1yuyadm0\" dir=\"ltr\">&#8220;Vamos a cerrar las fronteras en todos aquellos lugares donde haya pasos irregulares&#8221;, afirm\u00f3, como parte de su Plan Escudo Fronterizo, aunque en los \u00faltimos d\u00edas moder\u00f3 el discurso diciendo que las deportaciones en su gobierno no ser\u00edan como las de EE.UU. &#8220;Hay distintas maneras de invitar a las personas a salir, pero \u00bfqui\u00e9n va a pagar?. Yo no voy a pagar&#8221;, afirm\u00f3.<\/p>\n<\/div>\n<div class=\"css-1k9op6x e17x9cvu0\" dir=\"ltr\">\n<p class=\"css-s4cjt0 e1yuyadm0\" dir=\"ltr\">Tambi\u00e9n propuso que la migraci\u00f3n irregular se convirtiera en un delito y que los extranjeros indocumentados no tengan acceso a los beneficios b\u00e1sicos que provee el Estado como educaci\u00f3n, vivienda o salud.<\/p>\n<\/div>\n<div class=\"css-1k9op6x e17x9cvu0\" dir=\"ltr\">\n<p class=\"css-s4cjt0 e1yuyadm0\" dir=\"ltr\">En el \u00e1mbito econ\u00f3mico, Kast ha planteado impulsar la &#8220;austeridad&#8221;, recortando el gasto fiscal en US$6.000 millones en un plazo de 18 meses, una medida cuya factibilidad de ser aplicada ha sido puesta en duda por la magnitud de un recorte que, para concretarse, implicar\u00eda una disminuci\u00f3n de beneficios sociales para la poblaci\u00f3n.<\/p>\n<\/div>\n<div class=\"css-1k9op6x e17x9cvu0\" dir=\"ltr\">\n<p class=\"css-s4cjt0 e1yuyadm0\" dir=\"ltr\">El candidato, sin embargo, asegur\u00f3 que es posible hacer el recorte sin afectar beneficios sociales, como la Pensi\u00f3n Garantizada Universal (PGU), aunque no ha detallado c\u00f3mo implementar\u00eda el ajuste.<\/p>\n<\/div>\n<div class=\"css-1k9op6x e17x9cvu0\" dir=\"ltr\">\n<p class=\"css-s4cjt0 e1yuyadm0\" dir=\"ltr\">En lo tributario, el exdiputado anunci\u00f3 que bajo su mandato bajar\u00e1 el impuesto corporativo del actual 27% al 23% para las empresas medianas y grandes y prometi\u00f3 eliminar el impuesto a las ganancias de capital en la venta de acciones en algunos casos.<\/p>\n<\/div>\n<div class=\"css-1k9op6x e17x9cvu0\" dir=\"ltr\">\n<p class=\"css-s4cjt0 e1yuyadm0\" dir=\"ltr\">A diferencia de su discurso en la elecci\u00f3n previa, Kast ha evitado hablar de temas como el aborto y el matrimonio igualitario, como tampoco sobre las violaciones a los derechos humanos durante el r\u00e9gimen de Augusto Pinochet, del que en el pasado defendi\u00f3 algunas pol\u00edticas.<\/p>\n<\/div>\n<div class=\"css-1k9op6x e17x9cvu0\" dir=\"ltr\">\n<p class=\"css-s4cjt0 e1yuyadm0\" dir=\"ltr\">El plan de gobierno de Kast ha generado comparaciones con figuras como el presidente de Argentina, Javier Milei; el de Estados Unidos, Donald Trump; o el expresidente de Brasil, Jair Bolsonaro.<\/p>\n<\/div>\n<div class=\"css-1k9op6x e17x9cvu0\" dir=\"ltr\">\n<p class=\"css-s4cjt0 e1yuyadm0\" dir=\"ltr\">En el plano internacional, Kast dijo en uno de los debates presidenciales que su postura frente a una posible incursi\u00f3n militar de Estados Unidos en Venezuela est\u00e1 representada en la frase inscrita en el escudo chileno: &#8220;Por la raz\u00f3n o la fuerza&#8221;.<\/p>\n<\/div>\n<div class=\"css-1k9op6x e17x9cvu0\" dir=\"ltr\">\n<p class=\"css-s4cjt0 e1yuyadm0\" dir=\"ltr\">Y sobre el gobernante de El Salvador, Nayib Bukele, adalid de las pol\u00edticas de mano dura contra el crimen, dijo que si todos los chilenos tuvieran que votar hoy y estuviera Bukele en la papeleta, &#8220;elegir\u00edan a Bukele&#8221;.<\/p>\n<\/div>\n","protected":false},"excerpt":{"rendered":"<p>&nbsp; &nbsp; Cuando falta poco para el balotaje presidencial en Chile, el ultraderechista Jos\u00e9 Antonio Kast y la comunista Jeannette Jara se enfrentar\u00e1n en las&hellip;<\/p>\n","protected":false},"author":99,"featured_media":539076,"comment_status":"open","ping_status":"open","sticky":false,"template":"","format":"standard","meta":{"footnotes":""},"categories":[23],"tags":[],"class_list":["post-539075","post","type-post","status-publish","format-standard","has-post-thumbnail","hentry","category-latinoamerica"],"_links":{"self":[{"href":"https:\/\/diarioelpopular.com\/index.php\/wp-json\/wp\/v2\/posts\/539075","targetHints":{"allow":["GET"]}}],"collection":[{"href":"https:\/\/diarioelpopular.com\/index.php\/wp-json\/wp\/v2\/posts"}],"about":[{"href":"https:\/\/diarioelpopular.com\/index.php\/wp-json\/wp\/v2\/types\/post"}],"author":[{"embeddable":true,"href":"https:\/\/diarioelpopular.com\/index.php\/wp-json\/wp\/v2\/users\/99"}],"replies":[{"embeddable":true,"href":"https:\/\/diarioelpopular.com\/index.php\/wp-json\/wp\/v2\/comments?post=539075"}],"version-history":[{"count":1,"href":"https:\/\/diarioelpopular.com\/index.php\/wp-json\/wp\/v2\/posts\/539075\/revisions"}],"predecessor-version":[{"id":539077,"href":"https:\/\/diarioelpopular.com\/index.php\/wp-json\/wp\/v2\/posts\/539075\/revisions\/539077"}],"wp:featuredmedia":[{"embeddable":true,"href":"https:\/\/diarioelpopular.com\/index.php\/wp-json\/wp\/v2\/media\/539076"}],"wp:attachment":[{"href":"https:\/\/diarioelpopular.com\/index.php\/wp-json\/wp\/v2\/media?parent=539075"}],"wp:term":[{"taxonomy":"category","embeddable":true,"href":"https:\/\/diarioelpopular.com\/index.php\/wp-json\/wp\/v2\/categories?post=539075"},{"taxonomy":"post_tag","embeddable":true,"href":"https:\/\/diarioelpopular.com\/index.php\/wp-json\/wp\/v2\/tags?post=539075"}],"curies":[{"name":"wp","href":"https:\/\/api.w.org\/{rel}","templated":true}]}}