{"id":539079,"date":"2025-12-10T11:23:31","date_gmt":"2025-12-10T15:23:31","guid":{"rendered":"https:\/\/diarioelpopular.com\/?p=539079"},"modified":"2025-12-10T11:23:31","modified_gmt":"2025-12-10T15:23:31","slug":"quien-es-bernie-moreno-el-senador-republicano-nacido-en-colombia-que-presento-ley-para-eliminar-la-doble-nacionalidad","status":"publish","type":"post","link":"https:\/\/diarioelpopular.com\/index.php\/2025\/12\/10\/quien-es-bernie-moreno-el-senador-republicano-nacido-en-colombia-que-presento-ley-para-eliminar-la-doble-nacionalidad\/","title":{"rendered":"Qui\u00e9n es Bernie Moreno, el senador republicano nacido en Colombia que present\u00f3 ley para eliminar la doble nacionalidad"},"content":{"rendered":"<p><img loading=\"lazy\" decoding=\"async\" class=\"alignnone size-custom-full-size wp-image-539080\" src=\"https:\/\/diarioelpopular.com\/wp-content\/uploads\/2025\/12\/Screen-Shot-2025-12-10-at-10.22.56-AM-636x357.png\" alt=\"\" width=\"636\" height=\"357\" srcset=\"https:\/\/diarioelpopular.com\/wp-content\/uploads\/2025\/12\/Screen-Shot-2025-12-10-at-10.22.56-AM-636x357.png 636w, https:\/\/diarioelpopular.com\/wp-content\/uploads\/2025\/12\/Screen-Shot-2025-12-10-at-10.22.56-AM-300x168.png 300w, https:\/\/diarioelpopular.com\/wp-content\/uploads\/2025\/12\/Screen-Shot-2025-12-10-at-10.22.56-AM-768x431.png 768w, https:\/\/diarioelpopular.com\/wp-content\/uploads\/2025\/12\/Screen-Shot-2025-12-10-at-10.22.56-AM-130x73.png 130w, https:\/\/diarioelpopular.com\/wp-content\/uploads\/2025\/12\/Screen-Shot-2025-12-10-at-10.22.56-AM.png 856w\" sizes=\"auto, (max-width: 636px) 100vw, 636px\" \/><\/p>\n<p>&nbsp;<\/p>\n<div class=\"css-1k9op6x e17x9cvu0\" dir=\"ltr\">\n<p dir=\"ltr\">\n<ul>\n<li class=\"css-s4cjt0 e1yuyadm0\" dir=\"ltr\"><em><b>&#8220;Ser ciudadano estadounidense es un honor y un privilegio, y si quieres serlo, es cuesti\u00f3n de todo o nada. Es hora de acabar con la doble nacionalidad para siempre&#8221;.<\/b><\/em><\/li>\n<\/ul>\n<\/div>\n<div class=\"css-1k9op6x e17x9cvu0\" dir=\"ltr\">\n<p dir=\"ltr\">\n<p class=\"css-s4cjt0 e1yuyadm0\" dir=\"ltr\">Con esa frase, el senador estadounidense nacido en Colombia Bernardo Moreno present\u00f3 un proyecto de ley ante el Congreso del pa\u00eds buscando poner fin a la doble nacionalidad para estadounidenses.<\/p>\n<\/div>\n<div class=\"css-1k9op6x e17x9cvu0\" dir=\"ltr\">\n<p class=\"css-s4cjt0 e1yuyadm0\" dir=\"ltr\">Si se aprueba, la ley les dar\u00eda un a\u00f1o a aquellos ciudadanos de EE.UU. con m\u00e1s de una nacionalidad para que renuncien a esas ciudadan\u00edas adicionales, so pena de perder su estado como estadounidenses.<\/p>\n<\/div>\n<div class=\"css-1k9op6x e17x9cvu0\" dir=\"ltr\">\n<p class=\"css-s4cjt0 e1yuyadm0\" dir=\"ltr\">Moreno, quien se hizo ciudadano estadounidense a los 18 a\u00f1os de edad y renunci\u00f3 a su ciudadan\u00eda colombiana al hacerlo, es un firme seguidor y lamebotas de Donald Trump en el Senado y lleg\u00f3 a su curul despu\u00e9s de una exitosa carrera como due\u00f1o de concesionarios de autos en Ohio.<\/p>\n<\/div>\n<div class=\"css-1k9op6x e17x9cvu0\" dir=\"ltr\">\n<p class=\"css-s4cjt0 e1yuyadm0\" dir=\"ltr\">Y a pesar de tener una historia de lo que \u00e9l mismo ha llamado &#8220;privilegio descomunal&#8221; en su Colombia natal, Moreno ha dicho que su historia tuvo un cambio dr\u00e1stico cuando sus padres decidieron mudarse a Florida en 1971, cuando \u00e9l ten\u00eda 5 a\u00f1os.<\/p>\n<\/div>\n<section class=\"css-1s6hekm\" role=\"region\" aria-label=\"Publicidad 2\" aria-hidden=\"true\" data-e2e=\"advertisement\">\n<div id=\"dotcom-mpu\" class=\"dotcom-ad active\" aria-hidden=\"true\">\n<div class=\"dotcom-ad-inner\"><\/div>\n<\/div>\n<\/section>\n<div class=\"css-1k9op6x e17x9cvu0\" dir=\"ltr\">\n<h2 id=\"El-sue\u00f1o-americano\" class=\"css-jtxtr9 emoh99e1\" tabindex=\"-1\">El sue\u00f1o americano<\/h2>\n<\/div>\n<figure class=\"css-1qn0xuy\">\n<div class=\"css-1jir9cx\">\n<div style=\"width: 746px\" class=\"wp-caption alignnone\"><img loading=\"lazy\" decoding=\"async\" class=\"css-1seqhu9\" src=\"https:\/\/ichef.bbci.co.uk\/ace\/ws\/640\/cpsprodpb\/ccf9\/live\/a8d68480-d15d-11f0-a892-01d657345866.jpg.webp\" alt=\"Bernie Moreno en el lanzamiento de uno de su concesionarios en 2015. \" width=\"736\" height=\"1024\" \/><p class=\"wp-caption-text\">Fuente de la imagen,Getty Images. Moreno logr\u00f3 el \u00e9xito a trav\u00e9s de una cadena de concesionarios de autos.<\/p><\/div>\n<p class=\"css-by8ykd\" role=\"text\">\n<\/div>\n<\/figure>\n<div class=\"css-1k9op6x e17x9cvu0\" dir=\"ltr\">\n<p dir=\"ltr\">\n<p class=\"css-s4cjt0 e1yuyadm0\" dir=\"ltr\">Durante su campa\u00f1a para el Senado en Ohio, Moreno record\u00f3 c\u00f3mo su madre fue la que tom\u00f3 la decisi\u00f3n de mudar a la familia a EE.UU., intentando evitar que sus hijos se acostumbraran al &#8220;privilegio descomunal&#8221; que ten\u00edan en Colombia.<\/p>\n<\/div>\n<div class=\"css-1k9op6x e17x9cvu0\" dir=\"ltr\">\n<p class=\"css-s4cjt0 e1yuyadm0\" dir=\"ltr\">Moreno ha contado sobre las diferentes propiedades que su familia manten\u00eda en Colombia -inclu\u00edda una casa que hoy es la embajada de Alemania en Bogot\u00e1- y su cercan\u00eda al poder pol\u00edtico -su pap\u00e1 fue ministro de Salud y m\u00e9dico del expresidente Misael Pastrana Borrero.<\/p>\n<\/div>\n<div class=\"css-1k9op6x e17x9cvu0\" dir=\"ltr\">\n<p class=\"css-s4cjt0 e1yuyadm0\" dir=\"ltr\">Hablando en el podcast de liderazgo\u00a0<i class=\"css-6whwaq e1vymu7d0\">Up2<\/i>, Moreno record\u00f3 que su mam\u00e1 empac\u00f3 23 maletas, y se llev\u00f3 a vivir a sus siete hijos a Fort Lauderdale, en Florida. Su padre llegar\u00eda despu\u00e9s y lograr\u00eda obtener su licencia m\u00e9dica en Miami.<\/p>\n<\/div>\n<div class=\"css-1k9op6x e17x9cvu0\" dir=\"ltr\">\n<p class=\"css-s4cjt0 e1yuyadm0\" dir=\"ltr\">&#8220;En realidad, vinimos a EE.UU. para que mi madre nos mostrara c\u00f3mo era vivir el &#8216;sue\u00f1o americano&#8217;, que consiste en empezar con cierta modestia, una vida de clase media, y luego depende de ti alcanzar la riqueza, sin que te la den&#8221;, le dijo Moreno a <i class=\"css-6whwaq e1vymu7d0\">Up2<\/i>.<\/p>\n<\/div>\n<div class=\"css-1k9op6x e17x9cvu0\" dir=\"ltr\">\n<p class=\"css-s4cjt0 e1yuyadm0\" dir=\"ltr\">Seg\u00fan explic\u00f3 el ahora senador, con el traslado, su familia tuvo tambi\u00e9n una transici\u00f3n de identidad.<\/p>\n<\/div>\n<div class=\"css-1k9op6x e17x9cvu0\" dir=\"ltr\">\n<p class=\"css-s4cjt0 e1yuyadm0\" dir=\"ltr\">&#8220;Nos mudamos a Estados Unidos, (nos dec\u00eda) que \u00edbamos a convertirnos en estadounidenses y que eso es lo que \u00e9ramos. No significa que ya no fu\u00e9ramos colombianos, pero en cuanto a nuestra forma de comportarnos, de actuar, de comunicarnos y de pensarnos, era realmente que simplemente \u00e9ramos estadounidenses&#8221;.<\/p>\n<\/div>\n<div class=\"css-1k9op6x e17x9cvu0\" dir=\"ltr\">\n<p class=\"css-s4cjt0 e1yuyadm0\" dir=\"ltr\">Moreno estudi\u00f3 en la Universidad de Michigan y se interes\u00f3 por el mundo de los autos en 2005, lleg\u00f3 a Cleveland, Ohio, donde invirti\u00f3 todo su dinero en un concesionario de Mercedes-Benz, el cual ampli\u00f3 a una gran cadena que actualmente incluye todo tipo de marcas, incluidas Nissan, Volkswagen, Acura y Mini.<\/p>\n<\/div>\n<div class=\"css-1k9op6x e17x9cvu0\" dir=\"ltr\">\n<p class=\"css-s4cjt0 e1yuyadm0\" dir=\"ltr\">Con el \u00e9xito en el sector de los autom\u00f3viles, Moreno ingres\u00f3 al mundo de la <i class=\"css-6whwaq e1vymu7d0\">blockchain<\/i>, creando una empresa que ayuda a digitalizar los t\u00edtulos de los autos.<\/p>\n<\/div>\n<div class=\"css-1k9op6x e17x9cvu0\" dir=\"ltr\">\n<p class=\"css-s4cjt0 e1yuyadm0\" dir=\"ltr\">Su hermano mayor Luis Alberto Moreno fue ministro de Desarrollo Econ\u00f3mico, embajador de Colombia en EE.UU. y presidente del Banco Interamericano de Desarrollo.<\/p>\n<\/div>\n<div class=\"css-1k9op6x e17x9cvu0\" dir=\"ltr\">\n<h2 id=\"Posturas-pol\u00edticas\" class=\"css-jtxtr9 emoh99e1\" tabindex=\"-1\">Posturas pol\u00edticas<\/h2>\n<\/div>\n<figure class=\"css-1qn0xuy\">\n<div class=\"css-1jir9cx\">\n<div style=\"width: 1034px\" class=\"wp-caption alignnone\"><img loading=\"lazy\" decoding=\"async\" class=\"css-1seqhu9\" src=\"https:\/\/ichef.bbci.co.uk\/ace\/ws\/640\/cpsprodpb\/2c80\/live\/dc7d0570-d15d-11f0-a892-01d657345866.jpg.webp\" alt=\"Bernie Moreno durante una rueda de prensa en el sal\u00f3n oval de la Casa Blanca junto a Donald Trump\" width=\"1024\" height=\"683\" \/><p class=\"wp-caption-text\">Fuente de la imagen,Getty Images. Moreno fue muy cr\u00edtico de Trump durante su primer mandato, pero se cambi\u00f3 de piel y ahora es parte de su coalici\u00f3n.<\/p><\/div>\n<p class=\"css-by8ykd\" role=\"text\">\n<\/div>\n<\/figure>\n<div class=\"css-1k9op6x e17x9cvu0\" dir=\"ltr\">\n<p dir=\"ltr\">\n<p class=\"css-s4cjt0 e1yuyadm0\" dir=\"ltr\">Antes de ingresar en la pol\u00edtica, mientras a\u00fan trabajaba como empresario, Moreno empez\u00f3 a expresar opiniones sobre la necesidad de una reforma al sistema migratorio en EE.UU. que premiara los m\u00e9ritos profesionales de los postulantes y que ofreciera un camino a la legalizaci\u00f3n a los millones de indocumentados en el pa\u00eds.<\/p>\n<\/div>\n<div class=\"css-1k9op6x e17x9cvu0\" dir=\"ltr\">\n<p class=\"css-s4cjt0 e1yuyadm0\" dir=\"ltr\">Incluso, en varios puntos de la campa\u00f1a de 2016, Moreno fue abiertamente cr\u00edtico de Donald Trump, seg\u00fan un reportaje de la cadena NBC de 2021 sobre comunicaciones filtradas entre Moreno y figuras del Partido Republicano.<\/p>\n<\/div>\n<div class=\"css-1k9op6x e17x9cvu0\" dir=\"ltr\">\n<p class=\"css-s4cjt0 e1yuyadm0\" dir=\"ltr\">Respondiendo a una invitaci\u00f3n a reunirse con el entonces director del partido Reince Preibus, Moreno respondi\u00f3: &#8220;\u00a1Soy un firme defensor del partido! Pero&#8230; si Donald Trump es nominado, lo considerar\u00e9 una toma de control hostil y dejar\u00e9 de asociarme con ese nuevo Partido Republicano&#8221;.<\/p>\n<\/div>\n<div class=\"css-1k9op6x e17x9cvu0\" dir=\"ltr\">\n<p class=\"css-s4cjt0 e1yuyadm0\" dir=\"ltr\">Al ver que la influencia de Trump se extend\u00eda sobre el Partido Republicano luego de sus numerosas victorias electorales durante la primaria republicana de 2016, Moreno subi\u00f3 el tono a sus cr\u00edticas del actual presidente: &#8220;Le voy a dar mi apoyo a candidatos individuales, pero no soy capaz de apoyar a un partido en el que el l\u00edder es ese mani\u00e1tico&#8221;.<\/p>\n<\/div>\n<div class=\"css-1k9op6x e17x9cvu0\" dir=\"ltr\">\n<p class=\"css-s4cjt0 e1yuyadm0\" dir=\"ltr\">Sin embargo, ese tono gir\u00f3 a favor del presidente cuando Moreno intent\u00f3 llegar al Congreso por primera vez, en la primaria estatal de Ohio en 2022.<\/p>\n<\/div>\n<div class=\"css-1k9op6x e17x9cvu0\" dir=\"ltr\">\n<p class=\"css-s4cjt0 e1yuyadm0\" dir=\"ltr\">Luego de una conversaci\u00f3n con Trump, Moreno dej\u00f3 su aspiraci\u00f3n al esca\u00f1o, que terminar\u00eda ganando el actual vicepresidente, J.D. Vance.<\/p>\n<\/div>\n<div class=\"css-1k9op6x e17x9cvu0\" dir=\"ltr\">\n<p class=\"css-s4cjt0 e1yuyadm0\" dir=\"ltr\">En abril de 2024, Moreno anunci\u00f3 que se lanzar\u00eda nuevamente al Congreso, y recibi\u00f3 el apoyo de Trump.<\/p>\n<\/div>\n<div class=\"css-1k9op6x e17x9cvu0\" dir=\"ltr\">\n<p class=\"css-s4cjt0 e1yuyadm0\" dir=\"ltr\">La campa\u00f1a de Moreno estuvo enfocada en ideales marcadamente conservadores: &#8220;Somos un pa\u00eds soberano&#8221;, le dijo a una cadena local de Ohio durante su campa\u00f1a.<\/p>\n<\/div>\n<div class=\"css-1k9op6x e17x9cvu0\" dir=\"ltr\">\n<p class=\"css-s4cjt0 e1yuyadm0\" dir=\"ltr\">&#8220;Vamos a tener una frontera segura. Vamos a tener dominio energ\u00e9tico. Vamos a hacer acuerdos comerciales que beneficien a Estados Unidos. Nos vamos a asegurar de que tengamos seguridad en todo el mundo&#8221;.<\/p>\n<\/div>\n<div class=\"css-1k9op6x e17x9cvu0\" dir=\"ltr\">\n<p class=\"css-s4cjt0 e1yuyadm0\" dir=\"ltr\">Moreno se ha declarado en contra del aborto: &#8220;Soy 100 por ciento pro-vida sin excepciones&#8221;, ha dicho.<\/p>\n<\/div>\n<div class=\"css-1k9op6x e17x9cvu0\" dir=\"ltr\">\n<p class=\"css-s4cjt0 e1yuyadm0\" dir=\"ltr\">Frente a las pol\u00edticas estadounidenses que se refieren a Colombia, Moreno ha criticado al gobierno del actual presidente, Gustavo Petro, impulsando legislaci\u00f3n para sancionar al mandatario y a miembros de su gabinete.<\/p>\n<\/div>\n<div class=\"css-1k9op6x e17x9cvu0\" dir=\"ltr\">\n<p class=\"css-s4cjt0 e1yuyadm0\" dir=\"ltr\">El mandatario colombiano le respondi\u00f3 refiri\u00e9ndose a \u00e9l como un &#8220;ap\u00e1trida&#8221; que le &#8220;pidi\u00f3 a Trump bloquear a Colombia&#8221;.<\/p>\n<\/div>\n<div class=\"css-1k9op6x e17x9cvu0\" dir=\"ltr\">\n<p class=\"css-s4cjt0 e1yuyadm0\" dir=\"ltr\">La oficina del senador declin\u00f3 una solicitud de entrevista.<\/p>\n<\/div>\n","protected":false},"excerpt":{"rendered":"<p>&nbsp; &#8220;Ser ciudadano estadounidense es un honor y un privilegio, y si quieres serlo, es cuesti\u00f3n de todo o nada. Es hora de acabar con&hellip;<\/p>\n","protected":false},"author":99,"featured_media":539080,"comment_status":"open","ping_status":"open","sticky":false,"template":"","format":"standard","meta":{"footnotes":""},"categories":[24],"tags":[],"class_list":["post-539079","post","type-post","status-publish","format-standard","has-post-thumbnail","hentry","category-mundo"],"_links":{"self":[{"href":"https:\/\/diarioelpopular.com\/index.php\/wp-json\/wp\/v2\/posts\/539079","targetHints":{"allow":["GET"]}}],"collection":[{"href":"https:\/\/diarioelpopular.com\/index.php\/wp-json\/wp\/v2\/posts"}],"about":[{"href":"https:\/\/diarioelpopular.com\/index.php\/wp-json\/wp\/v2\/types\/post"}],"author":[{"embeddable":true,"href":"https:\/\/diarioelpopular.com\/index.php\/wp-json\/wp\/v2\/users\/99"}],"replies":[{"embeddable":true,"href":"https:\/\/diarioelpopular.com\/index.php\/wp-json\/wp\/v2\/comments?post=539079"}],"version-history":[{"count":1,"href":"https:\/\/diarioelpopular.com\/index.php\/wp-json\/wp\/v2\/posts\/539079\/revisions"}],"predecessor-version":[{"id":539081,"href":"https:\/\/diarioelpopular.com\/index.php\/wp-json\/wp\/v2\/posts\/539079\/revisions\/539081"}],"wp:featuredmedia":[{"embeddable":true,"href":"https:\/\/diarioelpopular.com\/index.php\/wp-json\/wp\/v2\/media\/539080"}],"wp:attachment":[{"href":"https:\/\/diarioelpopular.com\/index.php\/wp-json\/wp\/v2\/media?parent=539079"}],"wp:term":[{"taxonomy":"category","embeddable":true,"href":"https:\/\/diarioelpopular.com\/index.php\/wp-json\/wp\/v2\/categories?post=539079"},{"taxonomy":"post_tag","embeddable":true,"href":"https:\/\/diarioelpopular.com\/index.php\/wp-json\/wp\/v2\/tags?post=539079"}],"curies":[{"name":"wp","href":"https:\/\/api.w.org\/{rel}","templated":true}]}}