{"id":539293,"date":"2025-12-16T12:04:56","date_gmt":"2025-12-16T16:04:56","guid":{"rendered":"https:\/\/diarioelpopular.com\/?p=539293"},"modified":"2025-12-16T12:04:56","modified_gmt":"2025-12-16T16:04:56","slug":"me-sacaron-las-tarjetas-de-credito-y-no-puedo-enviar-dinero-a-mi-pais-luz-del-carmen-ibanez-la-jueza-peruana-de-la-corte-penal-internacional-sancionada-por-ee-uu","status":"publish","type":"post","link":"https:\/\/diarioelpopular.com\/index.php\/2025\/12\/16\/me-sacaron-las-tarjetas-de-credito-y-no-puedo-enviar-dinero-a-mi-pais-luz-del-carmen-ibanez-la-jueza-peruana-de-la-corte-penal-internacional-sancionada-por-ee-uu\/","title":{"rendered":"&#8220;Me sacaron las tarjetas de cr\u00e9dito y no puedo enviar dinero a mi pa\u00eds&#8221;: Luz del Carmen Ib\u00e1\u00f1ez, la jueza peruana de la Corte Penal Internacional sancionada por EE.UU."},"content":{"rendered":"<div id=\"attachment_539294\" style=\"width: 646px\" class=\"wp-caption alignnone\"><img loading=\"lazy\" decoding=\"async\" aria-describedby=\"caption-attachment-539294\" class=\"wp-image-539294 size-custom-full-size\" src=\"https:\/\/diarioelpopular.com\/wp-content\/uploads\/2025\/12\/Screen-Shot-2025-12-16-at-11.04.10-AM-636x360.png\" alt=\"\" width=\"636\" height=\"360\" srcset=\"https:\/\/diarioelpopular.com\/wp-content\/uploads\/2025\/12\/Screen-Shot-2025-12-16-at-11.04.10-AM-636x360.png 636w, https:\/\/diarioelpopular.com\/wp-content\/uploads\/2025\/12\/Screen-Shot-2025-12-16-at-11.04.10-AM-300x170.png 300w, https:\/\/diarioelpopular.com\/wp-content\/uploads\/2025\/12\/Screen-Shot-2025-12-16-at-11.04.10-AM-768x435.png 768w, https:\/\/diarioelpopular.com\/wp-content\/uploads\/2025\/12\/Screen-Shot-2025-12-16-at-11.04.10-AM-129x73.png 129w, https:\/\/diarioelpopular.com\/wp-content\/uploads\/2025\/12\/Screen-Shot-2025-12-16-at-11.04.10-AM.png 854w\" sizes=\"auto, (max-width: 636px) 100vw, 636px\" \/><p id=\"caption-attachment-539294\" class=\"wp-caption-text\">&#8220;Yo estoy en esta Corte porque siento que es una misi\u00f3n, porque siento que mi trabajo es para la humanidad&#8221;.<\/p><\/div>\n<p>&nbsp;<\/p>\n<p>&nbsp;<\/p>\n<div class=\"css-1k9op6x e17x9cvu0\" dir=\"ltr\">\n<ul>\n<li class=\"css-s4cjt0 e1yuyadm0\" dir=\"ltr\"><em><b>&#8220;Al venir a esta Corte yo pensaba que era la panacea universal de la Justicia, nunca me imagin\u00e9 que los poderes pol\u00edticos pudieran ponernos estas sanciones&#8221;.<\/b><\/em><\/li>\n<\/ul>\n<\/div>\n<div class=\"css-1k9op6x e17x9cvu0\" dir=\"ltr\">\n<p dir=\"ltr\">\n<p class=\"css-s4cjt0 e1yuyadm0\" dir=\"ltr\">La magistrada peruana Luz del Carmen Ib\u00e1\u00f1ez Carranza es desde hace ocho a\u00f1os jueza de la Corte Penal Internacional (CPI) en La Haya. Este tribunal fue creado en 1998 por el llamado Estatuto de Roma para juzgar a individuos por los cr\u00edmenes m\u00e1s graves: genocidio, cr\u00edmenes de guerra, cr\u00edmenes de lesa humanidad y crimen de agresi\u00f3n.<\/p>\n<\/div>\n<div class=\"css-1k9op6x e17x9cvu0\" dir=\"ltr\">\n<p class=\"css-s4cjt0 e1yuyadm0\" dir=\"ltr\">El gobierno estadounidense arbitrariamente sancion\u00f3 este a\u00f1o a Ib\u00e1\u00f1ez Carranza, a otros cinco jueces y a tres fiscales de la CPI, incluyendo el fiscal principal Karim Khan.<\/p>\n<\/div>\n<div class=\"css-1k9op6x e17x9cvu0\" dir=\"ltr\">\n<p class=\"css-s4cjt0 e1yuyadm0\" dir=\"ltr\">Algunas sanciones se anunciaron tras las \u00f3rdenes de arresto emitidas por la Corte contra el primer ministro israel\u00ed Benjamin Netanyahu y su exministro de Defensa Yoav Gallant.<\/p>\n<\/div>\n<div class=\"css-1k9op6x e17x9cvu0\" dir=\"ltr\">\n<p class=\"css-s4cjt0 e1yuyadm0\" dir=\"ltr\">EE.UU. dijo al anunciar estas sanciones que ha sido claro en su &#8220;oposici\u00f3n a la politizaci\u00f3n, el abuso de poder, el desprecio por nuestra soberan\u00eda nacional y la extralimitaci\u00f3n judicial ileg\u00edtima de la CPI&#8221;.<\/p>\n<\/div>\n<div class=\"css-1k9op6x e17x9cvu0\" dir=\"ltr\">\n<p class=\"css-s4cjt0 e1yuyadm0\" dir=\"ltr\">&#8220;La Corte constituye una amenaza para la seguridad nacional y ha servido como instrumento de guerra jur\u00eddica contra Estados Unidos y nuestro estrecho aliado, Israel&#8221;, agreg\u00f3 un\u00a0<a class=\"focusIndicatorReducedWidth css-n8oauk e1h2ur550\" href=\"https:\/\/www.state.gov\/releases\/2025\/08\/imposing-further-sanctions-in-response-to-the-iccs-ongoing-threat-to-americans-and-israelis-2\/\" aria-label=\"comunicado , externo\">comunicado\u00a0<\/a>del Departamento de Estado en Washington.<\/p>\n<\/div>\n<div class=\"css-1k9op6x e17x9cvu0\" dir=\"ltr\">\n<p class=\"css-s4cjt0 e1yuyadm0\" dir=\"ltr\">En el caso de Ib\u00e1\u00f1ez Carranza, este Departamento s\u00f3lo explic\u00f3 que era sancionada por &#8220;autorizar la investigaci\u00f3n de la CPI contra personal estadounidense en Afganist\u00e1n&#8221;.<\/p>\n<\/div>\n<div class=\"css-1k9op6x e17x9cvu0\" dir=\"ltr\">\n<p class=\"css-s4cjt0 e1yuyadm0\" dir=\"ltr\">Las Naciones Unidas condenaron las sanciones contra la CPI como &#8220;un ataque contra el Estado de derecho&#8221;. La relatora de la ONU para la independencia de jueces y abogados, Margaret Satterthwaite, dijo: &#8220;Imagina irte a dormir un d\u00eda como un juez o jueza internacional de gran prestigio que preside algunos de los casos m\u00e1s importantes del mundo, y despertar a la ma\u00f1ana siguiente con el bloqueo de tu cuenta bancaria, la incautaci\u00f3n de tus bienes en EE.UU., el cierre de tu cuenta de correo electr\u00f3nico e incluso la cancelaci\u00f3n de art\u00edculos que compraste en l\u00ednea&#8221;.<\/p>\n<\/div>\n<div class=\"css-1k9op6x e17x9cvu0\" dir=\"ltr\">\n<p class=\"css-s4cjt0 e1yuyadm0\" dir=\"ltr\">&#8220;Esto es devastador y el mensaje es claro: Estados Unidos busca influir directamente a los jueces y fiscales en su trabajo trat\u00e1ndolos de la misma manera que trata a presuntos terroristas o l\u00edderes de c\u00e1rteles&#8221;, a\u00f1adi\u00f3 Satterthwaite.<\/p>\n<\/div>\n<div class=\"css-1k9op6x e17x9cvu0\" dir=\"ltr\">\n<p class=\"css-s4cjt0 e1yuyadm0\" dir=\"ltr\">La magistrada peruana lleg\u00f3 a la Corte Penal Internacional tras m\u00e1s de tres d\u00e9cadas de experiencia como fiscal en su pa\u00eds natal. Entre muchos otros casos prominentes, fue la fiscal del caso contra Abimael Guzm\u00e1n, el exl\u00edder de Sendero Luminoso condenado a cadena perpetua en 2005.<\/p>\n<\/div>\n<div class=\"css-1k9op6x e17x9cvu0\" dir=\"ltr\">\n<p class=\"css-s4cjt0 e1yuyadm0\" dir=\"ltr\">La jueza dijo que las sanciones impuestas por Estados Unidos afectan su vida diaria. Pero asegur\u00f3 que nada le impedir\u00e1 seguir adelante con su misi\u00f3n.<\/p>\n<\/div>\n<div class=\"css-1k9op6x e17x9cvu0\" dir=\"ltr\">\n<p class=\"css-s4cjt0 e1yuyadm0\" dir=\"ltr\">&#8220;A m\u00ed me pueden hacer lo que quieran. Pero frente a unos hechos y una evidencia, lo \u00fanico que yo puedo aplicar es el derecho y mi conciencia&#8221;, afirm\u00f3.<\/p>\n<\/div>\n<div class=\"css-1k9op6x e17x9cvu0\" dir=\"ltr\">\n<p class=\"css-s4cjt0 e1yuyadm0\" dir=\"ltr\"><b>A continuaci\u00f3n, el di\u00e1logo de la jueza Luz del Carmen Ib\u00e1\u00f1ez Carranza desde La Haya.<\/b><\/p>\n<\/div>\n<figure class=\"css-1qn0xuy\">\n<div class=\"css-1jir9cx\"><img loading=\"lazy\" decoding=\"async\" class=\"css-1seqhu9\" src=\"https:\/\/ichef.bbci.co.uk\/ace\/ws\/640\/cpsprodpb\/bf83\/live\/34a85080-d4f4-11f0-8c06-f5d460985095.png.webp\" sizes=\"auto, (min-width: 1008px) 760px, 100vw\" srcset=\"https:\/\/ichef.bbci.co.uk\/ace\/ws\/240\/cpsprodpb\/bf83\/live\/34a85080-d4f4-11f0-8c06-f5d460985095.png.webp 240w, https:\/\/ichef.bbci.co.uk\/ace\/ws\/320\/cpsprodpb\/bf83\/live\/34a85080-d4f4-11f0-8c06-f5d460985095.png.webp 320w, https:\/\/ichef.bbci.co.uk\/ace\/ws\/480\/cpsprodpb\/bf83\/live\/34a85080-d4f4-11f0-8c06-f5d460985095.png.webp 480w, https:\/\/ichef.bbci.co.uk\/ace\/ws\/624\/cpsprodpb\/bf83\/live\/34a85080-d4f4-11f0-8c06-f5d460985095.png.webp 624w, https:\/\/ichef.bbci.co.uk\/ace\/ws\/800\/cpsprodpb\/bf83\/live\/34a85080-d4f4-11f0-8c06-f5d460985095.png.webp 800w\" alt=\"l\u00ednea gris\" width=\"800\" height=\"100\" \/><\/div><figcaption class=\"css-15f1ujd\" dir=\"ltr\"><\/figcaption><\/figure>\n<div class=\"css-1k9op6x e17x9cvu0\" dir=\"ltr\">\n<p class=\"css-s4cjt0 e1yuyadm0\" dir=\"ltr\"><b>Varios jueces de la CPI fueron sancionados por EE.UU. por emitir \u00f3rdenes de arresto contra el primer ministro israel\u00ed y su exministro de Defensa por cr\u00edmenes relacionados con Gaza.<\/b><\/p>\n<\/div>\n<div class=\"css-1k9op6x e17x9cvu0\" dir=\"ltr\">\n<p class=\"css-s4cjt0 e1yuyadm0\" dir=\"ltr\"><b>En su caso, \u00bfcu\u00e1ndo fue sancionada y qu\u00e9 raz\u00f3n dio el gobierno estadounidense?<\/b><\/p>\n<\/div>\n<div class=\"css-1k9op6x e17x9cvu0\" dir=\"ltr\">\n<p class=\"css-s4cjt0 e1yuyadm0\" dir=\"ltr\">El caso m\u00edo es una cosa extra\u00f1a porque yo soy jueza desde hace casi ocho a\u00f1os de esta Corte. Soy jueza permanente de la Divisi\u00f3n de Apelaciones.<\/p>\n<\/div>\n<div class=\"css-1k9op6x e17x9cvu0\" dir=\"ltr\">\n<p class=\"css-s4cjt0 e1yuyadm0\" dir=\"ltr\">Cuando esta noticia lleg\u00f3, que fue a inicios de junio, yo me encontraba en Per\u00fa. Resulta que fue por una decisi\u00f3n que el colegiado de cinco jueces del\u00a0<i class=\"css-6whwaq e1vymu7d0\">Appeals Chamber<\/i>, la C\u00e1mara de Apelaciones, hab\u00eda tomado hace seis a\u00f1os, en el 2019, en el caso de Afganist\u00e1n.<\/p>\n<\/div>\n<div class=\"css-1k9op6x e17x9cvu0\" dir=\"ltr\">\n<p class=\"css-s4cjt0 e1yuyadm0\" dir=\"ltr\">En esta decisi\u00f3n nosotros lo que hicimos fue autorizar las investigaciones en el territorio de Afganist\u00e1n por cr\u00edmenes atroces vinculados al conflicto. No importa qui\u00e9n lo haya cometido, sean talibanes, fuerzas estatales o fuerzas extranjeras.<\/p>\n<\/div>\n<div class=\"css-1k9op6x e17x9cvu0\" dir=\"ltr\">\n<p class=\"css-s4cjt0 e1yuyadm0\" dir=\"ltr\">Pues Estados Unidos se sinti\u00f3 aludido de alg\u00fan modo. No s\u00e9 c\u00f3mo, porque en realidad esta investigaci\u00f3n ha servido para que tres meses atr\u00e1s la Sala de Cuestiones Preliminares (jueces que se encargan de las diligencias previas a los juicios, por ejemplo, autorizar investigaciones) saque \u00f3rdenes de arresto contra el jefe del Estado talib\u00e1n y el jefe de la justicia talib\u00e1n.<\/p>\n<\/div>\n<div class=\"css-1k9op6x e17x9cvu0\" dir=\"ltr\">\n<p class=\"css-s4cjt0 e1yuyadm0\" dir=\"ltr\">La sanci\u00f3n de EE.UU. era primero contra dos juezas de pa\u00edses peque\u00f1os del sur global, una era la jueza ugandesa y otra era mi persona, que soy peruana. Pero la decisi\u00f3n la tomamos cinco jueces, uno era de Reino Unido que ya no est\u00e1. Otro era de Polonia que ya no est\u00e1. Y solamente quedaba la jueza de Canad\u00e1, que no hab\u00eda sido sancionada.<\/p>\n<\/div>\n<div class=\"css-1k9op6x e17x9cvu0\" dir=\"ltr\">\n<p class=\"css-s4cjt0 e1yuyadm0\" dir=\"ltr\">Dos meses m\u00e1s tarde se aumentaron las sanciones para incluirlos a ellos.<\/p>\n<p dir=\"ltr\">\n<\/div>\n<figure class=\"css-1qn0xuy\">\n<div class=\"css-1jir9cx\">\n<div style=\"width: 986px\" class=\"wp-caption alignnone\"><img loading=\"lazy\" decoding=\"async\" class=\"css-1seqhu9\" src=\"https:\/\/ichef.bbci.co.uk\/ace\/ws\/640\/cpsprodpb\/9f46\/live\/6d39d220-d4f4-11f0-a892-01d657345866.jpg.webp\" alt=\"Jueza Luz del Carmen Ib\u00e1\u00f1ez Carranza\" width=\"976\" height=\"549\" \/><p class=\"wp-caption-text\">Antes de llegar a la CPI, la jueza Ib\u00e1\u00f1ez Carranza fue fiscal en Per\u00fa durante 35 a\u00f1os.<\/p><\/div>\n<p class=\"css-by8ykd\" role=\"text\">\n<\/div>\n<\/figure>\n<div class=\"css-1k9op6x e17x9cvu0\" dir=\"ltr\">\n<p dir=\"ltr\">\n<p class=\"css-s4cjt0 e1yuyadm0\" dir=\"ltr\"><b>Mucha gente piensa que cuando EE.UU. sanciona a un juez, eso significa simplemente que ya no puede viajar a ese pa\u00eds. Pero recientemente su colega, el juez franc\u00e9s Nicolas Guillou, y la relatora de la ONU para los territorios palestinos, Francesca Albanese, tambi\u00e9n sancionados, hablaron del gran impacto personal de las sanciones.<\/b><\/p>\n<\/div>\n<div class=\"css-1k9op6x e17x9cvu0\" dir=\"ltr\">\n<p class=\"css-s4cjt0 e1yuyadm0\" dir=\"ltr\"><b>Cu\u00e9ntenos c\u00f3mo afecta su vida diaria que haya sido sancionada por EE.UU.<\/b><\/p>\n<\/div>\n<div class=\"css-1k9op6x e17x9cvu0\" dir=\"ltr\">\n<p class=\"css-s4cjt0 e1yuyadm0\" dir=\"ltr\">Hemos sido sancionados seis jueces con la misma sanci\u00f3n, que quiere decir, primero, que nos han quitado la visa para entrar a Estados Unidos.<\/p>\n<\/div>\n<div class=\"css-1k9op6x e17x9cvu0\" dir=\"ltr\">\n<p class=\"css-s4cjt0 e1yuyadm0\" dir=\"ltr\">Pero adem\u00e1s hay una serie de sanciones econ\u00f3micas que van desde no poder mover ninguna cuenta en d\u00f3lares alrededor del mundo, ni siquiera en nuestro propio pa\u00eds, a quitarnos las tarjetas de cr\u00e9dito a todos nosotros.<\/p>\n<\/div>\n<div class=\"css-1k9op6x e17x9cvu0\" dir=\"ltr\">\n<p class=\"css-s4cjt0 e1yuyadm0\" dir=\"ltr\">No puedo ordenar una comida porque todo me pide tarjeta de cr\u00e9dito. No puedo ni siquiera tomar un taxi Uber porque cualquier organizaci\u00f3n que tenga sede en Estados Unidos est\u00e1 prohibida de ayudarnos.<\/p>\n<\/div>\n<div class=\"css-1k9op6x e17x9cvu0\" dir=\"ltr\">\n<p class=\"css-s4cjt0 e1yuyadm0\" dir=\"ltr\">Yo, por ejemplo, mandaba mensualmente dinero a trav\u00e9s de Western Union a Per\u00fa para el mantenimiento de mi casa, para que se paguen las cuentas, la luz, el agua, etc\u00e9tera. Western Union se ha quedado con mi dinero sin ninguna explicaci\u00f3n. Dijeron que hay un problema y nunca m\u00e1s volvieron a decir nada.<\/p>\n<\/div>\n<div class=\"css-1k9op6x e17x9cvu0\" dir=\"ltr\">\n<p class=\"css-s4cjt0 e1yuyadm0\" dir=\"ltr\">Antes de llegar a esta Corte yo fui fiscal por 35 a\u00f1os en mi pa\u00eds, los \u00faltimos 15 a\u00f1os como fiscal nacional especializada en terrorismo, cr\u00edmenes de lesa humanidad y graves violaciones a los derechos humanos. Entonces a m\u00ed me han acusado de todo en el Per\u00fa, claro, todo mentira. Un poco como que estoy acostumbrada a esos ataques del poder.<\/p>\n<\/div>\n<div class=\"css-1k9op6x e17x9cvu0\" dir=\"ltr\">\n<p class=\"css-s4cjt0 e1yuyadm0\" dir=\"ltr\">Pero al venir a esta Corte, que yo pensaba que era la panacea universal de la Justicia, el cen\u00e1culo de la justicia universal, nunca me imagin\u00e9 que los poderes pol\u00edticos ya en otra dimensi\u00f3n much\u00edsimo m\u00e1s alta pudieran ponernos estas sanciones.<\/p>\n<\/div>\n<div class=\"css-1k9op6x e17x9cvu0\" dir=\"ltr\">\n<p class=\"css-s4cjt0 e1yuyadm0\" dir=\"ltr\"><b>\u00bfAfectan estas sanciones de alguna forma a su familia?<\/b><\/p>\n<\/div>\n<div class=\"css-1k9op6x e17x9cvu0\" dir=\"ltr\">\n<p class=\"css-s4cjt0 e1yuyadm0\" dir=\"ltr\">Estas sanciones se extienden a nuestros familiares en alg\u00fan modo y a todos aquellos que nos quieran ayudar. En mi caso, no solamente me han retirado la visa a m\u00ed, una visa que yo tengo desde que ten\u00eda 16 a\u00f1os y cada 10 a\u00f1os me la renovaban autom\u00e1ticamente.<\/p>\n<\/div>\n<div class=\"css-1k9op6x e17x9cvu0\" dir=\"ltr\">\n<p class=\"css-s4cjt0 e1yuyadm0\" dir=\"ltr\">Mi hija Andrea, que es abogada internacionalista, estaba trabajando en Mali, en \u00c1frica, y hab\u00eda pedido all\u00ed la renovaci\u00f3n de su visa.<\/p>\n<\/div>\n<div class=\"css-1k9op6x e17x9cvu0\" dir=\"ltr\">\n<p class=\"css-s4cjt0 e1yuyadm0\" dir=\"ltr\">Entonces le mandaron un correo de la embajada de Mali, le citaron cualquier art\u00edculo de su ley migratoria por el que &#8220;prudentemente hemos decidido cancelarte la visa&#8221;. No daban explicaciones, pero sab\u00edamos que es porque es mi hija.<\/p>\n<\/div>\n<div class=\"css-1k9op6x e17x9cvu0\" dir=\"ltr\">\n<p class=\"css-s4cjt0 e1yuyadm0\" dir=\"ltr\">Y otros jueces tampoco pueden enviar dinero a su familia.<\/p>\n<\/div>\n<div class=\"css-1k9op6x e17x9cvu0\" dir=\"ltr\">\n<p class=\"css-s4cjt0 e1yuyadm0\" dir=\"ltr\">El juez Guillou, justamente, ten\u00eda un problema con su pareja, que es norteamericano, y est\u00e1 prohibido de prestarle ayuda.<\/p>\n<\/div>\n<div class=\"css-1k9op6x e17x9cvu0\" dir=\"ltr\">\n<p class=\"css-s4cjt0 e1yuyadm0\" dir=\"ltr\">Hab\u00eda una jueza que, por ejemplo, no pod\u00eda transferir el dinero que ella le transfer\u00eda mensualmente a su mam\u00e1, o el caso de un fiscal que mandaba una manutenci\u00f3n para sus hijos y como se dieron cuenta en Estados Unidos de que la se\u00f1ora recib\u00eda el dinero la bloquearon tambi\u00e9n a la se\u00f1ora. Es tan absurdo.<\/p>\n<p dir=\"ltr\">\n<\/div>\n<figure class=\"css-1qn0xuy\">\n<div class=\"css-1jir9cx\">\n<div style=\"width: 4010px\" class=\"wp-caption alignnone\"><img loading=\"lazy\" decoding=\"async\" class=\"css-1seqhu9\" src=\"https:\/\/ichef.bbci.co.uk\/ace\/ws\/640\/cpsprodpb\/ef16\/live\/d827ef90-d4f4-11f0-a892-01d657345866.jpg.webp\" alt=\"Karim Khan, fiscal principal de la CPI\" width=\"4000\" height=\"2668\" \/><p class=\"wp-caption-text\">Fuente de la imagen,Gentileza ICC. Estados Unidos tambi\u00e9n sancion\u00f3 al fiscal principal de la CPI, Karim Khan.<\/p><\/div>\n<p class=\"css-by8ykd\" role=\"text\">\n<\/div>\n<\/figure>\n<div class=\"css-1k9op6x e17x9cvu0\" dir=\"ltr\">\n<p dir=\"ltr\">\n<p class=\"css-s4cjt0 e1yuyadm0\" dir=\"ltr\"><b>\u00bfPuede hacer transacciones en bancos europeos?<\/b><\/p>\n<\/div>\n<div class=\"css-1k9op6x e17x9cvu0\" dir=\"ltr\">\n<p class=\"css-s4cjt0 e1yuyadm0\" dir=\"ltr\">Al principio fue un momento de mucha incertidumbre porque incluso el ABN Amro aqu\u00ed, el banco m\u00e1s grande de Holanda, nos llam\u00f3 y nos dijo &#8220;est\u00e1 cancelada su tarjeta de cr\u00e9dito. Usted no puede mover su cuenta en d\u00f3lares, usted no puede esto o lo otro&#8221;. Y nosotros nos quedamos pensando, &#8220;\u00bfentonces para qu\u00e9 vivimos en Europa? \u00bfEuropa es subordinada a la pol\u00edtica de Estados Unidos?&#8221;.<\/p>\n<\/div>\n<div class=\"css-1k9op6x e17x9cvu0\" dir=\"ltr\">\n<p class=\"css-s4cjt0 e1yuyadm0\" dir=\"ltr\">Tuvimos varias reuniones, entre ellas unas muy importantes con el Ministerio de Relaciones Exteriores y Econom\u00eda de ac\u00e1 y les planteamos eso. Yo personalmente les dije &#8220;me siento absolutamente sin defensa alguna. Y no me explico por qu\u00e9 Holanda, un pa\u00eds europeo que es totalmente independiente, cuyos bancos son independientes, tiene que subordinarse a las pol\u00edticas de Estados Unidos. Por favor, resp\u00f3ndanos. H\u00e1ganos saber si son ustedes independientes o no, porque si no ser\u00eda bueno proponer que la Corte se mueva a otro lado porque aqu\u00ed no hay ninguna garant\u00eda&#8221;.<\/p>\n<\/div>\n<div class=\"css-1k9op6x e17x9cvu0\" dir=\"ltr\">\n<p class=\"css-s4cjt0 e1yuyadm0\" dir=\"ltr\">Yo creo que eso y algunas otras cosas que se pudieron conversar con el Secretario de la Corte hicieron que ya el ABN Amro pudiera facilitarnos m\u00e1s cosas. Me facilitaron el cambio de una cuenta de d\u00f3lares a euros y por ahora, bueno, ah\u00ed se deposita nuestro sueldo, pero nadie sabe c\u00f3mo ser\u00e1 el futuro para el pr\u00f3ximo a\u00f1o.<\/p>\n<\/div>\n<div class=\"css-1k9op6x e17x9cvu0\" dir=\"ltr\">\n<p class=\"css-s4cjt0 e1yuyadm0\" dir=\"ltr\"><b>\u00bfQu\u00e9 deber\u00eda hacer Europa?<\/b><\/p>\n<\/div>\n<div class=\"css-1k9op6x e17x9cvu0\" dir=\"ltr\">\n<p class=\"css-s4cjt0 e1yuyadm0\" dir=\"ltr\">La Uni\u00f3n Europea es un sistema fuerte, y hemos escuchado muchos discursos muy bonitos apoyando a la Corte en la Asamblea de Estados Parte (que re\u00fane a los pa\u00edses signatarios del Estatuto de Roma).<\/p>\n<\/div>\n<div class=\"css-1k9op6x e17x9cvu0\" dir=\"ltr\">\n<p class=\"css-s4cjt0 e1yuyadm0\" dir=\"ltr\">Pero no necesitamos solo discursos. Necesitamos medidas pr\u00e1cticas, que los bancos nos apoyen, que nos den nuestra tarjeta de cr\u00e9dito, que por lo menos Europa sea un sitio seguro. Y hasta ahora no lo es.<\/p>\n<p dir=\"ltr\">\n<\/div>\n<figure class=\"css-1qn0xuy\">\n<div class=\"css-1jir9cx\">\n<div style=\"width: 986px\" class=\"wp-caption alignnone\"><img loading=\"lazy\" decoding=\"async\" class=\"css-1seqhu9\" src=\"https:\/\/ichef.bbci.co.uk\/ace\/ws\/640\/cpsprodpb\/7f9b\/live\/1c0aef00-d4f5-11f0-9fb5-5f3a3703a365.jpg.webp\" alt=\"Jueza Ib\u00f1a\u00f1ez Carranza junto a otros dos jueces durante la audiencia para leer la decisi\u00f3n de una apelaci\u00f3n sobre la libertad provisional del expresidente filipino Rodrigo Duterte\" width=\"976\" height=\"549\" \/><p class=\"wp-caption-text\">Fuente de la imagen,Gentileza ICC. &#8220;Necesitamos medidas pr\u00e1cticas, que los bancos nos apoyen, que nos den nuestra tarjeta de cr\u00e9dito, que por lo menos Europa sea un sitio seguro&#8221;.<\/p><\/div>\n<p class=\"css-by8ykd\" role=\"text\">\n<\/div>\n<\/figure>\n<div class=\"css-1k9op6x e17x9cvu0\" dir=\"ltr\">\n<p dir=\"ltr\">\n<p class=\"css-s4cjt0 e1yuyadm0\" dir=\"ltr\"><b>Me dec\u00eda adem\u00e1s que las sanciones de EE.UU. no son el \u00fanico ataque que enfrenta\u2026<\/b><\/p>\n<\/div>\n<div class=\"css-1k9op6x e17x9cvu0\" dir=\"ltr\">\n<p class=\"css-s4cjt0 e1yuyadm0\" dir=\"ltr\">No s\u00e9 si lo saben, pero tambi\u00e9n algunos jueces tenemos \u00f3rdenes de arresto por parte de Rusia.<\/p>\n<\/div>\n<div class=\"css-1k9op6x e17x9cvu0\" dir=\"ltr\">\n<p class=\"css-s4cjt0 e1yuyadm0\" dir=\"ltr\"><b>\u00bfPor qu\u00e9 emiti\u00f3 Rusia una orden de detenci\u00f3n en su contra?<\/b><\/p>\n<\/div>\n<div class=\"css-1k9op6x e17x9cvu0\" dir=\"ltr\">\n<p class=\"css-s4cjt0 e1yuyadm0\" dir=\"ltr\">Porque se molest\u00f3 Putin, porque la Sala de Cuestiones Preliminares hace dos a\u00f1os m\u00e1s o menos le puso una orden de arresto. Yo nunca he participado en ese juicio.<\/p>\n<\/div>\n<div class=\"css-1k9op6x e17x9cvu0\" dir=\"ltr\">\n<p class=\"css-s4cjt0 e1yuyadm0\" dir=\"ltr\">No he visto ese caso ni lo ver\u00e9 porque soy jueza de apelaciones. Pero en ese momento yo era primera vicepresidenta de la Corte y me pusieron la orden de arresto por ser miembro de la presidencia de la Corte. Eso es una locura. No he hecho nada, solo represento a la instituci\u00f3n. Pero esa es la situaci\u00f3n.<\/p>\n<\/div>\n<div class=\"css-1k9op6x e17x9cvu0\" dir=\"ltr\">\n<p class=\"css-s4cjt0 e1yuyadm0\" dir=\"ltr\"><b>El juez Guillou dijo que las sanciones de EE.UU., que le impiden desde tener cuentas en Amazon a hacer transacciones en d\u00f3lares o hacer reservas en Expedia o Airbnb, le causaban ansiedad e impotencia.<\/b><\/p>\n<\/div>\n<div class=\"css-1k9op6x e17x9cvu0\" dir=\"ltr\">\n<p class=\"css-s4cjt0 e1yuyadm0\" dir=\"ltr\"><b>\u00bfCu\u00e1l ha sido en su caso el impacto emocional?<\/b><\/p>\n<\/div>\n<div class=\"css-1k9op6x e17x9cvu0\" dir=\"ltr\">\n<p class=\"css-s4cjt0 e1yuyadm0\" dir=\"ltr\">S\u00ed, ves el impacto emocional. Como le dec\u00eda, yo estaba en Per\u00fa cuando se anunciaron las sanciones, pero s\u00e9 que aqu\u00ed hubo una conmoci\u00f3n entre los jueces. Algunos tuvieron expresiones emocionales fuertes. Me imagino por qu\u00e9 nunca les ha pasado nada.<\/p>\n<\/div>\n<div class=\"css-1k9op6x e17x9cvu0\" dir=\"ltr\">\n<p class=\"css-s4cjt0 e1yuyadm0\" dir=\"ltr\">A m\u00ed me han pasado tantas cosas durante mi carrera que las cargo en un lado como condecoraciones de mi pa\u00eds y ahora cargo en el otro lado las condecoraciones internacionales. \u00bfPor qu\u00e9 otra cosa te puedo decir?<\/p>\n<\/div>\n<div class=\"css-1k9op6x e17x9cvu0\" dir=\"ltr\">\n<p class=\"css-s4cjt0 e1yuyadm0\" dir=\"ltr\">Por supuesto que las sanciones afectan mucho moralmente, sobre todo, cuando t\u00fa ves que tu familia se preocupa y piensa que te va a pasar algo malo y ellos est\u00e1n impotentes para poder controlar eso.<\/p>\n<\/div>\n<div class=\"css-1k9op6x e17x9cvu0\" dir=\"ltr\">\n<p class=\"css-s4cjt0 e1yuyadm0\" dir=\"ltr\">Yo vine a esta corte pensando que voy a trabajar en lo mejor del mundo y ahora resulta que me pueden perseguir.<\/p>\n<\/div>\n<div class=\"css-1k9op6x e17x9cvu0\" dir=\"ltr\">\n<p class=\"css-s4cjt0 e1yuyadm0\" dir=\"ltr\">Los jueces somos seres humanos, nos preocupa la seguridad de nuestra familia. No me llamar\u00eda la atenci\u00f3n que muchos colegas comiencen a renunciar con todo derecho. En mi caso, lo veo muy dif\u00edcil porque yo no estoy en esta Corte ni porque es mi trabajo, ni porque necesito dinero ni por ning\u00fan inter\u00e9s. Como te dec\u00eda, yo en mi pa\u00eds hice 35 a\u00f1os como fiscal. Tengo una pensi\u00f3n y no tengo problema alguno.<\/p>\n<\/div>\n<div class=\"css-1k9op6x e17x9cvu0\" dir=\"ltr\">\n<p class=\"css-s4cjt0 e1yuyadm0\" dir=\"ltr\">Yo estoy en esta Corte porque siento que es una misi\u00f3n, porque siento que mi trabajo es para la humanidad, porque siento que me da la posibilidad de construir seguridad y paz mundial sostenibles a trav\u00e9s de procesos justos.<\/p>\n<\/div>\n<div class=\"css-1k9op6x e17x9cvu0\" dir=\"ltr\">\n<p class=\"css-s4cjt0 e1yuyadm0\" dir=\"ltr\">En mi caso, a m\u00ed me pueden hacer lo que quieran. Pero para m\u00ed, frente a unos hechos y una evidencia, lo \u00fanico que yo puedo aplicar es el derecho y mi conciencia. No hay m\u00e1s.<\/p>\n<\/div>\n<div class=\"css-1k9op6x e17x9cvu0\" dir=\"ltr\">\n<p class=\"css-s4cjt0 e1yuyadm0\" dir=\"ltr\">No habr\u00e1 nada ni nadie que me obligue a hacer algo que yo no quiera. O sea, si yo no quiero retirarme, no me voy a retirar. Y si quiero seguir haciendo justicia y adjudicando de acuerdo a mi conciencia y de acuerdo a lo que es la ley, pues nadie lo va a impedir. No habr\u00e1 nada que lo impida salvo la voluntad del Alt\u00edsimo, del Universo.<\/p>\n<\/div>\n<div class=\"css-1k9op6x e17x9cvu0\" dir=\"ltr\">\n<p class=\"css-s4cjt0 e1yuyadm0\" dir=\"ltr\">Y yo creo que todos mis colegas est\u00e1n m\u00e1s o menos en la misma l\u00ednea. Claro, no todos en la misma intensidad, porque nuestras realidades son diferentes. Hay colegas que son bastante j\u00f3venes y s\u00ed viven de lo que uno gana.<\/p>\n<p dir=\"ltr\">\n<\/div>\n<figure class=\"css-1qn0xuy\">\n<div class=\"css-1jir9cx\">\n<div style=\"width: 1930px\" class=\"wp-caption alignnone\"><img loading=\"lazy\" decoding=\"async\" class=\"css-1seqhu9\" src=\"https:\/\/ichef.bbci.co.uk\/ace\/ws\/640\/cpsprodpb\/a248\/live\/a16d3de0-d501-11f0-a892-01d657345866.jpg.webp\" alt=\"Cuatro de los jueces de la CPI sancionados por Estados Unidos. De izq. a der.: Kimberly Prost de Canad\u00e1, Nicolas Guillou de Francia, Luz del Carmen Ib\u00e1\u00f1ez Carranza de Per\u00fa y Reine Alapini-Gansou de Benin. \" width=\"1920\" height=\"1080\" \/><p class=\"wp-caption-text\">Fuente de la imagen,Gentileza ICC. Cuatro de los jueces de la CPI sancionados por Estados Unidos. De izq. a der.: Kimberly Prost de Canad\u00e1, Nicolas Guillou de Francia, Luz del Carmen Ib\u00e1\u00f1ez Carranza de Per\u00fa y Reine Alapini-Gansou de Benin.<\/p><\/div>\n<p class=\"css-by8ykd\" role=\"text\">\n<\/div>\n<\/figure>\n<div class=\"css-1k9op6x e17x9cvu0\" dir=\"ltr\">\n<p dir=\"ltr\">\n<p class=\"css-s4cjt0 e1yuyadm0\" dir=\"ltr\"><b>\u00bfQu\u00e9 buscan en su opini\u00f3n las sanciones de EE.UU.?<\/b><\/p>\n<\/div>\n<div class=\"css-1k9op6x e17x9cvu0\" dir=\"ltr\">\n<p class=\"css-s4cjt0 e1yuyadm0\" dir=\"ltr\">La medida es personal contra algunos jueces, pero a la larga y en el fondo, lo que se desea es impactar y debilitar al sistema del Estatuto de Roma, a una Corte que lo \u00fanico que hace es administrar justicia para las v\u00edctimas m\u00e1s d\u00e9biles, millones alrededor del mundo, por cr\u00edmenes atroces. Ellos son los principales afectados.<\/p>\n<\/div>\n<div class=\"css-1k9op6x e17x9cvu0\" dir=\"ltr\">\n<p class=\"css-s4cjt0 e1yuyadm0\" dir=\"ltr\"><b>Precisamente en el comunicado de relatores de la ONU condenando las sanciones, ellos dec\u00edan que atacar a la Corte es tambi\u00e9n silenciar a las v\u00edctimas\u2026<\/b><\/p>\n<\/div>\n<div class=\"css-1k9op6x e17x9cvu0\" dir=\"ltr\">\n<p class=\"css-s4cjt0 e1yuyadm0\" dir=\"ltr\">La sanci\u00f3n es en realidad un ataque a las v\u00edctimas. Siempre existe esa tentaci\u00f3n del poder de interferir en la independencia de los jueces porque somos la \u00faltima valla para el Estado de Derecho, a nivel nacional y ahora tambi\u00e9n a nivel internacional.<\/p>\n<\/div>\n<div class=\"css-1k9op6x e17x9cvu0\" dir=\"ltr\">\n<p class=\"css-s4cjt0 e1yuyadm0\" dir=\"ltr\">Es el Estado de Derecho internacional. Nadie puede estar encima de la ley. Nosotros ejercemos como Corte nuestra funci\u00f3n adjudicando donde tenemos jurisdicci\u00f3n, sea por el territorio, la materia, etc\u00e9tera.<\/p>\n<\/div>\n<div class=\"css-1k9op6x e17x9cvu0\" dir=\"ltr\">\n<p class=\"css-s4cjt0 e1yuyadm0\" dir=\"ltr\">Nadie persigue a Estados Unidos. Nadie persigue a ning\u00fan nacional expresamente, como yo le expliqu\u00e9 a una delegaci\u00f3n de congresistas norteamericanos que recib\u00ed en mi calidad de vicepresidenta hace casi dos a\u00f1os, republicanos y dem\u00f3cratas. Eran 17 y yo los recib\u00ed a todos.<\/p>\n<\/div>\n<div class=\"css-1k9op6x e17x9cvu0\" dir=\"ltr\">\n<p class=\"css-s4cjt0 e1yuyadm0\" dir=\"ltr\">Conversamos y les expliqu\u00e9 que el caso de Afganist\u00e1n no es contra Estados Unidos. Es por cualquier crimen cometido en el territorio de Afganist\u00e1n asociado al conflicto. Y la maravilla del sistema de Roma es que es complementario.<\/p>\n<\/div>\n<div class=\"css-1k9op6x e17x9cvu0\" dir=\"ltr\">\n<p class=\"css-s4cjt0 e1yuyadm0\" dir=\"ltr\">Complementariedad quiere decir, le dije a los congresistas, que si ustedes como pa\u00eds pueden abrir investigaciones y procesos contra personas que ustedes juzguen que han cometido delitos, eso es suficiente. La Corte nunca va a intervenir ah\u00ed, porque para nosotros las jurisdicciones nacionales son las primeras que tienen que adjudicar porque esencialmente est\u00e1n m\u00e1s cerca de las v\u00edctimas.<\/p>\n<\/div>\n<div class=\"css-1k9op6x e17x9cvu0\" dir=\"ltr\">\n<p class=\"css-s4cjt0 e1yuyadm0\" dir=\"ltr\">Entonces para esas v\u00edctimas a quienes nadie escucha en sus pa\u00edses, a quienes nadie hace caso en sus pa\u00edses, y las atacan, las matan, las silencian, esta Corte est\u00e1 creada para eso.<\/p>\n<p dir=\"ltr\">\n<\/div>\n<figure class=\"css-1qn0xuy\">\n<div class=\"css-1jir9cx\">\n<div style=\"width: 986px\" class=\"wp-caption alignnone\"><img loading=\"lazy\" decoding=\"async\" class=\"css-1seqhu9\" src=\"https:\/\/ichef.bbci.co.uk\/ace\/ws\/640\/cpsprodpb\/3f1b\/live\/a7c18f60-d4fd-11f0-a892-01d657345866.jpg.webp\" alt=\"Donald Trump\" width=\"976\" height=\"549\" \/><p class=\"wp-caption-text\">Fuente de la imagen,Getty Images. Donald Trump firm\u00f3 una orden ejecutiva este a\u00f1o que sanciona a la Corte Penal Internacional (CPI), acus\u00e1ndola de &#8220;acciones ileg\u00edtimas e infundadas contra Estados Unidos y nuestro aliado cercano Israel&#8221;.<\/p><\/div>\n<p class=\"css-by8ykd\" role=\"text\">\n<\/div>\n<\/figure>\n<div class=\"css-1k9op6x e17x9cvu0\" dir=\"ltr\">\n<p dir=\"ltr\">\n<p class=\"css-s4cjt0 e1yuyadm0\" dir=\"ltr\"><b>Algunos analistas dicen que con todos estos ataques que ha recibido la Corte, la CPI est\u00e1 un poco paralizada. \u00bfEstos ataques han afectado algo la labor de la Corte?<\/b><\/p>\n<\/div>\n<div class=\"css-1k9op6x e17x9cvu0\" dir=\"ltr\">\n<p class=\"css-s4cjt0 e1yuyadm0\" dir=\"ltr\">Mire, es cierto que estos ataques han intentado no solamente atacar nuestra independencia judicial, sino de cierta manera desmoralizar al sistema. Y es cierto que en lo personal, al menos al inicio se pod\u00eda ver esto, no en los jueces, pero sobre todo en el <i class=\"css-6whwaq e1vymu7d0\">staff<\/i>, en los funcionarios, que estaban desmoralizados, tristes.<\/p>\n<\/div>\n<div class=\"css-1k9op6x e17x9cvu0\" dir=\"ltr\">\n<p class=\"css-s4cjt0 e1yuyadm0\" dir=\"ltr\">Yo soy una persona distinta, se levanta el d\u00eda y yo estoy sencillamente alegre de vivir, y m\u00ed no me desmoraliza cualquier cuesti\u00f3n externa, pero no soy lo mismo que todos. Yo soy Luz Ib\u00e1\u00f1ez y soy distinta.<\/p>\n<\/div>\n<div class=\"css-1k9op6x e17x9cvu0\" dir=\"ltr\">\n<p class=\"css-s4cjt0 e1yuyadm0\" dir=\"ltr\">La Corte no se ha detenido. Se acaban este a\u00f1o despu\u00e9s de las sanciones de dictar dos sentencias a casos muy relevantes. El caso del se\u00f1or Yekatome y Ngaisona de Rep\u00fablica Centroafricana y el caso de Ali Abd-Al-Rahman de Sud\u00e1n. Acabamos de hacer las audiencias al expresidente Duterte de Filipinas.<\/p>\n<\/div>\n<div class=\"css-1k9op6x e17x9cvu0\" dir=\"ltr\">\n<p class=\"css-s4cjt0 e1yuyadm0\" dir=\"ltr\">He presidido ese caso. Las investigaciones siguen, nadie se ha paralizado. Yo veo tambi\u00e9n que las sanciones han logrado el efecto contrario en cuanto a los jueces, porque nosotros ahora estamos decididos, y as\u00ed lo venimos haciendo, a responder como uno solo. Lo que es con el juez Gillou es con todos, lo que es con la jueza Prost es con todos, lo que es con Ib\u00e1\u00f1ez es con todos.<\/p>\n<\/div>\n<div class=\"css-1k9op6x e17x9cvu0\" dir=\"ltr\">\n<p class=\"css-s4cjt0 e1yuyadm0\" dir=\"ltr\">Entonces han logrado el efecto contrario. Nos han cohesionado de un modo que nunca antes se hab\u00eda visto.<\/p>\n<\/div>\n<div class=\"css-1k9op6x e17x9cvu0\" dir=\"ltr\">\n<p class=\"css-s4cjt0 e1yuyadm0\" dir=\"ltr\"><b>Muchos pa\u00edses no han querido cumplir las \u00f3rdenes de arresto emitidas por la Corte contra el primer ministro de Israel y su exministro de Defensa. Por otro lado, la Asamblea de Venezuela present\u00f3 recientemente un proyecto de ley para retirar al pa\u00eds de la Corte Penal Internacional.<\/b><\/p>\n<\/div>\n<div class=\"css-1k9op6x e17x9cvu0\" dir=\"ltr\">\n<p class=\"css-s4cjt0 e1yuyadm0\" dir=\"ltr\"><b>Algunos lectores podr\u00edan preguntarse si la Corte est\u00e1 perdiendo relevancia. \u00bfUsted qu\u00e9 responde?<\/b><\/p>\n<\/div>\n<div class=\"css-1k9op6x e17x9cvu0\" dir=\"ltr\">\n<p class=\"css-s4cjt0 e1yuyadm0\" dir=\"ltr\">Yo dir\u00eda que, por el contrario, hoy m\u00e1s que nunca la Corte se ha vuelto altamente relevante. Y si le puedo decir algo m\u00e1s, de manera personal, que no es falta de humildad, pero personalmente lo experimento as\u00ed. Si antes yo pensaba que mi trabajo no era de inter\u00e9s m\u00e1s que para algunos pocos, hoy todo el mundo nos conoce, nos cita, se solidariza con nosotros.<\/p>\n<\/div>\n<div class=\"css-1k9op6x e17x9cvu0\" dir=\"ltr\">\n<p class=\"css-s4cjt0 e1yuyadm0\" dir=\"ltr\">Hoy somos m\u00e1s relevantes que nunca. Tenemos el caso ahora del expresidente filipino. Acaba de capturarse a un alto oficial del gobierno libio que ha tenido su primera audiencia inicial y seguimos trabajando.<\/p>\n<\/div>\n<div class=\"css-1k9op6x e17x9cvu0\" dir=\"ltr\">\n<p class=\"css-s4cjt0 e1yuyadm0\" dir=\"ltr\">Porque las v\u00edctimas siguen esperando de nosotros y del mundo. Entonces yo creo que hoy m\u00e1s que nunca esta Corte es relevante porque el servicio que prestamos no es a un pa\u00eds ni a un grupo de regiones o de estados.<\/p>\n<\/div>\n<div class=\"css-1k9op6x e17x9cvu0\" dir=\"ltr\">\n<p class=\"css-s4cjt0 e1yuyadm0\" dir=\"ltr\">No, se\u00f1or. Nuestra causa es la humanidad. Nuestra causa es poder trabajar para asegurar un Estado de Derecho internacional donde nadie est\u00e1 por encima de la ley y donde es posible pensar en una seguridad y una paz duraderas y sostenibles. No se tienen que olvidar de que nuestro objetivo est\u00e1 ligado a eso. No hay otra cosa ac\u00e1.<\/p>\n<p dir=\"ltr\">\n<\/div>\n<figure class=\"css-1qn0xuy\">\n<div class=\"css-1jir9cx\">\n<div style=\"width: 986px\" class=\"wp-caption alignnone\"><img loading=\"lazy\" decoding=\"async\" class=\"css-1seqhu9\" src=\"https:\/\/ichef.bbci.co.uk\/ace\/ws\/640\/cpsprodpb\/1cf8\/live\/ed86b5f0-d4f5-11f0-8c06-f5d460985095.jpg.webp\" alt=\"Jueza Ib\u00e1\u00f1ez Carranza\" width=\"976\" height=\"549\" \/><p class=\"wp-caption-text\">Fuente de la imagen,Gentileza ICC. &#8220;Si quiero seguir haciendo justicia y adjudicando de acuerdo a mi conciencia y de acuerdo a lo que es la ley, nadie lo va a impedir&#8221;.<\/p><\/div>\n<p class=\"css-by8ykd\" role=\"text\">\n<\/div>\n<\/figure>\n<div class=\"css-1k9op6x e17x9cvu0\" dir=\"ltr\">\n<p dir=\"ltr\">\n<p class=\"css-s4cjt0 e1yuyadm0\" dir=\"ltr\"><b>Puede ser que se arreste y juzgue a alguien de Libia, pero cuando se trata de pa\u00edses aliados de Estados Unidos en general eso no sucede, como en el caso de Gaza.<\/b><\/p>\n<\/div>\n<div class=\"css-1k9op6x e17x9cvu0\" dir=\"ltr\">\n<p class=\"css-s4cjt0 e1yuyadm0\" dir=\"ltr\"><b>Guillou dec\u00eda que este es un momento de verdad para la Corte. \u00bfEn qu\u00e9 momento hist\u00f3rico estamos de la CPI?<\/b><\/p>\n<\/div>\n<div class=\"css-1k9op6x e17x9cvu0\" dir=\"ltr\">\n<p class=\"css-s4cjt0 e1yuyadm0\" dir=\"ltr\">No puedo expresar mucho sobre los casos de Gaza, etc., porque actualmente los estamos conociendo en la Divisi\u00f3n de Apelaciones. Pero en cuanto al futuro de las \u00f3rdenes de arresto, eso depende de la cooperaci\u00f3n de los Estados.<\/p>\n<\/div>\n<div class=\"css-1k9op6x e17x9cvu0\" dir=\"ltr\">\n<p class=\"css-s4cjt0 e1yuyadm0\" dir=\"ltr\">Aqu\u00ed nosotros estamos totalmente desprendidos de nuestra tarea judicial de cualquier asunto pol\u00edtico. Aqu\u00ed no hay interferencias pol\u00edticas. No lo permitir\u00edamos. Ninguno de nosotros. Creo que eventualmente podr\u00eda darse un cumplimiento. Yo s\u00e9 que se ha cuidado mucho el se\u00f1or del que hablas de no ir a algunos pa\u00edses que s\u00ed podr\u00edan ejecutar la orden.<\/p>\n<\/div>\n<div class=\"css-1k9op6x e17x9cvu0\" dir=\"ltr\">\n<p class=\"css-s4cjt0 e1yuyadm0\" dir=\"ltr\">Nuestros pa\u00edses como Per\u00fa son pa\u00edses peque\u00f1os, sin poder pol\u00edtico para enfrentarse a los poderosos. A m\u00ed me apoya el Per\u00fa, por supuesto. Pero no pueden hacer nada m\u00e1s all\u00e1 de eso. Quienes s\u00ed pueden hacer algo son pa\u00edses con suficiente poder pol\u00edtico porque est\u00e1n, por ejemplo, en el Consejo de Seguridad de la ONU, como Francia, como Reino Unido. Ellos pueden liderar todo este tema del apoyo a la Corte, sobre todo la cooperaci\u00f3n para las \u00f3rdenes de arresto.<\/p>\n<\/div>\n<div class=\"css-1k9op6x e17x9cvu0\" dir=\"ltr\">\n<p class=\"css-s4cjt0 e1yuyadm0\" dir=\"ltr\">Yo creo que ahora es un momento distinto porque nos hemos visto las caras. \u00bfAcaso nos pueden decir en nuestra cara que nuestro trabajo est\u00e1 mal hecho?<\/p>\n<\/div>\n<div class=\"css-1k9op6x e17x9cvu0\" dir=\"ltr\">\n<p class=\"css-s4cjt0 e1yuyadm0\" dir=\"ltr\">Porque hicimos y dimos el paso que nadie quiso dar en m\u00e1s de 80 a\u00f1os despu\u00e9s de los juicios de Nuremberg. Prestamos un servicio a la humanidad. No estamos sirviendo a nadie m\u00e1s.<\/p>\n<\/div>\n","protected":false},"excerpt":{"rendered":"<p>&nbsp; &nbsp; &#8220;Al venir a esta Corte yo pensaba que era la panacea universal de la Justicia, nunca me imagin\u00e9 que los poderes pol\u00edticos pudieran&hellip;<\/p>\n","protected":false},"author":99,"featured_media":539294,"comment_status":"open","ping_status":"open","sticky":false,"template":"","format":"standard","meta":{"footnotes":""},"categories":[24],"tags":[],"class_list":["post-539293","post","type-post","status-publish","format-standard","has-post-thumbnail","hentry","category-mundo"],"_links":{"self":[{"href":"https:\/\/diarioelpopular.com\/index.php\/wp-json\/wp\/v2\/posts\/539293","targetHints":{"allow":["GET"]}}],"collection":[{"href":"https:\/\/diarioelpopular.com\/index.php\/wp-json\/wp\/v2\/posts"}],"about":[{"href":"https:\/\/diarioelpopular.com\/index.php\/wp-json\/wp\/v2\/types\/post"}],"author":[{"embeddable":true,"href":"https:\/\/diarioelpopular.com\/index.php\/wp-json\/wp\/v2\/users\/99"}],"replies":[{"embeddable":true,"href":"https:\/\/diarioelpopular.com\/index.php\/wp-json\/wp\/v2\/comments?post=539293"}],"version-history":[{"count":1,"href":"https:\/\/diarioelpopular.com\/index.php\/wp-json\/wp\/v2\/posts\/539293\/revisions"}],"predecessor-version":[{"id":539295,"href":"https:\/\/diarioelpopular.com\/index.php\/wp-json\/wp\/v2\/posts\/539293\/revisions\/539295"}],"wp:featuredmedia":[{"embeddable":true,"href":"https:\/\/diarioelpopular.com\/index.php\/wp-json\/wp\/v2\/media\/539294"}],"wp:attachment":[{"href":"https:\/\/diarioelpopular.com\/index.php\/wp-json\/wp\/v2\/media?parent=539293"}],"wp:term":[{"taxonomy":"category","embeddable":true,"href":"https:\/\/diarioelpopular.com\/index.php\/wp-json\/wp\/v2\/categories?post=539293"},{"taxonomy":"post_tag","embeddable":true,"href":"https:\/\/diarioelpopular.com\/index.php\/wp-json\/wp\/v2\/tags?post=539293"}],"curies":[{"name":"wp","href":"https:\/\/api.w.org\/{rel}","templated":true}]}}