{"id":539377,"date":"2025-12-19T12:32:48","date_gmt":"2025-12-19T16:32:48","guid":{"rendered":"https:\/\/diarioelpopular.com\/?p=539377"},"modified":"2025-12-19T12:34:56","modified_gmt":"2025-12-19T16:34:56","slug":"el-futbol-ecuatoriano-bajo-ataque-de-las-mafias-cinco-jugadores-asesinados-en-el-2025","status":"publish","type":"post","link":"https:\/\/diarioelpopular.com\/index.php\/2025\/12\/19\/el-futbol-ecuatoriano-bajo-ataque-de-las-mafias-cinco-jugadores-asesinados-en-el-2025\/","title":{"rendered":"El f\u00fatbol ecuatoriano bajo ataque de las mafias: cinco jugadores asesinados en el 2025"},"content":{"rendered":"<div id=\"attachment_539378\" style=\"width: 1210px\" class=\"wp-caption alignnone\"><img loading=\"lazy\" decoding=\"async\" aria-describedby=\"caption-attachment-539378\" class=\"wp-image-539378 size-custom-big-size\" src=\"https:\/\/diarioelpopular.com\/wp-content\/uploads\/2025\/12\/Screen-Shot-2025-12-19-at-11.31.47-AM-1200x851.png\" alt=\"\" width=\"1200\" height=\"851\" srcset=\"https:\/\/diarioelpopular.com\/wp-content\/uploads\/2025\/12\/Screen-Shot-2025-12-19-at-11.31.47-AM-1200x851.png 1200w, https:\/\/diarioelpopular.com\/wp-content\/uploads\/2025\/12\/Screen-Shot-2025-12-19-at-11.31.47-AM-300x213.png 300w, https:\/\/diarioelpopular.com\/wp-content\/uploads\/2025\/12\/Screen-Shot-2025-12-19-at-11.31.47-AM-768x544.png 768w, https:\/\/diarioelpopular.com\/wp-content\/uploads\/2025\/12\/Screen-Shot-2025-12-19-at-11.31.47-AM-636x451.png 636w, https:\/\/diarioelpopular.com\/wp-content\/uploads\/2025\/12\/Screen-Shot-2025-12-19-at-11.31.47-AM-103x73.png 103w, https:\/\/diarioelpopular.com\/wp-content\/uploads\/2025\/12\/Screen-Shot-2025-12-19-at-11.31.47-AM.png 1024w\" sizes=\"auto, (max-width: 1200px) 100vw, 1200px\" \/><p id=\"caption-attachment-539378\" class=\"wp-caption-text\">Mario Pineida en Ecuador, en mayo de 2023. Foto Franklin Jacome (Getty Images)<\/p><\/div>\n<p>&nbsp;<\/p>\n<ul>\n<li><em><strong>El asesinato del futbolista Mario Pineida expone la creciente violencia en Ecuador, donde el crimen organizado y las apuestas deportivas han convertido a los jugadores en blanco de sicarios<\/strong><\/em><\/li>\n<\/ul>\n<p>&nbsp;<\/p>\n<p class=\"\">La polic\u00eda de Ecuador confirm\u00f3 la detenci\u00f3n de dos personas vinculadas al asesinato de Mario Pineida, el futbolista del Barcelona Sporting Club que, en la tarde del 17 de diciembre, se convirti\u00f3 en otra v\u00edctima de la violencia imparable de\u00a0<a title=\"https:\/\/elpais.com\/noticias\/santiago-de-guayaquil\/\" href=\"https:\/\/elpais.com\/noticias\/santiago-de-guayaquil\/\" target=\"_self\" rel=\"\" data-link-track-dtm=\"\" data-mrf-link=\"https:\/\/elpais.com\/noticias\/santiago-de-guayaquil\/\">Guayaquil, la ciudad m\u00e1s violenta del pa\u00eds.\u00a0<\/a>Pineida, quien hasta ese momento hab\u00eda sido una de las estrellas m\u00e1s destacadas del f\u00fatbol ecuatoriano, se encontraba en una carnicer\u00eda del sector de Samanes, en el norte de la ciudad. Un barrio m\u00e1s, uno de esos donde la rutina se mezcla con la amenaza constante de la muerte.<\/p>\n<p class=\"\">Las c\u00e1maras de seguridad del local, mostraron el horror del crimen y la frialdad de los atacantes. En las im\u00e1genes, uno de los sicarios se acerc\u00f3 con calma, apuntando directamente a Pineida. El futbolista, desconcertado, levant\u00f3 los brazos, como si pensara que aquello no era m\u00e1s que un robo com\u00fan. Pero no lo era. El hombre vestido de negro, sin titubear, descarg\u00f3 al menos una docena de disparos contra \u00e9l mientras el sonido de las balas resonaba con una brutalidad aterradora en el local.<\/p>\n<p class=\"\">Mientras tanto, el otro agresor, con un casco de motociclista que cubr\u00eda su rostro, se desplaz\u00f3 r\u00e1pidamente hacia la pareja del jugador, que se encontraba a unos metros, en otro mostrador. En cuesti\u00f3n de segundos, la mujer cay\u00f3 al suelo, v\u00edctima de una r\u00e1faga de disparos. Los trabajadores, que intentaban protegerse de las balas refugi\u00e1ndose detr\u00e1s de unas cajas, fueron testigos de la violencia que se desat\u00f3 en ese instante. Pero antes de huir, el sicario de Pineida se acerc\u00f3 al cuerpo de la mujer, y con la misma frialdad, dispar\u00f3 contra ella.<\/p>\n<p>&nbsp;<\/p>\n<figure class=\"a_m a_m-h \">\n<p><div style=\"width: 424px\" class=\"wp-caption alignnone\"><img loading=\"lazy\" decoding=\"async\" class=\"_re lazyload a_m-h\" src=\"https:\/\/imagenes.elpais.com\/resizer\/v2\/EVQFUQB2CVA55NFPNISQR4ETJQ.jpg?auth=3dbb10361522fcdb21b35febc2a2f8712fa0e3fb6c051d04d09cfb67823a8055&amp;width=414\" sizes=\"auto, (min-width:1199px) 1155px,(min-width:1001px) calc(100vw - 44px),(min-width:768px) 767px, 100vw\" srcset=\"https:\/\/imagenes.elpais.com\/resizer\/v2\/EVQFUQB2CVA55NFPNISQR4ETJQ.jpg?auth=3dbb10361522fcdb21b35febc2a2f8712fa0e3fb6c051d04d09cfb67823a8055&amp;width=414 414w,https:\/\/imagenes.elpais.com\/resizer\/v2\/EVQFUQB2CVA55NFPNISQR4ETJQ.jpg?auth=3dbb10361522fcdb21b35febc2a2f8712fa0e3fb6c051d04d09cfb67823a8055&amp;width=828 640w,https:\/\/imagenes.elpais.com\/resizer\/v2\/EVQFUQB2CVA55NFPNISQR4ETJQ.jpg?auth=3dbb10361522fcdb21b35febc2a2f8712fa0e3fb6c051d04d09cfb67823a8055&amp;width=980 1000w,https:\/\/imagenes.elpais.com\/resizer\/v2\/EVQFUQB2CVA55NFPNISQR4ETJQ.jpg?auth=3dbb10361522fcdb21b35febc2a2f8712fa0e3fb6c051d04d09cfb67823a8055&amp;width=1960 1960w\" alt=\"\" width=\"414\" height=\"285\" \/><p class=\"wp-caption-text\">Zona del asesinato de Mario Peineida, en Ecuador.\u00a0 \u00a0 \u00a0 \u00a0 \u00a0 \u00a0 \u00a0 \u00a0 \u00a0 \u00a0 \u00a0 Foto Cesar Munoz (AP)<\/p><\/div><figcaption class=\"a_m_p\" aria-hidden=\"true\"><\/figcaption><\/figure>\n<p>&nbsp;<\/p>\n<p class=\"\">La escena, que adem\u00e1s de en las c\u00e1maras qued\u00f3 grabada en la memoria de los testigos, se transform\u00f3 en otro cap\u00edtulo doloroso en la cadena de tragedias que marcan la vida diaria de Guayaquil, donde la violencia se despliega sin previo aviso, en cualquier lugar.\u00a0<a title=\"https:\/\/elpais.com\/america\/2025-03-07\/asesinadas-22-personas-en-una-zona-urbana-de-guayaquil-en-una-escalada-sin-freno-de-la-violencia-en-ecuador.html\" href=\"https:\/\/elpais.com\/america\/2025-03-07\/asesinadas-22-personas-en-una-zona-urbana-de-guayaquil-en-una-escalada-sin-freno-de-la-violencia-en-ecuador.html\" target=\"_self\" rel=\"\" data-link-track-dtm=\"\" data-mrf-link=\"https:\/\/elpais.com\/america\/2025-03-07\/asesinadas-22-personas-en-una-zona-urbana-de-guayaquil-en-una-escalada-sin-freno-de-la-violencia-en-ecuador.html\">Un escenario donde el miedo se ha convertido en un compa\u00f1ero cotidiano de quienes habitan la ciudad.<\/a><\/p>\n<p class=\"\">Pineida se suma a la lista de futbolistas asesinados en 2025, el a\u00f1o m\u00e1s violento en la historia de Ecuador. Es el quinto en caer. Otros tres jugadores han sobrevivido a ataques armados, v\u00edctimas de sicarios. El a\u00f1o inici\u00f3 con un atentado contra Richard Mina, de Liga de Quito, quien fue herido en un presunto robo en Guayaquil. En septiembre la violencia alcanz\u00f3 su punto \u00e1lgido: tres futbolistas fueron acribillados en un lapso de d\u00edas. Maicol Valencia y Leandro Y\u00e9pez, del club Exapromo Costa, fueron asesinados en un hotel en Manta, en la costa central de Ecuador. Apenas una semana despu\u00e9s, Jonathan Gonz\u00e1lez, de 31 a\u00f1os, fue baleado en la cabeza en su casa de Esmeraldas, una ciudad fronteriza con Colombia. Este crimen revelar\u00eda, m\u00e1s tarde,\u00a0<a title=\"https:\/\/elpais.com\/america\/2025-03-02\/ecuador-se-situa-como-el-pais-mas-violento-de-america-latina-un-asesinato-cada-hora.html\" href=\"https:\/\/elpais.com\/america\/2025-03-02\/ecuador-se-situa-como-el-pais-mas-violento-de-america-latina-un-asesinato-cada-hora.html\" target=\"_self\" rel=\"\" data-link-track-dtm=\"\" data-mrf-link=\"https:\/\/elpais.com\/america\/2025-03-02\/ecuador-se-situa-como-el-pais-mas-violento-de-america-latina-un-asesinato-cada-hora.html\">la sombr\u00eda conexi\u00f3n entre las mafias de las apuestas deportivas y el f\u00fatbol ecuatoriano.<\/a><\/p>\n<p class=\"\">Jonathan Gonz\u00e1lez hab\u00eda recibido una amenaza para que perdiera un partido que termin\u00f3 en empate. La presi\u00f3n por ama\u00f1ar partidos se convirti\u00f3 en un juego mortal para los futbolistas. La lista de v\u00edctimas continu\u00f3: Ariel Su\u00e1rez, de 21 a\u00f1os, jugador del club Orense, sobrevivi\u00f3 a un ataque armado en Machala, aunque su pareja qued\u00f3 en estado cr\u00edtico. Bryan Angulo, de Liga de Portoviejo, tambi\u00e9n sali\u00f3 ileso de un atentado cuando se dirig\u00eda a su entrenamiento.<\/p>\n<p class=\"\">En noviembre, el asesinato de Miguel Nazareno, una de las promesas del f\u00fatbol ecuatoriano, volvi\u00f3 a conmocionar al pa\u00eds. El joven deportista, de solo 16 a\u00f1os, fue ejecutado de un tiro en la cabeza en su casa, en Guayaquil, un crimen que reflej\u00f3 la creciente violencia que acecha a los futbolistas en Ecuador. La amenaza constante de los sicarios, la presi\u00f3n de las apuestas deportivas y la corrupci\u00f3n vinculada a los ama\u00f1os de partidos han transformado el f\u00fatbol en un deporte de alto riesgo. Los jugadores, que deber\u00edan ser admirados, se han convertido en v\u00edctimas, atrapados entre el nuevo nicho que han encontrado las mafias y la inoperancia de un Estado incapaz de controlar la espiral de violencia.<\/p>\n","protected":false},"excerpt":{"rendered":"<p>&nbsp; El asesinato del futbolista Mario Pineida expone la creciente violencia en Ecuador, donde el crimen organizado y las apuestas deportivas han convertido a los&hellip;<\/p>\n","protected":false},"author":99,"featured_media":539378,"comment_status":"open","ping_status":"open","sticky":false,"template":"","format":"standard","meta":{"footnotes":""},"categories":[23],"tags":[],"class_list":["post-539377","post","type-post","status-publish","format-standard","has-post-thumbnail","hentry","category-latinoamerica"],"_links":{"self":[{"href":"https:\/\/diarioelpopular.com\/index.php\/wp-json\/wp\/v2\/posts\/539377","targetHints":{"allow":["GET"]}}],"collection":[{"href":"https:\/\/diarioelpopular.com\/index.php\/wp-json\/wp\/v2\/posts"}],"about":[{"href":"https:\/\/diarioelpopular.com\/index.php\/wp-json\/wp\/v2\/types\/post"}],"author":[{"embeddable":true,"href":"https:\/\/diarioelpopular.com\/index.php\/wp-json\/wp\/v2\/users\/99"}],"replies":[{"embeddable":true,"href":"https:\/\/diarioelpopular.com\/index.php\/wp-json\/wp\/v2\/comments?post=539377"}],"version-history":[{"count":1,"href":"https:\/\/diarioelpopular.com\/index.php\/wp-json\/wp\/v2\/posts\/539377\/revisions"}],"predecessor-version":[{"id":539379,"href":"https:\/\/diarioelpopular.com\/index.php\/wp-json\/wp\/v2\/posts\/539377\/revisions\/539379"}],"wp:featuredmedia":[{"embeddable":true,"href":"https:\/\/diarioelpopular.com\/index.php\/wp-json\/wp\/v2\/media\/539378"}],"wp:attachment":[{"href":"https:\/\/diarioelpopular.com\/index.php\/wp-json\/wp\/v2\/media?parent=539377"}],"wp:term":[{"taxonomy":"category","embeddable":true,"href":"https:\/\/diarioelpopular.com\/index.php\/wp-json\/wp\/v2\/categories?post=539377"},{"taxonomy":"post_tag","embeddable":true,"href":"https:\/\/diarioelpopular.com\/index.php\/wp-json\/wp\/v2\/tags?post=539377"}],"curies":[{"name":"wp","href":"https:\/\/api.w.org\/{rel}","templated":true}]}}