{"id":539381,"date":"2025-12-19T12:54:10","date_gmt":"2025-12-19T16:54:10","guid":{"rendered":"https:\/\/diarioelpopular.com\/?p=539381"},"modified":"2025-12-19T12:54:10","modified_gmt":"2025-12-19T16:54:10","slug":"las-nuevas-fotos-del-caso-epstein-que-hicieron-publicas-los-democratas-del-congreso-de-ee-uu","status":"publish","type":"post","link":"https:\/\/diarioelpopular.com\/index.php\/2025\/12\/19\/las-nuevas-fotos-del-caso-epstein-que-hicieron-publicas-los-democratas-del-congreso-de-ee-uu\/","title":{"rendered":"Las nuevas fotos del caso Epstein que hicieron p\u00fablicas los dem\u00f3cratas del Congreso de EE.UU."},"content":{"rendered":"<div id=\"attachment_539382\" style=\"width: 646px\" class=\"wp-caption alignnone\"><img loading=\"lazy\" decoding=\"async\" aria-describedby=\"caption-attachment-539382\" class=\"wp-image-539382 size-custom-full-size\" src=\"https:\/\/diarioelpopular.com\/wp-content\/uploads\/2025\/12\/Screen-Shot-2025-12-19-at-11.52.45-AM-636x398.png\" alt=\"\" width=\"636\" height=\"398\" srcset=\"https:\/\/diarioelpopular.com\/wp-content\/uploads\/2025\/12\/Screen-Shot-2025-12-19-at-11.52.45-AM-636x398.png 636w, https:\/\/diarioelpopular.com\/wp-content\/uploads\/2025\/12\/Screen-Shot-2025-12-19-at-11.52.45-AM-300x188.png 300w, https:\/\/diarioelpopular.com\/wp-content\/uploads\/2025\/12\/Screen-Shot-2025-12-19-at-11.52.45-AM-768x481.png 768w, https:\/\/diarioelpopular.com\/wp-content\/uploads\/2025\/12\/Screen-Shot-2025-12-19-at-11.52.45-AM-117x73.png 117w, https:\/\/diarioelpopular.com\/wp-content\/uploads\/2025\/12\/Screen-Shot-2025-12-19-at-11.52.45-AM.png 776w\" sizes=\"auto, (max-width: 636px) 100vw, 636px\" \/><p id=\"caption-attachment-539382\" class=\"wp-caption-text\">Entre los ricos y poderosos est\u00e1 expuesto el magnate Bill Gates, que aparece con una mujer en las nuevas im\u00e1genes difundidas.<\/p><\/div>\n<p>&nbsp;<\/p>\n<p>&nbsp;<\/p>\n<div class=\"css-1k9op6x e17x9cvu0\" dir=\"ltr\">\n<ul>\n<li class=\"css-s4cjt0 e1yuyadm0\" dir=\"ltr\"><em><b>Un comit\u00e9 de la C\u00e1mara de Representantes del Congreso de EE.UU. public\u00f3 un lote con casi 70 fotograf\u00edas de los legatarios del fallecido delincuente sexual Jeffrey Epstein.<\/b><\/em><\/li>\n<\/ul>\n<\/div>\n<div class=\"css-1k9op6x e17x9cvu0\" dir=\"ltr\">\n<p dir=\"ltr\">\n<p class=\"css-s4cjt0 e1yuyadm0\" dir=\"ltr\">Se trata de la tercera publicaci\u00f3n de este tipo de un total de m\u00e1s de 95.000 fotos que el Comit\u00e9 de Supervisi\u00f3n ha obtenido de las propiedades personales de Epstein.<\/p>\n<\/div>\n<div class=\"css-1k9op6x e17x9cvu0\" dir=\"ltr\">\n<p class=\"css-s4cjt0 e1yuyadm0\" dir=\"ltr\">Entre las im\u00e1genes difundidas hay algunas con citas del libro &#8220;Lolita&#8221; que fueron escritas en el cuerpo de una mujer, as\u00ed como fotos (con datos protegidos) de pasaportes de mujeres extranjeras.<\/p>\n<\/div>\n<div class=\"css-1k9op6x e17x9cvu0\" dir=\"ltr\">\n<p class=\"css-s4cjt0 e1yuyadm0\" dir=\"ltr\">La divulgaci\u00f3n se produce horas antes de la fecha l\u00edmite (este 19 de diciembre) que se dio para que el Departamento de Justicia, controlado por Trump, publique todos los archivos relacionados con su investigaci\u00f3n sobre Epstein. Existen dudas de que no todas las fotos se publiquen.<\/p>\n<\/div>\n<div class=\"css-1k9op6x e17x9cvu0\" dir=\"ltr\">\n<p class=\"css-s4cjt0 e1yuyadm0\" dir=\"ltr\">&#8220;Estas nuevas im\u00e1genes plantean m\u00e1s preguntas sobre lo que exactamente tiene escondido en su poder el Departamento de Justicia&#8221;, dijo Robert Garcia, un congresista dem\u00f3crata y alto miembro del comit\u00e9.<\/p>\n<\/div>\n<div class=\"css-1k9op6x e17x9cvu0\" dir=\"ltr\">\n<p class=\"css-s4cjt0 e1yuyadm0\" dir=\"ltr\">Epstein muri\u00f3 en una prisi\u00f3n de Nueva York en 2019 mientras esperaba su juicio por acusaciones de tr\u00e1fico sexual.<\/p>\n<p dir=\"ltr\">\n<\/div>\n<figure class=\"css-1qn0xuy\">\n<div class=\"css-1jir9cx\">\n<div style=\"width: 3310px\" class=\"wp-caption alignnone\"><img loading=\"lazy\" decoding=\"async\" class=\"css-1seqhu9\" src=\"https:\/\/ichef.bbci.co.uk\/ace\/ws\/640\/cpsprodpb\/979e\/live\/c29ac660-dc6b-11f0-b67b-690eb873de1b.jpg.webp\" alt=\"Noam Chomsky sentado en un avi\u00f3n privado al lado de Epstein.\" width=\"3300\" height=\"2619\" \/><p class=\"wp-caption-text\">Fuente de la imagen,Comit\u00e9 de Supervisi\u00f3n. El ling\u00fcista y fil\u00f3sofo Noam Chomsky aparece en un avi\u00f3n privado al lado de Epstein.<\/p><\/div>\n<p class=\"css-by8ykd\" role=\"text\">\n<\/div>\n<\/figure>\n<div class=\"css-1k9op6x e17x9cvu0\" dir=\"ltr\">\n<h2 id=\"Qu\u00e9-hay-en-las-im\u00e1genes-publicadas\" class=\"css-jtxtr9 emoh99e1\" tabindex=\"-1\">\u00bfQu\u00e9 hay en las im\u00e1genes publicadas?<\/h2>\n<\/div>\n<div class=\"css-1k9op6x e17x9cvu0\" dir=\"ltr\">\n<p class=\"css-s4cjt0 e1yuyadm0\" dir=\"ltr\">Algunas de las fotos publicadas este jueves muestran a Epstein hablando con el catedr\u00e1tico y activista Noam Chomsky a bordo de un avi\u00f3n privado; a Bill Gates de pie junto a una mujer cuyo rostro ha sido censurado; a Steve Bannon sentado en un escritorio frente a Epstein, y al cofundador de Google, Sergey Brin, en una cena.<\/p>\n<\/div>\n<figure class=\"css-1qn0xuy\">\n<div class=\"css-1jir9cx\">\n<div style=\"width: 1594px\" class=\"wp-caption alignnone\"><img loading=\"lazy\" decoding=\"async\" class=\"css-1seqhu9\" src=\"https:\/\/ichef.bbci.co.uk\/ace\/ws\/640\/cpsprodpb\/0edb\/live\/23317d70-dc6c-11f0-b67b-690eb873de1b.jpg.webp\" alt=\"Steve Bannon, sentado en la silla de un despacho, dialoga con Jeffrey Esptein, que est\u00e1 al otro lado del escritorio\" width=\"1584\" height=\"1258\" \/><p class=\"wp-caption-text\">Fuente de la imagen,Comit\u00e9 de Supervisi\u00f3n. Steve Bannon, un activista conservador y antiguo aliado de Trump, aparece en esta imagen junto a Esptein<\/p><\/div>\n<p class=\"css-by8ykd\" role=\"text\">\n<\/div>\n<\/figure>\n<figure class=\"css-1qn0xuy\">\n<div class=\"css-1jir9cx\">\n<div style=\"width: 2560px\" class=\"wp-caption alignnone\"><img loading=\"lazy\" decoding=\"async\" class=\"css-1seqhu9\" src=\"https:\/\/ichef.bbci.co.uk\/ace\/ws\/640\/cpsprodpb\/249c\/live\/63980050-dc6c-11f0-aae2-2191c0e48a3b.jpg.webp\" alt=\"Dos hombres, uno usando una kufiya y t\u00fanica, parados en una habitaci\u00f3n\" width=\"2550\" height=\"3369\" \/><p class=\"wp-caption-text\">Fuente de la imagen,Comit\u00e9 de Supervisi\u00f3n. En las im\u00e1genes difundidas se ve a varios hombres que no est\u00e1n identificados.<\/p><\/div>\n<p class=\"css-by8ykd\" role=\"text\">\n<\/div>\n<\/figure>\n<div class=\"css-1k9op6x e17x9cvu0\" dir=\"ltr\">\n<p dir=\"ltr\">\n<p class=\"css-s4cjt0 e1yuyadm0\" dir=\"ltr\">Estos son los \u00faltimos hombres ricos y poderosos, de muchos m\u00e1s, que aparecen en las fotos de Epstein publicadas por el Comit\u00e9 de Supervisi\u00f3n de la C\u00e1mara de Representantes; en fotos publicadas anteriormente tambi\u00e9n aparec\u00edan Donald Trump y el expresidente Bill Clinton, as\u00ed como el director de cine Woody Allen, el exsecretario del Tesoro estadounidense Larry Summers, el abogado Alan Dershowitz, el destituido pr\u00edncipe Andr\u00e9s Mountbatten-Windsor, entre otros.<\/p>\n<\/div>\n<div class=\"css-1k9op6x e17x9cvu0\" dir=\"ltr\">\n<p class=\"css-s4cjt0 e1yuyadm0\" dir=\"ltr\">Aparecer en las fotos no es prueba de alg\u00fan delito. Muchos de los hombres se\u00f1alados, como es de esperarse, han afirmado que nunca participaron en las actividades ilegales de Epstein.<\/p>\n<\/div>\n<div class=\"css-1k9op6x e17x9cvu0\" dir=\"ltr\">\n<p class=\"css-s4cjt0 e1yuyadm0\" dir=\"ltr\">En una declaraci\u00f3n que acompa\u00f1a a la publicaci\u00f3n de las fotos, los dem\u00f3cratas del Comit\u00e9 de Supervisi\u00f3n de la C\u00e1mara de Representantes afirmaron que los archivos de Epstein no ofrecen el contexto ni la fecha de las fotos.<\/p>\n<\/div>\n<figure class=\"css-1qn0xuy\">\n<div class=\"css-1jir9cx\">\n<div style=\"width: 810px\" class=\"wp-caption alignnone\"><img loading=\"lazy\" decoding=\"async\" class=\"css-1seqhu9\" src=\"https:\/\/ichef.bbci.co.uk\/ace\/ws\/640\/cpsprodpb\/b072\/live\/dd9b7a00-dc6f-11f0-a8dc-93c15fe68710.jpg.webp\" alt=\"En una de las im\u00e1genes aparece el cofundador de Google, Sergey Brin.\" width=\"800\" height=\"635\" \/><p class=\"wp-caption-text\">Fuente de la imagen, Comit\u00e9 de Supervisi\u00f3n. En una de las im\u00e1genes aparece el cofundador de Google, Sergey Brin.<\/p><\/div>\n<p class=\"css-by8ykd\" role=\"text\">\n<\/div>\n<\/figure>\n<div class=\"css-1k9op6x e17x9cvu0\" dir=\"ltr\">\n<p class=\"css-s4cjt0 e1yuyadm0\" dir=\"ltr\">&#8220;Las fotos se seleccionaron para ofrecer al p\u00fablico transparencia sobre una muestra representativa de las fotos recibidas del archivo y para proporcionar informaci\u00f3n sobre la red de Epstein y sus actividades extremadamente perturbadoras&#8221;, afirma el comunicado.<\/p>\n<\/div>\n<div class=\"css-1k9op6x e17x9cvu0\" dir=\"ltr\">\n<p class=\"css-s4cjt0 e1yuyadm0\" dir=\"ltr\">La publicaci\u00f3n tambi\u00e9n incluye varias fotos de citas de la novela &#8220;Lolita&#8221;, de Vladimir Nabokov, escritas con tinta negra en diferentes partes del cuerpo de una mujer, como el pecho, el pie, la cadera y la espalda.<\/p>\n<\/div>\n<div class=\"css-1k9op6x e17x9cvu0\" dir=\"ltr\">\n<p class=\"css-s4cjt0 e1yuyadm0\" dir=\"ltr\">&#8220;Lolita&#8221; cuenta la historia de una adolescente que es seducida por un profesor de literatura. Una cita del libro escrita en el pecho de una mujer dice: &#8220;Lo-lee-ta: la punta de la lengua emprende un viaje de tres pasos paladar abajo hasta apoyarse, en el tercero, en el borde de los dientes&#8221;.<\/p>\n<p dir=\"ltr\">\n<\/div>\n<figure class=\"css-1qn0xuy\">\n<div class=\"css-1jir9cx\">\n<div style=\"width: 2560px\" class=\"wp-caption alignnone\"><img loading=\"lazy\" decoding=\"async\" class=\"css-1seqhu9\" src=\"https:\/\/ichef.bbci.co.uk\/ace\/ws\/640\/cpsprodpb\/e020\/live\/c0a801a0-dc6c-11f0-aae2-2191c0e48a3b.jpg.webp\" alt=\"Una mujer con una cita escrita en su pecho que dice en ingl\u00e9s &quot;Lo-lee-ta: la punta de la lengua emprende un viaje de tres pasos paladar abajo hasta apoyarse, en el tercero, en el borde de los dientes&quot;.\" width=\"2550\" height=\"3369\" \/><p class=\"wp-caption-text\">Fuente de la imagen,Comit\u00e9 de Supervisi\u00f3n. &#8220;Lo-lee-ta: la punta de la lengua emprende un viaje de tres pasos paladar abajo hasta apoyarse, en el tercero, en el borde de los dientes&#8221;.<\/p><\/div>\n<p class=\"css-by8ykd\" role=\"text\">\n<\/div>\n<\/figure>\n<figure class=\"css-1qn0xuy\">\n<div class=\"css-1jir9cx\">\n<div style=\"width: 3310px\" class=\"wp-caption alignnone\"><img loading=\"lazy\" decoding=\"async\" class=\"css-1seqhu9\" src=\"https:\/\/ichef.bbci.co.uk\/ace\/ws\/640\/cpsprodpb\/cc1f\/live\/de285810-dc6c-11f0-a8dc-93c15fe68710.jpg.webp\" alt=\"Una mujer con una cita escrita en el pie\" width=\"3300\" height=\"2619\" \/><p class=\"wp-caption-text\">Fuente de la imagen,Comit\u00e9 de Supervisi\u00f3n. Otra cita fue escrita en un pie de una mujer.<\/p><\/div>\n<p class=\"css-by8ykd\" role=\"text\">\n<\/div>\n<\/figure>\n<div class=\"css-1k9op6x e17x9cvu0\" dir=\"ltr\">\n<p dir=\"ltr\">\n<p class=\"css-s4cjt0 e1yuyadm0\" dir=\"ltr\">Tambi\u00e9n hay varias fotos de pasaportes y documentos de identidad de mujeres de pa\u00edses de todo el mundo, entre ellos Lituania, Rusia, Rep\u00fablica Checa y Ucrania.<\/p>\n<\/div>\n<div class=\"css-1k9op6x e17x9cvu0\" dir=\"ltr\">\n<p class=\"css-s4cjt0 e1yuyadm0\" dir=\"ltr\">La mayor parte de la informaci\u00f3n de los documentos, como los nombres y las fechas de nacimiento, est\u00e1 censurada, pero el Comit\u00e9 de Supervisi\u00f3n afirm\u00f3 en un comunicado que los pasaportes pertenecen a &#8220;mujeres con las que Jeffrey Epstein y todos sus c\u00f3mplices manten\u00edan relaciones sexuales&#8221;.<\/p>\n<p dir=\"ltr\">\n<\/div>\n<figure class=\"css-1qn0xuy\">\n<div class=\"css-1jir9cx\"><img loading=\"lazy\" decoding=\"async\" class=\"css-1seqhu9\" src=\"https:\/\/ichef.bbci.co.uk\/ace\/ws\/640\/cpsprodpb\/b73a\/live\/a6edfaa0-dc6f-11f0-aae2-2191c0e48a3b.jpg.webp\" sizes=\"auto, (min-width: 1008px) 760px, 100vw\" srcset=\"https:\/\/ichef.bbci.co.uk\/ace\/ws\/240\/cpsprodpb\/b73a\/live\/a6edfaa0-dc6f-11f0-aae2-2191c0e48a3b.jpg.webp 240w, https:\/\/ichef.bbci.co.uk\/ace\/ws\/320\/cpsprodpb\/b73a\/live\/a6edfaa0-dc6f-11f0-aae2-2191c0e48a3b.jpg.webp 320w, https:\/\/ichef.bbci.co.uk\/ace\/ws\/480\/cpsprodpb\/b73a\/live\/a6edfaa0-dc6f-11f0-aae2-2191c0e48a3b.jpg.webp 480w, https:\/\/ichef.bbci.co.uk\/ace\/ws\/624\/cpsprodpb\/b73a\/live\/a6edfaa0-dc6f-11f0-aae2-2191c0e48a3b.jpg.webp 624w, https:\/\/ichef.bbci.co.uk\/ace\/ws\/800\/cpsprodpb\/b73a\/live\/a6edfaa0-dc6f-11f0-aae2-2191c0e48a3b.jpg.webp 800w\" alt=\"Epstein\" width=\"800\" height=\"635\" \/><\/p>\n<p class=\"css-by8ykd\" role=\"text\">\n<\/div>\n<\/figure>\n<div class=\"css-1k9op6x e17x9cvu0\" dir=\"ltr\">\n<p class=\"css-s4cjt0 e1yuyadm0\" dir=\"ltr\">Otra foto muestra a Epstein sentado en un escritorio rodeado de tres figuras femeninas cuyos rostros han sido censurados: una tiene la mano sobre el pecho de Epstein, debajo de su camisa, y otra est\u00e1 agachada para mirar una laptop a un lado. Epstein parece estar ayudando a la tercera a ponerse una pulsera.<\/p>\n<\/div>\n<div class=\"css-1k9op6x e17x9cvu0\" dir=\"ltr\">\n<p class=\"css-s4cjt0 e1yuyadm0\" dir=\"ltr\">Otra imagen publicada es una captura de pantalla de mensajes de texto de una persona desconocida que dice que le han enviado &#8220;algunas chicas&#8221; y que pide &#8220;1.000$ por chica&#8221;.<\/p>\n<\/div>\n<figure class=\"css-1qn0xuy\">\n<div class=\"css-1jir9cx\">\n<div style=\"width: 1234px\" class=\"wp-caption alignnone\"><img loading=\"lazy\" decoding=\"async\" class=\"css-1seqhu9\" src=\"https:\/\/ichef.bbci.co.uk\/ace\/ws\/640\/cpsprodpb\/c5d1\/live\/1028a310-dc6d-11f0-a8dc-93c15fe68710.jpg.webp\" alt=\"Una captura de pantalla de un mensaje\" width=\"1224\" height=\"1618\" \/><p class=\"wp-caption-text\">Fuente de la imagen, Comit\u00e9 de Supervisi\u00f3n. El mensaje de texto se\u00f1ala que la mujer tiene 18 a\u00f1os.<\/p><\/div>\n<p class=\"css-by8ykd\" role=\"text\">\n<\/div>\n<\/figure>\n<figure class=\"css-1qn0xuy\">\n<div class=\"css-1jir9cx\">\n<div style=\"width: 1268px\" class=\"wp-caption alignnone\"><img loading=\"lazy\" decoding=\"async\" class=\"css-1seqhu9\" src=\"https:\/\/ichef.bbci.co.uk\/ace\/ws\/640\/cpsprodpb\/95fc\/live\/467d7b20-dc6d-11f0-a8dc-93c15fe68710.jpg.webp\" alt=\"Una foto de un pasaporte con datos protegidos\" width=\"1258\" height=\"1584\" \/><p class=\"wp-caption-text\">Fuente de la imagen,Comit\u00e9 de Supervisi\u00f3n. En las im\u00e1genes difundidas hay varias fotos de pasaportes de mujeres extranjeras, varias de ellas europeas.<\/p><\/div>\n<p class=\"css-by8ykd\" role=\"text\">\n<\/div>\n<\/figure>\n<div class=\"css-1k9op6x e17x9cvu0\" dir=\"ltr\">\n<h2 id=\"Antes-de-la-fecha-l\u00edmite\" class=\"css-jtxtr9 emoh99e1\" tabindex=\"-1\">Antes de la fecha l\u00edmite<\/h2>\n<\/div>\n<div class=\"css-1k9op6x e17x9cvu0\" dir=\"ltr\">\n<p class=\"css-s4cjt0 e1yuyadm0\" dir=\"ltr\">El comit\u00e9 tiene en su poder miles de im\u00e1genes de las posesiones de Epstein que son &#8220;tanto gr\u00e1ficas como mundanas&#8221;, seg\u00fan explic\u00f3 en su comunicado del jueves.<\/p>\n<\/div>\n<div class=\"css-1k9op6x e17x9cvu0\" dir=\"ltr\">\n<p class=\"css-s4cjt0 e1yuyadm0\" dir=\"ltr\">Las fotos y los archivos en poder del Congreso son independientes de lo que se conoce generalmente como &#8220;los archivos de Epstein&#8221;. Estos son documentos que est\u00e1n en poder y controlados por el Departamento de Justicia relacionados con su propia investigaci\u00f3n del caso. Ha sido como darle al lobo a que cuide las ovejas&#8230;<\/p>\n<\/div>\n<div class=\"css-1k9op6x e17x9cvu0\" dir=\"ltr\">\n<p class=\"css-s4cjt0 e1yuyadm0\" dir=\"ltr\">En virtud de la Ley de Transparencia de los Expedientes Epstein, que Trump promulg\u00f3 el mes pasado, el Departamento de Justicia tiene hasta este 19 de diciembre para hacer p\u00fablicos los archivos.<\/p>\n<\/div>\n<div class=\"css-1k9op6x e17x9cvu0\" dir=\"ltr\">\n<p class=\"css-s4cjt0 e1yuyadm0\" dir=\"ltr\">Se desconoce el alcance del contenido de los archivos del Departamento de Justicia y es probable que gran parte del contenido sea objeto de una fuerte censura por los esbirros de Trump, al igual que los materiales de la Comisi\u00f3n de Supervisi\u00f3n de la C\u00e1mara de Representantes.<\/p>\n<\/div>\n","protected":false},"excerpt":{"rendered":"<p>&nbsp; &nbsp; Un comit\u00e9 de la C\u00e1mara de Representantes del Congreso de EE.UU. public\u00f3 un lote con casi 70 fotograf\u00edas de los legatarios del fallecido&hellip;<\/p>\n","protected":false},"author":99,"featured_media":539382,"comment_status":"open","ping_status":"open","sticky":false,"template":"","format":"standard","meta":{"footnotes":""},"categories":[24],"tags":[],"class_list":["post-539381","post","type-post","status-publish","format-standard","has-post-thumbnail","hentry","category-mundo"],"_links":{"self":[{"href":"https:\/\/diarioelpopular.com\/index.php\/wp-json\/wp\/v2\/posts\/539381","targetHints":{"allow":["GET"]}}],"collection":[{"href":"https:\/\/diarioelpopular.com\/index.php\/wp-json\/wp\/v2\/posts"}],"about":[{"href":"https:\/\/diarioelpopular.com\/index.php\/wp-json\/wp\/v2\/types\/post"}],"author":[{"embeddable":true,"href":"https:\/\/diarioelpopular.com\/index.php\/wp-json\/wp\/v2\/users\/99"}],"replies":[{"embeddable":true,"href":"https:\/\/diarioelpopular.com\/index.php\/wp-json\/wp\/v2\/comments?post=539381"}],"version-history":[{"count":1,"href":"https:\/\/diarioelpopular.com\/index.php\/wp-json\/wp\/v2\/posts\/539381\/revisions"}],"predecessor-version":[{"id":539383,"href":"https:\/\/diarioelpopular.com\/index.php\/wp-json\/wp\/v2\/posts\/539381\/revisions\/539383"}],"wp:featuredmedia":[{"embeddable":true,"href":"https:\/\/diarioelpopular.com\/index.php\/wp-json\/wp\/v2\/media\/539382"}],"wp:attachment":[{"href":"https:\/\/diarioelpopular.com\/index.php\/wp-json\/wp\/v2\/media?parent=539381"}],"wp:term":[{"taxonomy":"category","embeddable":true,"href":"https:\/\/diarioelpopular.com\/index.php\/wp-json\/wp\/v2\/categories?post=539381"},{"taxonomy":"post_tag","embeddable":true,"href":"https:\/\/diarioelpopular.com\/index.php\/wp-json\/wp\/v2\/tags?post=539381"}],"curies":[{"name":"wp","href":"https:\/\/api.w.org\/{rel}","templated":true}]}}