{"id":539431,"date":"2025-12-21T11:50:31","date_gmt":"2025-12-21T15:50:31","guid":{"rendered":"https:\/\/diarioelpopular.com\/?p=539431"},"modified":"2025-12-21T11:50:31","modified_gmt":"2025-12-21T15:50:31","slug":"la-plegaria-que-cruza-lo-politico-y-lo-religioso-senor-jesus-evita-que-mexico-quede-atrapado-en-la-cultura-de-la-muerte","status":"publish","type":"post","link":"https:\/\/diarioelpopular.com\/index.php\/2025\/12\/21\/la-plegaria-que-cruza-lo-politico-y-lo-religioso-senor-jesus-evita-que-mexico-quede-atrapado-en-la-cultura-de-la-muerte\/","title":{"rendered":"La plegaria que cruza lo pol\u00edtico y lo religioso: \u201cSe\u00f1or Jes\u00fas, evita que M\u00e9xico quede atrapado en la cultura de la muerte\u201d"},"content":{"rendered":"<div id=\"attachment_539432\" style=\"width: 1210px\" class=\"wp-caption alignnone\"><img loading=\"lazy\" decoding=\"async\" aria-describedby=\"caption-attachment-539432\" class=\"wp-image-539432 size-custom-big-size\" src=\"https:\/\/diarioelpopular.com\/wp-content\/uploads\/2025\/12\/Screen-Shot-2025-12-21-at-10.49.42-AM-1200x795.png\" alt=\"\" width=\"1200\" height=\"795\" srcset=\"https:\/\/diarioelpopular.com\/wp-content\/uploads\/2025\/12\/Screen-Shot-2025-12-21-at-10.49.42-AM-1200x795.png 1200w, https:\/\/diarioelpopular.com\/wp-content\/uploads\/2025\/12\/Screen-Shot-2025-12-21-at-10.49.42-AM-300x199.png 300w, https:\/\/diarioelpopular.com\/wp-content\/uploads\/2025\/12\/Screen-Shot-2025-12-21-at-10.49.42-AM-768x509.png 768w, https:\/\/diarioelpopular.com\/wp-content\/uploads\/2025\/12\/Screen-Shot-2025-12-21-at-10.49.42-AM-85x55.png 85w, https:\/\/diarioelpopular.com\/wp-content\/uploads\/2025\/12\/Screen-Shot-2025-12-21-at-10.49.42-AM-636x421.png 636w, https:\/\/diarioelpopular.com\/wp-content\/uploads\/2025\/12\/Screen-Shot-2025-12-21-at-10.49.42-AM-110x73.png 110w, https:\/\/diarioelpopular.com\/wp-content\/uploads\/2025\/12\/Screen-Shot-2025-12-21-at-10.49.42-AM.png 1024w\" sizes=\"auto, (max-width: 1200px) 100vw, 1200px\" \/><p id=\"caption-attachment-539432\" class=\"wp-caption-text\">Misa en La Bas\u00edlica de Guadalupe, Ciudad de M\u00e9xico, el 11 de diciembre. Foto Aggi Gardu\u00f1o<\/p><\/div>\n<p>&nbsp;<\/p>\n<p>&nbsp;<\/p>\n<ul>\n<li><em><strong>En las iglesias mexicanas se reparte una oraci\u00f3n que recoge el sentir ciudadano ante la situaci\u00f3n de violencia en el pa\u00eds y las demandas de seguridad al Gobierno. \u201cQuien lo haya escrito recoge el sentir de muchos mexicanos\u201d, dice la Iglesia cat\u00f3lica<\/strong><\/em><\/li>\n<\/ul>\n<p>&nbsp;<\/p>\n<p class=\"\">En una iglesia al norte de Ciudad de M\u00e9xico, una oraci\u00f3n se distribuye entre los asistentes a la celebraci\u00f3n en honor a la\u00a0<a title=\"https:\/\/elpais.com\/mexico\/2024-11-04\/la-iglesia-catolica-en-primera-linea-de-la-lucha-contra-la-epidemia-de-violencia-en-mexico.html#?rel=mas\" href=\"https:\/\/elpais.com\/mexico\/2024-11-04\/la-iglesia-catolica-en-primera-linea-de-la-lucha-contra-la-epidemia-de-violencia-en-mexico.html#?rel=mas\" target=\"_self\" rel=\"\" data-link-track-dtm=\"\" data-mrf-link=\"https:\/\/elpais.com\/mexico\/2024-11-04\/la-iglesia-catolica-en-primera-linea-de-la-lucha-contra-la-epidemia-de-violencia-en-mexico.html\">Virgen de Guadalupe<\/a>: \u201cSe\u00f1or Jes\u00fas, ante las graves\u00a0<a title=\"https:\/\/elpais.com\/mexico\/2024-11-18\/la-iglesia-catolica-estrecha-lazos-con-el-gobierno-de-sheinbaum-llegar-a-ella-nos-da-esperanza.html\" href=\"https:\/\/elpais.com\/mexico\/2024-11-18\/la-iglesia-catolica-estrecha-lazos-con-el-gobierno-de-sheinbaum-llegar-a-ella-nos-da-esperanza.html\" target=\"_self\" rel=\"\" data-link-track-dtm=\"\" data-mrf-link=\"https:\/\/elpais.com\/mexico\/2024-11-18\/la-iglesia-catolica-estrecha-lazos-con-el-gobierno-de-sheinbaum-llegar-a-ella-nos-da-esperanza.html\">amenazas que vivimos hoy en M\u00e9xico<\/a>, por la propuesta de leyes que amenazan la fe que t\u00fa nos has revelado, la polarizaci\u00f3n pol\u00edtica y la violencia generalizada, pedimos tu intervenci\u00f3n para evitar que M\u00e9xico quede atrapado en la cultura del silencio, la mentira y la muerte, que estas amenazas imponen\u201d.<\/p>\n<p class=\"\">Los feligreses la repiten al un\u00edsono. Las demandas sociales de m\u00e1s seguridad para el pa\u00eds han encontrado un lugar en el fervor de los fieles cat\u00f3licos que han puesto en manos de la patrona de los mexicanos sus mayores problemas. La plegaria pisa la l\u00ednea que divide el terreno pol\u00edtico del espiritual. \u201cVirgen sant\u00edsima de Guadalupe, reina de M\u00e9xico, salva nuestra patria y protege nuestra fe\u201d, se escucha en la iglesia. En la misma semana, la mandataria Claudia Sheinbaum reconoc\u00eda que se hab\u00eda trasladado al Vaticano la petici\u00f3n de que el papa Le\u00f3n XIV visite M\u00e9xico el pr\u00f3ximo a\u00f1o, como actor de peso para la lucha contra la violencia.<\/p>\n<p class=\"\">La oraci\u00f3n, que no tiene remitente, pasa lista a una serie de temas pol\u00e9micos de la vida p\u00fablica. Las mujeres que dirigen los rezos adjudican la autor\u00eda al cura de la parroquia, al que no se ha logrado contactar. No es una pr\u00e1ctica respaldada por las autoridades eclesi\u00e1sticas, pero tampoco prohibida. La Conferencia del Episcopado Mexicano (CEM) niega estar detr\u00e1s, pero no ve falta alguna en las expresiones. \u201cEs una iniciativa de oraci\u00f3n por cosas que le duelen al pueblo. Quien lo haya escrito recoge el sentir de muchos mexicanos\u201d, ha sostenido el vocero de la Iglesia cat\u00f3lica en M\u00e9xico, monse\u00f1or H\u00e9ctor Mario P\u00e9rez Villarreal, obispo auxiliar de M\u00e9xico.<\/p>\n<p class=\"\">En la\u00a0<a title=\"https:\/\/elpais.com\/cultura\/2025-06-09\/el-prado-homenajea-a-la-virgen-de-guadalupe-la-estrella-pop-que-unio-america-y-espana.html\" href=\"https:\/\/elpais.com\/cultura\/2025-06-09\/el-prado-homenajea-a-la-virgen-de-guadalupe-la-estrella-pop-que-unio-america-y-espana.html\" target=\"_self\" rel=\"\" data-link-track-dtm=\"\" data-mrf-link=\"https:\/\/elpais.com\/cultura\/2025-06-09\/el-prado-homenajea-a-la-virgen-de-guadalupe-la-estrella-pop-que-unio-america-y-espana.html\">Bas\u00edlica de Guadalupe,<\/a> el santuario mariano m\u00e1s importante y visitado del mundo, cada hora da inicio a un acto lit\u00fargico, equivalente al n\u00famero de sermones que los sacerdotes dirigen a los asistentes, delineados por el mismo trazo. \u201cCuando parece desaparecer la paz, porque estamos atravesando un momento de frustraci\u00f3n, de incertidumbre porque no hay trabajo&#8230;\u201d, se escucha al cl\u00e9rigo, en un mensaje de contenido similar sobre las carencias del pueblo mexicano. Para el subdirector de Radio y Televisi\u00f3n del Arzobispado de M\u00e9xico y sacerdote de la Arquidi\u00f3cesis de M\u00e9xico, Jos\u00e9 de Jes\u00fas Aguilar, estas expresiones son naturales y responden al clamor de los fieles. \u201cEn la bas\u00edlica se acogen todas las situaciones que vive la sociedad. La gente pide tener trabajo, porque regrese su desaparecido, porque haya justicia. Quien preside acoge todas estas peticiones y hace que la gente sienta escuchadas sus necesidades, se sienta acogida, que sienta que la Iglesia est\u00e1 respondiendo a sus miedos y necesidades\u201d, refiere el religioso.<\/p>\n<p class=\"\">La plegaria a la Virgen del Tepeyac por la patria y la fe eleva el tono. \u201cSe\u00f1or, infunde en nosotros, tus hijos, esp\u00edritu de unidad para salvar a M\u00e9xico\u201d, remata la oraci\u00f3n que, seg\u00fan P\u00e9rez Villarreal, \u201crepresenta las inquietudes v\u00e1lidas de un mexicano cat\u00f3lico\u201d, pero no es la voz de la Iglesia. La s\u00faplica se mantiene en calidad de an\u00f3nima, mientras las autoridades atribuyen la distribuci\u00f3n a los fieles. \u201cSe ve un ciudadano mexicano, cat\u00f3lico, expresando el dolor que siente por lo que se est\u00e1 viviendo en M\u00e9xico\u201d, refiere el vocero. La idea de que venga de alg\u00fan ministro religioso tampoco es motivo de alboroto, sostiene: \u201cAunque viniera de un sacerdote, no expresa nada que est\u00e9 en contra de la doctrina. Le est\u00e1 pidiendo a la Virgen de Guadalupe la intercesi\u00f3n por los problemas de M\u00e9xico, no habla de ning\u00fan partido\u201d, ha a\u00f1adido el prelado.<\/p>\n<p class=\"\">La oraci\u00f3n, de procedencia desconocida, ha logrado recoger la posici\u00f3n de la Iglesia a temas coyunturales. La presentaci\u00f3n de propuestas de reforma desde el oficialismo ha tensado la relaci\u00f3n con la Iglesia m\u00e1s de lo que se puede ver, como las que limitan la libertad de opini\u00f3n de los religiosos que atrajo el ojo p\u00fablico, lo suficiente para que Arturo \u00c1vila, vocero de Morena en el Congreso mexicano, retirara su propuesta que obligaba a sacerdotes, pastores y ministros de culto que difundieran contenido en redes sociales o plataformas multimedia a registrarse e informar sobre sus contenidos ante la Secretar\u00eda de Gobernaci\u00f3n y una agencia digital. El argumento detr\u00e1s de la pretendida y descartada reforma era la difusi\u00f3n de discursos de odio desde el \u00e1mbito religioso. \u201cLa oraci\u00f3n refiere las leyes que amenazan la fe, como pudo ser la de Arturo \u00c1vila \u00faltimamente, la confusi\u00f3n provocada por la ideolog\u00eda de g\u00e9nero tan metida en los libros de texto, la polarizaci\u00f3n pol\u00edtica es evidente, la violencia generalizada es evidente\u201d, defiende el vocero.<\/p>\n<p class=\"\">La defensa ha llegado de todos los frentes. \u201cLa Iglesia tiene su propia opini\u00f3n; eso no significa que se meta en partidos pol\u00edticos, simplemente hace un an\u00e1lisis de la realidad\u201d, recalca Aguilar. En la parroquia de San Cosme y San Dami\u00e1n, desde donde el sacerdote despacha, no se han entregado panfletos o estampas, pero s\u00ed hay un malestar generalizado, ha comentado. \u201cTodos esperan que el Gobierno, sea de cualquier partido, resuelva esta situaci\u00f3n y no culpe \u00fanicamente a gobiernos anteriores, sino que enfrente el momento actual\u201d.<\/p>\n<p class=\"\">En el mismo templo, se ha develado una escultura de un \u00e1guila y una serpiente, s\u00edmbolo de la bandera mexicana. \u201cEs para invitar a la gente para que, antes de entrar a la iglesia, recuerde que siempre hay que pedir por nuestro pa\u00eds, sentirnos orgullosos de \u00e9l y entender que no puede avanzar sin el compromiso de los mexicanos, de los creyentes\u201d, detalla Aguilar. Ah\u00ed mismo se ha colocado la figura de una mujer cubierta con un rebozo, arrodillada, orando y en la b\u00fasqueda de algo. \u201cLa patria llora por tus hijos\u201d, la han titulado. Un homenaje a los desaparecidos y a sus familias que los buscan sin cansancio. \u201cLa historia nos afecta; el cat\u00f3lico tiene los pies en la tierra, en una tierra que ahorita le duele\u201d, zanja el vocero sobre el mensaje que se mueve entre feligreses y que esperan que tenga eco m\u00e1s arriba.<\/p>\n","protected":false},"excerpt":{"rendered":"<p>&nbsp; &nbsp; En las iglesias mexicanas se reparte una oraci\u00f3n que recoge el sentir ciudadano ante la situaci\u00f3n de violencia en el pa\u00eds y las&hellip;<\/p>\n","protected":false},"author":99,"featured_media":539432,"comment_status":"open","ping_status":"open","sticky":false,"template":"","format":"standard","meta":{"footnotes":""},"categories":[23],"tags":[],"class_list":["post-539431","post","type-post","status-publish","format-standard","has-post-thumbnail","hentry","category-latinoamerica"],"_links":{"self":[{"href":"https:\/\/diarioelpopular.com\/index.php\/wp-json\/wp\/v2\/posts\/539431","targetHints":{"allow":["GET"]}}],"collection":[{"href":"https:\/\/diarioelpopular.com\/index.php\/wp-json\/wp\/v2\/posts"}],"about":[{"href":"https:\/\/diarioelpopular.com\/index.php\/wp-json\/wp\/v2\/types\/post"}],"author":[{"embeddable":true,"href":"https:\/\/diarioelpopular.com\/index.php\/wp-json\/wp\/v2\/users\/99"}],"replies":[{"embeddable":true,"href":"https:\/\/diarioelpopular.com\/index.php\/wp-json\/wp\/v2\/comments?post=539431"}],"version-history":[{"count":1,"href":"https:\/\/diarioelpopular.com\/index.php\/wp-json\/wp\/v2\/posts\/539431\/revisions"}],"predecessor-version":[{"id":539433,"href":"https:\/\/diarioelpopular.com\/index.php\/wp-json\/wp\/v2\/posts\/539431\/revisions\/539433"}],"wp:featuredmedia":[{"embeddable":true,"href":"https:\/\/diarioelpopular.com\/index.php\/wp-json\/wp\/v2\/media\/539432"}],"wp:attachment":[{"href":"https:\/\/diarioelpopular.com\/index.php\/wp-json\/wp\/v2\/media?parent=539431"}],"wp:term":[{"taxonomy":"category","embeddable":true,"href":"https:\/\/diarioelpopular.com\/index.php\/wp-json\/wp\/v2\/categories?post=539431"},{"taxonomy":"post_tag","embeddable":true,"href":"https:\/\/diarioelpopular.com\/index.php\/wp-json\/wp\/v2\/tags?post=539431"}],"curies":[{"name":"wp","href":"https:\/\/api.w.org\/{rel}","templated":true}]}}