{"id":539488,"date":"2025-12-23T10:28:24","date_gmt":"2025-12-23T14:28:24","guid":{"rendered":"https:\/\/diarioelpopular.com\/?p=539488"},"modified":"2025-12-23T10:28:42","modified_gmt":"2025-12-23T14:28:42","slug":"los-4-de-guayaquil-condenan-a-penas-de-prision-a-16-militares-en-ecuador-por-la-desaparicion-forzada-de-los-menores","status":"publish","type":"post","link":"https:\/\/diarioelpopular.com\/index.php\/2025\/12\/23\/los-4-de-guayaquil-condenan-a-penas-de-prision-a-16-militares-en-ecuador-por-la-desaparicion-forzada-de-los-menores\/","title":{"rendered":"&#8220;Los 4 de Guayaquil&#8221;: condenan a penas de prisi\u00f3n a 16 militares en Ecuador por la desaparici\u00f3n forzada de los menores"},"content":{"rendered":"<p><img loading=\"lazy\" decoding=\"async\" class=\"alignnone size-custom-full-size wp-image-539489\" src=\"https:\/\/diarioelpopular.com\/wp-content\/uploads\/2025\/12\/Screen-Shot-2025-12-23-at-9.27.59-AM-636x360.png\" alt=\"\" width=\"636\" height=\"360\" srcset=\"https:\/\/diarioelpopular.com\/wp-content\/uploads\/2025\/12\/Screen-Shot-2025-12-23-at-9.27.59-AM-636x360.png 636w, https:\/\/diarioelpopular.com\/wp-content\/uploads\/2025\/12\/Screen-Shot-2025-12-23-at-9.27.59-AM-300x170.png 300w, https:\/\/diarioelpopular.com\/wp-content\/uploads\/2025\/12\/Screen-Shot-2025-12-23-at-9.27.59-AM-768x435.png 768w, https:\/\/diarioelpopular.com\/wp-content\/uploads\/2025\/12\/Screen-Shot-2025-12-23-at-9.27.59-AM-129x73.png 129w, https:\/\/diarioelpopular.com\/wp-content\/uploads\/2025\/12\/Screen-Shot-2025-12-23-at-9.27.59-AM.png 854w\" sizes=\"auto, (max-width: 636px) 100vw, 636px\" \/><\/p>\n<p>&nbsp;<\/p>\n<div class=\"css-1k9op6x e17x9cvu0\" dir=\"ltr\">\n<ul>\n<li class=\"css-s4cjt0 e1yuyadm0\" dir=\"ltr\"><em><b>Hace un a\u00f1o, las autoridades en Ecuador confirmaron que los cuatro cuerpos que se hab\u00edan encontrado incinerados y con se\u00f1ales de tortura cerca de una base militar correspond\u00edan a los de cuatro ni\u00f1os que salieron a jugar f\u00fatbol y nunca regresaron a sus casas.<\/b><\/em><\/li>\n<\/ul>\n<\/div>\n<div class=\"css-1k9op6x e17x9cvu0\" dir=\"ltr\">\n<p class=\"css-s4cjt0 e1yuyadm0\" dir=\"ltr\">Este lunes, un tribunal penal ecuatoriano conden\u00f3 a 11 militares de la Fuerza A\u00e9rea a m\u00e1s de 34 a\u00f1os de prisi\u00f3n en calidad de autores directos de las desapariciones forzadas de los menores.<\/p>\n<\/div>\n<div class=\"css-1k9op6x e17x9cvu0\" dir=\"ltr\">\n<p class=\"css-s4cjt0 e1yuyadm0\" dir=\"ltr\">Adem\u00e1s, otros cinco militares, que se acogieron a una cooperaci\u00f3n eficaz o delaci\u00f3n premiada, recibieron una condena de apenas 30 meses de detenci\u00f3n.<\/p>\n<\/div>\n<div class=\"css-1k9op6x e17x9cvu0\" dir=\"ltr\">\n<p class=\"css-s4cjt0 e1yuyadm0\" dir=\"ltr\">De acuerdo al tribunal, su colaboraci\u00f3n fue relevante para el esclarecimiento de los hechos y para la reconstrucci\u00f3n de lo ocurrido tras la retenci\u00f3n de los menores.<\/p>\n<\/div>\n<div class=\"css-1k9op6x e17x9cvu0\" dir=\"ltr\">\n<p class=\"css-s4cjt0 e1yuyadm0\" dir=\"ltr\">Un teniente coronel que estaba procesado como c\u00f3mplice fue declarado inocente.<\/p>\n<\/div>\n<section class=\"css-1s6hekm\" role=\"region\" aria-label=\"Publicidad 2\" aria-hidden=\"true\" data-e2e=\"advertisement\">\n<div id=\"dotcom-mpu\" class=\"dotcom-ad active\" aria-hidden=\"true\">\n<div class=\"dotcom-ad-inner\"><\/div>\n<\/div>\n<\/section>\n<div class=\"css-1k9op6x e17x9cvu0\" dir=\"ltr\">\n<p class=\"css-s4cjt0 e1yuyadm0\" dir=\"ltr\">Dentro de su dictamen, el juez titular indic\u00f3 que los uniformados incurrieron en el ocultamiento doloso de informaci\u00f3n. Es decir, hicieron un &#8220;pacto de silencio&#8221; sobre la aprehensi\u00f3n de los cuatro menores de edad en la noche del 8 de diciembre de 2024.<\/p>\n<\/div>\n<div class=\"css-1k9op6x e17x9cvu0\" dir=\"ltr\">\n<p class=\"css-s4cjt0 e1yuyadm0\" dir=\"ltr\">Los menores, de entre 11 y 15 a\u00f1os, desaparecieron en el barrio Las Malvinas, en el sur de Guayaquil, en medio de un operativo militar contra el crimen organizado ordenado por el presidente Daniel Noboa.<\/p>\n<p dir=\"ltr\">\n<\/div>\n<figure class=\"css-1qn0xuy\">\n<div class=\"css-1jir9cx\">\n<div style=\"width: 1205px\" class=\"wp-caption alignnone\"><img loading=\"lazy\" decoding=\"async\" class=\"css-1seqhu9\" src=\"https:\/\/ichef.bbci.co.uk\/ace\/ws\/640\/cpsprodpb\/6de4\/live\/552efe80-df7b-11f0-a8dc-93c15fe68710.png.webp\" alt=\"Protesta este lunes pidiendo justicia para los j\u00f3venes asesinados.\" width=\"1195\" height=\"788\" \/><p class=\"wp-caption-text\">Fuente de la imagen,Reuters. Protesta este lunes pidiendo justicia para los j\u00f3venes asesinados.<\/p><\/div>\n<p class=\"css-by8ykd\" role=\"text\">\n<\/div>\n<\/figure>\n<div class=\"css-1k9op6x e17x9cvu0\" dir=\"ltr\">\n<h2 id=\"Un-lugar-peligroso-y-desolado\" class=\"css-jtxtr9 emoh99e1\" tabindex=\"-1\">&#8220;Un lugar peligroso y desolado&#8221;<\/h2>\n<\/div>\n<div class=\"css-1k9op6x e17x9cvu0\" dir=\"ltr\">\n<p class=\"css-s4cjt0 e1yuyadm0\" dir=\"ltr\">Los hermanos Ismael y Josu\u00e9 Arroyo, de 15 y 14 a\u00f1os, y sus amigos Nehem\u00edas Arboleda, de 15, y Steven Medina, de 11, fueron detenidos durante un patrullaje nocturno.<\/p>\n<\/div>\n<div class=\"css-1k9op6x e17x9cvu0\" dir=\"ltr\">\n<p class=\"css-s4cjt0 e1yuyadm0\" dir=\"ltr\">Seg\u00fan declararon testigos, los j\u00f3venes fueron golpeados, obligados a desnudarse y abandonados en Taura, una comunidad rural a unos 30 kil\u00f3metros de Guayaquil, cerca de una base de la Fuerza A\u00e9rea.<\/p>\n<\/div>\n<div class=\"css-1k9op6x e17x9cvu0\" dir=\"ltr\">\n<p class=\"css-s4cjt0 e1yuyadm0\" dir=\"ltr\">&#8220;La muerte de los menores fue producto de la situaci\u00f3n de abandono en un lugar peligroso y desolado&#8221;, sostuvo el magistrado sobre el operativo de la llamada patrulla Tango Charlie.<\/p>\n<\/div>\n<div class=\"css-1k9op6x e17x9cvu0\" dir=\"ltr\">\n<p class=\"css-s4cjt0 e1yuyadm0\" dir=\"ltr\">Los restos calcinados de los menores fueron encontrados el 24 de diciembre de 2024 en la zona. La autopsia revel\u00f3 la existencia de impactos de bala en al menos tres de las v\u00edctimas.<\/p>\n<\/div>\n<div class=\"css-1k9op6x e17x9cvu0\" dir=\"ltr\">\n<p class=\"css-s4cjt0 e1yuyadm0\" dir=\"ltr\">&#8220;La patrulla abandon\u00f3 a los menores en ese sector&#8221;, argument\u00f3 el juez al leer la sentencia este lunes.<\/p>\n<\/div>\n<div class=\"css-1k9op6x e17x9cvu0\" dir=\"ltr\">\n<p class=\"css-s4cjt0 e1yuyadm0\" dir=\"ltr\">Adem\u00e1s de las penas de prisi\u00f3n, a los militares se les impuso una multa de US$376.000 y una indemnizaci\u00f3n de US$10.000 para las familias de los menores. La sentencia tambi\u00e9n ordena la presentaci\u00f3n de disculpas p\u00fablicas en un medio de comunicaci\u00f3n nacional y la realizaci\u00f3n de una ceremonia de desagravio en la Base A\u00e9rea de Taura, entre otras medidas.<\/p>\n<p dir=\"ltr\">\n<\/div>\n<figure class=\"css-1qn0xuy\">\n<div class=\"css-1jir9cx\">\n<div style=\"width: 795px\" class=\"wp-caption alignnone\"><img loading=\"lazy\" decoding=\"async\" class=\"css-1seqhu9\" src=\"https:\/\/ichef.bbci.co.uk\/ace\/ws\/640\/cpsprodpb\/9ec3\/live\/7ebcf6d0-df7b-11f0-aae2-2191c0e48a3b.jpg.webp\" alt=\"Los hermanos Josu\u00e9 (izquierda) e Ismael (derecha) en un partido de f\u00fatbol. \" width=\"785\" height=\"1178\" \/><p class=\"wp-caption-text\">Fuente de la imagen, Cortes\u00eda de la familia. Los hermanos Josu\u00e9 (izquierda) e Ismael (derecha) en un partido de f\u00fatbol.<\/p><\/div>\n<p class=\"css-by8ykd\" role=\"text\">\n<\/div>\n<\/figure>\n<div class=\"css-1k9op6x e17x9cvu0\" dir=\"ltr\">\n<p class=\"css-s4cjt0 e1yuyadm0\" dir=\"ltr\">Tras conocerse la sentencia, los abogados defensores de los militares podr\u00e1n apelarla, con el argumento de que las pruebas no han sido contundentes y que los condenados dejaron a los menores con vida.<\/p>\n<\/div>\n<div class=\"css-1k9op6x e17x9cvu0\" dir=\"ltr\">\n<p class=\"css-s4cjt0 e1yuyadm0\" dir=\"ltr\">Por su parte, el Ministerio de Defensa de Ecuador se pronunci\u00f3 tras conocerse la sentencia &#8220;con profundo respeto ante el dolor de las familias de las v\u00edctimas&#8221;.<\/p>\n<\/div>\n<div class=\"css-1k9op6x e17x9cvu0\" dir=\"ltr\">\n<p class=\"css-s4cjt0 e1yuyadm0\" dir=\"ltr\">&#8220;Hoy que la justicia se ha pronunciado, ratificamos nuestro respeto irrestricto a la ley y a la sentencia emitida&#8221;, declararon desde la instituci\u00f3n en un comunicado.<\/p>\n<p dir=\"ltr\">\n<\/div>\n<figure class=\"css-1qn0xuy\">\n<div class=\"css-1jir9cx\">\n<div style=\"width: 1930px\" class=\"wp-caption alignnone\"><img loading=\"lazy\" decoding=\"async\" class=\"css-1seqhu9\" src=\"https:\/\/ichef.bbci.co.uk\/ace\/ws\/640\/cpsprodpb\/3488\/live\/9ac700f0-df7b-11f0-a8dc-93c15fe68710.jpg.webp\" alt=\"Steven Medina (izquierda) y Nehem\u00edas Arboleda (derecha).\" width=\"1920\" height=\"1080\" \/><p class=\"wp-caption-text\">Fuente de la imagen. Cortes\u00eda de la familia. Steven Medina (izquierda) y Nehem\u00edas Arboleda (derecha).<\/p><\/div>\n<p class=\"css-by8ykd\" role=\"text\">\n<\/div>\n<\/figure>\n","protected":false},"excerpt":{"rendered":"<p>&nbsp; Hace un a\u00f1o, las autoridades en Ecuador confirmaron que los cuatro cuerpos que se hab\u00edan encontrado incinerados y con se\u00f1ales de tortura cerca de&hellip;<\/p>\n","protected":false},"author":99,"featured_media":539489,"comment_status":"open","ping_status":"open","sticky":false,"template":"","format":"standard","meta":{"footnotes":""},"categories":[23],"tags":[],"class_list":["post-539488","post","type-post","status-publish","format-standard","has-post-thumbnail","hentry","category-latinoamerica"],"_links":{"self":[{"href":"https:\/\/diarioelpopular.com\/index.php\/wp-json\/wp\/v2\/posts\/539488","targetHints":{"allow":["GET"]}}],"collection":[{"href":"https:\/\/diarioelpopular.com\/index.php\/wp-json\/wp\/v2\/posts"}],"about":[{"href":"https:\/\/diarioelpopular.com\/index.php\/wp-json\/wp\/v2\/types\/post"}],"author":[{"embeddable":true,"href":"https:\/\/diarioelpopular.com\/index.php\/wp-json\/wp\/v2\/users\/99"}],"replies":[{"embeddable":true,"href":"https:\/\/diarioelpopular.com\/index.php\/wp-json\/wp\/v2\/comments?post=539488"}],"version-history":[{"count":2,"href":"https:\/\/diarioelpopular.com\/index.php\/wp-json\/wp\/v2\/posts\/539488\/revisions"}],"predecessor-version":[{"id":539491,"href":"https:\/\/diarioelpopular.com\/index.php\/wp-json\/wp\/v2\/posts\/539488\/revisions\/539491"}],"wp:featuredmedia":[{"embeddable":true,"href":"https:\/\/diarioelpopular.com\/index.php\/wp-json\/wp\/v2\/media\/539489"}],"wp:attachment":[{"href":"https:\/\/diarioelpopular.com\/index.php\/wp-json\/wp\/v2\/media?parent=539488"}],"wp:term":[{"taxonomy":"category","embeddable":true,"href":"https:\/\/diarioelpopular.com\/index.php\/wp-json\/wp\/v2\/categories?post=539488"},{"taxonomy":"post_tag","embeddable":true,"href":"https:\/\/diarioelpopular.com\/index.php\/wp-json\/wp\/v2\/tags?post=539488"}],"curies":[{"name":"wp","href":"https:\/\/api.w.org\/{rel}","templated":true}]}}