{"id":539493,"date":"2025-12-23T10:40:09","date_gmt":"2025-12-23T14:40:09","guid":{"rendered":"https:\/\/diarioelpopular.com\/?p=539493"},"modified":"2025-12-23T10:40:09","modified_gmt":"2025-12-23T14:40:09","slug":"trump-enfurece-al-gobierno-de-dinamarca-al-nombrar-a-un-enviado-especial-para-groenlandia","status":"publish","type":"post","link":"https:\/\/diarioelpopular.com\/index.php\/2025\/12\/23\/trump-enfurece-al-gobierno-de-dinamarca-al-nombrar-a-un-enviado-especial-para-groenlandia\/","title":{"rendered":"Trump enfurece al gobierno de Dinamarca al nombrar a un enviado especial para Groenlandia"},"content":{"rendered":"<div id=\"attachment_539494\" style=\"width: 646px\" class=\"wp-caption alignnone\"><img loading=\"lazy\" decoding=\"async\" aria-describedby=\"caption-attachment-539494\" class=\"wp-image-539494 size-custom-full-size\" src=\"https:\/\/diarioelpopular.com\/wp-content\/uploads\/2025\/12\/Screen-Shot-2025-12-23-at-9.39.24-AM-636x358.png\" alt=\"\" width=\"636\" height=\"358\" srcset=\"https:\/\/diarioelpopular.com\/wp-content\/uploads\/2025\/12\/Screen-Shot-2025-12-23-at-9.39.24-AM-636x358.png 636w, https:\/\/diarioelpopular.com\/wp-content\/uploads\/2025\/12\/Screen-Shot-2025-12-23-at-9.39.24-AM-300x169.png 300w, https:\/\/diarioelpopular.com\/wp-content\/uploads\/2025\/12\/Screen-Shot-2025-12-23-at-9.39.24-AM-768x432.png 768w, https:\/\/diarioelpopular.com\/wp-content\/uploads\/2025\/12\/Screen-Shot-2025-12-23-at-9.39.24-AM-130x73.png 130w, https:\/\/diarioelpopular.com\/wp-content\/uploads\/2025\/12\/Screen-Shot-2025-12-23-at-9.39.24-AM.png 860w\" sizes=\"auto, (max-width: 636px) 100vw, 636px\" \/><p id=\"caption-attachment-539494\" class=\"wp-caption-text\">Jeff Landry, gobernador de Luisiana, es una figura muy cercana a Trump en el Partido Republicano.<\/p><\/div>\n<p>&nbsp;<\/p>\n<p>&nbsp;<\/p>\n<p>&nbsp;<\/p>\n<div class=\"css-1k9op6x e17x9cvu0\" dir=\"ltr\">\n<ul>\n<li class=\"css-s4cjt0 e1yuyadm0\" dir=\"ltr\"><em><b>Primero fue con Canad\u00e1, ahora Donald Trump ha provocado una nueva disputa con Dinamarca al nombrar un enviado especial para Groenlandia, la isla \u00e1rtica que ha propuesto anexionar a Estados Unidos en varias ocasiones.<\/b><\/em><\/li>\n<\/ul>\n<\/div>\n<div class=\"css-1k9op6x e17x9cvu0\" dir=\"ltr\">\n<p dir=\"ltr\">\n<p class=\"css-s4cjt0 e1yuyadm0\" dir=\"ltr\">El racista de la Casa Blanca anunci\u00f3 este domingo que Jeff Landry, el gobernador republicano del estado de Luisiana, ser\u00e1 el enviado especial de Estados Unidos para Groenlandia, que es una regi\u00f3n semiaut\u00f3noma del Reino de Dinamarca.<\/p>\n<\/div>\n<div class=\"css-1k9op6x e17x9cvu0\" dir=\"ltr\">\n<p class=\"css-s4cjt0 e1yuyadm0\" dir=\"ltr\">Trump insisti\u00f3 en su idea de que Groenlandia debe formar parte de Estados Unidos. En respuesta a una pregunta de la BBC, dijo que su pa\u00eds necesita la isla por motivos de &#8220;protecci\u00f3n nacional&#8221;. &#8220;Tenemos que tenerla&#8221;, asegur\u00f3.<\/p>\n<\/div>\n<div class=\"css-1k9op6x e17x9cvu0\" dir=\"ltr\">\n<p class=\"css-s4cjt0 e1yuyadm0\" dir=\"ltr\">El gobernador Landry declar\u00f3 en una publicaci\u00f3n en X que considera un honor servir en ese &#8220;puesto voluntario para que Groenlandia forme parte de Estados Unidos&#8221;.<\/p>\n<\/div>\n<div class=\"css-1k9op6x e17x9cvu0\" dir=\"ltr\">\n<p class=\"css-s4cjt0 e1yuyadm0\" dir=\"ltr\">El anuncio no cay\u00f3 nada bien ni en Groenlandia ni en la capital de Dinamarca.<\/p>\n<\/div>\n<section class=\"css-1s6hekm\" role=\"region\" aria-label=\"Publicidad 2\" aria-hidden=\"true\" data-e2e=\"advertisement\">\n<div id=\"dotcom-mpu\" class=\"dotcom-ad active\" aria-hidden=\"true\">\n<div class=\"dotcom-ad-inner\"><\/div>\n<\/div>\n<\/section>\n<div class=\"css-1k9op6x e17x9cvu0\" dir=\"ltr\">\n<p class=\"css-s4cjt0 e1yuyadm0\" dir=\"ltr\">El nuevo anuncio enfureci\u00f3 a Copenhague, que convocar\u00e1 al embajador estadounidense para &#8220;pedir explicaciones&#8221;.<\/p>\n<\/div>\n<div class=\"css-1k9op6x e17x9cvu0\" dir=\"ltr\">\n<p class=\"css-s4cjt0 e1yuyadm0\" dir=\"ltr\">El ministro de Asuntos Exteriores de Dinamarca, Lars L\u00f8kke Rasmussen, calific\u00f3 el nombramiento como &#8220;profundamente preocupante&#8221; y exigi\u00f3 a Washington que respete la soberan\u00eda danesa.<\/p>\n<\/div>\n<div class=\"css-1k9op6x e17x9cvu0\" dir=\"ltr\">\n<p class=\"css-s4cjt0 e1yuyadm0\" dir=\"ltr\">El primer ministro groenland\u00e9s afirm\u00f3 que la isla debe &#8220;decidir su propio futuro&#8221; y que su &#8220;integridad territorial debe ser respetada&#8221;.<\/p>\n<\/div>\n<section class=\"css-1o3v5ug\" role=\"region\" data-e2e=\"recommendations-heading\" aria-labelledby=\"recommendations-heading\">\n<div class=\"css-79elbk e175zld10\">\n<p id=\"end-of-recommendations\" class=\"css-mcqrb5 e175zld12\" tabindex=\"-1\">\n<\/div>\n<\/section>\n<figure class=\"css-1qn0xuy\">\n<div class=\"css-1jir9cx\"><img loading=\"lazy\" decoding=\"async\" class=\"css-1seqhu9\" src=\"https:\/\/ichef.bbci.co.uk\/ace\/ws\/640\/cpsprodpb\/657e\/live\/451bddf0-df4f-11f0-aae2-2191c0e48a3b.png.webp\" sizes=\"auto, (min-width: 1008px) 760px, 100vw\" srcset=\"https:\/\/ichef.bbci.co.uk\/ace\/ws\/240\/cpsprodpb\/657e\/live\/451bddf0-df4f-11f0-aae2-2191c0e48a3b.png.webp 240w, https:\/\/ichef.bbci.co.uk\/ace\/ws\/320\/cpsprodpb\/657e\/live\/451bddf0-df4f-11f0-aae2-2191c0e48a3b.png.webp 320w, https:\/\/ichef.bbci.co.uk\/ace\/ws\/480\/cpsprodpb\/657e\/live\/451bddf0-df4f-11f0-aae2-2191c0e48a3b.png.webp 480w, https:\/\/ichef.bbci.co.uk\/ace\/ws\/624\/cpsprodpb\/657e\/live\/451bddf0-df4f-11f0-aae2-2191c0e48a3b.png.webp 624w\" alt=\"Mapa de Groenlandia\" width=\"624\" height=\"472\" \/><\/div>\n<\/figure>\n<div class=\"css-1k9op6x e17x9cvu0\" dir=\"ltr\">\n<p dir=\"ltr\">\n<p class=\"css-s4cjt0 e1yuyadm0\" dir=\"ltr\">Rasmussen declar\u00f3 a la cadena danesa TV2: &#8220;Mientras tengamos un reino compuesto por Dinamarca, las Islas Feroe y Groenlandia, no podemos aceptar acciones que socaven nuestra integridad territorial&#8221;.<\/p>\n<\/div>\n<div class=\"css-1k9op6x e17x9cvu0\" dir=\"ltr\">\n<p class=\"css-s4cjt0 e1yuyadm0\" dir=\"ltr\">El primer ministro de Groenlandia, Jens-Frederik Nielsen, afirm\u00f3 que el territorio est\u00e1 dispuesto a cooperar con Estados Unidos y otros pa\u00edses, pero solo sobre la base del respeto mutuo. Para Trump la palabra respeto no est\u00e1 en su bocavulario.<\/p>\n<\/div>\n<div class=\"css-1k9op6x e17x9cvu0\" dir=\"ltr\">\n<p class=\"css-s4cjt0 e1yuyadm0\" dir=\"ltr\">&#8220;El nombramiento de un enviado especial no cambia nada para nosotros. Nosotros decidimos nuestro propio futuro. Groenlandia pertenece a los groenlandeses, y la integridad territorial debe ser respetada&#8221;, sentenci\u00f3.<\/p>\n<\/div>\n<div class=\"css-1k9op6x e17x9cvu0\" dir=\"ltr\">\n<h2 id=\"Groenlandia-esencial-para-Trump\" class=\"css-jtxtr9 emoh99e1\" tabindex=\"-1\">Groenlandia, &#8220;esencial&#8221; para Trump<\/h2>\n<\/div>\n<figure class=\"css-1qn0xuy\">\n<div class=\"css-1jir9cx\">\n<div style=\"width: 634px\" class=\"wp-caption alignnone\"><img loading=\"lazy\" decoding=\"async\" class=\"css-1seqhu9\" src=\"https:\/\/ichef.bbci.co.uk\/ace\/ws\/640\/cpsprodpb\/e3c8\/live\/6abb0fe0-df4f-11f0-b67b-690eb873de1b.jpg.webp\" alt=\"Donald Trump Jr. (en el medio) visitando la isla en enero.\" width=\"624\" height=\"416\" \/><p class=\"wp-caption-text\">Fuente de la imagen,Getty Images. Donald Trump Jr. (en el medio) visit\u00f3 la isla a inicios de enero.<\/p><\/div>\n<p class=\"css-by8ykd\" role=\"text\">\n<\/div>\n<\/figure>\n<div class=\"css-1k9op6x e17x9cvu0\" dir=\"ltr\">\n<p class=\"css-s4cjt0 e1yuyadm0\" dir=\"ltr\">En una publicaci\u00f3n en redes sociales, el republicano asegur\u00f3 que su nuevo enviado para Groenlandia comprende lo &#8220;esencial&#8221; que es ese territorio &#8220;para nuestra seguridad nacional&#8221; y reiter\u00f3 que defender\u00e1 los intereses de Estados Unidos.<\/p>\n<\/div>\n<div class=\"css-1k9op6x e17x9cvu0\" dir=\"ltr\">\n<p class=\"css-s4cjt0 e1yuyadm0\" dir=\"ltr\">Jeff Landry, por su parte, declar\u00f3 que el nuevo cargo no afectar\u00e1 a sus funciones como gobernador de Luisiana. Veterano militar y expolic\u00eda, fue congresista y fiscal general de Luisiana antes de ser elegido gobernador en 2023.<\/p>\n<\/div>\n<div class=\"css-1k9op6x e17x9cvu0\" dir=\"ltr\">\n<p class=\"css-s4cjt0 e1yuyadm0\" dir=\"ltr\">Landry recibi\u00f3 con satisfacci\u00f3n la propuesta del presidente de enviar tropas de la Guardia Nacional a Nueva Orleans como parte de su campa\u00f1a contra la delincuencia en las ciudades estadounidenses.<\/p>\n<\/div>\n<div class=\"css-1k9op6x e17x9cvu0\" dir=\"ltr\">\n<p class=\"css-s4cjt0 e1yuyadm0\" dir=\"ltr\">El gobernador ya hab\u00eda expresado su opini\u00f3n sobre Groenlandia, escribiendo en su cuenta personal de X en enero: &#8220;\u00a1El presidente Donald J. Trump tiene toda la raz\u00f3n! Necesitamos asegurar que Groenlandia se una a Estados Unidos. \u00a1Genial para ellos, genial para nosotros! \u00a1Vamos a conseguirlo!&#8221;.<\/p>\n<\/div>\n<div class=\"css-1k9op6x e17x9cvu0\" dir=\"ltr\">\n<p class=\"css-s4cjt0 e1yuyadm0\" dir=\"ltr\">Desde su regreso a la Casa Blanca en enero, Trump ha reforzado su inter\u00e9s por Groenlandia, citando su ubicaci\u00f3n estrat\u00e9gica y su riqueza mineral.<\/p>\n<\/div>\n<div class=\"css-1k9op6x e17x9cvu0\" dir=\"ltr\">\n<p class=\"css-s4cjt0 e1yuyadm0\" dir=\"ltr\">Se ha negado a descartar el uso de la fuerza para asegurar el control de la isla, una postura que ha conmocionado a Dinamarca, aliado de la OTAN que tradicionalmente ha mantenido estrechas relaciones con Washington.<\/p>\n<\/div>\n<div class=\"css-1k9op6x e17x9cvu0\" dir=\"ltr\">\n<h2 id=\"Un-territorio-estrat\u00e9gico\" class=\"css-jtxtr9 emoh99e1\" tabindex=\"-1\">Un territorio estrat\u00e9gico<\/h2>\n<\/div>\n<figure class=\"css-1qn0xuy\">\n<div class=\"css-1jir9cx\">\n<div style=\"width: 1034px\" class=\"wp-caption alignnone\"><img loading=\"lazy\" decoding=\"async\" class=\"css-1seqhu9\" src=\"https:\/\/ichef.bbci.co.uk\/ace\/ws\/640\/cpsprodpb\/0934\/live\/e2f64980-df4e-11f0-b67b-690eb873de1b.jpg.webp\" alt=\"Casas en Groenlandia\" width=\"1024\" height=\"575\" \/><p class=\"wp-caption-text\">Fuente de la imagen, Reuters. Su posici\u00f3n en el \u00c1rtico y su enorme extensi\u00f3n hacen de Groenlandia una isla clave desde el punto de vista geoestrat\u00e9gico.<\/p><\/div>\n<p class=\"css-by8ykd\" role=\"text\">\n<\/div>\n<\/figure>\n<div class=\"css-1k9op6x e17x9cvu0\" dir=\"ltr\">\n<p dir=\"ltr\">\n<p class=\"css-s4cjt0 e1yuyadm0\" dir=\"ltr\">Con una poblaci\u00f3n de aproximadamente 57.000 habitantes, Groenlandia goza de una amplia autonom\u00eda desde 1979, aunque su defensa y pol\u00edtica exterior siguen en manos danesas.<\/p>\n<\/div>\n<div class=\"css-1k9op6x e17x9cvu0\" dir=\"ltr\">\n<p class=\"css-s4cjt0 e1yuyadm0\" dir=\"ltr\">La mayor\u00eda de los groenlandeses son partidarios de independizarse de Dinamarca a largo plazo y las encuestas de opini\u00f3n tambi\u00e9n muestran una oposici\u00f3n abrumadora a formar parte de Estados Unidos.<\/p>\n<\/div>\n<div class=\"css-1k9op6x e17x9cvu0\" dir=\"ltr\">\n<p class=\"css-s4cjt0 e1yuyadm0\" dir=\"ltr\">Esta disputa surge en un contexto de creciente competencia estrat\u00e9gica en el \u00c1rtico, donde el deshielo est\u00e1 abriendo nuevas rutas mar\u00edtimas y facilitando el acceso a valiosos recursos minerales.<\/p>\n<\/div>\n<div class=\"css-1k9op6x e17x9cvu0\" dir=\"ltr\">\n<p class=\"css-s4cjt0 e1yuyadm0\" dir=\"ltr\">La ubicaci\u00f3n de Groenlandia entre Am\u00e9rica del Norte (Canad\u00e1) y Europa la convierte en un punto estrat\u00e9gico clave para la planificaci\u00f3n de la seguridad de Estados Unidos y la OTAN, y la sit\u00faa en la ruta m\u00e1s corta para misiles entre Rusia y Estados Unidos.<\/p>\n<\/div>\n<div class=\"css-1k9op6x e17x9cvu0\" dir=\"ltr\">\n<p class=\"css-s4cjt0 e1yuyadm0\" dir=\"ltr\">Estados Unidos mantiene una base en Groenlandia desde la Segunda Guerra Mundial, tras invadir el territorio para establecer instalaciones militares y estaciones de radio despu\u00e9s de que los nazis ocuparan Dinamarca durante el conflicto.<\/p>\n<\/div>\n<div class=\"css-1k9op6x e17x9cvu0\" dir=\"ltr\">\n<p class=\"css-s4cjt0 e1yuyadm0\" dir=\"ltr\">El vicepresidente JD Vance visit\u00f3 la base en marzo y pidi\u00f3 a los groenlandeses que &#8220;llegaran a un acuerdo con Estados Unidos&#8221;.<\/p>\n<\/div>\n","protected":false},"excerpt":{"rendered":"<p>&nbsp; &nbsp; &nbsp; Primero fue con Canad\u00e1, ahora Donald Trump ha provocado una nueva disputa con Dinamarca al nombrar un enviado especial para Groenlandia, la&hellip;<\/p>\n","protected":false},"author":99,"featured_media":539494,"comment_status":"open","ping_status":"open","sticky":false,"template":"","format":"standard","meta":{"footnotes":""},"categories":[24],"tags":[],"class_list":["post-539493","post","type-post","status-publish","format-standard","has-post-thumbnail","hentry","category-mundo"],"_links":{"self":[{"href":"https:\/\/diarioelpopular.com\/index.php\/wp-json\/wp\/v2\/posts\/539493","targetHints":{"allow":["GET"]}}],"collection":[{"href":"https:\/\/diarioelpopular.com\/index.php\/wp-json\/wp\/v2\/posts"}],"about":[{"href":"https:\/\/diarioelpopular.com\/index.php\/wp-json\/wp\/v2\/types\/post"}],"author":[{"embeddable":true,"href":"https:\/\/diarioelpopular.com\/index.php\/wp-json\/wp\/v2\/users\/99"}],"replies":[{"embeddable":true,"href":"https:\/\/diarioelpopular.com\/index.php\/wp-json\/wp\/v2\/comments?post=539493"}],"version-history":[{"count":1,"href":"https:\/\/diarioelpopular.com\/index.php\/wp-json\/wp\/v2\/posts\/539493\/revisions"}],"predecessor-version":[{"id":539495,"href":"https:\/\/diarioelpopular.com\/index.php\/wp-json\/wp\/v2\/posts\/539493\/revisions\/539495"}],"wp:featuredmedia":[{"embeddable":true,"href":"https:\/\/diarioelpopular.com\/index.php\/wp-json\/wp\/v2\/media\/539494"}],"wp:attachment":[{"href":"https:\/\/diarioelpopular.com\/index.php\/wp-json\/wp\/v2\/media?parent=539493"}],"wp:term":[{"taxonomy":"category","embeddable":true,"href":"https:\/\/diarioelpopular.com\/index.php\/wp-json\/wp\/v2\/categories?post=539493"},{"taxonomy":"post_tag","embeddable":true,"href":"https:\/\/diarioelpopular.com\/index.php\/wp-json\/wp\/v2\/tags?post=539493"}],"curies":[{"name":"wp","href":"https:\/\/api.w.org\/{rel}","templated":true}]}}