{"id":539496,"date":"2025-12-23T10:45:56","date_gmt":"2025-12-23T14:45:56","guid":{"rendered":"https:\/\/diarioelpopular.com\/?p=539496"},"modified":"2025-12-23T10:45:56","modified_gmt":"2025-12-23T14:45:56","slug":"la-lucha-sin-cuartel-entre-facciones-recrudece-la-guerra-en-sinaloa-cuerpos-en-hieleras-y-un-aumento-de-homicidios","status":"publish","type":"post","link":"https:\/\/diarioelpopular.com\/index.php\/2025\/12\/23\/la-lucha-sin-cuartel-entre-facciones-recrudece-la-guerra-en-sinaloa-cuerpos-en-hieleras-y-un-aumento-de-homicidios\/","title":{"rendered":"La lucha sin cuartel entre facciones recrudece la guerra en Sinaloa: cuerpos en hieleras y un aumento de homicidios"},"content":{"rendered":"<div id=\"attachment_539497\" style=\"width: 1210px\" class=\"wp-caption alignnone\"><img loading=\"lazy\" decoding=\"async\" aria-describedby=\"caption-attachment-539497\" class=\"wp-image-539497 size-custom-big-size\" src=\"https:\/\/diarioelpopular.com\/wp-content\/uploads\/2025\/12\/Screen-Shot-2025-12-23-at-9.45.02-AM-1200x741.png\" alt=\"\" width=\"1200\" height=\"741\" srcset=\"https:\/\/diarioelpopular.com\/wp-content\/uploads\/2025\/12\/Screen-Shot-2025-12-23-at-9.45.02-AM-1200x741.png 1200w, https:\/\/diarioelpopular.com\/wp-content\/uploads\/2025\/12\/Screen-Shot-2025-12-23-at-9.45.02-AM-300x185.png 300w, https:\/\/diarioelpopular.com\/wp-content\/uploads\/2025\/12\/Screen-Shot-2025-12-23-at-9.45.02-AM-768x474.png 768w, https:\/\/diarioelpopular.com\/wp-content\/uploads\/2025\/12\/Screen-Shot-2025-12-23-at-9.45.02-AM-636x393.png 636w, https:\/\/diarioelpopular.com\/wp-content\/uploads\/2025\/12\/Screen-Shot-2025-12-23-at-9.45.02-AM-118x73.png 118w, https:\/\/diarioelpopular.com\/wp-content\/uploads\/2025\/12\/Screen-Shot-2025-12-23-at-9.45.02-AM.png 1024w\" sizes=\"auto, (max-width: 1200px) 100vw, 1200px\" \/><p id=\"caption-attachment-539497\" class=\"wp-caption-text\">Un agente de la Polic\u00eda Municipal de Culiac\u00e1n; Sinaloa, asesinado frente a su domicilio, el 1 de septiembre.\u00a0 \u00a0 \u00a0 \u00a0 \u00a0 \u00a0 \u00a0 \u00a0 \u00a0 \u00a0Foto M\u00f3nica Gonz\u00e1lez Islas<\/p><\/div>\n<p>&nbsp;<\/p>\n<p>&nbsp;<\/p>\n<ul>\n<li><em><strong>Los ataques se han intensificado y el Gobierno reconoce un reciente aumento de los homicidios mientras los hijos del Chapo y el Mayo luchan por el territorio<\/strong><\/em><\/li>\n<\/ul>\n<p>&nbsp;<\/p>\n<p class=\"\">El secuestro y la posterior entrega a las autoridades estadounidenses de Ismael\u00a0<i>El Mayo\u00a0<\/i>Zambada por parte de Joaqu\u00edn Guzm\u00e1n L\u00f3pez, hijo de su exsocio, el capo del narco Joaqu\u00edn\u00a0<i>El Chapo\u00a0<\/i>Guzm\u00e1n, en julio de 2024 en el aeropuerto de Santa Teresa, en El Paso (Texas), fue como una met\u00e1fora de la Teor\u00eda del Caos. Esta dice que una peque\u00f1a perturbaci\u00f3n, como el aleteo de una mariposa, puede causar efectos desproporcionados a miles de kil\u00f3metros de distancia.<\/p>\n<p class=\"\">Esta traici\u00f3n al interior del Cartel de Sinaloa deton\u00f3, apenas unos meses despu\u00e9s, en septiembre del a\u00f1o pasado, una guerra sin cuartel entre los herederos de los capos de\u00a0<a title=\"https:\/\/elpais.com\/mexico\/2025-08-26\/la-acusacion-de-ee-uu-contra-el-mayo-senala-que-el-imperio-del-cartel-de-sinaloa-se-beneficio-de-la-corrupcion-policial-judicial-y-politica-en-mexico.html\" href=\"https:\/\/elpais.com\/mexico\/2025-08-26\/la-acusacion-de-ee-uu-contra-el-mayo-senala-que-el-imperio-del-cartel-de-sinaloa-se-beneficio-de-la-corrupcion-policial-judicial-y-politica-en-mexico.html\" target=\"_self\" rel=\"\" data-link-track-dtm=\"\" data-mrf-link=\"https:\/\/elpais.com\/mexico\/2025-08-26\/la-acusacion-de-ee-uu-contra-el-mayo-senala-que-el-imperio-del-cartel-de-sinaloa-se-beneficio-de-la-corrupcion-policial-judicial-y-politica-en-mexico.html\">un imperio internacional de miles de millones de d\u00f3lares<\/a>\u00a0generados por el tr\u00e1fico de coca\u00edna, metanfetamina, fentanilo y otras drogas il\u00edcitas.<\/p>\n<p class=\"\">La guerra en ese Estado ha dejado un reguero de violencia y sangre que contin\u00faa un a\u00f1o despu\u00e9s, en el que se han registrado 1.824 asesinatos \u2014el triple del a\u00f1o anterior\u2014 y cerca de 800 desaparecidos. A pesar de contar cada vez con menos piezas importantes en el tablero, debido a los constantes golpes que Los Chapitos han recibido por parte del Gobierno Federal y la Administraci\u00f3n Trump en su guerra contra el narco, la violencia vuelve a arrecar en una regi\u00f3n que parece no recibir tregua.<\/p>\n<p class=\"\">Tres hieleras fueron dejadas la ma\u00f1ana del \u00faltimo domingo sobre el Libramiento Culiac\u00e1n, el paraje que rodea la capital de Sinaloa y que conecta a Mazatl\u00e1n con Los Mochis. Los contenedores, que normalmente traer\u00edan hielo y ser\u00edan usados para almacenar bebidas en fiestas, se usaron para colocar, pedazo por pedazo, el cuerpo de un hombre. Su cabeza, los brazos, sus manos, sus piernas, el torso. Todo seccionado como si se tratara de una escenograf\u00eda de pel\u00edculas de terror, pero esto es real.<\/p>\n<p class=\"\">La tradici\u00f3n marca que cada mes de diciembre inician las fiestas de Navidad y A\u00f1o Nuevo, pero en Sinaloa, particularmente en municipios como Culiac\u00e1n, Navolato, Eldorado, Elota, San Ignacio, Cosal\u00e1, Mazatl\u00e1n, Concordia y Escuinapa, eso ha tenido que esperar. En 22 d\u00edas, suman 126 personas asesinadas, entre ellas siete mujeres. Son datos recopilados por EL PA\u00cdS a partir de varias fuentes.<\/p>\n<p class=\"\">No solo se trata de personas dejadas en parajes, carreteras o dentro de domicilios, sino de enfrentamientos y operativos en distintos lugares, como los tres bloqueos carreteros en Escuinapa con enfrentamientos en zonas lim\u00edtrofes de Mazatl\u00e1n, la segunda capital tur\u00edstica m\u00e1s importante del noroeste de M\u00e9xico, por detr\u00e1s de Los Cabos, Baja California.<\/p>\n<p class=\"\">Este nuevo cap\u00edtulo de la guerra en Sinaloa ha hecho eco hasta el Palacio Nacional. Durante la conferencia <i>Ma\u00f1anera<\/i>\u00a0de este lunes, la presidenta, Claudia Sheinbaum, se ha referido a la escalada de violencia y ha admitido que este fin de semana aumentaron los homicidios dolosos, espec\u00edficamente en Escuinapa.<\/p>\n<p class=\"\">\u201cAyer [domingo] hubo, en particular en el sur de Sinaloa, estos bloqueos. Y hab\u00eda estado en un promedio de alrededor de 3,5 homicidios diarios y fue un fin de semana en donde subieron los homicidios\u201d, dijo. \u201cA los ni\u00f1os les han puesto pel\u00edculas infantiles en las pantallas del cami\u00f3n para que no vean las balaceras\u201d, relat\u00f3 Jos\u00e9 Mar\u00eda el 17 de diciembre, cuando viajaba en un autob\u00fas que qued\u00f3 en medio de bloqueos carreteros.<\/p>\n<p class=\"\">\u201cLe prendieron fuego a los tr\u00e1ileres y empez\u00f3 la balacera. Primero uno adelante y luego uno atr\u00e1s. Mejor el chofer se qued\u00f3 parado y nos dijo que cuando escuch\u00e1ramos balas nos agach\u00e1ramos\u201d. La mandataria manifest\u00f3 que Sinaloa ten\u00eda una situaci\u00f3n de \u201cmucha tranquilidad\u201d hasta la entrega de El Mayo a Estados Unidos y de la ruptura que sobrevino en el grupo delincuencial que opera en esa regi\u00f3n, provocada por esta situaci\u00f3n que, seg\u00fan Sheinbaum, no ha quedado clara con el Gobierno estadounidense.<\/p>\n<p class=\"\">La mandataria hizo una clara referencia al testimonio de Guzm\u00e1n L\u00f3pez, quien en su admisi\u00f3n de culpabilidad de dos cargos por narcotr\u00e1fico y crimen organizado en Chicago el pasado 1 de diciembre, le cont\u00f3 a la magistrada c\u00f3mo secuestr\u00f3 y entreg\u00f3 al capo de 77 a\u00f1os a la DEA y al FBI. El Mayo, que se mantuvo pr\u00f3fugo m\u00e1s de 50 a\u00f1os a pesar de contar con una recompensa sobre su cabeza de 15 millones de d\u00f3lares, nunca hab\u00eda pisado una prisi\u00f3n durante su vida criminal. En el documento, el narco de 39 a\u00f1os asegura que el Gobierno de Estados Unidos \u201cno solicit\u00f3, indujo, sancion\u00f3, aprob\u00f3 ni condon\u00f3 el secuestro\u201d.<\/p>\n<p class=\"\">El testimonio de Guzm\u00e1n L\u00f3pez ha revivido varias inc\u00f3gnitas y ha puesto bajo el escrutinio la intervenci\u00f3n de Estados Unidos en dicha operaci\u00f3n. Esto, a pesar de que la Casa Blanca ha negado cualquier tipo de participaci\u00f3n y en Palacio Nacional, en M\u00e9xico, tanto\u00a0<a title=\"https:\/\/elpais.com\/mexico\/2024-08-09\/lopez-obrador-presiona-a-estados-unidos-en-el-caso-zambada-no-han-dado-suficiente-informacion.html\" href=\"https:\/\/elpais.com\/mexico\/2024-08-09\/lopez-obrador-presiona-a-estados-unidos-en-el-caso-zambada-no-han-dado-suficiente-informacion.html\" target=\"_self\" rel=\"\" data-link-track-dtm=\"\" data-mrf-link=\"https:\/\/elpais.com\/mexico\/2024-08-09\/lopez-obrador-presiona-a-estados-unidos-en-el-caso-zambada-no-han-dado-suficiente-informacion.html\">el Gobierno anterior<\/a>\u00a0como\u00a0<a title=\"https:\/\/elpais.com\/mexico\/2025-12-02\/la-nueva-fiscalia-de-sheinbaum-insiste-en-la-extradicion-de-alvarez-puga.html\" href=\"https:\/\/elpais.com\/mexico\/2025-12-02\/la-nueva-fiscalia-de-sheinbaum-insiste-en-la-extradicion-de-alvarez-puga.html\" target=\"_self\" rel=\"\" data-link-track-dtm=\"\" data-mrf-link=\"https:\/\/elpais.com\/mexico\/2025-12-02\/la-nueva-fiscalia-de-sheinbaum-insiste-en-la-extradicion-de-alvarez-puga.html\">el actual<\/a>\u00a0han insistido en que es Washington quien debe dar respuestas.<\/p>\n<p class=\"\">Desde entonces, el Estado norte\u00f1o ha sido rebasado por la guerra entre dos familias del crimen organizado. Los festejos por el\u00a0<a href=\"https:\/\/elpais.com\/mexico\/2025-09-14\/fiestas-patrias-2025-las-celebraciones-por-el-grito-de-independencia-en-ciudad-de-mexico.html\" target=\"_blank\" rel=\"noopener\">D\u00eda de la Independencia<\/a>, en septiembre pasado, fueron cancelados por segundo a\u00f1o consecutivo como legado de las balaceras, homicidios y quema de establecimientos ocurridos desde hace m\u00e1s de un a\u00f1o.<\/p>\n<p class=\"\">La Fiscal\u00eda General del Estado inform\u00f3 que hubo 109 asesinatos en noviembre; en octubre, 130; septiembre, 121; agosto, 119; en julio, 170. La tendencia indicaba un decrecimiento. \u201cLa disminuci\u00f3n de homicidios es positiva\u201d, dijo el gobernador Rub\u00e9n Rocha Moya.<\/p>\n<p class=\"\">Sin embargo, a ocho d\u00edas de que termine el 2025 ya suman 126 asesinatos, lo que marcar\u00e1 el tercer a\u00f1o m\u00e1s sanguinario de la historia reciente de Sinaloa, equiparable a las \u00e9pocas de la llamada\u00a0<i>guerra contra las drogas<\/i>\u00a0durante el sexenio de Felipe Calder\u00f3n.<\/p>\n<p class=\"\">El fuego cruzado entre las facciones tambi\u00e9n ha generado un pico de desapariciones en el \u00faltimo a\u00f1o con un patr\u00f3n dominante: hombre, de hasta 40 a\u00f1os y de Culiac\u00e1n. Ha habido al menos 3.304 personas desaparecidas en un periodo de 15 meses, de acuerdo con datos de la Fiscal\u00eda General del Estado obtenidos v\u00eda transparencia. Es informaci\u00f3n que permite reconocer tambi\u00e9n que las v\u00edctimas principales son personas j\u00f3venes de zonas urbanas.<\/p>\n<p class=\"\">Solo en 2025 ya suman hasta 2.398 casos, de los que 393 mujeres, 1.997 hombres y ocho personas de las que no se especific\u00f3 sexo, pero m\u00e1s del 60% de los casos corresponde a personas de entre 18 y 39 a\u00f1os. En 2024 se registraron 1.269 casos, mientras que en 2023, 925. En apenas dos a\u00f1os, pr\u00e1cticamente se han triplicado los casos y los registros superan a los de personas asesinadas.<\/p>\n<p class=\"\">La batalla no ha cedido a pesar de que Los Chapitos est\u00e1n contra las cueras.\u00a0<a title=\"https:\/\/elpais.com\/mexico\/2025-02-21\/mexico-estrecha-el-cerco-sobre-los-chapitos.html\" href=\"https:\/\/elpais.com\/mexico\/2025-02-21\/mexico-estrecha-el-cerco-sobre-los-chapitos.html\" target=\"_self\" rel=\"\" data-link-track-dtm=\"\" data-mrf-link=\"https:\/\/elpais.com\/mexico\/2025-02-21\/mexico-estrecha-el-cerco-sobre-los-chapitos.html\">Presos, liquidados, extraditados a Estados Unidos o entregados voluntariamente a la justicia del pa\u00eds vecino<\/a>\u00a0como parte de acuerdos para reducir condenas o evitar aranceles, esa\u00a0<a title=\"https:\/\/elpais.com\/mexico\/2025-05-27\/la-muerte-de-la-perris-en-sinaloa-acelera-la-decadencia-de-los-chapitos.html\" href=\"https:\/\/elpais.com\/mexico\/2025-05-27\/la-muerte-de-la-perris-en-sinaloa-acelera-la-decadencia-de-los-chapitos.html\" target=\"_self\" rel=\"\" data-link-track-dtm=\"\" data-mrf-link=\"https:\/\/elpais.com\/mexico\/2025-05-27\/la-muerte-de-la-perris-en-sinaloa-acelera-la-decadencia-de-los-chapitos.html\">facci\u00f3n del Cartel de Sinaloa ve con preocupaci\u00f3n una posible desaparici\u00f3n<\/a>. Solo dos de sus l\u00edderes, Iv\u00e1n Archivaldo Guzm\u00e1n y su hermano Jes\u00fas Alfredo, sobreviven pr\u00f3fugos, cada vez m\u00e1s cercados por el gabinete de seguridad mexicano, que d\u00eda tras d\u00eda anuncia nuevas capturas y muertes de los narcotraficantes a los que Washington identific\u00f3 como uno de los principales culpables del boom del fentanilo.<\/p>\n","protected":false},"excerpt":{"rendered":"<p>&nbsp; &nbsp; Los ataques se han intensificado y el Gobierno reconoce un reciente aumento de los homicidios mientras los hijos del Chapo y el Mayo&hellip;<\/p>\n","protected":false},"author":99,"featured_media":539497,"comment_status":"open","ping_status":"open","sticky":false,"template":"","format":"standard","meta":{"footnotes":""},"categories":[23],"tags":[],"class_list":["post-539496","post","type-post","status-publish","format-standard","has-post-thumbnail","hentry","category-latinoamerica"],"_links":{"self":[{"href":"https:\/\/diarioelpopular.com\/index.php\/wp-json\/wp\/v2\/posts\/539496","targetHints":{"allow":["GET"]}}],"collection":[{"href":"https:\/\/diarioelpopular.com\/index.php\/wp-json\/wp\/v2\/posts"}],"about":[{"href":"https:\/\/diarioelpopular.com\/index.php\/wp-json\/wp\/v2\/types\/post"}],"author":[{"embeddable":true,"href":"https:\/\/diarioelpopular.com\/index.php\/wp-json\/wp\/v2\/users\/99"}],"replies":[{"embeddable":true,"href":"https:\/\/diarioelpopular.com\/index.php\/wp-json\/wp\/v2\/comments?post=539496"}],"version-history":[{"count":1,"href":"https:\/\/diarioelpopular.com\/index.php\/wp-json\/wp\/v2\/posts\/539496\/revisions"}],"predecessor-version":[{"id":539498,"href":"https:\/\/diarioelpopular.com\/index.php\/wp-json\/wp\/v2\/posts\/539496\/revisions\/539498"}],"wp:featuredmedia":[{"embeddable":true,"href":"https:\/\/diarioelpopular.com\/index.php\/wp-json\/wp\/v2\/media\/539497"}],"wp:attachment":[{"href":"https:\/\/diarioelpopular.com\/index.php\/wp-json\/wp\/v2\/media?parent=539496"}],"wp:term":[{"taxonomy":"category","embeddable":true,"href":"https:\/\/diarioelpopular.com\/index.php\/wp-json\/wp\/v2\/categories?post=539496"},{"taxonomy":"post_tag","embeddable":true,"href":"https:\/\/diarioelpopular.com\/index.php\/wp-json\/wp\/v2\/tags?post=539496"}],"curies":[{"name":"wp","href":"https:\/\/api.w.org\/{rel}","templated":true}]}}