{"id":539532,"date":"2025-12-24T11:02:45","date_gmt":"2025-12-24T15:02:45","guid":{"rendered":"https:\/\/diarioelpopular.com\/?p=539532"},"modified":"2025-12-24T11:02:45","modified_gmt":"2025-12-24T15:02:45","slug":"cual-es-el-origen-de-las-crecientes-tensiones-entre-el-papa-leon-xiv-y-el-gobierno-de-donald-trump","status":"publish","type":"post","link":"https:\/\/diarioelpopular.com\/index.php\/2025\/12\/24\/cual-es-el-origen-de-las-crecientes-tensiones-entre-el-papa-leon-xiv-y-el-gobierno-de-donald-trump\/","title":{"rendered":"Cu\u00e1l es el origen de las crecientes tensiones entre el papa Le\u00f3n XIV y el gobierno de Donald Trump"},"content":{"rendered":"<div id=\"attachment_539533\" style=\"width: 646px\" class=\"wp-caption alignnone\"><img loading=\"lazy\" decoding=\"async\" aria-describedby=\"caption-attachment-539533\" class=\"wp-image-539533 size-custom-full-size\" src=\"https:\/\/diarioelpopular.com\/wp-content\/uploads\/2025\/12\/Screen-Shot-2025-12-24-at-10.02.04-AM-636x431.png\" alt=\"\" width=\"636\" height=\"431\" srcset=\"https:\/\/diarioelpopular.com\/wp-content\/uploads\/2025\/12\/Screen-Shot-2025-12-24-at-10.02.04-AM-636x431.png 636w, https:\/\/diarioelpopular.com\/wp-content\/uploads\/2025\/12\/Screen-Shot-2025-12-24-at-10.02.04-AM-300x203.png 300w, https:\/\/diarioelpopular.com\/wp-content\/uploads\/2025\/12\/Screen-Shot-2025-12-24-at-10.02.04-AM-768x521.png 768w, https:\/\/diarioelpopular.com\/wp-content\/uploads\/2025\/12\/Screen-Shot-2025-12-24-at-10.02.04-AM-80x55.png 80w, https:\/\/diarioelpopular.com\/wp-content\/uploads\/2025\/12\/Screen-Shot-2025-12-24-at-10.02.04-AM-108x73.png 108w, https:\/\/diarioelpopular.com\/wp-content\/uploads\/2025\/12\/Screen-Shot-2025-12-24-at-10.02.04-AM.png 858w\" sizes=\"auto, (max-width: 636px) 100vw, 636px\" \/><p id=\"caption-attachment-539533\" class=\"wp-caption-text\">El papa Le\u00f3n XIV ha criticado la pol\u00edtica migratoria del gobierno de Trump.<\/p><\/div>\n<p>&nbsp;<\/p>\n<p>&nbsp;<\/p>\n<div class=\"css-1k9op6x e17x9cvu0\" dir=\"ltr\">\n<ul>\n<li class=\"css-s4cjt0 e1yuyadm0\" dir=\"ltr\"><em><b>Jesse Romero, presentador de un podcast cat\u00f3lico conservador, dedica unas palabras mordaces para el papa Le\u00f3n XIV.<\/b><\/em><\/li>\n<\/ul>\n<\/div>\n<div class=\"css-1k9op6x e17x9cvu0\" dir=\"ltr\">\n<p dir=\"ltr\">\n<p class=\"css-s4cjt0 e1yuyadm0\" dir=\"ltr\">&#8220;El Papa deber\u00eda decirnos c\u00f3mo llegar al cielo. No tiene autoridad sobre el gobierno; tiene que mantenerse en su carril&#8221;.<\/p>\n<\/div>\n<div class=\"css-1k9op6x e17x9cvu0\" dir=\"ltr\">\n<p class=\"css-s4cjt0 e1yuyadm0\" dir=\"ltr\">Como partidario de Donald Trump, Romero est\u00e1 enojado por las cr\u00edticas del Papa de origen estadounidense y los obispos de Estados Unidos a la pol\u00edtica de muchas deportaciones masivas e injustas del presidente.<\/p>\n<\/div>\n<div class=\"css-1k9op6x e17x9cvu0\" dir=\"ltr\">\n<p class=\"css-s4cjt0 e1yuyadm0\" dir=\"ltr\">Dado que uno de cada cinco estadounidenses se identifica como cat\u00f3lico, la Iglesia desempe\u00f1a un papel importante en la vida y la pol\u00edtica de Estados Unidos.<\/p>\n<\/div>\n<div class=\"css-1k9op6x e17x9cvu0\" dir=\"ltr\">\n<p class=\"css-s4cjt0 e1yuyadm0\" dir=\"ltr\">Cat\u00f3licos como el vicepresidente JD Vance y el influyente activista legal Leonard Leo fueron una parte importante del \u00e9xito electoral de Donald Trump. Los cat\u00f3licos tambi\u00e9n est\u00e1n en el coraz\u00f3n del gabinete de Trump, con el secretario de Estado, Marco Rubio, y la secretaria de Educaci\u00f3n, Linda McMahon, en cargos clave.<\/p>\n<\/div>\n<section class=\"css-1s6hekm\" role=\"region\" aria-label=\"Publicidad 2\" aria-hidden=\"true\" data-e2e=\"advertisement\">\n<div id=\"dotcom-mpu\" class=\"dotcom-ad active\" aria-hidden=\"true\">\n<div class=\"dotcom-ad-inner\"><\/div>\n<\/div>\n<\/section>\n<div class=\"css-1k9op6x e17x9cvu0\" dir=\"ltr\">\n<p class=\"css-s4cjt0 e1yuyadm0\" dir=\"ltr\">Sin embargo, el tema de la inmigraci\u00f3n se ha convertido en una l\u00ednea de fractura entre el liderazgo de la Iglesia y el gobierno, as\u00ed como entre los propios feligreses.<\/p>\n<\/div>\n<div class=\"css-1k9op6x e17x9cvu0\" dir=\"ltr\">\n<p class=\"css-s4cjt0 e1yuyadm0\" dir=\"ltr\">Cuando los cardenales se reunieron en el c\u00f3nclave papal en mayo, Romero esperaba un &#8220;Papa al estilo de Trump&#8221;, con una perspectiva similar a la del presidente. En su lugar, el papa Le\u00f3n XIV ha expresado repetidamente su preocupaci\u00f3n por el mal trato que reciben los migrantes en EE.UU. y en noviembre pidi\u00f3 una &#8220;profunda reflexi\u00f3n&#8221; sobre el asunto. El pont\u00edfice evoc\u00f3 el evangelio de Mateo: &#8220;Jes\u00fas dice muy claramente que, al final del mundo, se nos preguntar\u00e1: &#8216;\u00bfC\u00f3mo recibiste al extranjero?'&#8221;.<\/p>\n<\/div>\n<div class=\"css-1k9op6x e17x9cvu0\" dir=\"ltr\">\n<p class=\"css-s4cjt0 e1yuyadm0\" dir=\"ltr\">Una semana despu\u00e9s, la Conferencia de Obispos Cat\u00f3licos de los Estados Unidos (USCCB, por sus siglas en ingl\u00e9s) emiti\u00f3 un inusual &#8220;Mensaje Especial&#8221; en el que expres\u00f3 su &#8220;preocupaci\u00f3n por la situaci\u00f3n en evoluci\u00f3n que afecta a los inmigrantes en los Estados Unidos&#8221;.<\/p>\n<\/div>\n<div class=\"css-1k9op6x e17x9cvu0\" dir=\"ltr\">\n<p class=\"css-s4cjt0 e1yuyadm0\" dir=\"ltr\">Los obispos dijeron estar &#8220;inquietos&#8221; por lo que llamaron &#8220;un clima de miedo y ansiedad&#8221;. A\u00f1adieron que se &#8220;oponen a la deportaci\u00f3n masiva, abusiva e indiscriminada de personas&#8221; y &#8220;rezan por el fin de la ret\u00f3rica deshumanizante y la violencia&#8221;.<\/p>\n<\/div>\n<div class=\"css-1k9op6x e17x9cvu0\" dir=\"ltr\">\n<p class=\"css-s4cjt0 e1yuyadm0\" dir=\"ltr\">Fue una intervenci\u00f3n significativa, la primera vez que la USCCB emit\u00eda un comunicado de este tipo en doce a\u00f1os. Cont\u00f3 con el respaldo del Papa, que calific\u00f3 la declaraci\u00f3n de &#8220;muy importante&#8221; e inst\u00f3 a todos los cat\u00f3licos y a las &#8220;personas de buena voluntad a reflexionar y escucharla atentamente&#8221;.<\/p>\n<p dir=\"ltr\">\n<\/div>\n<figure class=\"css-1qn0xuy\">\n<div class=\"css-1jir9cx\">\n<div style=\"width: 1034px\" class=\"wp-caption alignnone\"><img loading=\"lazy\" decoding=\"async\" class=\"css-1seqhu9\" src=\"https:\/\/ichef.bbci.co.uk\/ace\/ws\/640\/cpsprodpb\/f707\/live\/52ba7590-d9a8-11f0-a8dc-93c15fe68710.jpg.webp\" alt=\"Agentes de ICE en un operativo en el barrio de Little Village de Chicago, donde viven muchos mexicanos.\" width=\"1024\" height=\"683\" \/><p class=\"wp-caption-text\">Fuente de la imagen,Getty Images. Chicago ha sido uno de los escenarios de las redadas contra inmigrantes del gobierno de Trump.<\/p><\/div>\n<p class=\"css-by8ykd\" role=\"text\">\n<\/div>\n<\/figure>\n<div class=\"css-1k9op6x e17x9cvu0\" dir=\"ltr\">\n<h2 id=\"Buscar-pelea-con-el-papa\" class=\"css-jtxtr9 emoh99e1\" tabindex=\"-1\">&#8220;Buscar pelea&#8221; con el papa<\/h2>\n<\/div>\n<div class=\"css-1k9op6x e17x9cvu0\" dir=\"ltr\">\n<p class=\"css-s4cjt0 e1yuyadm0\" dir=\"ltr\">&#8220;Creo que la relaci\u00f3n es bastante tensa&#8221;, afirma David Gibson, director del Centro de Religi\u00f3n y Cultura de la Universidad de Fordham.<\/p>\n<\/div>\n<div class=\"css-1k9op6x e17x9cvu0\" dir=\"ltr\">\n<p class=\"css-s4cjt0 e1yuyadm0\" dir=\"ltr\">Seg\u00fan Gibson, los conservadores esperaban que el Papa Le\u00f3n trajera un cambio respecto al enfoque de su predecesor, el papa Francisco, en temas de justicia social y migraci\u00f3n. &#8220;Muchos de ellos est\u00e1n enojados. Quieren decirle a la Iglesia que se calle&#8221; y que se limite a temas como el aborto&#8221;, dice Gibson.<\/p>\n<\/div>\n<div class=\"css-1k9op6x e17x9cvu0\" dir=\"ltr\">\n<p class=\"css-s4cjt0 e1yuyadm0\" dir=\"ltr\">El zar de la frontera de la Casa Blanca, Tom Homan \u2014\u00e9l mismo cat\u00f3lico\u2014, ha dicho que la Iglesia &#8220;se equivoca&#8221; y que sus l\u00edderes &#8220;necesitan dedicar tiempo a arreglar la Iglesia cat\u00f3lica&#8221;. Y en octubre, la secretaria de prensa de la Casa Blanca, Karoline Leavitt, rechaz\u00f3 los comentarios del Papa nacido en Chicago que parec\u00edan insinuar que el trato de EE.UU. a los inmigrantes era &#8220;inhumano&#8221; y no alineado con las creencias &#8220;provida&#8221;.<\/p>\n<\/div>\n<div class=\"css-1k9op6x e17x9cvu0\" dir=\"ltr\">\n<p class=\"css-s4cjt0 e1yuyadm0\" dir=\"ltr\">Gibson cree que el c\u00e1lculo del gobierno &#8220;es que hay suficientes cat\u00f3licos estadounidenses, especialmente cat\u00f3licos blancos, que apoyan al Partido Republicano y a Donald Trump, que al final le resulta pol\u00edticamente beneficioso buscar pelea con el Papa. Ese es un c\u00e1lculo sin precedentes&#8221;.<\/p>\n<\/div>\n<div class=\"css-1k9op6x e17x9cvu0\" dir=\"ltr\">\n<p class=\"css-s4cjt0 e1yuyadm0\" dir=\"ltr\">Casi el 60% de los cat\u00f3licos blancos aprueban c\u00f3mo est\u00e1 manejando la inmigraci\u00f3n Donald Trump, seg\u00fan un nuevo estudio del centro de pensamiento Public Religion Research Institute. Esa cifra ronda el 30% para los hispanos, quienes representan el 37% de la poblaci\u00f3n cat\u00f3lica de los EE.UU.<\/p>\n<p dir=\"ltr\">\n<\/div>\n<figure class=\"css-1qn0xuy\">\n<div class=\"css-1jir9cx\">\n<div style=\"width: 1034px\" class=\"wp-caption alignnone\"><img loading=\"lazy\" decoding=\"async\" class=\"css-1seqhu9\" src=\"https:\/\/ichef.bbci.co.uk\/ace\/ws\/640\/cpsprodpb\/8d56\/live\/8d045590-d9a8-11f0-b67b-690eb873de1b.jpg.webp\" alt=\"El vicepresidente de Estados Unidos, JD Vance, habla tras un atril en un acto con cat\u00f3licos en Washington\" width=\"1024\" height=\"683\" \/><p class=\"wp-caption-text\">Fuente de la imagen, Getty Images. El vicepresidente JD Vance se convirti\u00f3 al catolicismo y ha hablado de c\u00f3mo su nueva fe afect\u00f3 a su manera de entender la pol\u00edtica.<\/p><\/div>\n<p class=\"css-by8ykd\" role=\"text\">\n<\/div>\n<\/figure>\n<div class=\"css-1k9op6x e17x9cvu0\" dir=\"ltr\">\n<p dir=\"ltr\">\n<p class=\"css-s4cjt0 e1yuyadm0\" dir=\"ltr\">El creciente poder y la prominencia de los cat\u00f3licos de extrema derecha en la esfera pol\u00edtica tienen uno de sus m\u00e1s destacados ejemplos en JD Vance, un converso a la fe cat\u00f3lica que afirma que esta ha moldeado su visi\u00f3n pol\u00edtica. Aunque ha argumentado que la pol\u00edtica actual no contradice las ense\u00f1anzas de la Iglesia, tambi\u00e9n ha dicho que existe la responsabilidad de recordar la humanidad de las personas que se encuentran ilegalmente en el pa\u00eds.<\/p>\n<\/div>\n<div class=\"css-1k9op6x e17x9cvu0\" dir=\"ltr\">\n<p class=\"css-s4cjt0 e1yuyadm0\" dir=\"ltr\">Sin embargo, algunos cat\u00f3licos aseguran que eso es mentira y no es lo que sucede actualmente. Jeanne Rattenbury es feligresa de la iglesia cat\u00f3lica St. Gertrude en Chicago. La ciudad ha sido uno de los focos de las medidas represivas de control migratorio del gobierno de Trump.<\/p>\n<\/div>\n<div class=\"css-1k9op6x e17x9cvu0\" dir=\"ltr\">\n<p class=\"css-s4cjt0 e1yuyadm0\" dir=\"ltr\">Rattenbury particip\u00f3 en noviembre en una misa que congreg\u00f3 a 2.000 personas frente a un centro de detenci\u00f3n de ICE en el vecindario de Broadview, en Chicago. La &#8220;Misa del Pueblo&#8221; fue una de una serie de acciones de la Coalici\u00f3n para el Liderazgo Espiritual y P\u00fablico (CSPL, por sus siglas en ingl\u00e9s). El objetivo, dice ella, &#8220;era llevar la comuni\u00f3n a las personas que est\u00e1n dentro, brindarles asistencia espiritual, que es algo que antes se permit\u00eda y que ahora se proh\u00edbe&#8221;.<\/p>\n<\/div>\n<div class=\"css-1k9op6x e17x9cvu0\" dir=\"ltr\">\n<p class=\"css-s4cjt0 e1yuyadm0\" dir=\"ltr\">La CSPL ha presentado ahora una demanda federal alegando que se le impidi\u00f3 brindar ministerio religioso.<\/p>\n<\/div>\n<div class=\"css-1k9op6x e17x9cvu0\" dir=\"ltr\">\n<p class=\"css-s4cjt0 e1yuyadm0\" dir=\"ltr\">&#8220;Me siento orgullosa de ser cat\u00f3lica cuando la Iglesia cat\u00f3lica, desde el Papa hasta los obispos, dice que los inmigrantes tienen derecho a ser tratados con dignidad y respeto. Tienen derecho a que se respete su dignidad humana inherente&#8221;, afirma Rattenbury.<\/p>\n<\/div>\n<div class=\"css-1k9op6x e17x9cvu0\" dir=\"ltr\">\n<p class=\"css-s4cjt0 e1yuyadm0\" dir=\"ltr\">Tal es la fuerza de este sentimiento que una iglesia cerca de Boston ha utilizado su pesebre navide\u00f1o para enfatizar el punto de que Jes\u00fas fue un refugiado. La parroquia de Santa Susana en Dedham, en Massachusetts, reemplaz\u00f3 la figura del ni\u00f1o Jes\u00fas con un letrero pintado a mano que dec\u00eda: &#8220;ICE estuvo aqu\u00ed&#8221;.<\/p>\n<\/div>\n<div class=\"css-1k9op6x e17x9cvu0\" dir=\"ltr\">\n<p class=\"css-s4cjt0 e1yuyadm0\" dir=\"ltr\">Algunos miembros de la comunidad se han quejado, y la Archdi\u00f3cesis de Boston orden\u00f3 que se retirara la exhibici\u00f3n, argumentando que era divisiva y contraven\u00eda las normas sobre objetos sagrados. Hasta ahora, la iglesia no lo ha hecho.<\/p>\n<\/div>\n<div class=\"css-1k9op6x e17x9cvu0\" dir=\"ltr\">\n<p class=\"css-s4cjt0 e1yuyadm0\" dir=\"ltr\">Si bien muchos cat\u00f3licos de EE.UU. mantienen posiciones conservadoras en temas como el aborto, en sinton\u00eda con la Iglesia, tambi\u00e9n es m\u00e1s probable que se consideren progresistas en comparaci\u00f3n con los cristianos evang\u00e9licos blancos, quienes votaron abrumadoramente por los republicanos en las \u00faltimas tres elecciones. Por otro lado, alrededor de un tercio de los cat\u00f3licos blancos han votado repetidamente por el Partido Dem\u00f3crata.<\/p>\n<\/div>\n<div class=\"css-1k9op6x e17x9cvu0\" dir=\"ltr\">\n<p class=\"css-s4cjt0 e1yuyadm0\" dir=\"ltr\">Y casi un tercio de los cat\u00f3licos en los EE.UU. nacieron en otros pa\u00edses. &#8220;Esta es una iglesia que se construy\u00f3 sobre la inmigraci\u00f3n&#8221;, afirma David Gibson. &#8220;La identidad cat\u00f3lica en los Estados Unidos es la de una iglesia de inmigrantes&#8221;.<\/p>\n<p dir=\"ltr\">\n<\/div>\n<figure class=\"css-1qn0xuy\">\n<div class=\"css-1jir9cx\">\n<div style=\"width: 1034px\" class=\"wp-caption alignnone\"><img loading=\"lazy\" decoding=\"async\" class=\"css-1seqhu9\" src=\"https:\/\/ichef.bbci.co.uk\/ace\/ws\/640\/cpsprodpb\/57b9\/live\/a0c01a50-d9a9-11f0-aae2-2191c0e48a3b.jpg.webp\" alt=\"Un manifestante a la entrada del centro de detenci\u00f3n de ICE en Broadview, Illinois, sujeta una pancarta que dice en ingl\u00e9s: &quot;Jes\u00fas no har\u00eda esto&quot;.\" width=\"1024\" height=\"683\" \/><p class=\"wp-caption-text\">Fuente de la imagen,Getty Images. Los cl\u00e9rigos han denunciado que se le impide dar la eucarist\u00eda en un centro de detenci\u00f3n de inmigrantes de Illinois.<\/p><\/div>\n<p class=\"css-by8ykd\" role=\"text\">\n<\/div>\n<\/figure>\n<div class=\"css-1k9op6x e17x9cvu0\" dir=\"ltr\">\n<h2 id=\"Contrario-al-evangelio\" class=\"css-jtxtr9 emoh99e1\" tabindex=\"-1\">&#8220;Contrario al evangelio&#8221;<\/h2>\n<\/div>\n<div class=\"css-1k9op6x e17x9cvu0\" dir=\"ltr\">\n<p class=\"css-s4cjt0 e1yuyadm0\" dir=\"ltr\">El obispo Joseph Tyson de Yakima, en el estado de Washington, fue uno de los 216 que apoyaron el &#8220;Mensaje Especial&#8221; de la USCCB. Solo cinco obispos votaron en contra y tres se abstuvieron.<\/p>\n<\/div>\n<div class=\"css-1k9op6x e17x9cvu0\" dir=\"ltr\">\n<p class=\"css-s4cjt0 e1yuyadm0\" dir=\"ltr\">&#8220;Existe un desacuerdo fundamental entre c\u00f3mo la Iglesia ve a los inmigrantes en nuestras parroquias y c\u00f3mo el gobierno actual ve a los inmigrantes&#8221;.<\/p>\n<\/div>\n<div class=\"css-1k9op6x e17x9cvu0\" dir=\"ltr\">\n<p class=\"css-s4cjt0 e1yuyadm0\" dir=\"ltr\">&#8220;Vemos muchos m\u00e1s aspectos positivos en esos inmigrantes&#8221;.<\/p>\n<\/div>\n<div class=\"css-1k9op6x e17x9cvu0\" dir=\"ltr\">\n<p class=\"css-s4cjt0 e1yuyadm0\" dir=\"ltr\">Afirma que no est\u00e1 abogando por fronteras abiertas, algo que tambi\u00e9n ha se\u00f1alado el Papa, sino que est\u00e1 en contra de la &#8220;deportaci\u00f3n indiscriminada&#8221;.<\/p>\n<\/div>\n<div class=\"css-1k9op6x e17x9cvu0\" dir=\"ltr\">\n<p class=\"css-s4cjt0 e1yuyadm0\" dir=\"ltr\">&#8220;Las deportaciones de nuestros feligreses y de nuestra gente que estamos viendo en Estados Unidos no son quir\u00fargicas ni est\u00e1n dirigidas a criminales&#8221;, afirma el obispo.<\/p>\n<\/div>\n<div class=\"css-1k9op6x e17x9cvu0\" dir=\"ltr\">\n<p class=\"css-s4cjt0 e1yuyadm0\" dir=\"ltr\">Estima que alrededor de la mitad de las familias en su di\u00f3cesis, predominantemente hispanas, tienen a alguien en su hogar que enfrenta alg\u00fan tipo de problema con su estatus migratorio. Los sacerdotes tambi\u00e9n suelen ser inmigrantes, lo que sit\u00faa a la Iglesia en una posici\u00f3n cada vez m\u00e1s precaria.<\/p>\n<\/div>\n<div class=\"css-1k9op6x e17x9cvu0\" dir=\"ltr\">\n<p class=\"css-s4cjt0 e1yuyadm0\" dir=\"ltr\">El obispo Tyson dice que m\u00e1s de un tercio del clero que ha ordenado ha tenido en alg\u00fan momento una visa temporal antes de obtener la tarjeta verde (green card), un proceso que en el clima actual puede sentirse incierto.<\/p>\n<\/div>\n<div class=\"css-1k9op6x e17x9cvu0\" dir=\"ltr\">\n<p class=\"css-s4cjt0 e1yuyadm0\" dir=\"ltr\">&#8220;Tengo un seminarista en el \u00e1rea de Chicago. Tiene una visa T, pero el ICE se present\u00f3 y \u00e9l ten\u00eda miedo de que lo detuvieran&#8221;, relat\u00f3. &#8220;A cualquiera se le puede revocar su documentaci\u00f3n, por lo que hacemos que nuestros hombres lleven sus papeles consigo en todo momento&#8221;.<\/p>\n<\/div>\n<div class=\"css-1k9op6x e17x9cvu0\" dir=\"ltr\">\n<p class=\"css-s4cjt0 e1yuyadm0\" dir=\"ltr\">El obispo Tyson sostiene que la pol\u00edtica actual de EE.UU. va en contra de la ense\u00f1anza cat\u00f3lica.<\/p>\n<\/div>\n<div class=\"css-1k9op6x e17x9cvu0\" dir=\"ltr\">\n<p class=\"css-s4cjt0 e1yuyadm0\" dir=\"ltr\">&#8220;Deber\u00eda pesar mucho en la conciencia de los cat\u00f3licos con cargos p\u00fablicos que apoyan la deportaci\u00f3n indiscriminada. Es inconsistente con el Evangelio de la Vida&#8221;.<\/p>\n<\/div>\n<div class=\"css-1k9op6x e17x9cvu0\" dir=\"ltr\">\n<p class=\"css-s4cjt0 e1yuyadm0\" dir=\"ltr\">Para Jesse Romero, sin embargo, son los obispos estadounidenses y el Papa quienes van en contra de la doctrina cat\u00f3lica. Sostiene que el Catecismo es claro en que los inmigrantes deben cumplir todas las leyes, incluidas aquellas sobre su permanencia legal en el pa\u00eds.<\/p>\n<\/div>\n<div class=\"css-1k9op6x e17x9cvu0\" dir=\"ltr\">\n<p class=\"css-s4cjt0 e1yuyadm0\" dir=\"ltr\">&#8220;Tenemos una gran cantidad de obispos en la Iglesia cat\u00f3lica de Estados Unidos que tienen una visi\u00f3n m\u00e1s moderna, liberal y progresista de las Escrituras y la teolog\u00eda&#8221;.<\/p>\n<\/div>\n<div class=\"css-1k9op6x e17x9cvu0\" dir=\"ltr\">\n<p class=\"css-s4cjt0 e1yuyadm0\" dir=\"ltr\">Romero dice que reza por su conversi\u00f3n. Aunque acepta al Papa y a los obispos como l\u00edderes de la fe, a\u00f1ade: &#8220;Eso no significa que en sus opiniones privadas vayan a acertar en todo. Son hombres&#8221;.<\/p>\n<\/div>\n<div class=\"css-1k9op6x e17x9cvu0\" dir=\"ltr\">\n<p class=\"css-s4cjt0 e1yuyadm0\" dir=\"ltr\">&#8220;La \u00fanica persona sin pecado es Jes\u00fas. \u00c9l es perfecto. Todos los dem\u00e1s tenemos que rezar los unos por los otros&#8221;.<\/p>\n<\/div>\n","protected":false},"excerpt":{"rendered":"<p>&nbsp; &nbsp; Jesse Romero, presentador de un podcast cat\u00f3lico conservador, dedica unas palabras mordaces para el papa Le\u00f3n XIV. &#8220;El Papa deber\u00eda decirnos c\u00f3mo llegar&hellip;<\/p>\n","protected":false},"author":99,"featured_media":539533,"comment_status":"open","ping_status":"open","sticky":false,"template":"","format":"standard","meta":{"footnotes":""},"categories":[24],"tags":[],"class_list":["post-539532","post","type-post","status-publish","format-standard","has-post-thumbnail","hentry","category-mundo"],"_links":{"self":[{"href":"https:\/\/diarioelpopular.com\/index.php\/wp-json\/wp\/v2\/posts\/539532","targetHints":{"allow":["GET"]}}],"collection":[{"href":"https:\/\/diarioelpopular.com\/index.php\/wp-json\/wp\/v2\/posts"}],"about":[{"href":"https:\/\/diarioelpopular.com\/index.php\/wp-json\/wp\/v2\/types\/post"}],"author":[{"embeddable":true,"href":"https:\/\/diarioelpopular.com\/index.php\/wp-json\/wp\/v2\/users\/99"}],"replies":[{"embeddable":true,"href":"https:\/\/diarioelpopular.com\/index.php\/wp-json\/wp\/v2\/comments?post=539532"}],"version-history":[{"count":1,"href":"https:\/\/diarioelpopular.com\/index.php\/wp-json\/wp\/v2\/posts\/539532\/revisions"}],"predecessor-version":[{"id":539534,"href":"https:\/\/diarioelpopular.com\/index.php\/wp-json\/wp\/v2\/posts\/539532\/revisions\/539534"}],"wp:featuredmedia":[{"embeddable":true,"href":"https:\/\/diarioelpopular.com\/index.php\/wp-json\/wp\/v2\/media\/539533"}],"wp:attachment":[{"href":"https:\/\/diarioelpopular.com\/index.php\/wp-json\/wp\/v2\/media?parent=539532"}],"wp:term":[{"taxonomy":"category","embeddable":true,"href":"https:\/\/diarioelpopular.com\/index.php\/wp-json\/wp\/v2\/categories?post=539532"},{"taxonomy":"post_tag","embeddable":true,"href":"https:\/\/diarioelpopular.com\/index.php\/wp-json\/wp\/v2\/tags?post=539532"}],"curies":[{"name":"wp","href":"https:\/\/api.w.org\/{rel}","templated":true}]}}