{"id":539538,"date":"2025-12-24T11:17:26","date_gmt":"2025-12-24T15:17:26","guid":{"rendered":"https:\/\/diarioelpopular.com\/?p=539538"},"modified":"2025-12-24T11:17:26","modified_gmt":"2025-12-24T15:17:26","slug":"el-declive-de-los-chapitos-entre-los-ajustes-de-cuentas-y-la-presion-de-las-autoridades","status":"publish","type":"post","link":"https:\/\/diarioelpopular.com\/index.php\/2025\/12\/24\/el-declive-de-los-chapitos-entre-los-ajustes-de-cuentas-y-la-presion-de-las-autoridades\/","title":{"rendered":"El declive de Los Chapitos: entre los ajustes de cuentas y la presi\u00f3n de las autoridades"},"content":{"rendered":"<div id=\"attachment_539539\" style=\"width: 1210px\" class=\"wp-caption alignnone\"><img loading=\"lazy\" decoding=\"async\" aria-describedby=\"caption-attachment-539539\" class=\"wp-image-539539 size-custom-big-size\" src=\"https:\/\/diarioelpopular.com\/wp-content\/uploads\/2025\/12\/Screen-Shot-2025-12-24-at-10.16.41-AM-1200x745.png\" alt=\"\" width=\"1200\" height=\"745\" srcset=\"https:\/\/diarioelpopular.com\/wp-content\/uploads\/2025\/12\/Screen-Shot-2025-12-24-at-10.16.41-AM-1200x745.png 1200w, https:\/\/diarioelpopular.com\/wp-content\/uploads\/2025\/12\/Screen-Shot-2025-12-24-at-10.16.41-AM-300x185.png 300w, https:\/\/diarioelpopular.com\/wp-content\/uploads\/2025\/12\/Screen-Shot-2025-12-24-at-10.16.41-AM-768x477.png 768w, https:\/\/diarioelpopular.com\/wp-content\/uploads\/2025\/12\/Screen-Shot-2025-12-24-at-10.16.41-AM-636x395.png 636w, https:\/\/diarioelpopular.com\/wp-content\/uploads\/2025\/12\/Screen-Shot-2025-12-24-at-10.16.41-AM-118x73.png 118w, https:\/\/diarioelpopular.com\/wp-content\/uploads\/2025\/12\/Screen-Shot-2025-12-24-at-10.16.41-AM.png 1024w\" sizes=\"auto, (max-width: 1200px) 100vw, 1200px\" \/><p id=\"caption-attachment-539539\" class=\"wp-caption-text\">Autoridades en el restaurante Lua\u00fa, en la colonia Ju\u00e1rez, en Ciudad de M\u00e9xico, el 21 de diciembre.<\/p><\/div>\n<p>&nbsp;<\/p>\n<ul>\n<li><em><strong>La ca\u00edda del jefe de seguridad de los Guzm\u00e1n se suma a la desaparici\u00f3n de otros seis lugartenientes detenidos y asesinados en los \u00faltimos dos a\u00f1os<\/strong><\/em><\/li>\n<\/ul>\n<p>&nbsp;<\/p>\n<p class=\"\">Con el\u00a0<a title=\"https:\/\/elpais.com\/mexico\/2025-12-23\/un-hotelero-de-mazatlan-o-el-jefe-de-seguridad-de-los-chapitos-el-misterio-detras-de-12-disparos-en-el-corazon-de-ciudad-de-mexico.html\" href=\"https:\/\/elpais.com\/mexico\/2025-12-23\/un-hotelero-de-mazatlan-o-el-jefe-de-seguridad-de-los-chapitos-el-misterio-detras-de-12-disparos-en-el-corazon-de-ciudad-de-mexico.html\" target=\"_self\" rel=\"\" data-link-track-dtm=\"\" data-mrf-link=\"https:\/\/elpais.com\/mexico\/2025-12-23\/un-hotelero-de-mazatlan-o-el-jefe-de-seguridad-de-los-chapitos-el-misterio-detras-de-12-disparos-en-el-corazon-de-ciudad-de-mexico.html\">misterioso asesinato de un sinaloense<\/a>\u00a0en Ciudad de M\u00e9xico, Los Chapitos han perdido a su jefe de seguridad, \u00d3scar Medina, alias\u00a0<i>El Panu<\/i>. Ha sido la \u00faltima figura clave en caer dentro del clan de los hijos del hist\u00f3rico narco mexicano desde que el\u00a0<a title=\"https:\/\/elpais.com\/mexico\/2025-09-09\/un-ano-de-horror-en-sinaloa-viaje-por-la-batalla-entre-los-chapos-y-los-mayos-en-la-cuna-del-narcotrafico-mexicano.html\" href=\"https:\/\/elpais.com\/mexico\/2025-09-09\/un-ano-de-horror-en-sinaloa-viaje-por-la-batalla-entre-los-chapos-y-los-mayos-en-la-cuna-del-narcotrafico-mexicano.html\" target=\"_self\" rel=\"\" data-link-track-dtm=\"\" data-mrf-link=\"https:\/\/elpais.com\/mexico\/2025-09-09\/un-ano-de-horror-en-sinaloa-viaje-por-la-batalla-entre-los-chapos-y-los-mayos-en-la-cuna-del-narcotrafico-mexicano.html\">Cartel de Sinaloa se parti\u00f3 en dos y entr\u00f3 en guerra<\/a>\u00a0con su otrora familia de Los Mayos.<\/p>\n<p class=\"\">Los dos \u00faltimos a\u00f1os, desde que los hermanos Iv\u00e1n Archivaldo y Jes\u00fas Alfredo Guzm\u00e1n Salazar, as\u00ed como Ovidio Guzm\u00e1n L\u00f3pez,\u00a0<a title=\"https:\/\/elpais.com\/mexico\/2023-04-14\/estados-unidos-presenta-cargos-contra-los-chapitos-y-otros-25-miembros-del-cartel-de-sinaloa.html\" href=\"https:\/\/elpais.com\/mexico\/2023-04-14\/estados-unidos-presenta-cargos-contra-los-chapitos-y-otros-25-miembros-del-cartel-de-sinaloa.html\" target=\"_self\" rel=\"\" data-link-track-dtm=\"\" data-mrf-link=\"https:\/\/elpais.com\/mexico\/2023-04-14\/estados-unidos-presenta-cargos-contra-los-chapitos-y-otros-25-miembros-del-cartel-de-sinaloa.html\">fueran acusados en 2023 por Estados Unidos<\/a>\u00a0de montar operaciones para inundar ese pa\u00eds con fentanilo, su c\u00e9lula criminal ha sido mermada\u00a0<a title=\"https:\/\/elpais.com\/mexico\/2025-02-21\/mexico-estrecha-el-cerco-sobre-los-chapitos.html\" href=\"https:\/\/elpais.com\/mexico\/2025-02-21\/mexico-estrecha-el-cerco-sobre-los-chapitos.html\" target=\"_self\" rel=\"\" data-link-track-dtm=\"\" data-mrf-link=\"https:\/\/elpais.com\/mexico\/2025-02-21\/mexico-estrecha-el-cerco-sobre-los-chapitos.html\">por los embates del Gobierno mexicano y la Administraci\u00f3n de Donald Trump<\/a>.<\/p>\n<p class=\"\">El ajuste de cuentas al Panu, quien era considerado el tercero al mando de la facci\u00f3n, parece ser el golpe de gracia al c\u00edrculo que coordinaba las operaciones y la seguridad de los remanentes de la organizaci\u00f3n criminal de\u00a0<a title=\"https:\/\/elpais.com\/mexico\/2024-10-28\/el-chapo-se-juega-sus-ultimas-cartas-desde-la-carcel-la-ineficiencia-de-mis-abogados-me-costo-mi-libertad.html\" href=\"https:\/\/elpais.com\/mexico\/2024-10-28\/el-chapo-se-juega-sus-ultimas-cartas-desde-la-carcel-la-ineficiencia-de-mis-abogados-me-costo-mi-libertad.html\" target=\"_self\" rel=\"\" data-link-track-dtm=\"\" data-mrf-link=\"https:\/\/elpais.com\/mexico\/2024-10-28\/el-chapo-se-juega-sus-ultimas-cartas-desde-la-carcel-la-ineficiencia-de-mis-abogados-me-costo-mi-libertad.html\">Joaqu\u00edn\u00a0<i>El Chapo\u00a0<\/i>Guzm\u00e1n<\/a>. Esta \u00faltima baja y la de sus otros seis lugartenientes, que cayeron uno a uno tras\u00a0<a title=\"https:\/\/elpais.com\/mexico\/2025-12-01\/joaquin-guzman-lopez-hijo-del-chapo-reconoce-haber-secuestrado-a-el-mayo-zambada-cuando-lo-entrego-a-las-autoridades-de-eeuu.html\" href=\"https:\/\/elpais.com\/mexico\/2025-12-01\/joaquin-guzman-lopez-hijo-del-chapo-reconoce-haber-secuestrado-a-el-mayo-zambada-cuando-lo-entrego-a-las-autoridades-de-eeuu.html\" target=\"_self\" rel=\"\" data-link-track-dtm=\"\" data-mrf-link=\"https:\/\/elpais.com\/mexico\/2025-12-01\/joaquin-guzman-lopez-hijo-del-chapo-reconoce-haber-secuestrado-a-el-mayo-zambada-cuando-lo-entrego-a-las-autoridades-de-eeuu.html\">la traici\u00f3n y rapto al otro capo hist\u00f3rico de la organizaci\u00f3n<\/a>, Ismael\u00a0<i>El Mayo\u00a0<\/i>Zambada, deja a los hermanos Guzm\u00e1n Salazar, los dos \u00faltimos supervivientes, en una situaci\u00f3n vulnerable e incierta.<\/p>\n<p class=\"\">L\u00f3pez Obrador opt\u00f3 por reforzar Sinaloa con la llegada de miles de militares y elementos de la Guardia Nacional para evitar la guerra tras la captura de Zambada el pasado 25 de julio en Estados Unidos. Desde el 9 de septiembre de 2024,\u00a0<a title=\"https:\/\/elpais.com\/mexico\/2024-09-09\/culiacan-amanece-bajo-el-fuego-cruzado-de-nuevos-enfrentamientos-entre-el-narco-y-el-ejercito.html\" href=\"https:\/\/elpais.com\/mexico\/2024-09-09\/culiacan-amanece-bajo-el-fuego-cruzado-de-nuevos-enfrentamientos-entre-el-narco-y-el-ejercito.html\" rel=\"\" data-link-track-dtm=\"\" data-mrf-link=\"https:\/\/elpais.com\/mexico\/2024-09-09\/culiacan-amanece-bajo-el-fuego-cruzado-de-nuevos-enfrentamientos-entre-el-narco-y-el-ejercito.html\">los balazos comenzaron en Culiac\u00e1n<\/a>. Y desde entonces no han parado. El Gobierno federal tom\u00f3 el control de la estrategia de seguridad en el Estado y ha logrado detener a casi 1.500 civiles y ha abatido a otros 105 en diversos enfrentamientos. A pesar de la presencia intermitente de hasta 12.000 militares en Culiac\u00e1n, la violencia vuelve a arreciar en una regi\u00f3n que parece no recibir tregua. Mientras que el cerco a Los Chapitos parece achicarse cada vez m\u00e1s.<\/p>\n<h3 class=\"\">N\u00e9stor P\u00e9rez, alias\u00a0<i>El Nini<\/i><\/h3>\n<p class=\"\">N\u00e9stor Isidro P\u00e9rez Salas, alias\u00a0<i>El Nini<\/i>,\u00a0<a title=\"https:\/\/elpais.com\/mexico\/2023-11-22\/capturado-nestor-isidro-perez-salas-alias-el-nini-jefe-de-seguridad-de-los-chapitos.html\" href=\"https:\/\/elpais.com\/mexico\/2023-11-22\/capturado-nestor-isidro-perez-salas-alias-el-nini-jefe-de-seguridad-de-los-chapitos.html\" target=\"_self\" rel=\"\" data-link-track-dtm=\"\" data-mrf-link=\"https:\/\/elpais.com\/mexico\/2023-11-22\/capturado-nestor-isidro-perez-salas-alias-el-nini-jefe-de-seguridad-de-los-chapitos.html\">fue arrestado en 2023<\/a>\u00a0tras un fuerte operativo militar en Culiac\u00e1n, la capital de Sinaloa. Fue el responsable operativo de los culiacanazos, l\u00edder de un gran grupo de sicarios y\u00a0<a title=\"https:\/\/elpais.com\/mexico\/2024-05-27\/el-nini-la-ultima-gran-extradicion-del-sexenio-de-lopez-obrador.html\" href=\"https:\/\/elpais.com\/mexico\/2024-05-27\/el-nini-la-ultima-gran-extradicion-del-sexenio-de-lopez-obrador.html\" target=\"_self\" rel=\"\" data-link-track-dtm=\"\" data-mrf-link=\"https:\/\/elpais.com\/mexico\/2024-05-27\/el-nini-la-ultima-gran-extradicion-del-sexenio-de-lopez-obrador.html\">la \u00faltima gran extradici\u00f3n del sexenio de Andr\u00e9s Manuel L\u00f3pez Obrador<\/a>. Su aprehensi\u00f3n es considerada como el inicio del declive en espiral de la facci\u00f3n de Los Chapitos.<\/p>\n<p class=\"\">Durante su tiempo como lugarteniente, se convirti\u00f3 en el engranaje que hac\u00eda funcionar la maquinaria de los hermanos Guzm\u00e1n Salazar con t\u00e1cticas militares, armamento de alto calibre y m\u00e9todos de extrema crueldad a la hora de llevar a cabo secuestros, torturas y ejecuciones.\u00a0<a title=\"https:\/\/elpais.com\/mexico\/2025-09-29\/la-dea-apunta-ahora-a-las-redes-del-cjng-tras-el-golpe-hace-dos-semanas-al-cartel-de-sinaloa.html\" href=\"https:\/\/elpais.com\/mexico\/2025-09-29\/la-dea-apunta-ahora-a-las-redes-del-cjng-tras-el-golpe-hace-dos-semanas-al-cartel-de-sinaloa.html\" target=\"_self\" rel=\"\" data-link-track-dtm=\"\" data-mrf-link=\"https:\/\/elpais.com\/mexico\/2025-09-29\/la-dea-apunta-ahora-a-las-redes-del-cjng-tras-el-golpe-hace-dos-semanas-al-cartel-de-sinaloa.html\">La DEA<\/a>, la agencia antinarc\u00f3ticos de EE UU, ofrec\u00eda una recompensa de tres millones de d\u00f3lares por informaci\u00f3n que condujera a su captura.<\/p>\n<p>&nbsp;<\/p>\n<figure class=\"a_m a_m-h \">\n<p><div style=\"width: 424px\" class=\"wp-caption alignnone\"><img loading=\"lazy\" decoding=\"async\" class=\"_re lazyload a_m-h\" src=\"https:\/\/imagenes.elpais.com\/resizer\/v2\/XP2T5G4ZWJD3HJIYEJG4RQ3HJE.jpeg?auth=b84676f7c47764c21ec879b946024623f74c923b0dc2dc7741ddebdf4e822959&amp;width=414\" sizes=\"auto, (min-width:1199px) 1155px,(min-width:1001px) calc(100vw - 44px),(min-width:768px) 767px, 100vw\" srcset=\"https:\/\/imagenes.elpais.com\/resizer\/v2\/XP2T5G4ZWJD3HJIYEJG4RQ3HJE.jpeg?auth=b84676f7c47764c21ec879b946024623f74c923b0dc2dc7741ddebdf4e822959&amp;width=414 414w,https:\/\/imagenes.elpais.com\/resizer\/v2\/XP2T5G4ZWJD3HJIYEJG4RQ3HJE.jpeg?auth=b84676f7c47764c21ec879b946024623f74c923b0dc2dc7741ddebdf4e822959&amp;width=828 640w,https:\/\/imagenes.elpais.com\/resizer\/v2\/XP2T5G4ZWJD3HJIYEJG4RQ3HJE.jpeg?auth=b84676f7c47764c21ec879b946024623f74c923b0dc2dc7741ddebdf4e822959&amp;width=980 1000w,https:\/\/imagenes.elpais.com\/resizer\/v2\/XP2T5G4ZWJD3HJIYEJG4RQ3HJE.jpeg?auth=b84676f7c47764c21ec879b946024623f74c923b0dc2dc7741ddebdf4e822959&amp;width=1960 1960w\" alt=\"El Nini', N\u00e9stor Isidro P\u00e9rez Salas\" width=\"414\" height=\"233\" \/><p class=\"wp-caption-text\">Detenci\u00f3n de N\u00e9stor Isidro P\u00e9rez Salas alias El Nini, en Sinaloa, el 22 de noviembre 2023.Sedena<\/p><\/div><figcaption class=\"a_m_p\" aria-hidden=\"true\"><\/figcaption><\/figure>\n<h3 class=\"\">La muerte de El Perris<\/h3>\n<p class=\"\">El Perris hered\u00f3 el liderazgo en la facci\u00f3n de Los Chapitos en 2023, cuando su antiguo jefe de seguridad, El Nini, fue capturado. El Gobierno mexicano lo consideraba una pieza clave en la organizaci\u00f3n criminal e incluso le atribuy\u00f3 ser uno de los\u00a0<a title=\"https:\/\/elpais.com\/mexico\/2025-05-12\/del-culiacanazo-al-acuerdo-con-estados-unidos-el-periplo-criminal-de-ovidio-guzman.html\" href=\"https:\/\/elpais.com\/mexico\/2025-05-12\/del-culiacanazo-al-acuerdo-con-estados-unidos-el-periplo-criminal-de-ovidio-guzman.html\" target=\"_self\" rel=\"\" data-link-track-dtm=\"\" data-mrf-link=\"https:\/\/elpais.com\/mexico\/2025-05-12\/del-culiacanazo-al-acuerdo-con-estados-unidos-el-periplo-criminal-de-ovidio-guzman.html\">responsables del Culiacanazo<\/a>, el violento enfrentamiento de las Fuerzas Armadas y el Cartel de Sinaloa en un operativo fallido para capturar a\u00a0<a title=\"https:\/\/elpais.com\/mexico\/2025-07-12\/ovidio-el-raton-el-primero-de-los-guzman-en-pactar-con-estados-unidos.html\" href=\"https:\/\/elpais.com\/mexico\/2025-07-12\/ovidio-el-raton-el-primero-de-los-guzman-en-pactar-con-estados-unidos.html\" target=\"_self\" rel=\"\" data-link-track-dtm=\"\" data-mrf-link=\"https:\/\/elpais.com\/mexico\/2025-07-12\/ovidio-el-raton-el-primero-de-los-guzman-en-pactar-con-estados-unidos.html\">Ovidio Guzm\u00e1n, alias\u00a0<i>El Rat\u00f3n<\/i><\/a>.<\/p>\n<p class=\"\">El pasado 24 de mayo, en una intervenci\u00f3n de la fuerza p\u00fablica en el municipio de Navolato,\u00a0<a title=\"https:\/\/elpais.com\/mexico\/2025-05-24\/el-ejercito-mata-a-el-perris-jefe-de-seguridad-de-los-chapitos-en-un-operativo-en-sinaloa.html\" href=\"https:\/\/elpais.com\/mexico\/2025-05-24\/el-ejercito-mata-a-el-perris-jefe-de-seguridad-de-los-chapitos-en-un-operativo-en-sinaloa.html\" target=\"_self\" rel=\"\" data-link-track-dtm=\"\" data-mrf-link=\"https:\/\/elpais.com\/mexico\/2025-05-24\/el-ejercito-mata-a-el-perris-jefe-de-seguridad-de-los-chapitos-en-un-operativo-en-sinaloa.html\">Figueroa Ben\u00edtez muri\u00f3 en un enfrentamiento con elementos del Ej\u00e9rcito mexicano<\/a>, que hab\u00eda buscado su captura en los meses previos sin \u00e9xito.\u00a0<a title=\"https:\/\/elpais.com\/mexico\/2025-05-27\/la-muerte-de-la-perris-en-sinaloa-acelera-la-decadencia-de-los-chapitos.html\" href=\"https:\/\/elpais.com\/mexico\/2025-05-27\/la-muerte-de-la-perris-en-sinaloa-acelera-la-decadencia-de-los-chapitos.html\" target=\"_self\" rel=\"\" data-link-track-dtm=\"\" data-mrf-link=\"https:\/\/elpais.com\/mexico\/2025-05-27\/la-muerte-de-la-perris-en-sinaloa-acelera-la-decadencia-de-los-chapitos.html\">La ca\u00edda de El Perris<\/a>\u00a0ocurri\u00f3 despu\u00e9s de varias semanas de escalada en el conflicto entre Los Chapitos y Los Mayos.<\/p>\n<p class=\"\">Fuentes especializadas en el mundo criminal sinaloense se\u00f1alaron que El Perris traicion\u00f3 a los Guzm\u00e1n. Incluso, lleg\u00f3 a filtrarse un audio de un supuesto pedido de ayuda de Figueroa Ben\u00edtez durante una reyerta con los soldados. Desesperado, el lugarteniente pidi\u00f3 auxilio a sus viejos camaradas, pero la ayuda nunca lleg\u00f3.<\/p>\n<h3 class=\"\">El Piyi y El 200<\/h3>\n<p class=\"\">Casi a la par de El Perris, Mart\u00edn Zazueta P\u00e9rez, alias\u00a0<i>El Piyi<\/i>,<b>\u00a0<\/b>tom\u00f3 un papel m\u00e1s protag\u00f3nico y con mayores responsabilidades en la organizaci\u00f3n criminal de Los Chapitos tras la ca\u00edda de El Nini. Sin embargo, como su predecesor, quien fuera uno de los nuevos jefes de seguridad de Iv\u00e1n Archivaldo, junto a Kevin Gil Acosta \u2014conocido como\u00a0<i>El 200\u2014,<\/i>\u00a0fue aprehendido en septiembre de 2024 luego de un operativo en Culiac\u00e1n. A la vez, resultaron detenidos seis de sus sicarios.<\/p>\n<p class=\"\">Asimismo, El 200 cay\u00f3 en manos de las autoridades durante un operativo entre el Ej\u00e9rcito, la Guardia Nacional y la Fuerza A\u00e9rea en la capital de Sinaloa el pasado 20 de febrero. \u201cAmbos han liderado a sicarios equipados con armas estilo militar, como AK47, M16, AR15 y lanzagranadas, en ataques contra oficiales del gobierno y del ej\u00e9rcito mexicano. [&#8230;] Gil Acosta estaba a cargo de sicarios con la tarea de proteger laboratorios de fentanilo y rutas de distribuci\u00f3n, mientras que Zazueta P\u00e9rez provee seguridad personal para un l\u00edder de Los Chapitos\u201d, se\u00f1al\u00f3 en un comunicado el Departamento de Justicia de EE UU.<\/p>\n<p>&nbsp;<\/p>\n<figure class=\"a_m a_m-h \">\n<p><div style=\"width: 424px\" class=\"wp-caption alignnone\"><img loading=\"lazy\" decoding=\"async\" class=\"_re lazyload a_m-h\" src=\"https:\/\/imagenes.elpais.com\/resizer\/v2\/NJQ5VIGGQBASTP475G2RUK44SQ.jpg?auth=6a859bddc51fd8ee60fd00a3685d738be777a31a1c359c1d8bf247c895dc4675&amp;width=414\" sizes=\"auto, (min-width:1199px) 1155px,(min-width:1001px) calc(100vw - 44px),(min-width:768px) 767px, 100vw\" srcset=\"https:\/\/imagenes.elpais.com\/resizer\/v2\/NJQ5VIGGQBASTP475G2RUK44SQ.jpg?auth=6a859bddc51fd8ee60fd00a3685d738be777a31a1c359c1d8bf247c895dc4675&amp;width=414 414w,https:\/\/imagenes.elpais.com\/resizer\/v2\/NJQ5VIGGQBASTP475G2RUK44SQ.jpg?auth=6a859bddc51fd8ee60fd00a3685d738be777a31a1c359c1d8bf247c895dc4675&amp;width=828 640w,https:\/\/imagenes.elpais.com\/resizer\/v2\/NJQ5VIGGQBASTP475G2RUK44SQ.jpg?auth=6a859bddc51fd8ee60fd00a3685d738be777a31a1c359c1d8bf247c895dc4675&amp;width=980 1000w,https:\/\/imagenes.elpais.com\/resizer\/v2\/NJQ5VIGGQBASTP475G2RUK44SQ.jpg?auth=6a859bddc51fd8ee60fd00a3685d738be777a31a1c359c1d8bf247c895dc4675&amp;width=1960 1960w\" alt=\"Kevin Alonso 'El 200', responsable de la seguridad del l\u00edder de 'Los Chapitos'\" width=\"414\" height=\"233\" \/><p class=\"wp-caption-text\">Detenci\u00f3n de Kevin Gil Acosta alias El 200, en febrero 2025.\u00a0 \u00a0 \u00a0Foto SEDENA<\/p><\/div><figcaption class=\"a_m_p\" aria-hidden=\"true\"><\/figcaption><\/figure>\n<p>&nbsp;<\/p>\n<p class=\"\">El 200 y su hermano, Karim El\u00edas Gil Acosta<b>\u00a0<\/b>\u2014conocido como\u00a0<i>El 300<\/i>\u2014, fueron vinculados a m\u00faltiples homicidios, incluyendo el de Hugo Castellanos, juez de certamen de belleza asesinado en 2016, en un caso impregnado de corrupci\u00f3n y violencia. Ambos fueron extraditados a Estados Unidos y formaron parte de\u00a0<a title=\"https:\/\/elpais.com\/mexico\/2025-08-13\/la-nueva-entrega-masiva-de-narcos-a-estados-unidos-golpea-al-cartel-de-sinaloa-y-los-chapitos.html\" href=\"https:\/\/elpais.com\/mexico\/2025-08-13\/la-nueva-entrega-masiva-de-narcos-a-estados-unidos-golpea-al-cartel-de-sinaloa-y-los-chapitos.html\" target=\"_self\" rel=\"\" data-link-track-dtm=\"\" data-mrf-link=\"https:\/\/elpais.com\/mexico\/2025-08-13\/la-nueva-entrega-masiva-de-narcos-a-estados-unidos-golpea-al-cartel-de-sinaloa-y-los-chapitos.html\">la segunda entrega masiva de narcos<\/a>\u00a0al pa\u00eds vecino del norte como parte de las negociaciones con la Administraci\u00f3n Trump en materia de seguridad.<\/p>\n<h3 class=\"\">El Jando, las \u2018alas\u2019 de Iv\u00e1n Archivaldo<\/h3>\n<p class=\"\">Mauro N, alias\u00a0<i>El Jando<\/i>, era un piloto civil y operador clave en la estructura de Los Chapitos. A este miembro del Cartel de Sinaloa\u00a0<a title=\"https:\/\/elpais.com\/mexico\/2024-08-14\/un-vuelo-privado-un-viaje-familiar-y-un-empresario-polemico-la-coartada-del-gobernador-rocha-tras-el-escandalo-por-la-carta-de-el-mayo.html\" href=\"https:\/\/elpais.com\/mexico\/2024-08-14\/un-vuelo-privado-un-viaje-familiar-y-un-empresario-polemico-la-coartada-del-gobernador-rocha-tras-el-escandalo-por-la-carta-de-el-mayo.html\" target=\"_self\" rel=\"\" data-link-track-dtm=\"\" data-mrf-link=\"https:\/\/elpais.com\/mexico\/2024-08-14\/un-vuelo-privado-un-viaje-familiar-y-un-empresario-polemico-la-coartada-del-gobernador-rocha-tras-el-escandalo-por-la-carta-de-el-mayo.html\">se le acus\u00f3 de formar parte del operativo<\/a>\u00a0que condujo al\u00a0<a title=\"https:\/\/elpais.com\/mexico\/2025-12-04\/el-secuestro-del-mayo-zambada-por-los-chapitos-pone-en-entredicho-el-papel-de-estados-unidos-en-la-trama.html\" href=\"https:\/\/elpais.com\/mexico\/2025-12-04\/el-secuestro-del-mayo-zambada-por-los-chapitos-pone-en-entredicho-el-papel-de-estados-unidos-en-la-trama.html\" target=\"_self\" rel=\"\" data-link-track-dtm=\"\" data-mrf-link=\"https:\/\/elpais.com\/mexico\/2025-12-04\/el-secuestro-del-mayo-zambada-por-los-chapitos-pone-en-entredicho-el-papel-de-estados-unidos-en-la-trama.html\">secuestro y posterior arresto del Mayo en territorio estadounidense<\/a>. Sin embargo, el pasado agosto, fue el propio secretario de Seguridad,\u00a0<a title=\"https:\/\/elpais.com\/mexico\/2025-12-01\/uno-para-todos-y-todos-para-harfuch.html\" href=\"https:\/\/elpais.com\/mexico\/2025-12-01\/uno-para-todos-y-todos-para-harfuch.html\" target=\"_self\" rel=\"\" data-link-track-dtm=\"\" data-mrf-link=\"https:\/\/elpais.com\/mexico\/2025-12-01\/uno-para-todos-y-todos-para-harfuch.html\">Omar Garc\u00eda Harfuch<\/a>, quien descart\u00f3 que el aviador haya tenido participaci\u00f3n directa en el mencionado vuelo. \u201cNo particip\u00f3 de manera directa en el traslado, es decir, f\u00edsicamente, pero s\u00ed se confirma que es piloto privado y persona de confianza de uno de los l\u00edderes del Cartel de Sinaloa, de Iv\u00e1n Archivaldo\u201d, afirm\u00f3.<\/p>\n<p class=\"\">A pesar de su fama de fantasma, El Jando fue aprehendido el pasado 7 de febrero en un operativo a apenas unos metros de la casa donde fue detenido Ovidio Guzm\u00e1n \u2014conocido como\u00a0<i>El Rat\u00f3n\u2014<\/i>, su jefe y amigo, en el\u00a0<a title=\"https:\/\/elpais.com\/mexico\/2023-01-08\/un-pueblo-atrapado-en-el-fuego-cruzado-del-segundo-culiacanazo.html\" href=\"https:\/\/elpais.com\/mexico\/2023-01-08\/un-pueblo-atrapado-en-el-fuego-cruzado-del-segundo-culiacanazo.html\" target=\"_self\" rel=\"\" data-link-track-dtm=\"\" data-mrf-link=\"https:\/\/elpais.com\/mexico\/2023-01-08\/un-pueblo-atrapado-en-el-fuego-cruzado-del-segundo-culiacanazo.html\">segundo Culiacanazo<\/a>. Fuentes de seguridad afirman que Mauro N era \u201cel capit\u00e1n\u201d de la divisi\u00f3n a\u00e9rea de Los Chapitos. Sab\u00eda volar bajo, era un h\u00e1bil maniobrando con carga pesada y temerario cuando se trataba de aterrizajes complicados.<\/p>\n<p class=\"\">En la batalla frente a Los Mayos, fue El Jando quien presuntamente lider\u00f3 los ataques a\u00e9reos, cuando una avioneta dej\u00f3 caer artefactos explosivos en Vascogil<b>\u00a0<\/b>y Tamazula, en Durango, localidades que eran consideradas\u00a0<a title=\"https:\/\/elpais.com\/mexico\/2024-07-30\/emboscada-traicion-y-contactos-secretos-con-estados-unidos-la-hipotesis-del-secuestro-toma-fuerza-en-el-caso-de-el-mayo-zambada.html\" href=\"https:\/\/elpais.com\/mexico\/2024-07-30\/emboscada-traicion-y-contactos-secretos-con-estados-unidos-la-hipotesis-del-secuestro-toma-fuerza-en-el-caso-de-el-mayo-zambada.html\" target=\"_self\" rel=\"\" data-link-track-dtm=\"\" data-mrf-link=\"https:\/\/elpais.com\/mexico\/2024-07-30\/emboscada-traicion-y-contactos-secretos-con-estados-unidos-la-hipotesis-del-secuestro-toma-fuerza-en-el-caso-de-el-mayo-zambada.html\">territorio y refugio de El Mayo<\/a>. As\u00ed como El Piyi y El 200, fue trasladado junto a otros miembros de carteles a EE UU como parte de la cooperaci\u00f3n en materia de seguridad a la que se ha comprometido el Gobierno mexicano.<\/p>\n<h3 class=\"\">El G\u00fcerito, el brazo financiero de la facci\u00f3n<\/h3>\n<p class=\"\">Para detener a Jos\u00e9 \u00c1ngel Canobbio Inzunza, alias\u00a0<i>El G\u00fcerito,<\/i>\u00a0se despleg\u00f3 un gran operativo de fuerzas federales por aire y tierra en Culiac\u00e1n. El otrora jefe de seguridad de Iv\u00e1n Archivaldo fue detenido en pasado 19 de febrero.\u00a0<a title=\"https:\/\/elpais.com\/mexico\/2025-02-20\/detenido-en-culiacan-el-guerito-jefe-de-seguridad-de-los-chapitos.html\" href=\"https:\/\/elpais.com\/mexico\/2025-02-20\/detenido-en-culiacan-el-guerito-jefe-de-seguridad-de-los-chapitos.html\" target=\"_self\" rel=\"\" data-link-track-dtm=\"\" data-mrf-link=\"https:\/\/elpais.com\/mexico\/2025-02-20\/detenido-en-culiacan-el-guerito-jefe-de-seguridad-de-los-chapitos.html\">Sobre su arresto<\/a>, Harfuch escribi\u00f3 en su cuenta de X: \u201cJose \u00c1ngel N se encargaba de la planeaci\u00f3n de rutas para la distribuci\u00f3n de fentanilo, coca\u00edna y metanfetamina a nivel internacional; cuenta con una orden de aprehensi\u00f3n por tr\u00e1fico y distribuci\u00f3n de droga en los Estados Unidos\u201d.<\/p>\n<p>&nbsp;<\/p>\n<figure class=\"a_m a_m-h \">\n<p><div style=\"width: 424px\" class=\"wp-caption alignnone\"><img loading=\"lazy\" decoding=\"async\" class=\"_re lazyload a_m-h\" src=\"https:\/\/imagenes.elpais.com\/resizer\/v2\/PKF7ZQN4LFGLHCJXCOE3FNJ7BM.webp?auth=014e8eaafe91c66160b90960b5bb8b5576400facd6264c3a8d6c2ed9880f4c9b&amp;width=414\" sizes=\"auto, (min-width:1199px) 1155px,(min-width:1001px) calc(100vw - 44px),(min-width:768px) 767px, 100vw\" srcset=\"https:\/\/imagenes.elpais.com\/resizer\/v2\/PKF7ZQN4LFGLHCJXCOE3FNJ7BM.webp?auth=014e8eaafe91c66160b90960b5bb8b5576400facd6264c3a8d6c2ed9880f4c9b&amp;width=414 414w,https:\/\/imagenes.elpais.com\/resizer\/v2\/PKF7ZQN4LFGLHCJXCOE3FNJ7BM.webp?auth=014e8eaafe91c66160b90960b5bb8b5576400facd6264c3a8d6c2ed9880f4c9b&amp;width=828 640w,https:\/\/imagenes.elpais.com\/resizer\/v2\/PKF7ZQN4LFGLHCJXCOE3FNJ7BM.webp?auth=014e8eaafe91c66160b90960b5bb8b5576400facd6264c3a8d6c2ed9880f4c9b&amp;width=980 1000w,https:\/\/imagenes.elpais.com\/resizer\/v2\/PKF7ZQN4LFGLHCJXCOE3FNJ7BM.webp?auth=014e8eaafe91c66160b90960b5bb8b5576400facd6264c3a8d6c2ed9880f4c9b&amp;width=1960 1960w\" alt=\"\" width=\"414\" height=\"276\" \/><p class=\"wp-caption-text\">Jos\u00e9 \u00c1ngel Canobbio Inzunza, alias El G\u00fcerito, detenido en Culiac\u00e1n en febrero de 2025.sedena<\/p><\/div><figcaption class=\"a_m_p\" aria-hidden=\"true\"><\/figcaption><\/figure>\n<p>&nbsp;<\/p>\n<p class=\"\">Las autoridades federales sab\u00edan que El G\u00fcerito ten\u00eda su propia c\u00e9lula delictiva y bajo sus \u00f3rdenes se realizaron las agresiones a instalaciones y fuerzas militares en distintos puntos de Culiac\u00e1n, presentadas el 17 de octubre de 2019 y el 5 de enero de 2023, tras las operaciones en contra del Rat\u00f3n<i>.\u00a0<\/i>Adem\u00e1s, aseguraron que la captura es \u201cun gran golpe al Cartel del Pac\u00edfico, fracci\u00f3n de Los Chapitos\u201d.<\/p>\n<p class=\"\">Los v\u00ednculos de Canobbio con el Cartel de Sinaloa se remontan a m\u00e1s de dos d\u00e9cadas, de 2002 a 2024, seg\u00fan las autoridades estadounidenses. Fue se\u00f1alado como uno de los principales asesores de Los Chapitos y uno de sus mandos m\u00e1s violentos y con mayor conocimiento t\u00e1ctico de esa facci\u00f3n.<\/p>\n","protected":false},"excerpt":{"rendered":"<p>&nbsp; La ca\u00edda del jefe de seguridad de los Guzm\u00e1n se suma a la desaparici\u00f3n de otros seis lugartenientes detenidos y asesinados en los \u00faltimos&hellip;<\/p>\n","protected":false},"author":99,"featured_media":539539,"comment_status":"open","ping_status":"open","sticky":false,"template":"","format":"standard","meta":{"footnotes":""},"categories":[23],"tags":[],"class_list":["post-539538","post","type-post","status-publish","format-standard","has-post-thumbnail","hentry","category-latinoamerica"],"_links":{"self":[{"href":"https:\/\/diarioelpopular.com\/index.php\/wp-json\/wp\/v2\/posts\/539538","targetHints":{"allow":["GET"]}}],"collection":[{"href":"https:\/\/diarioelpopular.com\/index.php\/wp-json\/wp\/v2\/posts"}],"about":[{"href":"https:\/\/diarioelpopular.com\/index.php\/wp-json\/wp\/v2\/types\/post"}],"author":[{"embeddable":true,"href":"https:\/\/diarioelpopular.com\/index.php\/wp-json\/wp\/v2\/users\/99"}],"replies":[{"embeddable":true,"href":"https:\/\/diarioelpopular.com\/index.php\/wp-json\/wp\/v2\/comments?post=539538"}],"version-history":[{"count":1,"href":"https:\/\/diarioelpopular.com\/index.php\/wp-json\/wp\/v2\/posts\/539538\/revisions"}],"predecessor-version":[{"id":539540,"href":"https:\/\/diarioelpopular.com\/index.php\/wp-json\/wp\/v2\/posts\/539538\/revisions\/539540"}],"wp:featuredmedia":[{"embeddable":true,"href":"https:\/\/diarioelpopular.com\/index.php\/wp-json\/wp\/v2\/media\/539539"}],"wp:attachment":[{"href":"https:\/\/diarioelpopular.com\/index.php\/wp-json\/wp\/v2\/media?parent=539538"}],"wp:term":[{"taxonomy":"category","embeddable":true,"href":"https:\/\/diarioelpopular.com\/index.php\/wp-json\/wp\/v2\/categories?post=539538"},{"taxonomy":"post_tag","embeddable":true,"href":"https:\/\/diarioelpopular.com\/index.php\/wp-json\/wp\/v2\/tags?post=539538"}],"curies":[{"name":"wp","href":"https:\/\/api.w.org\/{rel}","templated":true}]}}