{"id":539549,"date":"2025-12-24T11:37:12","date_gmt":"2025-12-24T15:37:12","guid":{"rendered":"https:\/\/diarioelpopular.com\/?p=539549"},"modified":"2025-12-24T11:37:12","modified_gmt":"2025-12-24T15:37:12","slug":"la-retirada-de-un-reportaje-sobre-los-deportados-por-trump-a-el-salvador-provoca-una-crisis-en-cbs-y-acaba-filtrado-en-internet","status":"publish","type":"post","link":"https:\/\/diarioelpopular.com\/index.php\/2025\/12\/24\/la-retirada-de-un-reportaje-sobre-los-deportados-por-trump-a-el-salvador-provoca-una-crisis-en-cbs-y-acaba-filtrado-en-internet\/","title":{"rendered":"La retirada de un reportaje sobre los deportados por Trump a El Salvador provoca una crisis en CBS (y acaba filtrado en internet)"},"content":{"rendered":"<div id=\"attachment_539550\" style=\"width: 1210px\" class=\"wp-caption alignnone\"><img loading=\"lazy\" decoding=\"async\" aria-describedby=\"caption-attachment-539550\" class=\"wp-image-539550 size-custom-big-size\" src=\"https:\/\/diarioelpopular.com\/wp-content\/uploads\/2025\/12\/Screen-Shot-2025-12-24-at-10.35.52-AM-1200x743.png\" alt=\"\" width=\"1200\" height=\"743\" srcset=\"https:\/\/diarioelpopular.com\/wp-content\/uploads\/2025\/12\/Screen-Shot-2025-12-24-at-10.35.52-AM-1200x743.png 1200w, https:\/\/diarioelpopular.com\/wp-content\/uploads\/2025\/12\/Screen-Shot-2025-12-24-at-10.35.52-AM-300x185.png 300w, https:\/\/diarioelpopular.com\/wp-content\/uploads\/2025\/12\/Screen-Shot-2025-12-24-at-10.35.52-AM-768x476.png 768w, https:\/\/diarioelpopular.com\/wp-content\/uploads\/2025\/12\/Screen-Shot-2025-12-24-at-10.35.52-AM-1536x952.png 1536w, https:\/\/diarioelpopular.com\/wp-content\/uploads\/2025\/12\/Screen-Shot-2025-12-24-at-10.35.52-AM-636x394.png 636w, https:\/\/diarioelpopular.com\/wp-content\/uploads\/2025\/12\/Screen-Shot-2025-12-24-at-10.35.52-AM-118x73.png 118w, https:\/\/diarioelpopular.com\/wp-content\/uploads\/2025\/12\/Screen-Shot-2025-12-24-at-10.35.52-AM.png 1024w\" sizes=\"auto, (max-width: 1200px) 100vw, 1200px\" \/><p id=\"caption-attachment-539550\" class=\"wp-caption-text\">Venezolanos deportados desde Estados Unidos en las instalaciones del CECOT en El Salvador, el 16 de marzo. Presidencia de El Salvador (Anadolu v\u00eda Getty Images)<\/p><\/div>\n<p>&nbsp;<\/p>\n<p>&nbsp;<\/p>\n<ul>\n<li><em><strong>Bari Weiss, flamante jefa \u2018antiwoke\u2019 de informativos de la cadena, elimin\u00f3 en el \u00faltimo minuto la pieza del programa \u201860 Minutes\u2019 tras la negativa de la Casa Blanca a hablar. Todo indica que la mano negra de Trump tuvo mucho que ver.<\/strong><\/em><\/li>\n<\/ul>\n<p>&nbsp;<\/p>\n<p class=\"\">El broche a un a\u00f1o ciertamente desagradable para la prensa en Estados Unidos ha sido un esc\u00e1ndalo por una decisi\u00f3n de la nueva jefa de la secci\u00f3n de informativos de la cadena CBS, la columnista\u00a0<i>antiwoke<\/i> Bari Weiss, contratada tras las presiones de Donald Trump sobre la emisora.<\/p>\n<p class=\"\">Weiss cancel\u00f3 inesperadamente la emisi\u00f3n de un reportaje sobre\u00a0<a title=\"https:\/\/elpais.com\/us\/migracion\/2025-12-23\/un-juez-ordena-que-los-venezolanos-deportados-a-el-salvador-deben-ser-regresados-a-estados-unidos-o-recibir-el-debido-proceso.html\" href=\"https:\/\/elpais.com\/us\/migracion\/2025-12-23\/un-juez-ordena-que-los-venezolanos-deportados-a-el-salvador-deben-ser-regresados-a-estados-unidos-o-recibir-el-debido-proceso.html\" target=\"_self\" rel=\"\" data-link-track-dtm=\"\" data-mrf-link=\"https:\/\/elpais.com\/us\/migracion\/2025-12-23\/un-juez-ordena-que-los-venezolanos-deportados-a-el-salvador-deben-ser-regresados-a-estados-unidos-o-recibir-el-debido-proceso.html\">la deportaci\u00f3n sin las correspondientes garant\u00edas procesales<\/a> de m\u00e1s de 200 venezolanos por parte del Gobierno estadounidense. Los mandaron directos al Centro de Confinamiento del Terrorismo (CECOT), brutal y despiadada c\u00e1rcel de m\u00e1xima seguridad de Nayib Bukele en El Salvador.<\/p>\n<p class=\"\">Weiss lo hizo cuando este ya hab\u00eda sido promocionado varias veces por la propia televisi\u00f3n y en el \u00faltimo minuto, tres horas antes de su emisi\u00f3n el domingo por la noche. Para entonces, la pieza period\u00edstica ya hab\u00eda pasado todos los filtros.\u00a0<a title=\"https:\/\/elpais.com\/opinion\/2025-12-23\/el-periodismo-del-posmundo-es-esto.html\" href=\"https:\/\/elpais.com\/opinion\/2025-12-23\/el-periodismo-del-posmundo-es-esto.html\" target=\"_self\" rel=\"\" data-link-track-dtm=\"\" data-mrf-link=\"https:\/\/elpais.com\/opinion\/2025-12-23\/el-periodismo-del-posmundo-es-esto.html\">La justificaci\u00f3n que dio es que no conten\u00eda informaci\u00f3n equilibrada.<\/a><\/p>\n<div class=\"a_c clearfix\" data-dtm-region=\"articulo_cuerpo\">\n<p class=\"\">La decisi\u00f3n fue inusual, y tan al l\u00edmite que quienes tienen los derechos en Canad\u00e1 (una app llamada Global TV) s\u00ed emitieron \u00edntegro el programa que conten\u00eda el reportaje, en el venerable informativo dominical\u00a0<i>60 Minutes<\/i>. El segmento cancelado de 14 minutos, en los que varios de los deportados cuentan con detalle los innumerables abusos y torturas sufridos en la c\u00e1rcel, circulaba as\u00ed este martes como la p\u00f3lvora, dos d\u00edas despu\u00e9s de que se hubiese hurtado a la audiencia estadounidense, por los tel\u00e9fonos m\u00f3viles de pol\u00edticos, <a title=\"https:\/\/elpais.com\/comunicacion\/2025-12-15\/la-unesco-detecta-un-descenso-del-10-en-la-libertad-de-expresion-a-nivel-global-durante-el-ultimo-decenio.html\" href=\"https:\/\/elpais.com\/comunicacion\/2025-12-15\/la-unesco-detecta-un-descenso-del-10-en-la-libertad-de-expresion-a-nivel-global-durante-el-ultimo-decenio.html\" target=\"_self\" rel=\"\" data-link-track-dtm=\"\" data-mrf-link=\"https:\/\/elpais.com\/comunicacion\/2025-12-15\/la-unesco-detecta-un-descenso-del-10-en-la-libertad-de-expresion-a-nivel-global-durante-el-ultimo-decenio.html\">periodistas y expertos en la regi\u00f3n centroamericana de Washington.<\/a><\/p>\n<p class=\"\">La bronca comenz\u00f3 el mismo domingo, cuando una de los periodistas que firman la pieza, Sharyn Alfonsi, veterana corresponsal de\u00a0<i>60 Minutes,<\/i>\u00a0envi\u00f3 una nota interna a sus colegas de la redacci\u00f3n en la que acusaba a CBS News de retirarla por razones \u201cpol\u00edticas\u201d. \u201cNuestro reportaje fue revisado cinco veces y aprobado tanto por\u00a0<a title=\"https:\/\/elpais.com\/internacional\/2025-10-07\/el-fichaje-de-la-periodista-anti-woke-bari-weiss-en-cbs-confirma-la-derechizacion-de-los-medios-tradicionales-en-manos-de-aliados-de-trump.html\" href=\"https:\/\/elpais.com\/internacional\/2025-10-07\/el-fichaje-de-la-periodista-anti-woke-bari-weiss-en-cbs-confirma-la-derechizacion-de-los-medios-tradicionales-en-manos-de-aliados-de-trump.html\" target=\"_self\" rel=\"\" data-link-track-dtm=\"\" data-mrf-link=\"https:\/\/elpais.com\/internacional\/2025-10-07\/el-fichaje-de-la-periodista-anti-woke-bari-weiss-en-cbs-confirma-la-derechizacion-de-los-medios-tradicionales-en-manos-de-aliados-de-trump.html\">los abogados de CBS<\/a>\u00a0como por el departamento de Normas y Pr\u00e1cticas\u201d, escribi\u00f3 Alfonsi en su texto, que tambi\u00e9n acab\u00f3 filtrado en las redes sociales. \u201cEs rigurosamente veraz. En mi opini\u00f3n, retirarlo ahora, despu\u00e9s de haber superado todos los exigentes controles internos, no es una decisi\u00f3n editorial, sino pol\u00edtica\u201d.<\/p>\n<p class=\"\">Weiss dio el mismo domingo su versi\u00f3n de los hechos en un comunicado: \u201cMi trabajo es asegurarme de que todas las historias que emitimos sean de la mejor calidad posible. Retrasar la publicaci\u00f3n de aquellas que no est\u00e1n listas por cualquier motivo \u2014ya sea por falta de contexto suficiente o porque les faltan voces clave\u2014 es algo que ocurre a diario en todas las redacciones. Espero poder sacar este importante reportaje cuando est\u00e9 listo\u201d.<\/p>\n<p>&nbsp;<\/p>\n<figure class=\"a_m a_m-h \">\n<p><div style=\"width: 424px\" class=\"wp-caption alignnone\"><img loading=\"lazy\" decoding=\"async\" class=\"_re lazyload a_m-h\" src=\"https:\/\/imagenes.elpais.com\/resizer\/v2\/7TBAWFCQTNOVDEPLGG3T5N5HHI.jpg?auth=1381e9a927bc302bb5297320db54307dc9bbc0e338c2de09c630a138225c1802&amp;width=414\" sizes=\"auto, (min-width:1199px) 1155px,(min-width:1001px) calc(100vw - 44px),(min-width:768px) 767px, 100vw\" srcset=\"https:\/\/imagenes.elpais.com\/resizer\/v2\/7TBAWFCQTNOVDEPLGG3T5N5HHI.jpg?auth=1381e9a927bc302bb5297320db54307dc9bbc0e338c2de09c630a138225c1802&amp;width=414 414w,https:\/\/imagenes.elpais.com\/resizer\/v2\/7TBAWFCQTNOVDEPLGG3T5N5HHI.jpg?auth=1381e9a927bc302bb5297320db54307dc9bbc0e338c2de09c630a138225c1802&amp;width=828 640w,https:\/\/imagenes.elpais.com\/resizer\/v2\/7TBAWFCQTNOVDEPLGG3T5N5HHI.jpg?auth=1381e9a927bc302bb5297320db54307dc9bbc0e338c2de09c630a138225c1802&amp;width=980 1000w,https:\/\/imagenes.elpais.com\/resizer\/v2\/7TBAWFCQTNOVDEPLGG3T5N5HHI.jpg?auth=1381e9a927bc302bb5297320db54307dc9bbc0e338c2de09c630a138225c1802&amp;width=1960 1960w\" alt=\"Bari Weiss\" width=\"414\" height=\"277\" \/><p class=\"wp-caption-text\">Bari Weiss, en una foto facilitada por CBS.Daniel Paik (AP)<\/p><\/div><figcaption class=\"a_m_p\" aria-hidden=\"true\"><\/figcaption><\/figure>\n<p>&nbsp;<\/p>\n<p class=\"\">En el proceso de edici\u00f3n de la historia, la jefa de CBS News hab\u00eda expresado su preocupaci\u00f3n porque esta no inclu\u00eda la versi\u00f3n de la Administraci\u00f3n de Trump, despu\u00e9s de que ninguno de sus funcionarios quisiera participar. Tampoco Stephen Miller, subjefe de Gabinete de la Casa Blanca. Weiss les dio a los reporteros su tel\u00e9fono m\u00f3vil para que lo llamaran, pero no tuvieron \u00e9xito. En su queja, Alfonsi cuenta que pidieron \u201crespuestas a preguntas y\/o entrevistas con el Departamento de Seguridad Nacional, la Casa Blanca y el Departamento de Estado\u201d.<\/p>\n<p class=\"\">Para la periodista, la decisi\u00f3n de no emitir un reportaje porque el Gobierno se niega a participar en \u00e9l equivale a conceder a la Administraci\u00f3n de Trump el poder del \u201cveto\u201d. \u201cSu negativa a prestarse a una entrevista es una maniobra t\u00e1ctica dise\u00f1ada para matar la noticia\u201d, escribi\u00f3. \u201cSi la negativa de la Administraci\u00f3n a participar se convierte en una raz\u00f3n v\u00e1lida para descartar una historia, les habremos entregado, de hecho, un \u2018bot\u00f3n de p\u00e1nico\u2019 para cualquier reportaje que les resulte inconveniente\u201d.<\/p>\n<p class=\"\">El \u00faltimo esc\u00e1ndalo de CBS relacionado con Trump llega meses despu\u00e9s de que la cadena alcanzase un acuerdo con Trump para enterrar una demanda que este hab\u00eda puesto a su divisi\u00f3n de informativos por la edici\u00f3n de una entrevista con la candidata dem\u00f3crata Kamala Harris en la recta final de la campa\u00f1a en la que los republicanos recobraron la presidencia en noviembre de 2024. Trump <a title=\"https:\/\/elpais.com\/internacional\/2025-07-02\/donald-trump-le-gana-la-guerra-a-paramount-pedia-20000-millones-y-logra-16-y-un-enorme-triunfo-moral.html\" href=\"https:\/\/elpais.com\/internacional\/2025-07-02\/donald-trump-le-gana-la-guerra-a-paramount-pedia-20000-millones-y-logra-16-y-un-enorme-triunfo-moral.html\" target=\"_self\" rel=\"\" data-link-track-dtm=\"\" data-mrf-link=\"https:\/\/elpais.com\/internacional\/2025-07-02\/donald-trump-le-gana-la-guerra-a-paramount-pedia-20000-millones-y-logra-16-y-un-enorme-triunfo-moral.html\">acus\u00f3 a los responsables de\u00a0<i>60 Minutes<\/i>\u00a0de favorecer a Harris.<\/a><\/p>\n<p class=\"\">CBS, entonces, propiedad de Paramount, acab\u00f3 pagando 16 millones de d\u00f3lares para apaciguarlo en un movimiento que, sumado a otro similar de ABC News, fue interpretado como una capitulaci\u00f3n ante un presidente que ha empleado sus 11 primeros meses en el cargo para atacar la libertad de prensa en los tribunales.<\/p>\n<h3 class=\"\">Operaci\u00f3n de compra<\/h3>\n<p class=\"\">Su Administraci\u00f3n aprob\u00f3 despu\u00e9s la compra de CBS por Skydance Media, compa\u00f1\u00eda propiedad del magnate Larry Ellison, fundador de Oracle y amigo personal de Trump. Fue tras ese movimiento cuando nombraron a Weiss. Esta se hizo un nombre como columnista en\u00a0<i>The New York Times,<\/i>\u00a0instituci\u00f3n de la que sali\u00f3 dando un portazo para fundar una web de opini\u00f3n llamada\u00a0<i>The Free Press,\u00a0<\/i>que Ellison adquiri\u00f3 este a\u00f1o por 150 millones de d\u00f3lares.<\/p>\n<p class=\"\">La Redacci\u00f3n de CBS News, cuyos miembros pertenecen a algo as\u00ed como la aristocracia del periodismo en Estados Unidos, la recibi\u00f3 de u\u00f1as por su falta de experiencia en dos campos: la televisi\u00f3n y el reporterismo. Una de sus mayores conquistas desde que asumi\u00f3 el cargo fue conseguir una entrevista con Trump, durante la que este la elogi\u00f3.\u00a0<a title=\"https:\/\/elpais.com\/internacional\/elecciones-usa\/2020-10-22\/trump-rompe-el-acuerdo-con-60-minutes-y-publica-su-polemica-entrevista-con-lesley-stahl.html\" href=\"https:\/\/elpais.com\/internacional\/elecciones-usa\/2020-10-22\/trump-rompe-el-acuerdo-con-60-minutes-y-publica-su-polemica-entrevista-con-lesley-stahl.html\" target=\"_self\" rel=\"\" data-link-track-dtm=\"\" data-mrf-link=\"https:\/\/elpais.com\/internacional\/elecciones-usa\/2020-10-22\/trump-rompe-el-acuerdo-con-60-minutes-y-publica-su-polemica-entrevista-con-lesley-stahl.html\">\u201cNo la conozco, pero me cuentan que es una persona fant\u00e1stica\u201c, dijo el presidente.<\/a><\/p>\n<p class=\"\">En las \u00faltimas semanas, Trump ha dado se\u00f1ales de haber cambiado de idea sobre Weiss y tambi\u00e9n sobre Ellison. \u201cMe encantan los nuevos due\u00f1os de CBS\u201d, dijo Trump en un mitin. \u201cPero algo les pasa. El programa\u00a0<i>60 Minutes<\/i>\u00a0me ha tratado peor con esos nuevos due\u00f1os que antes\u2026 Simplemente, no paran de atacarme, no paran de criticarme, es una locura\u201d. Cuando afirm\u00f3 eso, la cadena ya hab\u00eda promocionado en antena el reportaje \u201cDentro del CECOT\u201d. Tambi\u00e9n hab\u00edan enviado una nota de prensa que celebraba el logro period\u00edstico: \u201cLa corresponsal Sharyn Alfonsi habla con algunos de los deportados que ya han sido liberados, que\u00a0<a title=\"https:\/\/elpais.com\/television\/2025-08-03\/stephen-colbert-la-ultima-esperanza-contra-trump.html\" href=\"https:\/\/elpais.com\/television\/2025-08-03\/stephen-colbert-la-ultima-esperanza-contra-trump.html\" target=\"_self\" rel=\"\" data-link-track-dtm=\"\" data-mrf-link=\"https:\/\/elpais.com\/television\/2025-08-03\/stephen-colbert-la-ultima-esperanza-contra-trump.html\">describen las condiciones brutales y torturas que sufrieron dentro del CECOT\u201d.<\/a><\/p>\n<p>&nbsp;<\/p>\n<figure class=\"a_m a_m-h \">\n<p><div style=\"width: 424px\" class=\"wp-caption alignnone\"><img loading=\"lazy\" decoding=\"async\" class=\"_re lazyload a_m-h\" src=\"https:\/\/imagenes.elpais.com\/resizer\/v2\/ZHVYASGSX5FBBJYFNTA7YVJBLM.jpg?auth=9b107415f7964a9dc0caad7e3c97405dcd62a0e40d9750c7c2d1fd8ed55b57b6&amp;width=414\" sizes=\"auto, (min-width:1199px) 1155px,(min-width:1001px) calc(100vw - 44px),(min-width:768px) 767px, 100vw\" srcset=\"https:\/\/imagenes.elpais.com\/resizer\/v2\/ZHVYASGSX5FBBJYFNTA7YVJBLM.jpg?auth=9b107415f7964a9dc0caad7e3c97405dcd62a0e40d9750c7c2d1fd8ed55b57b6&amp;width=414 414w,https:\/\/imagenes.elpais.com\/resizer\/v2\/ZHVYASGSX5FBBJYFNTA7YVJBLM.jpg?auth=9b107415f7964a9dc0caad7e3c97405dcd62a0e40d9750c7c2d1fd8ed55b57b6&amp;width=828 640w,https:\/\/imagenes.elpais.com\/resizer\/v2\/ZHVYASGSX5FBBJYFNTA7YVJBLM.jpg?auth=9b107415f7964a9dc0caad7e3c97405dcd62a0e40d9750c7c2d1fd8ed55b57b6&amp;width=980 1000w,https:\/\/imagenes.elpais.com\/resizer\/v2\/ZHVYASGSX5FBBJYFNTA7YVJBLM.jpg?auth=9b107415f7964a9dc0caad7e3c97405dcd62a0e40d9750c7c2d1fd8ed55b57b6&amp;width=1960 1960w\" alt=\"\" width=\"414\" height=\"277\" \/><p class=\"wp-caption-text\">El CECOT, en El Salvador, el 16 de marzo.Presidencia de El Salvador (Anadolu v\u00eda Getty Images)<\/p><\/div><figcaption class=\"a_m_p\" aria-hidden=\"true\"><\/figcaption><\/figure>\n<p>&nbsp;<\/p>\n<p class=\"\">La reportera se acord\u00f3 de esos hombres en la nota interna en la que denunciaba la cancelaci\u00f3n de la emisi\u00f3n de su reportaje. \u201c[A]rriesgaron sus vidas para hablar con nosotros. Tenemos la obligaci\u00f3n moral y profesional de proteger a las fuentes que nos confiaron sus historias. Abandonarlos ahora es una traici\u00f3n al principio m\u00e1s fundamental del periodismo: dar voz a quienes no la tienen\u201d, escribi\u00f3 Alfonsi.<\/p>\n<p class=\"\">Entre ellos, est\u00e1 Luis Mu\u00f1oz Pinto, un estudiante universitario venezolano que ahora vive en Colombia, que cuenta en el testimonio que abre el reportaje: \u201cLo primero que nos dijo [el alcaide] fue que nunca m\u00e1s volver\u00edamos a ver la luz del d\u00eda ni de la noche. Nos dijo: \u2018Bienvenidos al infierno\u201d. Despu\u00e9s, los carceleros le partieron un diente.<\/p>\n<p class=\"\"><a title=\"https:\/\/elpais.com\/internacional\/2025-03-16\/la-administracion-de-trump-deporta-a-cientos-de-migrantes-a-el-salvador-pese-a-que-un-juez-ordeno-parar-la-expulsion.html\" href=\"https:\/\/elpais.com\/internacional\/2025-03-16\/la-administracion-de-trump-deporta-a-cientos-de-migrantes-a-el-salvador-pese-a-que-un-juez-ordeno-parar-la-expulsion.html\" target=\"_self\" rel=\"\" data-link-track-dtm=\"\" data-mrf-link=\"https:\/\/elpais.com\/internacional\/2025-03-16\/la-administracion-de-trump-deporta-a-cientos-de-migrantes-a-el-salvador-pese-a-que-un-juez-ordeno-parar-la-expulsion.html\">Otro venezolano llamado William Losada S\u00e1nchez\u00a0<\/a>habla de \u201cla isla\u201d, una celda de castigo a la que enviaban a los prisioneros que no pod\u00edan cumplir con la orden de permanecer arrodillados durante 24 horas al d\u00eda. \u201cEs una peque\u00f1a habitaci\u00f3n sin luz, sin ventilaci\u00f3n, sin nada. No se ve nada. Una vez encerrados, ven\u00edan a golpearnos cada media hora y golpeaban la puerta con sus porras para aterrorizarnos\u201d, recuerda Losada.<\/p>\n<p class=\"\">Como consecuencia del embrollo por la gesti\u00f3n de esa informaci\u00f3n, a ambos les queda ahora el consuelo de que sus historias, en algo que solo puede calificarse como una chapuza, s\u00ed han visto la luz en Canad\u00e1. Y tambi\u00e9n, en los m\u00f3viles de aquellos que este martes se intercambian como si fuera material de contrabando ese contenido que Weiss prefer\u00eda que no viera nadie.<\/p>\n<\/div>\n<div id=\"me-dis\" class=\"me _pf\">\n<div class=\"me_bg\">\n<div class=\"me-dis _pa _df\">\n<div class=\"me-dis_c\">\n<h2 class=\"me-dis_t\"><\/h2>\n<p>&nbsp;<\/p>\n<div class=\"me-dis_l\"><\/div>\n<p>&nbsp;<\/p>\n<p class=\"lk\">\n<p><span id=\"capping-arrow\" class=\"arrow\"><\/span><\/div>\n<\/div>\n<\/div>\n<\/div>\n","protected":false},"excerpt":{"rendered":"<p>&nbsp; &nbsp; Bari Weiss, flamante jefa \u2018antiwoke\u2019 de informativos de la cadena, elimin\u00f3 en el \u00faltimo minuto la pieza del programa \u201860 Minutes\u2019 tras la&hellip;<\/p>\n","protected":false},"author":99,"featured_media":0,"comment_status":"open","ping_status":"open","sticky":false,"template":"","format":"standard","meta":{"footnotes":""},"categories":[24],"tags":[],"class_list":["post-539549","post","type-post","status-publish","format-standard","hentry","category-mundo"],"_links":{"self":[{"href":"https:\/\/diarioelpopular.com\/index.php\/wp-json\/wp\/v2\/posts\/539549","targetHints":{"allow":["GET"]}}],"collection":[{"href":"https:\/\/diarioelpopular.com\/index.php\/wp-json\/wp\/v2\/posts"}],"about":[{"href":"https:\/\/diarioelpopular.com\/index.php\/wp-json\/wp\/v2\/types\/post"}],"author":[{"embeddable":true,"href":"https:\/\/diarioelpopular.com\/index.php\/wp-json\/wp\/v2\/users\/99"}],"replies":[{"embeddable":true,"href":"https:\/\/diarioelpopular.com\/index.php\/wp-json\/wp\/v2\/comments?post=539549"}],"version-history":[{"count":1,"href":"https:\/\/diarioelpopular.com\/index.php\/wp-json\/wp\/v2\/posts\/539549\/revisions"}],"predecessor-version":[{"id":539551,"href":"https:\/\/diarioelpopular.com\/index.php\/wp-json\/wp\/v2\/posts\/539549\/revisions\/539551"}],"wp:attachment":[{"href":"https:\/\/diarioelpopular.com\/index.php\/wp-json\/wp\/v2\/media?parent=539549"}],"wp:term":[{"taxonomy":"category","embeddable":true,"href":"https:\/\/diarioelpopular.com\/index.php\/wp-json\/wp\/v2\/categories?post=539549"},{"taxonomy":"post_tag","embeddable":true,"href":"https:\/\/diarioelpopular.com\/index.php\/wp-json\/wp\/v2\/tags?post=539549"}],"curies":[{"name":"wp","href":"https:\/\/api.w.org\/{rel}","templated":true}]}}