{"id":539565,"date":"2025-12-25T14:59:03","date_gmt":"2025-12-25T18:59:03","guid":{"rendered":"https:\/\/diarioelpopular.com\/?p=539565"},"modified":"2025-12-25T14:59:03","modified_gmt":"2025-12-25T18:59:03","slug":"miguel-rafael-y-gabriel-los-angeles-venerados-por-tres-religiones-diferentes-y-lo-que-revelan-sobre-el-origen-de-los-mensajeros-divinos","status":"publish","type":"post","link":"https:\/\/diarioelpopular.com\/index.php\/2025\/12\/25\/miguel-rafael-y-gabriel-los-angeles-venerados-por-tres-religiones-diferentes-y-lo-que-revelan-sobre-el-origen-de-los-mensajeros-divinos\/","title":{"rendered":"Miguel, Rafael y Gabriel, los \u00e1ngeles venerados por tres religiones diferentes (y lo que revelan sobre el origen de los mensajeros divinos)"},"content":{"rendered":"<div id=\"attachment_539566\" style=\"width: 646px\" class=\"wp-caption alignnone\"><img loading=\"lazy\" decoding=\"async\" aria-describedby=\"caption-attachment-539566\" class=\"wp-image-539566 size-custom-full-size\" src=\"https:\/\/diarioelpopular.com\/wp-content\/uploads\/2025\/12\/Screen-Shot-2025-12-25-at-1.58.25-PM-636x358.png\" alt=\"\" width=\"636\" height=\"358\" srcset=\"https:\/\/diarioelpopular.com\/wp-content\/uploads\/2025\/12\/Screen-Shot-2025-12-25-at-1.58.25-PM-636x358.png 636w, https:\/\/diarioelpopular.com\/wp-content\/uploads\/2025\/12\/Screen-Shot-2025-12-25-at-1.58.25-PM-300x169.png 300w, https:\/\/diarioelpopular.com\/wp-content\/uploads\/2025\/12\/Screen-Shot-2025-12-25-at-1.58.25-PM-768x432.png 768w, https:\/\/diarioelpopular.com\/wp-content\/uploads\/2025\/12\/Screen-Shot-2025-12-25-at-1.58.25-PM-130x73.png 130w, https:\/\/diarioelpopular.com\/wp-content\/uploads\/2025\/12\/Screen-Shot-2025-12-25-at-1.58.25-PM.png 860w\" sizes=\"auto, (max-width: 636px) 100vw, 636px\" \/><p id=\"caption-attachment-539566\" class=\"wp-caption-text\">Detalle de los frescos de Giovanni Battista della Rovere y Giovanni Mauro della Rovere de la b\u00f3veda de la Iglesia de San Dami\u00e1n en Piamonte, Italia.<\/p><\/div>\n<p>&nbsp;<\/p>\n<p>&nbsp;<\/p>\n<div class=\"css-1k9op6x e17x9cvu0\" dir=\"ltr\">\n<ul>\n<li class=\"css-s4cjt0 e1yuyadm0\" dir=\"ltr\"><em><b>En la Biblia, los \u00e1ngeles aparecen siempre que es necesario transmitir una comunicaci\u00f3n divina a los humanos. En la tradici\u00f3n popular, cada persona tiene su propio \u00e1ngel, que act\u00faa como protector, como guardaespaldas personal. En el arte, pintores y escritores los han representado e incluido a menudo en sus obras.<\/b><\/em><\/li>\n<\/ul>\n<\/div>\n<div class=\"css-1k9op6x e17x9cvu0\" dir=\"ltr\">\n<p dir=\"ltr\">\n<p class=\"css-s4cjt0 e1yuyadm0\" dir=\"ltr\">Literalmente, la palabra &#8220;\u00e1ngel&#8221; significa &#8220;mensajero&#8221;. &#8220;Proviene del lat\u00edn\u00a0<i class=\"css-6whwaq e1vymu7d0\">angelus<\/i>, que a su vez deriva del griego<i class=\"css-6whwaq e1vymu7d0\">\u00a0\u00e1ngelos<\/i>\u00a0y esta es la forma hel\u00e9nica utilizada para traducir [del Antiguo Testamento] el t\u00e9rmino hebreo<i class=\"css-6whwaq e1vymu7d0\">\u00a0malakh<\/i>, que significa mensajero&#8221;, explica el te\u00f3logo Kenner Terra, pastor de la Iglesia Bautista de \u00c1gua Branca, Brasil, doctor en estudios religiosos y autor del libro &#8220;Coraje para ser&#8221;.<\/p>\n<\/div>\n<div class=\"css-1k9op6x e17x9cvu0\" dir=\"ltr\">\n<p class=\"css-s4cjt0 e1yuyadm0\" dir=\"ltr\">Terra a\u00f1ade que la figura se refiere a &#8220;alguien que transmite un mensaje&#8221;: &#8220;En las antiguas tradiciones jud\u00eda y cristiana, los \u00e1ngeles son mensajeros y agentes celestiales al servicio de Dios&#8221;, afirma.<\/p>\n<\/div>\n<div class=\"css-1k9op6x e17x9cvu0\" dir=\"ltr\">\n<p class=\"css-s4cjt0 e1yuyadm0\" dir=\"ltr\">En los textos que componen la Biblia, estos seres aparecen cumpliendo diversas funciones: participan en guerras, forman parte de ej\u00e9rcitos celestiales, protegen a individuos y pueblos, llevan mensajes divinos, cumplen los designios de Dios, organizan el cosmos y articulan las estaciones del a\u00f1o.<\/p>\n<\/div>\n<div class=\"css-1k9op6x e17x9cvu0\" dir=\"ltr\">\n<p class=\"css-s4cjt0 e1yuyadm0\" dir=\"ltr\">&#8220;Los \u00e1ngeles son criaturas puramente espirituales, creadas por Dios, dotadas de inteligencia y libre albedr\u00edo, cuyo prop\u00f3sito es servir al Se\u00f1or&#8221;, dice el te\u00f3logo, escritor y sacerdote cat\u00f3lico Alex Nogueira, autor del libro &#8220;Buenos d\u00edas, mi Dios&#8221;, y rector del Seminario de Teolog\u00eda Divino Mestre.<\/p>\n<p class=\"css-s4cjt0 e1yuyadm0\" dir=\"ltr\">&#8220;Algunos \u00e1ngeles tambi\u00e9n tienen la misi\u00f3n muy especial de ayudar a los humanos en el camino de la salvaci\u00f3n. Son mensajeros de Dios y, aunque invisibles, est\u00e1n constantemente presentes desde el Antiguo Testamento hasta la misi\u00f3n de Cristo y la Iglesia&#8221;, agrega.<\/p>\n<\/div>\n<div class=\"css-1k9op6x e17x9cvu0\" dir=\"ltr\">\n<p class=\"css-s4cjt0 e1yuyadm0\" dir=\"ltr\">&#8220;La figura de alguien que es anunciador y que muchas veces aparece como proveedor est\u00e1 presente en varias otras culturas religiosas&#8221;, explica el investigador de textos sagrados Thiago Maerki, de la Sociedad de Hagiograf\u00eda de Estados Unidos.<\/p>\n<\/div>\n<div class=\"css-1k9op6x e17x9cvu0\" dir=\"ltr\">\n<h2 id=\"Cristianismo\" class=\"css-jtxtr9 emoh99e1\" tabindex=\"-1\">Cristianismo<\/h2>\n<\/div>\n<div class=\"css-1k9op6x e17x9cvu0\" dir=\"ltr\">\n<p class=\"css-s4cjt0 e1yuyadm0\" dir=\"ltr\">En la tradici\u00f3n cristiana, diversos pensadores han buscado teorizar sobre los \u00e1ngeles. Incluso existe una rama de la teolog\u00eda llamada angelolog\u00eda.<\/p>\n<\/div>\n<div class=\"css-1k9op6x e17x9cvu0\" dir=\"ltr\">\n<p class=\"css-s4cjt0 e1yuyadm0\" dir=\"ltr\">A finales del siglo V y principios del VI, un fil\u00f3sofo que se identificaba con el seud\u00f3nimo de Dionisio el Areopagita \u2014una referencia a un converso de Atenas mencionado en un texto b\u00edblico por el ap\u00f3stol Pablo\u2014 escribi\u00f3 obras que se convirtieron en pilares para la comprensi\u00f3n de estas criaturas.<\/p>\n<p dir=\"ltr\">\n<\/div>\n<figure class=\"css-1qn0xuy\">\n<div class=\"css-1jir9cx\">\n<div style=\"width: 1034px\" class=\"wp-caption alignnone\"><img loading=\"lazy\" decoding=\"async\" class=\"css-1seqhu9\" src=\"https:\/\/ichef.bbci.co.uk\/ace\/ws\/640\/cpsprodpb\/8135\/live\/14608fb0-c94e-11f0-a892-01d657345866.jpg.webp\" alt=\"En &quot;La Anunciaci\u00f3n&quot;, una de las obras m\u00e1s c\u00e9lebres de Leonardo da Vinci, se muestra al arc\u00e1ngel Gabriel revelando a Mar\u00eda que ser\u00e1 la madre de Jes\u00fas.\" width=\"1024\" height=\"668\" \/><p class=\"wp-caption-text\">Fuente de la imagen,Art Media\/Print Collector\/Getty Images. En &#8220;La Anunciaci\u00f3n&#8221;, una de las obras m\u00e1s c\u00e9lebres de Leonardo da Vinci, se muestra al arc\u00e1ngel Gabriel revelando a Mar\u00eda que ser\u00e1 la madre de Jes\u00fas.<\/p><\/div>\n<p class=\"css-by8ykd\" role=\"text\">\n<\/div>\n<\/figure>\n<div class=\"css-13c4x68 e11b6abi0\" dir=\"ltr\" data-e2e=\"podcast-promo\">\n<section class=\"e11b6abi1 css-12e4ke4 e1306b2b0\" role=\"region\" aria-labelledby=\"podcast-promo\">\n<div class=\"css-79elbk e175zld10\"><\/div>\n<\/section>\n<\/div>\n<div class=\"css-1k9op6x e17x9cvu0\" dir=\"ltr\">\n<p class=\"css-s4cjt0 e1yuyadm0\" dir=\"ltr\">&#8220;Fue uno de los pioneros en proponer un sistema, una jerarqu\u00eda espec\u00edfica para los \u00e1ngeles&#8221;, afirma Maerki. &#8220;Su clasificaci\u00f3n acab\u00f3 convirti\u00e9ndose en la m\u00e1s conocida&#8221;.<\/p>\n<\/div>\n<div class=\"css-1k9op6x e17x9cvu0\" dir=\"ltr\">\n<p class=\"css-s4cjt0 e1yuyadm0\" dir=\"ltr\">Dionisio busc\u00f3 organizar la creencia y estableci\u00f3 una jerarqu\u00eda divina para los \u00e1ngeles. Seg\u00fan su pensamiento, habr\u00eda nueve \u00f3rdenes ang\u00e9licas: en la cima estar\u00edan los serafines, seguidos de los querubines y los tronos; luego vendr\u00edan los dominios, las virtudes y las potestades; finalmente, los principados, los arc\u00e1ngeles y los \u00e1ngeles.<\/p>\n<\/div>\n<div class=\"css-1k9op6x e17x9cvu0\" dir=\"ltr\">\n<p class=\"css-s4cjt0 e1yuyadm0\" dir=\"ltr\">Esta organizaci\u00f3n, se\u00f1ala, no se refer\u00eda a una supuesta superioridad; todos gozar\u00edan de igual importancia. Esta jerarqu\u00eda solo explicaba cu\u00e1les estar\u00edan m\u00e1s cerca de Dios.<\/p>\n<\/div>\n<div class=\"css-1k9op6x e17x9cvu0\" dir=\"ltr\">\n<p class=\"css-s4cjt0 e1yuyadm0\" dir=\"ltr\">Oficialmente, la Iglesia Cat\u00f3lica establece que el 29 de septiembre es la festividad de los arc\u00e1ngeles, que son tres: Gabriel, Miguel y Rafael. El 2 de octubre, a su vez, es la festividad de los Santos \u00c1ngeles de la Guarda.<\/p>\n<\/div>\n<div class=\"css-1k9op6x e17x9cvu0\" dir=\"ltr\">\n<p class=\"css-s4cjt0 e1yuyadm0\" dir=\"ltr\">&#8220;El t\u00e9rmino arc\u00e1ngel proviene del griego y significa &#8216;\u00e1ngel jefe&#8217; o &#8216;jefe de los \u00e1ngeles'&#8221;, declar\u00f3 el escritor e investigador J. Alves, autor del libro &#8220;Los santos de cada d\u00eda&#8221;. Seg\u00fan \u00e9l, los arc\u00e1ngeles ser\u00edan aquellos &#8220;enviados por Dios para cumplir una misi\u00f3n en la historia de la salvaci\u00f3n&#8221;.<\/p>\n<\/div>\n<div class=\"css-1k9op6x e17x9cvu0\" dir=\"ltr\">\n<p class=\"css-s4cjt0 e1yuyadm0\" dir=\"ltr\">Seg\u00fan el Evangelio, es Gabriel, por ejemplo, quien se le aparece a Mar\u00eda anunci\u00e1ndole su embarazo de Jes\u00fas.<\/p>\n<\/div>\n<div class=\"css-1k9op6x e17x9cvu0\" dir=\"ltr\">\n<p class=\"css-s4cjt0 e1yuyadm0\" dir=\"ltr\">Alves explica que, a lo largo de los siglos del cristianismo, los te\u00f3logos se dedicaron a explicar las funciones de ciertos \u00e1ngeles.<\/p>\n<\/div>\n<div class=\"css-1k9op6x e17x9cvu0\" dir=\"ltr\">\n<p class=\"css-s4cjt0 e1yuyadm0\" dir=\"ltr\">As\u00ed, se estableci\u00f3 que Miguel era el &#8220;guardi\u00e1n del pueblo de Dios y guerrero contra el mal&#8221;; Gabriel, el &#8220;mensajero de la fuerza de Dios, quien anuncia los misterios de la encarnaci\u00f3n&#8221;; y Rafael, el &#8220;m\u00e9dico y consolador, expresi\u00f3n de la misericordia divina&#8221;.<\/p>\n<\/div>\n<div class=\"css-1k9op6x e17x9cvu0\" dir=\"ltr\">\n<h2 id=\"Otras-creencias\" class=\"css-jtxtr9 emoh99e1\" tabindex=\"-1\">Otras creencias<\/h2>\n<\/div>\n<div class=\"css-1k9op6x e17x9cvu0\" dir=\"ltr\">\n<p class=\"css-s4cjt0 e1yuyadm0\" dir=\"ltr\">A pesar de ser una creencia muy fuerte en los cristianos, especialmente los cat\u00f3licos, los \u00e1ngeles no son figuras nacidas en esta religi\u00f3n, y no son exclusivos de la fe de sus practicantes.<\/p>\n<\/div>\n<div class=\"css-1k9op6x e17x9cvu0\" dir=\"ltr\">\n<p class=\"css-s4cjt0 e1yuyadm0\" dir=\"ltr\">&#8220;La creencia en la existencia de \u00e1ngeles es com\u00fan, pero la dimensi\u00f3n lit\u00fargica y devocional, como fiestas espec\u00edficas, oraciones espec\u00edficas e invocaci\u00f3n a los arc\u00e1ngeles, es mucho m\u00e1s caracter\u00edstica del catolicismo&#8221;, dice Nogueira.<\/p>\n<\/div>\n<div class=\"css-1k9op6x e17x9cvu0\" dir=\"ltr\">\n<p class=\"css-s4cjt0 e1yuyadm0\" dir=\"ltr\">Pero comenz\u00f3 mucho antes.<\/p>\n<p dir=\"ltr\">\n<\/div>\n<figure class=\"css-1qn0xuy\">\n<div class=\"css-1jir9cx\">\n<div style=\"width: 1034px\" class=\"wp-caption alignnone\"><img loading=\"lazy\" decoding=\"async\" class=\"css-1seqhu9\" src=\"https:\/\/ichef.bbci.co.uk\/ace\/ws\/640\/cpsprodpb\/667a\/live\/13ad01b0-c94f-11f0-8c06-f5d460985095.jpg.webp\" alt=\"Representaci\u00f3n de Ahura Mazda en Pers\u00e9polis\" width=\"1024\" height=\"670\" \/><p class=\"wp-caption-text\">Fuente de la imagen,Photo 12\/Universal Images Group via Getty Images. Seg\u00fan el zoroastrismo, Ahura Mazda cre\u00f3 el universo y el orden c\u00f3smico que \u00e9l mismo mantiene.<\/p><\/div>\n<p class=\"css-by8ykd\" role=\"text\">\n<\/div>\n<\/figure>\n<div class=\"css-1k9op6x e17x9cvu0\" dir=\"ltr\">\n<p dir=\"ltr\">\n<p class=\"css-s4cjt0 e1yuyadm0\" dir=\"ltr\">&#8220;La creencia en los \u00e1ngeles es anterior al cristianismo. En el juda\u00edsmo antiguo, aparecen en visiones prof\u00e9ticas y fueron influenciados por la angelolog\u00eda persa tras el exilio babil\u00f3nico&#8221;, comenta Alves. &#8220;Las culturas mesopot\u00e1mica y egipcia tambi\u00e9n hablaban de mensajeros y guardianes&#8221;.<\/p>\n<\/div>\n<div class=\"css-1k9op6x e17x9cvu0\" dir=\"ltr\">\n<p class=\"css-s4cjt0 e1yuyadm0\" dir=\"ltr\">&#8220;La creencia en seres celestiales que sirven a los dioses o en una estructura jer\u00e1rquica dentro del reino divino tiene paralelismos en otras culturas m\u00e1s all\u00e1 del mundo b\u00edblico&#8221;, a\u00f1ade Terra.<\/p>\n<\/div>\n<div class=\"css-1k9op6x e17x9cvu0\" dir=\"ltr\">\n<p class=\"css-s4cjt0 e1yuyadm0\" dir=\"ltr\">&#8220;En la cultura persa, especialmente en el zoroastrismo, por ejemplo, no se habla exactamente de los \u00e1ngeles como en el juda\u00edsmo y el cristianismo, pero s\u00ed encontramos seres espirituales intermediarios entre Ahura Mazda, el dios supremo, y los seres humanos, que tambi\u00e9n se clasifican en jerarqu\u00edas&#8221;, contin\u00faa.<\/p>\n<\/div>\n<div class=\"css-1k9op6x e17x9cvu0\" dir=\"ltr\">\n<p class=\"css-s4cjt0 e1yuyadm0\" dir=\"ltr\">&#8220;Esta tradici\u00f3n \u2014agrega\u2014 influy\u00f3 profundamente en la tradici\u00f3n b\u00edblica y las creencias del juda\u00edsmo del Segundo Templo&#8221;.<\/p>\n<\/div>\n<div class=\"css-1k9op6x e17x9cvu0\" dir=\"ltr\">\n<p class=\"css-s4cjt0 e1yuyadm0\" dir=\"ltr\">Es una opini\u00f3n compartida por otros expertos.<\/p>\n<\/div>\n<div class=\"css-1k9op6x e17x9cvu0\" dir=\"ltr\">\n<p class=\"css-s4cjt0 e1yuyadm0\" dir=\"ltr\">&#8220;La creencia en mensajeros espirituales ya exist\u00eda en las culturas antiguas&#8221;, confirma Nogueira. &#8220;Los pueblos mesopot\u00e1micos, egipcios y persas hablaban de esp\u00edritus que actuaban como intermediarios entre lo divino y la humanidad&#8221;.<\/p>\n<\/div>\n<div class=\"css-1k9op6x e17x9cvu0\" dir=\"ltr\">\n<p class=\"css-s4cjt0 e1yuyadm0\" dir=\"ltr\">El sacerdote considera, sin embargo, que &#8220;la fe cat\u00f3lica&#8221; no derivar\u00eda &#8220;de estas tradiciones, sino de la revelaci\u00f3n de Dios al pueblo de Israel, recogida en las Escrituras&#8221;.<\/p>\n<\/div>\n<div class=\"css-1k9op6x e17x9cvu0\" dir=\"ltr\">\n<p class=\"css-s4cjt0 e1yuyadm0\" dir=\"ltr\">Alves, por su parte, dice: &#8220;La fe cristiana se nutre fundamentalmente del juda\u00edsmo, del que hereda elementos de la vasta tradici\u00f3n rab\u00ednica sobre \u00e1ngeles y arc\u00e1ngeles&#8221;.<\/p>\n<\/div>\n<div class=\"css-1k9op6x e17x9cvu0\" dir=\"ltr\">\n<p class=\"css-s4cjt0 e1yuyadm0\" dir=\"ltr\">&#8220;Los \u00e1ngeles son anteriores a la Biblia y aparecen, por ejemplo, en Mesopotamia y Egipto. No ten\u00edan nombres de \u00e1ngeles, pero ten\u00edan sus mismas funciones&#8221;, explica el hagi\u00f3logo Jos\u00e9 Luis Lira, profesor de la Universidad Estatal de Vale do Acara\u00fa y fundador de la Academia Brasile\u00f1a de Hagiolog\u00eda.<\/p>\n<\/div>\n<div class=\"css-1k9op6x e17x9cvu0\" dir=\"ltr\">\n<p class=\"css-s4cjt0 e1yuyadm0\" dir=\"ltr\">En las llamadas tradiciones abrah\u00e1micas \u2014es decir el conjunto de creencias que engloban el juda\u00edsmo, el cristianismo y el islam\u2014, hay m\u00e1s similitudes que diferencias en el significado de estos seres m\u00edsticos.<\/p>\n<\/div>\n<div class=\"css-1k9op6x e17x9cvu0\" dir=\"ltr\">\n<p class=\"css-s4cjt0 e1yuyadm0\" dir=\"ltr\">&#8220;En el islam, el arc\u00e1ngel Gabriel incluso se le apareci\u00f3 al profeta Mahoma&#8221;, el fundador del islam, se\u00f1ala Lira.<\/p>\n<p dir=\"ltr\">\n<\/div>\n<figure class=\"css-1qn0xuy\">\n<div class=\"css-1jir9cx\">\n<div style=\"width: 778px\" class=\"wp-caption alignnone\"><img loading=\"lazy\" decoding=\"async\" class=\"css-1seqhu9\" src=\"https:\/\/ichef.bbci.co.uk\/ace\/ws\/640\/cpsprodpb\/9407\/live\/5d34faa0-c95d-11f0-9fb5-5f3a3703a365.jpg.webp\" alt=\"El Arc\u00e1ngel Miguel expuls\u00f3 a los \u00e1ngeles rebeldes del Para\u00edso tras una gran batalla celestial, tal como se describe en el libro del Apocalipsis\" width=\"768\" height=\"1024\" \/><p class=\"wp-caption-text\">Fuente de la imagen,Mauro Magliani \/ Electa \/ Mondadori Portfolio via Getty Images. En el libro del Apocalipsis se narra una guerra celestial donde el arc\u00e1ngel Miguel expulsa a los \u00e1ngeles rebeldes del para\u00edso, representado aqu\u00ed por Giambattista Tiepolo.<\/p><\/div>\n<p class=\"css-by8ykd\" role=\"text\">\n<\/div>\n<\/figure>\n<div class=\"css-1k9op6x e17x9cvu0\" dir=\"ltr\">\n<p dir=\"ltr\">\n<p class=\"css-s4cjt0 e1yuyadm0\" dir=\"ltr\">Nogueira explica que, en el juda\u00edsmo, a menudo se los considera &#8220;siervos y mensajeros de Dios&#8221;. En el cristianismo &#8220;tambi\u00e9n participan en el misterio de la salvaci\u00f3n en Cristo&#8221;. Y en el islam, &#8220;desempe\u00f1an funciones similares, como Gabriel, quien transmiti\u00f3 la revelaci\u00f3n a Mahoma&#8221;.<\/p>\n<\/div>\n<div class=\"css-1k9op6x e17x9cvu0\" dir=\"ltr\">\n<p class=\"css-s4cjt0 e1yuyadm0\" dir=\"ltr\">&#8220;Los \u00e1ngeles juegan un papel importante en otras religiones no cristianas, como el juda\u00edsmo y el islam&#8221;, confirma el te\u00f3logo J\u00f4natas de Mattos Leal, doctor por la Universidad Andrews, en Michigan, Estados Unidos, y rector del Seminario Teol\u00f3gico Adventista Latinoamericano.<\/p>\n<\/div>\n<div class=\"css-1k9op6x e17x9cvu0\" dir=\"ltr\">\n<p class=\"css-s4cjt0 e1yuyadm0\" dir=\"ltr\">Leal explica, por ejemplo, que el islam menciona cuatro arc\u00e1ngeles: Izrail, Mikail, Israfil y Jibrail, este \u00faltimo equivalente a Gabriel. Tambi\u00e9n se\u00f1ala que &#8220;la idea de seres celestiales que act\u00faan como intermediarios&#8221; aparece, m\u00e1s all\u00e1 del zoroastrismo, en las antiguas mitolog\u00edas babil\u00f3nica, romana y griega.<\/p>\n<\/div>\n<div class=\"css-1k9op6x e17x9cvu0\" dir=\"ltr\">\n<h2 id=\"Tradici\u00f3n-popular\" class=\"css-jtxtr9 emoh99e1\" tabindex=\"-1\">Tradici\u00f3n popular<\/h2>\n<\/div>\n<div class=\"css-1k9op6x e17x9cvu0\" dir=\"ltr\">\n<p class=\"css-s4cjt0 e1yuyadm0\" dir=\"ltr\">Si las teolog\u00edas y las diversas religiones institucionales han intentado sistematizar y estandarizar las funciones y roles de los \u00e1ngeles, las tradiciones populares han intentado transformar la figura en un simp\u00e1tico todoterreno: de guardaespaldas personal a ayudante para todo.<\/p>\n<\/div>\n<div class=\"css-1k9op6x e17x9cvu0\" dir=\"ltr\">\n<p class=\"css-s4cjt0 e1yuyadm0\" dir=\"ltr\">&#8220;La religiosidad popular a menudo traduce ideas basadas en necesidades y pr\u00e1cticas cotidianas&#8221;, comenta Terra.<\/p>\n<\/div>\n<div class=\"css-1k9op6x e17x9cvu0\" dir=\"ltr\">\n<p class=\"css-s4cjt0 e1yuyadm0\" dir=\"ltr\">&#8220;La creencia en los \u00e1ngeles guardianes, por ejemplo, tiene sus ra\u00edces en el Evangelio de Mateo, donde Jes\u00fas dice que los ni\u00f1os peque\u00f1os tienen \u00e1ngeles que contemplan el rostro del Padre. Este es el texto principal que defiende la idea de los \u00e1ngeles de la guarda&#8221;.<\/p>\n<p dir=\"ltr\">\n<\/div>\n<figure class=\"css-1qn0xuy\">\n<div class=\"css-1jir9cx\">\n<div style=\"width: 936px\" class=\"wp-caption alignnone\"><img loading=\"lazy\" decoding=\"async\" class=\"css-1seqhu9\" src=\"https:\/\/ichef.bbci.co.uk\/ace\/ws\/640\/cpsprodpb\/03ef\/live\/9dc88c10-a04c-11f0-b687-23a5afa8b42e.jpg.webp\" alt=\"Dibujo de Tom\u00e1s de Aquino\" width=\"926\" height=\"520\" \/><p class=\"wp-caption-text\">Fuente de la imagen,Getty Images.\u00a0 Pensadores cristianos antiguos como Tom\u00e1s de Aquino &#8220;defendieron la existencia de \u00e1ngeles que cuidan de cada persona de un modo particular&#8221;, se\u00f1ala Terra.<\/p><\/div>\n<p class=\"css-by8ykd\" role=\"text\">\n<\/div>\n<\/figure>\n<div class=\"css-1k9op6x e17x9cvu0\" dir=\"ltr\">\n<p dir=\"ltr\">\n<p class=\"css-s4cjt0 e1yuyadm0\" dir=\"ltr\">Terra se\u00f1ala que pensadores cristianos antiguos, como Gregorio de Nisa (330-394), Basilio de Cesarea (330-379) y Tom\u00e1s de Aquino (1225-1274), &#8220;tambi\u00e9n defendieron la existencia de \u00e1ngeles que cuidan de cada persona de un modo particular&#8221;.<\/p>\n<\/div>\n<div class=\"css-1k9op6x e17x9cvu0\" dir=\"ltr\">\n<p class=\"css-s4cjt0 e1yuyadm0\" dir=\"ltr\">Nogueira afirma que la devoci\u00f3n al \u00e1ngel guardi\u00e1n es el mejor ejemplo de la presencia de la figura en los c\u00edrculos populares.<\/p>\n<\/div>\n<div class=\"css-1k9op6x e17x9cvu0\" dir=\"ltr\">\n<p class=\"css-s4cjt0 e1yuyadm0\" dir=\"ltr\">&#8220;La Iglesia ense\u00f1a que cada persona tiene un \u00e1ngel designado por Dios para protegerla y guiarla. Esto dio origen a oraciones sencillas, muy difundidas entre los ni\u00f1os, pero tambi\u00e9n a la confianza diaria de los fieles en su protecci\u00f3n&#8221;, explica.<\/p>\n<\/div>\n<div class=\"css-1k9op6x e17x9cvu0\" dir=\"ltr\">\n<p class=\"css-s4cjt0 e1yuyadm0\" dir=\"ltr\">En la cultura popular, han surgido expresiones y analog\u00edas para transmitir lo sagrado. La famosa discusi\u00f3n medieval sobre &#8220;cu\u00e1ntos \u00e1ngeles caben en la punta de una aguja&#8221; no era, de hecho, una cuesti\u00f3n literal, sino una forma filos\u00f3fica de reflexionar sobre la naturaleza incorp\u00f3rea de los \u00e1ngeles, reflexiona el sacerdote.<\/p>\n<\/div>\n<div class=\"css-1k9op6x e17x9cvu0\" dir=\"ltr\">\n<p class=\"css-s4cjt0 e1yuyadm0\" dir=\"ltr\">Otras tradiciones, como representarlos con alas o con formas infantiles \u2014como &#8220;angelitos&#8221;\u2014 reflejan tanto influencias art\u00edsticas como la imaginaci\u00f3n popular que buscaba hacer visible lo invisible.<\/p>\n<\/div>\n<div class=\"css-1k9op6x e17x9cvu0\" dir=\"ltr\">\n<p class=\"css-s4cjt0 e1yuyadm0\" dir=\"ltr\">El te\u00f3logo Leal enfatiza que &#8220;la Biblia no menciona expl\u00edcitamente la idea de que cada persona tenga un \u00e1ngel guardi\u00e1n&#8221;.<\/p>\n<\/div>\n<div class=\"css-1k9op6x e17x9cvu0\" dir=\"ltr\">\n<p class=\"css-s4cjt0 e1yuyadm0\" dir=\"ltr\">&#8220;Sin embargo, hay varias ocasiones en que las personas son liberadas personalmente mediante la intervenci\u00f3n de los \u00e1ngeles guardianes&#8221;, reflexiona. &#8220;La intervenci\u00f3n personal de los \u00e1ngeles, en el Nuevo Testamento, est\u00e1 impl\u00edcita&#8221; en varios pasajes.<\/p>\n<\/div>\n<div class=\"css-1k9op6x e17x9cvu0\" dir=\"ltr\">\n<p class=\"css-s4cjt0 e1yuyadm0\" dir=\"ltr\">&#8220;B\u00edblicamente hablando, la posibilidad de que cada persona tenga un \u00e1ngel guardi\u00e1n est\u00e1 abierta, aunque no est\u00e1 establecido&#8221;, concluye.<\/p>\n<\/div>\n<div class=\"css-1k9op6x e17x9cvu0\" dir=\"ltr\">\n<p class=\"css-s4cjt0 e1yuyadm0\" dir=\"ltr\">&#8220;Los angelitos aparecen en las im\u00e1genes de la virgen Mar\u00eda e incluso los beb\u00e9s reci\u00e9n nacidos que han muerto o que mueren en el vientre de su madre a menudo se consideran un \u00e1ngel que fue directo al cielo&#8221;, comenta el hagi\u00f3logo Lira.<\/p>\n<\/div>\n<div class=\"css-1k9op6x e17x9cvu0\" dir=\"ltr\">\n<p class=\"css-s4cjt0 e1yuyadm0\" dir=\"ltr\">Alves a\u00f1ade que el abrazo a los \u00e1ngeles en la religi\u00f3n popular era un fen\u00f3meno que se daba &#8220;con gran afecto&#8221;. &#8220;La devoci\u00f3n al \u00e1ngel guardi\u00e1n se remonta a la Edad Media&#8221;, afirma el investigador, destacando que en 1608 se instaur\u00f3 oficialmente una fiesta lit\u00fargica dedicada a esta figura, en octubre.<\/p>\n<\/div>\n<div class=\"css-1k9op6x e17x9cvu0\" dir=\"ltr\">\n<h2 id=\"Arte-y-cultura\" class=\"css-jtxtr9 emoh99e1\" tabindex=\"-1\">Arte y cultura<\/h2>\n<\/div>\n<div class=\"css-1k9op6x e17x9cvu0\" dir=\"ltr\">\n<p class=\"css-s4cjt0 e1yuyadm0\" dir=\"ltr\">La figura se convirti\u00f3 en una constante en las producciones art\u00edsticas, apareciendo en lienzos y frescos e integrando narrativas literarias. &#8220;Existe una tradici\u00f3n muy arraigada en la iconograf\u00eda y la pintura de representar al \u00e1ngel siempre rodeado de luz y con alas&#8221;, se\u00f1ala Maerki.<\/p>\n<\/div>\n<div class=\"css-1k9op6x e17x9cvu0\" dir=\"ltr\">\n<p class=\"css-s4cjt0 e1yuyadm0\" dir=\"ltr\">&#8220;La figura del \u00e1ngel guardi\u00e1n est\u00e1 presente. El arte cristiano difundi\u00f3 ampliamente su imagen, moldeando el imaginario popular&#8221;, explica Alves.<\/p>\n<\/div>\n<div class=\"css-1k9op6x e17x9cvu0\" dir=\"ltr\">\n<p class=\"css-s4cjt0 e1yuyadm0\" dir=\"ltr\">&#8220;Los \u00e1ngeles tambi\u00e9n entraron en el lenguaje com\u00fan, en expresiones como &#8216;salvado por un \u00e1ngel&#8217; y &#8216;parece un \u00e1ngel&#8217;, y en an\u00e9cdotas, como la expresi\u00f3n &#8216;sexo de los \u00e1ngeles&#8217;, que se burla de las discusiones bizantinas sobre su naturaleza espiritual&#8221;.<\/p>\n<\/div>\n","protected":false},"excerpt":{"rendered":"<p>&nbsp; &nbsp; En la Biblia, los \u00e1ngeles aparecen siempre que es necesario transmitir una comunicaci\u00f3n divina a los humanos. En la tradici\u00f3n popular, cada persona&hellip;<\/p>\n","protected":false},"author":99,"featured_media":539566,"comment_status":"open","ping_status":"open","sticky":false,"template":"","format":"standard","meta":{"footnotes":""},"categories":[24],"tags":[],"class_list":["post-539565","post","type-post","status-publish","format-standard","has-post-thumbnail","hentry","category-mundo"],"_links":{"self":[{"href":"https:\/\/diarioelpopular.com\/index.php\/wp-json\/wp\/v2\/posts\/539565","targetHints":{"allow":["GET"]}}],"collection":[{"href":"https:\/\/diarioelpopular.com\/index.php\/wp-json\/wp\/v2\/posts"}],"about":[{"href":"https:\/\/diarioelpopular.com\/index.php\/wp-json\/wp\/v2\/types\/post"}],"author":[{"embeddable":true,"href":"https:\/\/diarioelpopular.com\/index.php\/wp-json\/wp\/v2\/users\/99"}],"replies":[{"embeddable":true,"href":"https:\/\/diarioelpopular.com\/index.php\/wp-json\/wp\/v2\/comments?post=539565"}],"version-history":[{"count":1,"href":"https:\/\/diarioelpopular.com\/index.php\/wp-json\/wp\/v2\/posts\/539565\/revisions"}],"predecessor-version":[{"id":539567,"href":"https:\/\/diarioelpopular.com\/index.php\/wp-json\/wp\/v2\/posts\/539565\/revisions\/539567"}],"wp:featuredmedia":[{"embeddable":true,"href":"https:\/\/diarioelpopular.com\/index.php\/wp-json\/wp\/v2\/media\/539566"}],"wp:attachment":[{"href":"https:\/\/diarioelpopular.com\/index.php\/wp-json\/wp\/v2\/media?parent=539565"}],"wp:term":[{"taxonomy":"category","embeddable":true,"href":"https:\/\/diarioelpopular.com\/index.php\/wp-json\/wp\/v2\/categories?post=539565"},{"taxonomy":"post_tag","embeddable":true,"href":"https:\/\/diarioelpopular.com\/index.php\/wp-json\/wp\/v2\/tags?post=539565"}],"curies":[{"name":"wp","href":"https:\/\/api.w.org\/{rel}","templated":true}]}}