{"id":539634,"date":"2025-12-27T12:42:28","date_gmt":"2025-12-27T16:42:28","guid":{"rendered":"https:\/\/diarioelpopular.com\/?p=539634"},"modified":"2025-12-27T12:42:28","modified_gmt":"2025-12-27T16:42:28","slug":"milei-consigue-la-aprobacion-de-su-primer-presupuesto-en-el-congreso","status":"publish","type":"post","link":"https:\/\/diarioelpopular.com\/index.php\/2025\/12\/27\/milei-consigue-la-aprobacion-de-su-primer-presupuesto-en-el-congreso\/","title":{"rendered":"Milei consigue la aprobaci\u00f3n de su primer presupuesto en el Congreso"},"content":{"rendered":"<div id=\"attachment_539635\" style=\"width: 1210px\" class=\"wp-caption alignnone\"><img loading=\"lazy\" decoding=\"async\" aria-describedby=\"caption-attachment-539635\" class=\"wp-image-539635 size-custom-big-size\" src=\"https:\/\/diarioelpopular.com\/wp-content\/uploads\/2025\/12\/Screen-Shot-2025-12-27-at-11.41.41-AM-1200x795.png\" alt=\"\" width=\"1200\" height=\"795\" srcset=\"https:\/\/diarioelpopular.com\/wp-content\/uploads\/2025\/12\/Screen-Shot-2025-12-27-at-11.41.41-AM-1200x795.png 1200w, https:\/\/diarioelpopular.com\/wp-content\/uploads\/2025\/12\/Screen-Shot-2025-12-27-at-11.41.41-AM-300x199.png 300w, https:\/\/diarioelpopular.com\/wp-content\/uploads\/2025\/12\/Screen-Shot-2025-12-27-at-11.41.41-AM-768x509.png 768w, https:\/\/diarioelpopular.com\/wp-content\/uploads\/2025\/12\/Screen-Shot-2025-12-27-at-11.41.41-AM-85x55.png 85w, https:\/\/diarioelpopular.com\/wp-content\/uploads\/2025\/12\/Screen-Shot-2025-12-27-at-11.41.41-AM-636x421.png 636w, https:\/\/diarioelpopular.com\/wp-content\/uploads\/2025\/12\/Screen-Shot-2025-12-27-at-11.41.41-AM-110x73.png 110w, https:\/\/diarioelpopular.com\/wp-content\/uploads\/2025\/12\/Screen-Shot-2025-12-27-at-11.41.41-AM.png 1024w\" sizes=\"auto, (max-width: 1200px) 100vw, 1200px\" \/><p id=\"caption-attachment-539635\" class=\"wp-caption-text\">Sesi\u00f3n del Senado de Argentina, en Buenos Aires, este jueves. Foto Charly Diaz Azcue\/ Senado (EFE)<\/p><\/div>\n<p>&nbsp;<\/p>\n<p>&nbsp;<\/p>\n<ul>\n<li><em><strong>Tras gobernar dos a\u00f1os sin ley presupuestaria, la ultraderecha obtiene respaldo opositor y el Senado aprueba su proyecto con 46 votos a favor y 25 en contra<\/strong><\/em><\/li>\n<\/ul>\n<p>&nbsp;<\/p>\n<p class=\"\">No result\u00f3 todo como pretend\u00eda, pero al menos logr\u00f3 lo que no hab\u00eda podido en los dos a\u00f1os que lleva como presidente:\u00a0<a title=\"https:\/\/elpais.com\/argentina\/2025-12-22\/la-reforma-de-milei-para-transformar-la-escuela-publica-se-retira-el-estado-avanzan-la-familia-y-el-mercado.html\" href=\"https:\/\/elpais.com\/argentina\/2025-12-22\/la-reforma-de-milei-para-transformar-la-escuela-publica-se-retira-el-estado-avanzan-la-familia-y-el-mercado.html\" target=\"_self\" rel=\"\" data-link-track-dtm=\"\" data-mrf-link=\"https:\/\/elpais.com\/argentina\/2025-12-22\/la-reforma-de-milei-para-transformar-la-escuela-publica-se-retira-el-estado-avanzan-la-familia-y-el-mercado.html\"><u>Javier Milei<\/u><\/a>\u00a0pudo celebrar, finalmente, la aprobaci\u00f3n en el Congreso de un presupuesto para el pr\u00f3ximo a\u00f1o. Con 46 votos a favor y 25 en contra, el Senado argentino sancion\u00f3 este viernes la ley presupuestaria para 2026, aunque sin\u00a0<a title=\"https:\/\/elpais.com\/argentina\/2025-12-18\/la-camara-de-diputados-aprueba-el-presupuesto-de-milei-pero-rechaza-su-ajuste-a-las-universidades.html\" href=\"https:\/\/elpais.com\/argentina\/2025-12-18\/la-camara-de-diputados-aprueba-el-presupuesto-de-milei-pero-rechaza-su-ajuste-a-las-universidades.html\" target=\"_self\" rel=\"\" data-link-track-dtm=\"\" data-mrf-link=\"https:\/\/elpais.com\/argentina\/2025-12-18\/la-camara-de-diputados-aprueba-el-presupuesto-de-milei-pero-rechaza-su-ajuste-a-las-universidades.html\"><u>los ajustes para las universidades y para la atenci\u00f3n a personas discapacitadas<\/u><\/a>\u00a0que impulsaba el Gobierno ultra. El resultado fue la expresi\u00f3n del poder parlamentario que gan\u00f3 La Libertad Avanza \u2014el partido de Milei\u2014 con su reciente triunfo en las elecciones de medio t\u00e9rmino, en las que se impuso con el 40% de los votos. \u201cViva la libertad, carajo\u201d, fue el mensaje que public\u00f3 el presidente en sus redes sociales para festejar la aprobaci\u00f3n.<\/p>\n<div id=\"sum_twitter\" class=\"a_em _df\" data-oembed-type=\"twitter\">El presupuesto de Milei, con el que aspira a continuar aplicando\u00a0<a title=\"https:\/\/elpais.com\/argentina\/2025-12-08\/milei-en-el-ecuador-de-su-mandato-del-recorte-del-estado-argentino-con-motosierra-al-rescate-de-trump.html\" href=\"https:\/\/elpais.com\/argentina\/2025-12-08\/milei-en-el-ecuador-de-su-mandato-del-recorte-del-estado-argentino-con-motosierra-al-rescate-de-trump.html\" target=\"_self\" rel=\"\" data-link-track-dtm=\"\" data-mrf-link=\"https:\/\/elpais.com\/argentina\/2025-12-08\/milei-en-el-ecuador-de-su-mandato-del-recorte-del-estado-argentino-con-motosierra-al-rescate-de-trump.html\">su motosierra sobre el Estado<\/a>, prev\u00e9 para 2026 gastos totales por 148 billones de pesos (unos 100.000 millones de d\u00f3lares), con un aumento del PBI del 5% y una inflaci\u00f3n anual del 10,1%. Esas estimaciones oficiales distan de las proyecciones de las consultoras privadas (esperan un crecimiento del 3,2% del PIB el a\u00f1o que viene) y de la desaceleraci\u00f3n inflacionaria efectivamente lograda por el Gobierno hasta el momento (la tasa acumulada este a\u00f1o llega al 27,9%).<\/div>\n<div data-oembed-type=\"twitter\">\n<p class=\"\">La iniciativa tambi\u00e9n proyecta para el a\u00f1o que viene un super\u00e1vit fiscal primario del sector p\u00fablico nacional equivalente al 1,5% del PIB, con un incremento del 20,6% en el gasto p\u00fablico, por debajo de la inflaci\u00f3n.<\/p>\n<p class=\"\">Desde su asunci\u00f3n en diciembre de 2023, Milei gobern\u00f3 sin presupuesto aprobado, asignando y retirando recursos por decreto o simples resoluciones. Esta vez, cambi\u00f3 de estrategia por expresa exigencia del Fondo Monetario Internacional (FMI) y del Gobierno de Estados Unidos, como contraparte de los rescates econ\u00f3micos que concedieron a Argentina en abril y septiembre, respectivamente.<\/p>\n<p class=\"\">En un debate que se extendi\u00f3 durante casi diez horas, los discursos de los senadores ultra se centraron en elogiar el plan econ\u00f3mico de Milei y \u201cel super\u00e1vit fiscal\u201d. \u201cEste presupuesto expresa el rumbo econ\u00f3mico que eligi\u00f3 la sociedad argentina. Es un presupuesto que no improvisa, no enga\u00f1a, no promete lo que no se puede cumplir\u201d, dijo la senadora Patricia Bullrich, la principal referente de Milei en la C\u00e1mara alta. \u201cEl d\u00e9ficit cero no se negocia, es la l\u00ednea roja que separa el futuro del desastre\u201d, remarc\u00f3 al cerrar el debate.<\/p>\n<p class=\"\">A la hora de los votos, el oficialismo obtuvo respaldo de la oposici\u00f3n de centro y conservadora, incluso de peronistas no kirchneristas y fuerzas provinciales.<\/p>\n<p class=\"\">La mayor\u00eda de las cr\u00edticas las formul\u00f3 la bancada kirchnerista, que denunci\u00f3 el recorte de fondos p\u00fablicos, de pol\u00edticas sociales y jubilaciones, el desfinanciamiento de los Estados provinciales y del sistema cient\u00edfico, la desindustrializaci\u00f3n y el endeudamiento, entre otras cosas. \u201cEste presupuesto viola sistem\u00e1ticamente la Constituci\u00f3n Nacional\u201d, apunt\u00f3 el senador Jorge Capitanich y detall\u00f3 que el proyecto tiene \u201cinconsistencias de car\u00e1cter estructural\u201d y \u201cmetas fiscales inadmisibles\u201d.<\/p>\n<p class=\"\">El art\u00edculo del presupuesto que m\u00e1s cuestionamientos recibi\u00f3 fue el que\u00a0<a title=\"https:\/\/elpais.com\/argentina\/2025-05-12\/la-ciencia-involuciona-en-la-argentina-de-milei-se-desploma-la-inversion-y-disminuyen-los-investigadores.html\" href=\"https:\/\/elpais.com\/argentina\/2025-05-12\/la-ciencia-involuciona-en-la-argentina-de-milei-se-desploma-la-inversion-y-disminuyen-los-investigadores.html\" target=\"_self\" rel=\"\" data-link-track-dtm=\"\" data-mrf-link=\"https:\/\/elpais.com\/argentina\/2025-05-12\/la-ciencia-involuciona-en-la-argentina-de-milei-se-desploma-la-inversion-y-disminuyen-los-investigadores.html\">elimina una serie de metas m\u00ednimas de financiamiento<\/a>\u00a0para la educaci\u00f3n (6% del PBI), la ciencia (1%), las escuelas t\u00e9cnicas y el equipamiento de defensa nacional, previstas por ley como un horizonte futuro. En el rechazo a ese punto confluyeron legisladores de diversas bancadas opositoras.<\/p>\n<p class=\"\">\u201cEste art\u00edculo viola claramente el principio constitucional de progresividad, es una regresi\u00f3n total del derecho a la educaci\u00f3n\u201d, apunt\u00f3 la senadora kirchnerista Anabel Fern\u00e1ndez Sagasti. \u201cY no tiene nada que ver con el d\u00e9ficit fiscal, porque no se asignan partidas presupuestarias, sino que es una declaraci\u00f3n de principios en contra de la educaci\u00f3n p\u00fablica\u201d, insisti\u00f3. De todos modos, la voluntad del Ejecutivo termin\u00f3 primando: en la votaci\u00f3n en particular, el cap\u00edtulo en cuesti\u00f3n se aprob\u00f3 con 42 votos a favor y 28 en contra.<\/p>\n<p class=\"\">Si bien el Gobierno consigui\u00f3 su aprobaci\u00f3n, el presupuesto de Milei perdi\u00f3 una parte sustancial en el camino. El proyecto oficial lleg\u00f3 mutilado a la C\u00e1mara de Senadores. Una semana atr\u00e1s, al darle media sanci\u00f3n, la C\u00e1mara de Diputados hab\u00eda rechazado la derogaci\u00f3n de dos leyes aprobadas este mismo a\u00f1o a instancias de la oposici\u00f3n: las leyes de financiamiento universitario y de emergencia en la atenci\u00f3n a las personas con discapacidades. El prop\u00f3sito de ambas normas es revertir los recortes de fondos instrumentados por Milei en esas \u00e1reas.\u00a0<a title=\"https:\/\/elpais.com\/argentina\/2025-09-17\/el-congreso-argentino-rechaza-el-veto-de-milei-a-las-leyes-de-financiamiento-universitario-y-emergencia-pediatrica.html\" href=\"https:\/\/elpais.com\/argentina\/2025-09-17\/el-congreso-argentino-rechaza-el-veto-de-milei-a-las-leyes-de-financiamiento-universitario-y-emergencia-pediatrica.html\" target=\"_self\" rel=\"\" data-link-track-dtm=\"\" data-mrf-link=\"https:\/\/elpais.com\/argentina\/2025-09-17\/el-congreso-argentino-rechaza-el-veto-de-milei-a-las-leyes-de-financiamiento-universitario-y-emergencia-pediatrica.html\">El presidente ya las vet\u00f3, pero el Congreso las ratific\u00f3<\/a>. El Ejecutivo intent\u00f3 nuevamente darlas de baja a trav\u00e9s del presupuesto y volvi\u00f3 a fracasar. En el Senado, ni siquiera intent\u00f3 volver a la carga, para no arriesgar la aprobaci\u00f3n de todo el presupuesto. Mientras tanto, las dos leyes contin\u00faan vigentes, pero el Ejecutivo se niega, hasta ahora, a aplicarlas.<\/p>\n<\/div>\n","protected":false},"excerpt":{"rendered":"<p>&nbsp; &nbsp; Tras gobernar dos a\u00f1os sin ley presupuestaria, la ultraderecha obtiene respaldo opositor y el Senado aprueba su proyecto con 46 votos a favor&hellip;<\/p>\n","protected":false},"author":99,"featured_media":539635,"comment_status":"open","ping_status":"open","sticky":false,"template":"","format":"standard","meta":{"footnotes":""},"categories":[23],"tags":[],"class_list":["post-539634","post","type-post","status-publish","format-standard","has-post-thumbnail","hentry","category-latinoamerica"],"_links":{"self":[{"href":"https:\/\/diarioelpopular.com\/index.php\/wp-json\/wp\/v2\/posts\/539634","targetHints":{"allow":["GET"]}}],"collection":[{"href":"https:\/\/diarioelpopular.com\/index.php\/wp-json\/wp\/v2\/posts"}],"about":[{"href":"https:\/\/diarioelpopular.com\/index.php\/wp-json\/wp\/v2\/types\/post"}],"author":[{"embeddable":true,"href":"https:\/\/diarioelpopular.com\/index.php\/wp-json\/wp\/v2\/users\/99"}],"replies":[{"embeddable":true,"href":"https:\/\/diarioelpopular.com\/index.php\/wp-json\/wp\/v2\/comments?post=539634"}],"version-history":[{"count":1,"href":"https:\/\/diarioelpopular.com\/index.php\/wp-json\/wp\/v2\/posts\/539634\/revisions"}],"predecessor-version":[{"id":539636,"href":"https:\/\/diarioelpopular.com\/index.php\/wp-json\/wp\/v2\/posts\/539634\/revisions\/539636"}],"wp:featuredmedia":[{"embeddable":true,"href":"https:\/\/diarioelpopular.com\/index.php\/wp-json\/wp\/v2\/media\/539635"}],"wp:attachment":[{"href":"https:\/\/diarioelpopular.com\/index.php\/wp-json\/wp\/v2\/media?parent=539634"}],"wp:term":[{"taxonomy":"category","embeddable":true,"href":"https:\/\/diarioelpopular.com\/index.php\/wp-json\/wp\/v2\/categories?post=539634"},{"taxonomy":"post_tag","embeddable":true,"href":"https:\/\/diarioelpopular.com\/index.php\/wp-json\/wp\/v2\/tags?post=539634"}],"curies":[{"name":"wp","href":"https:\/\/api.w.org\/{rel}","templated":true}]}}