{"id":539669,"date":"2025-12-29T11:31:44","date_gmt":"2025-12-29T15:31:44","guid":{"rendered":"https:\/\/diarioelpopular.com\/?p=539669"},"modified":"2025-12-29T11:31:44","modified_gmt":"2025-12-29T15:31:44","slug":"al-menos-13-muertos-al-descarrilar-el-tren-interoceanico-en-oaxaca","status":"publish","type":"post","link":"https:\/\/diarioelpopular.com\/index.php\/2025\/12\/29\/al-menos-13-muertos-al-descarrilar-el-tren-interoceanico-en-oaxaca\/","title":{"rendered":"Al menos 13 muertos al descarrilar el Tren Interoce\u00e1nico en Oaxaca"},"content":{"rendered":"<div id=\"attachment_539670\" style=\"width: 1210px\" class=\"wp-caption alignnone\"><img loading=\"lazy\" decoding=\"async\" aria-describedby=\"caption-attachment-539670\" class=\"wp-image-539670 size-custom-big-size\" src=\"https:\/\/diarioelpopular.com\/wp-content\/uploads\/2025\/12\/Screen-Shot-2025-12-29-at-10.30.56-AM-1200x575.png\" alt=\"\" width=\"1200\" height=\"575\" srcset=\"https:\/\/diarioelpopular.com\/wp-content\/uploads\/2025\/12\/Screen-Shot-2025-12-29-at-10.30.56-AM-1200x575.png 1200w, https:\/\/diarioelpopular.com\/wp-content\/uploads\/2025\/12\/Screen-Shot-2025-12-29-at-10.30.56-AM-300x144.png 300w, https:\/\/diarioelpopular.com\/wp-content\/uploads\/2025\/12\/Screen-Shot-2025-12-29-at-10.30.56-AM-768x368.png 768w, https:\/\/diarioelpopular.com\/wp-content\/uploads\/2025\/12\/Screen-Shot-2025-12-29-at-10.30.56-AM-1536x736.png 1536w, https:\/\/diarioelpopular.com\/wp-content\/uploads\/2025\/12\/Screen-Shot-2025-12-29-at-10.30.56-AM-636x305.png 636w, https:\/\/diarioelpopular.com\/wp-content\/uploads\/2025\/12\/Screen-Shot-2025-12-29-at-10.30.56-AM-146x70.png 146w, https:\/\/diarioelpopular.com\/wp-content\/uploads\/2025\/12\/Screen-Shot-2025-12-29-at-10.30.56-AM.png 1024w\" sizes=\"auto, (max-width: 1200px) 100vw, 1200px\" \/><p id=\"caption-attachment-539670\" class=\"wp-caption-text\">El Corredor Interoce\u00e1nico del Istmo de Tehuantepec en Nizanda, Oaxaca. Foto: Cuartoscuro<\/p><\/div>\n<p>&nbsp;<\/p>\n<p>&nbsp;<\/p>\n<ul>\n<li><em><strong>La Secretar\u00eda de Marina ha informado que 98 personas resultaron heridas en el accidente ocurrido en el sur de M\u00e9xico<\/strong><\/em><\/li>\n<\/ul>\n<p>&nbsp;<\/p>\n<p class=\"\">Al menos 13 personas han muerto y 98 han resultado heridas tras descarrilar el\u00a0<a title=\"https:\/\/elpais.com\/mexico\/2025-09-09\/los-trenes-de-sheinbaum-desentierran-203-sitios-arqueologicos.html\" href=\"https:\/\/elpais.com\/mexico\/2025-09-09\/los-trenes-de-sheinbaum-desentierran-203-sitios-arqueologicos.html\" target=\"_self\" rel=\"\" data-link-track-dtm=\"\" data-mrf-link=\"https:\/\/elpais.com\/mexico\/2025-09-09\/los-trenes-de-sheinbaum-desentierran-203-sitios-arqueologicos.html\">Tren Interoce\u00e1nico\u00a0<\/a>que recorre el Istmo de Tehuantepec la ma\u00f1ana de este domingo a la altura de la localidad de Nizanda, en el Estado de Oaxaca, seg\u00fan ha confirmado la Secretar\u00eda de Marina. En el tren viajaban 250 personas: 241 pasajeros y 9 miembros de la tripulaci\u00f3n. Las autoridades han confirmado que de casi el centenar de heridos, unos 36 pasajeros han sido ingresados al hospital por lesiones mayores, y cinco de ellos se encuentran graves.<\/p>\n<p class=\"\">El descarrilamiento ocurri\u00f3 cuando<a title=\"https:\/\/elpais.com\/mexico\/2024-11-28\/el-gobierno-iniciara-las-obras-de-cuatro-tramos-de-trenes-de-pasajeros-en-el-primer-semestre-de-2025.html\" href=\"https:\/\/elpais.com\/mexico\/2024-11-28\/el-gobierno-iniciara-las-obras-de-cuatro-tramos-de-trenes-de-pasajeros-en-el-primer-semestre-de-2025.html\" target=\"_self\" rel=\"\" data-link-track-dtm=\"\" data-mrf-link=\"https:\/\/elpais.com\/mexico\/2024-11-28\/el-gobierno-iniciara-las-obras-de-cuatro-tramos-de-trenes-de-pasajeros-en-el-primer-semestre-de-2025.html\">\u00a0la m\u00e1quina\u00a0<\/a>principal sali\u00f3 de la v\u00eda. El convoy est\u00e1 compuesto por dos locomotoras y cuatro vagones de pasajeros. El tren recorr\u00eda la L\u00ednea Z, que va de Salina Cruz, en Oaxaca, a Coatzacoalcos, en el Estado de Veracruz. La l\u00ednea es propiedad del Gobierno mexicano y forma parte del proyecto del Corredor Interoce\u00e1nico del Istmo de Tehuantepec, que desde 2023 busca reactivar las v\u00edas ferroviarias en el sur de M\u00e9xico. Esta ruta ferroviaria, que fue abierta para el turismo, conecta al oc\u00e9ano Pac\u00edfico con el golfo de M\u00e9xico.<\/p>\n<p class=\"\">\u201cSentimos que el tren ven\u00eda muy fuerte, no sabemos si qued\u00f3 sin frenos\u201d, narra un pasajero en un v\u00eddeo difundido en redes sociales. Las im\u00e1genes muestran a la mayor\u00eda de los vagones del convoy fuera de la v\u00eda. El narrador se\u00f1ala que \u00e9l y su familia se encontraban en el \u00faltimo vag\u00f3n que pr\u00e1cticamente qued\u00f3 sobre las v\u00edas. Las primeras im\u00e1genes del accidente muestran que una buena parte del convoy volc\u00f3 en una barranca al salir la locomotora de la v\u00eda. En otro v\u00eddeo, los pasajeros se encuentran atrapados en un vag\u00f3n que volc\u00f3 hacia un lado y esperan entre llanto a los equipos de rescate.<\/p>\n<p class=\"\">Este es el segundo accidente del Tren Interoce\u00e1nico en esta semana. El pasado 20 de diciembre, un convoy que cubr\u00eda la L\u00ednea FA \u2013de Coatzacoalcos a Pakal-Na, en Chiapas\u2013 choc\u00f3 contra una pipa que intent\u00f3 ganarle el paso. En esa ocasi\u00f3n no hubo muertos, ni heridos, pese a que en el ferrocarril iban 148 pasajeros a bordo.<\/p>\n<p class=\"\">La mandataria mexicana, Claudia Sheinbaum, ha mandado un mensaje en sus redes sociales en el que ha lamentado la muerte de los 13 pasajeros y ha asegurado que los cuerpos de emergencia se encuentran atendiendo a los afectados por el descarrilamiento. \u201cLos heridos se encuentran en hospitales del IMSS en Mat\u00edas Romero y Salina Cruz, as\u00ed como de IMSS-Bienestar en Juchit\u00e1n e Ixtepec\u201d, escribi\u00f3. La Fiscal\u00eda General de la Rep\u00fablica (FGR) ha abierto una investigaci\u00f3n para determinar las causas del descarrilamiento del tren.<\/p>\n<div id=\"sum_twitter\" class=\"a_em _df\" data-oembed-type=\"twitter\"><\/div>\n","protected":false},"excerpt":{"rendered":"<p>&nbsp; &nbsp; La Secretar\u00eda de Marina ha informado que 98 personas resultaron heridas en el accidente ocurrido en el sur de M\u00e9xico &nbsp; Al menos&hellip;<\/p>\n","protected":false},"author":99,"featured_media":539670,"comment_status":"open","ping_status":"open","sticky":false,"template":"","format":"standard","meta":{"footnotes":""},"categories":[23],"tags":[],"class_list":["post-539669","post","type-post","status-publish","format-standard","has-post-thumbnail","hentry","category-latinoamerica"],"_links":{"self":[{"href":"https:\/\/diarioelpopular.com\/index.php\/wp-json\/wp\/v2\/posts\/539669","targetHints":{"allow":["GET"]}}],"collection":[{"href":"https:\/\/diarioelpopular.com\/index.php\/wp-json\/wp\/v2\/posts"}],"about":[{"href":"https:\/\/diarioelpopular.com\/index.php\/wp-json\/wp\/v2\/types\/post"}],"author":[{"embeddable":true,"href":"https:\/\/diarioelpopular.com\/index.php\/wp-json\/wp\/v2\/users\/99"}],"replies":[{"embeddable":true,"href":"https:\/\/diarioelpopular.com\/index.php\/wp-json\/wp\/v2\/comments?post=539669"}],"version-history":[{"count":1,"href":"https:\/\/diarioelpopular.com\/index.php\/wp-json\/wp\/v2\/posts\/539669\/revisions"}],"predecessor-version":[{"id":539671,"href":"https:\/\/diarioelpopular.com\/index.php\/wp-json\/wp\/v2\/posts\/539669\/revisions\/539671"}],"wp:featuredmedia":[{"embeddable":true,"href":"https:\/\/diarioelpopular.com\/index.php\/wp-json\/wp\/v2\/media\/539670"}],"wp:attachment":[{"href":"https:\/\/diarioelpopular.com\/index.php\/wp-json\/wp\/v2\/media?parent=539669"}],"wp:term":[{"taxonomy":"category","embeddable":true,"href":"https:\/\/diarioelpopular.com\/index.php\/wp-json\/wp\/v2\/categories?post=539669"},{"taxonomy":"post_tag","embeddable":true,"href":"https:\/\/diarioelpopular.com\/index.php\/wp-json\/wp\/v2\/tags?post=539669"}],"curies":[{"name":"wp","href":"https:\/\/api.w.org\/{rel}","templated":true}]}}