{"id":539724,"date":"2025-12-30T12:15:23","date_gmt":"2025-12-30T16:15:23","guid":{"rendered":"https:\/\/diarioelpopular.com\/?p=539724"},"modified":"2025-12-30T12:15:23","modified_gmt":"2025-12-30T16:15:23","slug":"cinco-anos-de-aborto-legal-en-argentina-un-derecho-que-resiste-a-los-ataques-de-milei","status":"publish","type":"post","link":"https:\/\/diarioelpopular.com\/index.php\/2025\/12\/30\/cinco-anos-de-aborto-legal-en-argentina-un-derecho-que-resiste-a-los-ataques-de-milei\/","title":{"rendered":"Cinco a\u00f1os de aborto legal en Argentina: un derecho que resiste a los ataques de Milei"},"content":{"rendered":"<div id=\"attachment_539725\" style=\"width: 1210px\" class=\"wp-caption alignnone\"><img loading=\"lazy\" decoding=\"async\" aria-describedby=\"caption-attachment-539725\" class=\"wp-image-539725 size-custom-big-size\" src=\"https:\/\/diarioelpopular.com\/wp-content\/uploads\/2025\/12\/Screen-Shot-2025-12-30-at-11.14.26-AM-1200x758.png\" alt=\"\" width=\"1200\" height=\"758\" srcset=\"https:\/\/diarioelpopular.com\/wp-content\/uploads\/2025\/12\/Screen-Shot-2025-12-30-at-11.14.26-AM-1200x758.png 1200w, https:\/\/diarioelpopular.com\/wp-content\/uploads\/2025\/12\/Screen-Shot-2025-12-30-at-11.14.26-AM-300x190.png 300w, https:\/\/diarioelpopular.com\/wp-content\/uploads\/2025\/12\/Screen-Shot-2025-12-30-at-11.14.26-AM-768x485.png 768w, https:\/\/diarioelpopular.com\/wp-content\/uploads\/2025\/12\/Screen-Shot-2025-12-30-at-11.14.26-AM-85x55.png 85w, https:\/\/diarioelpopular.com\/wp-content\/uploads\/2025\/12\/Screen-Shot-2025-12-30-at-11.14.26-AM-1536x971.png 1536w, https:\/\/diarioelpopular.com\/wp-content\/uploads\/2025\/12\/Screen-Shot-2025-12-30-at-11.14.26-AM-636x402.png 636w, https:\/\/diarioelpopular.com\/wp-content\/uploads\/2025\/12\/Screen-Shot-2025-12-30-at-11.14.26-AM-116x73.png 116w, https:\/\/diarioelpopular.com\/wp-content\/uploads\/2025\/12\/Screen-Shot-2025-12-30-at-11.14.26-AM.png 1024w\" sizes=\"auto, (max-width: 1200px) 100vw, 1200px\" \/><p id=\"caption-attachment-539725\" class=\"wp-caption-text\">Nelly Minyersky y Nina Brugo participan en una marcha por el aborto legal en Buenos Aires en 2020. Foto cortes\u00eda de la Campa\u00f1a Nacional por el Derecho al Aborto Legal.<\/p><\/div>\n<p>&nbsp;<\/p>\n<p>&nbsp;<\/p>\n<ul>\n<li><em><strong>M\u00e1s de 314.000 mujeres se han beneficiado de la ley, que el presidente ultra considera una \u201cpol\u00edtica asesina\u201d<\/strong><\/em><\/li>\n<\/ul>\n<p>&nbsp;<\/p>\n<p class=\"\">Cuando el 30 de diciembre de 2020\u00a0<a title=\"https:\/\/elpais.com\/sociedad\/2020-12-30\/argentina-legaliza-el-aborto.html\" href=\"https:\/\/elpais.com\/sociedad\/2020-12-30\/argentina-legaliza-el-aborto.html\" target=\"_self\" rel=\"\" data-link-track-dtm=\"\" data-mrf-link=\"https:\/\/elpais.com\/sociedad\/2020-12-30\/argentina-legaliza-el-aborto.html\">el Senado argentino aprob\u00f3 la ley de interrupci\u00f3n voluntaria del embarazo<\/a>, la calle estall\u00f3: la euforia brot\u00f3 en el seno de un movimiento con decenas de miles de activistas que, en pleno verano pand\u00e9mico, logr\u00f3 un derecho que se reclamaba desde hac\u00eda d\u00e9cadas. Argentina se convirti\u00f3 en ese momento en el quinto pa\u00eds de Am\u00e9rica Latina \u2014despu\u00e9s de Cuba, Uruguay, Guyana y, entonces solo en algunos Estados de M\u00e9xico\u2014 que despenalizaba el aborto de forma total hasta la semana 14, es decir, que ya no se requer\u00eda demostrar una violaci\u00f3n, riesgo de vida o de salud de la gestante.<\/p>\n<p class=\"\">Cinco a\u00f1os despu\u00e9s, m\u00e1s de 314.000 mujeres han accedido a un aborto de forma segura y gratuita en la sanidad p\u00fablica argentina, pero los equipos m\u00e9dicos que garantizan este derecho se enfrentan a cada vez m\u00e1s obst\u00e1culos a medida que avanza la agenda social ultraconservadora del Gobierno de Javier Milei.<\/p>\n<p class=\"\">Milei sostiene una firme posici\u00f3n contra el aborto, que considera un \u201casesinato agravado por el v\u00ednculo\u201d y ha pretendido relacionarlo con\u00a0<a title=\"https:\/\/elpais.com\/argentina\/2025-05-24\/milei-aprovecha-la-caida-abrupta-de-nacimientos-en-argentina-para-radicalizar-su-discurso-contra-el-aborto.html\" href=\"https:\/\/elpais.com\/argentina\/2025-05-24\/milei-aprovecha-la-caida-abrupta-de-nacimientos-en-argentina-para-radicalizar-su-discurso-contra-el-aborto.html\" target=\"_self\" rel=\"\" data-link-track-dtm=\"\" data-mrf-link=\"https:\/\/elpais.com\/argentina\/2025-05-24\/milei-aprovecha-la-caida-abrupta-de-nacimientos-en-argentina-para-radicalizar-su-discurso-contra-el-aborto.html\">la ca\u00edda en la tasa de natalidad<\/a>. Aun sin intenci\u00f3n inmediata de derogar la ley, s\u00ed ha vuelto m\u00e1s dif\u00edcil su aplicaci\u00f3n, como se\u00f1ala un\u00a0<a title=\"https:\/\/amnistia.org.ar\/storage\/uploads\/8f911b73-0fed-460b-86af-749dd23fb8e0\/Tambien-es-por-vos-Digital-(2).pdf?\" href=\"https:\/\/amnistia.org.ar\/storage\/uploads\/8f911b73-0fed-460b-86af-749dd23fb8e0\/Tambien-es-por-vos-Digital-(2).pdf?\" target=\"_blank\" rel=\"noopener\" data-link-track-dtm=\"\" data-mrf-link=\"https:\/\/amnistia.org.ar\/storage\/uploads\/8f911b73-0fed-460b-86af-749dd23fb8e0\/Tambien-es-por-vos-Digital-(2).pdf?\">informe<\/a>\u00a0publicado por Amnist\u00eda Internacional. Entre las acciones tomadas por el Estado destacan: la interrupci\u00f3n en la compra y distribuci\u00f3n de misoprostol y mifepristona (medicamentos esenciales para abortar de forma segura);\u00a0<a title=\"https:\/\/elpais.com\/argentina\/2024-12-03\/milei-deja-a-argentina-sin-politicas-estatales-de-control-de-natalidad-y-de-salud-sexual.html\" href=\"https:\/\/elpais.com\/argentina\/2024-12-03\/milei-deja-a-argentina-sin-politicas-estatales-de-control-de-natalidad-y-de-salud-sexual.html\" target=\"_self\" rel=\"\" data-link-track-dtm=\"\" data-mrf-link=\"https:\/\/elpais.com\/argentina\/2024-12-03\/milei-deja-a-argentina-sin-politicas-estatales-de-control-de-natalidad-y-de-salud-sexual.html\">la reducci\u00f3n en la provisi\u00f3n de anticonceptivos<\/a>\u00a0y tests de embarazo \u2014instaurada como pol\u00edtica p\u00fablica desde 2002\u2014; el desmantelamiento del Plan nacional de prevenci\u00f3n del embarazo no intencional en la adolescencia \u2014que entre 2018 y 2022 contribuy\u00f3 a reducir los embarazos adolescentes en un 49%\u2014 y la falta de informaci\u00f3n accesible para que las mujeres y personas gestantes conozcan sus derechos.<\/p>\n<p>&nbsp;<\/p>\n<figure class=\"a_m a_m-h \">\n<p><div style=\"width: 424px\" class=\"wp-caption alignnone\"><img loading=\"lazy\" decoding=\"async\" class=\"_re lazyload a_m-h\" src=\"https:\/\/imagenes.elpais.com\/resizer\/v2\/TBZNW6GKONCAFLNJ4MO2OADX7A.jpg?auth=eb2b81488676dec6dbdcece999d639dc52d0da8c7137237439df8ac2c56bf0a5&amp;width=414\" sizes=\"auto, (min-width:1199px) 1155px,(min-width:1001px) calc(100vw - 44px),(min-width:768px) 767px, 100vw\" srcset=\"https:\/\/imagenes.elpais.com\/resizer\/v2\/TBZNW6GKONCAFLNJ4MO2OADX7A.jpg?auth=eb2b81488676dec6dbdcece999d639dc52d0da8c7137237439df8ac2c56bf0a5&amp;width=414 414w,https:\/\/imagenes.elpais.com\/resizer\/v2\/TBZNW6GKONCAFLNJ4MO2OADX7A.jpg?auth=eb2b81488676dec6dbdcece999d639dc52d0da8c7137237439df8ac2c56bf0a5&amp;width=828 640w,https:\/\/imagenes.elpais.com\/resizer\/v2\/TBZNW6GKONCAFLNJ4MO2OADX7A.jpg?auth=eb2b81488676dec6dbdcece999d639dc52d0da8c7137237439df8ac2c56bf0a5&amp;width=980 1000w,https:\/\/imagenes.elpais.com\/resizer\/v2\/TBZNW6GKONCAFLNJ4MO2OADX7A.jpg?auth=eb2b81488676dec6dbdcece999d639dc52d0da8c7137237439df8ac2c56bf0a5&amp;width=1960 1960w\" alt=\"\" width=\"414\" height=\"276\" \/><p class=\"wp-caption-text\">Mujeres protestan en el D\u00eda Internacional del Aborto Seguro, en Buenos Aires, Argentina, el 28 de septiembre de 2023.\u00a0 \u00a0 \u00a0 \u00a0 \u00a0 \u00a0 \u00a0 \u00a0Foto NurPhoto (Getty Images)<\/p><\/div><figcaption class=\"a_m_p\" aria-hidden=\"true\"><\/figcaption><\/figure>\n<p>&nbsp;<\/p>\n<p class=\"\">\u201cHay personas que llegan a la consulta creyendo que la ley del aborto se cay\u00f3, porque este discurso de odio ha generado mucha confusi\u00f3n\u201d, explica Julieta Baz\u00e1n, m\u00e9dica en un hospital p\u00fablico de la provincia de Buenos Aires y miembro de la Red de Profesionales de la Salud por el Derecho a Decidir, que desde 2014 garantiza la interrupci\u00f3n legal del embarazo dentro del sistema de salud p\u00fablica.<\/p>\n<p class=\"\">Adem\u00e1s de la invisibilizaci\u00f3n del derecho, esta doctora advierte de que est\u00e1 en peligro su gratuidad. \u201cNo podemos naturalizar que ya no se entreguen anticonceptivos ni preservativos\u201d, advierte. Aparte de embarazos no deseados, ayudan a prevenir enfermedades ven\u00e9reas, como la s\u00edfilis o el VIH, cuyos contagios han aumentado desde 2023. Baz\u00e1n apunta tambi\u00e9n a la realidad econ\u00f3mica de pacientes que \u201cdesean una maternidad, pero no pueden llevarla adelante\u201d, en un contexto de crisis y aumento del trabajo informal. \u201cEsas son las ambig\u00fcedades de este Gobierno: est\u00e1 en contra del aborto, pero genera escenarios para que la gente termine abortando\u201d.<\/p>\n<p>&nbsp;<\/p>\n<figure class=\"a_m a_m-h \">\n<p><div style=\"width: 424px\" class=\"wp-caption alignnone\"><img loading=\"lazy\" decoding=\"async\" class=\"_re lazyload a_m-h\" src=\"https:\/\/imagenes.elpais.com\/resizer\/v2\/ROUAVBZ3OVAQDK43BGPN5BJYRU.jpeg?auth=45a26ac0ae3db0580a17bf2184501c0ea0581dba8b6a869992dfa3b8bf4489eb&amp;width=414\" sizes=\"auto, (min-width:1199px) 1155px,(min-width:1001px) calc(100vw - 44px),(min-width:768px) 767px, 100vw\" srcset=\"https:\/\/imagenes.elpais.com\/resizer\/v2\/ROUAVBZ3OVAQDK43BGPN5BJYRU.jpeg?auth=45a26ac0ae3db0580a17bf2184501c0ea0581dba8b6a869992dfa3b8bf4489eb&amp;width=414 414w,https:\/\/imagenes.elpais.com\/resizer\/v2\/ROUAVBZ3OVAQDK43BGPN5BJYRU.jpeg?auth=45a26ac0ae3db0580a17bf2184501c0ea0581dba8b6a869992dfa3b8bf4489eb&amp;width=828 640w,https:\/\/imagenes.elpais.com\/resizer\/v2\/ROUAVBZ3OVAQDK43BGPN5BJYRU.jpeg?auth=45a26ac0ae3db0580a17bf2184501c0ea0581dba8b6a869992dfa3b8bf4489eb&amp;width=980 1000w,https:\/\/imagenes.elpais.com\/resizer\/v2\/ROUAVBZ3OVAQDK43BGPN5BJYRU.jpeg?auth=45a26ac0ae3db0580a17bf2184501c0ea0581dba8b6a869992dfa3b8bf4489eb&amp;width=1960 1960w\" alt=\"\" width=\"414\" height=\"277\" \/><p class=\"wp-caption-text\">Mujeres pioneras en la lucha por el aborto legal en Argentina, durante una marcha, en Buenos Aires. Foto Laura Reyes (CORTES\u00cdA)<\/p><\/div><figcaption class=\"a_m_p\" aria-hidden=\"true\"><\/figcaption><\/figure>\n<p>&nbsp;<\/p>\n<p class=\"\">Este a\u00f1o, la Red organiz\u00f3 el primer Congreso de salud sexual y aborto seguro en Argentina, que seg\u00fan Baz\u00e1n \u201cse desbord\u00f3\u201d de profesionales de la salud \u201ccon mucha necesidad de compartir\u201d, entre otras cosas, \u201cque est\u00e1n trabajando de manera muy solitaria\u201d porque, \u201cen un contexto de avance antiderechos, te expones a riesgos de hostigamiento profesional\u201d. Esta m\u00e9dica destaca que llegan pacientes derivadas por Socorristas en Red, un colectivo articulado en 2012 que facilita abortos \u2013con informaci\u00f3n, acompa\u00f1amiento y medicaci\u00f3n\u2013 desde a\u00f1os antes de su despenalizaci\u00f3n. La periodista Laura Rosso document\u00f3 su labor, y destaca el car\u00e1cter \u201ctotalmente transversal\u201d del aborto: en los grupos de socorristas, encontr\u00f3 a mujeres \u201ccon y sin hijos, en pareja, separadas, j\u00f3venes, grandes\u2026 y eso te da a entender que somos todas\u201d<\/p>\n<h3 class=\"\">Batalla cultural<\/h3>\n<p class=\"\">Milei encabeza tambi\u00e9n una \u201cbatalla cultural\u201d contra la Educaci\u00f3n Sexual Integral (ESI), obligatoria desde 2006 en todos los centros educativos del pa\u00eds y, seg\u00fan \u00e9l, una pol\u00edtica que \u201cdeforma la cabeza a la gente\u201d. Celeste Mac Dougall, docente y especialista en ESI, teme por la reforma educativa que el Gobierno pretende llevar adelante: \u201cTodav\u00eda no se han metido con la ESI, pero creo que es el pr\u00f3ximo paso\u201d.<\/p>\n<p class=\"\">La naturaleza multidimensional de la salud sexual y reproductiva caracteriz\u00f3 al movimiento que condujo a la legalizaci\u00f3n del aborto: la Campa\u00f1a nacional por el derecho al aborto legal, seguro y gratuito, una red federal de colectivos y personas que, desde 2005, trabajaba por la despenalizaci\u00f3n del aborto en Argentina. Movimientos feministas, barriales, sindicatos, instituciones acad\u00e9micas, incluso organizaciones religiosas disidentes, como Cat\u00f3licas por el derecho a decidir, se unieron alrededor de un s\u00edmbolo, el pa\u00f1uelo verde, y de tres consignas: \u201ceducaci\u00f3n sexual para decidir, anticonceptivos para no abortar, aborto legal para no morir.\u201d<\/p>\n<h3 class=\"\">\u201cSilencio, verg\u00fcenza y culpa\u201d<\/h3>\n<p class=\"\">En 2015, con el auge de los feminismos organizados a nivel global y del movimiento Ni Una Menos a nivel local, la discusi\u00f3n del aborto empez\u00f3 a tomar una dimensi\u00f3n definitiva \u201cdespu\u00e9s de d\u00e9cadas de silencio, verg\u00fcenza y culpa\u201d, dice Martha Rosenberg, m\u00e9dica, psicoanalista y figura clave del movimiento por los derechos reproductivos en Argentina. La ley \u201ctransforma un hecho secreto y traum\u00e1tico en algo compartido y pensado\u201d, dice. Rosenberg, de 89 a\u00f1os, ha dedicado gran parte de su vida a acompa\u00f1ar a personas que transitan por esta experiencia. \u201cHemos logrado que el aborto sea un tema pol\u00edtico, econ\u00f3mico y de salud mental\u201d y, sobre la ley, advierte: \u201ces un hito, pero es un piso\u201d.<\/p>\n<p>&nbsp;<\/p>\n<figure class=\"a_m a_m-h \">\n<p><div style=\"width: 424px\" class=\"wp-caption alignnone\"><img loading=\"lazy\" decoding=\"async\" class=\"_re lazyload a_m-h\" src=\"https:\/\/imagenes.elpais.com\/resizer\/v2\/UGSPENBWGNGSNFVND3B3RTVAQ4.jpg?auth=d59512e982b22626e3c841e84790b3516ac0eae330a157217bd0640707019c93&amp;width=414\" sizes=\"auto, (min-width:1199px) 1155px,(min-width:1001px) calc(100vw - 44px),(min-width:768px) 767px, 100vw\" srcset=\"https:\/\/imagenes.elpais.com\/resizer\/v2\/UGSPENBWGNGSNFVND3B3RTVAQ4.jpg?auth=d59512e982b22626e3c841e84790b3516ac0eae330a157217bd0640707019c93&amp;width=414 414w,https:\/\/imagenes.elpais.com\/resizer\/v2\/UGSPENBWGNGSNFVND3B3RTVAQ4.jpg?auth=d59512e982b22626e3c841e84790b3516ac0eae330a157217bd0640707019c93&amp;width=828 640w,https:\/\/imagenes.elpais.com\/resizer\/v2\/UGSPENBWGNGSNFVND3B3RTVAQ4.jpg?auth=d59512e982b22626e3c841e84790b3516ac0eae330a157217bd0640707019c93&amp;width=980 1000w,https:\/\/imagenes.elpais.com\/resizer\/v2\/UGSPENBWGNGSNFVND3B3RTVAQ4.jpg?auth=d59512e982b22626e3c841e84790b3516ac0eae330a157217bd0640707019c93&amp;width=1960 1960w\" alt=\"\" width=\"414\" height=\"277\" \/><p class=\"wp-caption-text\">Martha Rosenberg en su casa en Belgrano, Buenos Aires, 17 de diciembre. Foto MARIANA NEDELCU<\/p><\/div><figcaption class=\"a_m_p\" aria-hidden=\"true\"><\/figcaption><\/figure>\n<p class=\"\">El conocido como caso Bel\u00e9n represent\u00f3 un punto de inflexi\u00f3n en la despenalizaci\u00f3n del aborto en Argentina y se convirti\u00f3 en libro y despu\u00e9s en una pel\u00edcula\u00a0<i>(<\/i><a title=\"https:\/\/elpais.com\/argentina\/2025-09-19\/dolores-fonzi-revive-una-pesadilla-en-belen-ir-presa-por-un-aborto.html\" href=\"https:\/\/elpais.com\/argentina\/2025-09-19\/dolores-fonzi-revive-una-pesadilla-en-belen-ir-presa-por-un-aborto.html\" target=\"_self\" rel=\"\" data-link-track-dtm=\"\" data-mrf-link=\"https:\/\/elpais.com\/argentina\/2025-09-19\/dolores-fonzi-revive-una-pesadilla-en-belen-ir-presa-por-un-aborto.html\"><i>Bel\u00e9n<\/i>, dirigida por Dolores Fonzi)\u00a0<\/a>que competir\u00e1 en los Oscar. Bel\u00e9n es el nombre ficticio de una joven tucumana que, en 2014, lleg\u00f3 al hospital en medio de un aborto espont\u00e1neo, y fue encarcelada tras ser acusada de homicidio, bajo argumentos jur\u00eddicos cuestionados por juristas y organismos de derechos humanos. La abogada que, casi tres a\u00f1os despu\u00e9s, logr\u00f3 anular su condena y ponerla en libertad, Soledad Deza, cuenta c\u00f3mo se evidenci\u00f3 que, \u201cincluso en un caso donde la voluntad no hab\u00eda mediado, la maquinaria simb\u00f3lica y el poder judicial \u2014que es el\u00a0<i>statu quo<\/i>\u2014, eran capaces no solo de perseguir a alguien, sino de encarcelarlo\u201d. El caso de Bel\u00e9n desplaz\u00f3 el foco del debate de \u201clo que hacen las mujeres\u201d a \u201clo que hace el Estado\u201d, y aceler\u00f3 una mayor\u00eda social y pol\u00edtica hacia la despenalizaci\u00f3n del aborto.<\/p>\n<p class=\"\">La Ley n.\u00ba 27.610 transform\u00f3 el pa\u00eds y empuj\u00f3 el cambio en Am\u00e9rica Latina. Colombia despenaliz\u00f3 el aborto en 2022 y M\u00e9xico, en 2023. En Argentina, el aborto pas\u00f3 de ser la principal causa de muerte de mujeres en edad f\u00e9rtil, a un servicio de la salud p\u00fablica del que se beneficiaron m\u00e1s de 314.000 personas entre 2021 y 2024. Fue un camino largo y no est\u00e1 exento de amenazas, como lo revela el caso de Paola Ortiz en C\u00f3rdoba, que cumple cadena perpetua, acusada de homicidio, por haber parido en 2012 a una beb\u00e9 sin vida.<\/p>\n<p class=\"\">Mac Dougall parafrasea a Simone de Beauvoir: \u201cNo olvid\u00e9is jam\u00e1s que bastar\u00e1 una crisis pol\u00edtica, econ\u00f3mica o religiosa para que los derechos de las mujeres vuelvan a ser cuestionados\u201d. Mientras Milei acusa a las defensoras del aborto de tener \u201cel cerebro lavado por una pol\u00edtica asesina\u201d, Rosenberg recuerda la uni\u00f3n que hizo posible la aprobaci\u00f3n de la ley: \u201c\u00c9ramos muchas, y ten\u00edamos diferencias ideol\u00f3gicas profundas, pero en entender el aborto como derecho estuvimos todas juntas\u201d. La activista lamenta que muchas abandonaron la militancia, y que hoy las reuniones de la Campa\u00f1a ya no son multitudinarias: \u201cconseguimos la ley. Ahora hay que sostenerla\u201d.<\/p>\n","protected":false},"excerpt":{"rendered":"<p>&nbsp; &nbsp; M\u00e1s de 314.000 mujeres se han beneficiado de la ley, que el presidente ultra considera una \u201cpol\u00edtica asesina\u201d &nbsp; Cuando el 30 de&hellip;<\/p>\n","protected":false},"author":99,"featured_media":539725,"comment_status":"open","ping_status":"open","sticky":false,"template":"","format":"standard","meta":{"footnotes":""},"categories":[23],"tags":[],"class_list":["post-539724","post","type-post","status-publish","format-standard","has-post-thumbnail","hentry","category-latinoamerica"],"_links":{"self":[{"href":"https:\/\/diarioelpopular.com\/index.php\/wp-json\/wp\/v2\/posts\/539724","targetHints":{"allow":["GET"]}}],"collection":[{"href":"https:\/\/diarioelpopular.com\/index.php\/wp-json\/wp\/v2\/posts"}],"about":[{"href":"https:\/\/diarioelpopular.com\/index.php\/wp-json\/wp\/v2\/types\/post"}],"author":[{"embeddable":true,"href":"https:\/\/diarioelpopular.com\/index.php\/wp-json\/wp\/v2\/users\/99"}],"replies":[{"embeddable":true,"href":"https:\/\/diarioelpopular.com\/index.php\/wp-json\/wp\/v2\/comments?post=539724"}],"version-history":[{"count":1,"href":"https:\/\/diarioelpopular.com\/index.php\/wp-json\/wp\/v2\/posts\/539724\/revisions"}],"predecessor-version":[{"id":539726,"href":"https:\/\/diarioelpopular.com\/index.php\/wp-json\/wp\/v2\/posts\/539724\/revisions\/539726"}],"wp:featuredmedia":[{"embeddable":true,"href":"https:\/\/diarioelpopular.com\/index.php\/wp-json\/wp\/v2\/media\/539725"}],"wp:attachment":[{"href":"https:\/\/diarioelpopular.com\/index.php\/wp-json\/wp\/v2\/media?parent=539724"}],"wp:term":[{"taxonomy":"category","embeddable":true,"href":"https:\/\/diarioelpopular.com\/index.php\/wp-json\/wp\/v2\/categories?post=539724"},{"taxonomy":"post_tag","embeddable":true,"href":"https:\/\/diarioelpopular.com\/index.php\/wp-json\/wp\/v2\/tags?post=539724"}],"curies":[{"name":"wp","href":"https:\/\/api.w.org\/{rel}","templated":true}]}}