{"id":539732,"date":"2025-12-30T12:28:07","date_gmt":"2025-12-30T16:28:07","guid":{"rendered":"https:\/\/diarioelpopular.com\/?p=539732"},"modified":"2025-12-30T12:28:07","modified_gmt":"2025-12-30T16:28:07","slug":"como-una-escuela-publica-rompio-con-su-pasado-de-drogas-y-violencia-y-se-convirtio-en-una-de-las-mejores-del-mundo","status":"publish","type":"post","link":"https:\/\/diarioelpopular.com\/index.php\/2025\/12\/30\/como-una-escuela-publica-rompio-con-su-pasado-de-drogas-y-violencia-y-se-convirtio-en-una-de-las-mejores-del-mundo\/","title":{"rendered":"C\u00f3mo una escuela p\u00fablica rompi\u00f3 con su pasado de drogas y violencia y se convirti\u00f3 en una de las mejores del mundo"},"content":{"rendered":"<div id=\"attachment_539733\" style=\"width: 646px\" class=\"wp-caption alignnone\"><img loading=\"lazy\" decoding=\"async\" aria-describedby=\"caption-attachment-539733\" class=\"wp-image-539733 size-custom-full-size\" src=\"https:\/\/diarioelpopular.com\/wp-content\/uploads\/2025\/12\/Screen-Shot-2025-12-30-at-11.27.27-AM-636x358.png\" alt=\"\" width=\"636\" height=\"358\" srcset=\"https:\/\/diarioelpopular.com\/wp-content\/uploads\/2025\/12\/Screen-Shot-2025-12-30-at-11.27.27-AM-636x358.png 636w, https:\/\/diarioelpopular.com\/wp-content\/uploads\/2025\/12\/Screen-Shot-2025-12-30-at-11.27.27-AM-300x169.png 300w, https:\/\/diarioelpopular.com\/wp-content\/uploads\/2025\/12\/Screen-Shot-2025-12-30-at-11.27.27-AM-768x432.png 768w, https:\/\/diarioelpopular.com\/wp-content\/uploads\/2025\/12\/Screen-Shot-2025-12-30-at-11.27.27-AM-130x73.png 130w, https:\/\/diarioelpopular.com\/wp-content\/uploads\/2025\/12\/Screen-Shot-2025-12-30-at-11.27.27-AM.png 868w\" sizes=\"auto, (max-width: 636px) 100vw, 636px\" \/><p id=\"caption-attachment-539733\" class=\"wp-caption-text\">Los profesores visitan los hogares de los estudiantes que tienen dificultades de aprendizaje o problemas disciplinarios.<\/p><\/div>\n<p>&nbsp;<\/p>\n<p>&nbsp;<\/p>\n<div class=\"css-1k9op6x e17x9cvu0\" dir=\"ltr\">\n<ul>\n<li class=\"css-s4cjt0 e1yuyadm0\" dir=\"ltr\"><em><b>En 2016, el profesor de Historia R\u00e9gis Marques oy\u00f3 hablar por primera vez de la Escuela Estatal Parque dos Sonhos tras recibir una llamada telef\u00f3nica.<\/b><\/em><\/li>\n<\/ul>\n<\/div>\n<div class=\"css-1k9op6x e17x9cvu0\" dir=\"ltr\">\n<p dir=\"ltr\">\n<p class=\"css-s4cjt0 e1yuyadm0\" dir=\"ltr\">Era una invitaci\u00f3n para asumir la direcci\u00f3n de la escuela, ubicada en Cubat\u00e3o, en la costa de S\u00e3o Paulo.<\/p>\n<\/div>\n<div class=\"css-1k9op6x e17x9cvu0\" dir=\"ltr\">\n<p class=\"css-s4cjt0 e1yuyadm0\" dir=\"ltr\">&#8220;Investigu\u00e9 sobre la escuela en internet y la primera noticia que vi fue que estaba en un barrio que no era seguro debido a los niveles de violencia. Un segundo reporte afirmaba que alguien hab\u00eda entrado y robado en la escuela&#8221;, cuenta el ahora director.<\/p>\n<\/div>\n<div class=\"css-1k9op6x e17x9cvu0\" dir=\"ltr\">\n<p class=\"css-s4cjt0 e1yuyadm0\" dir=\"ltr\">&#8220;Y luego hab\u00eda un tercer reportaje que dec\u00eda que, en un festival de junio, unos narcotraficantes hab\u00edan entrado a la escuela y causado disturbios&#8221;.<\/p>\n<\/div>\n<div class=\"css-1k9op6x e17x9cvu0\" dir=\"ltr\">\n<p class=\"css-s4cjt0 e1yuyadm0\" dir=\"ltr\">Ante esos alarmantes titulares, dud\u00f3 en aceptar el cargo.<\/p>\n<\/div>\n<section class=\"css-1s6hekm\" role=\"region\" aria-label=\"Publicidad 2\" aria-hidden=\"true\" data-e2e=\"advertisement\">\n<div id=\"dotcom-mpu\" class=\"dotcom-ad active\" aria-hidden=\"true\">\n<div class=\"dotcom-ad-inner\"><\/div>\n<\/div>\n<\/section>\n<div class=\"css-1k9op6x e17x9cvu0\" dir=\"ltr\">\n<p class=\"css-s4cjt0 e1yuyadm0\" dir=\"ltr\">La mala reputaci\u00f3n de la escuela era tan grande que se gan\u00f3 el apodo de &#8220;Parque de las pesadillas&#8221;.<\/p>\n<\/div>\n<div class=\"css-1k9op6x e17x9cvu0\" dir=\"ltr\">\n<p class=\"css-s4cjt0 e1yuyadm0\" dir=\"ltr\">Pero R\u00e9gis acept\u00f3 el reto.<\/p>\n<\/div>\n<div class=\"css-1k9op6x e17x9cvu0\" dir=\"ltr\">\n<p class=\"css-s4cjt0 e1yuyadm0\" dir=\"ltr\">Nueve a\u00f1os despu\u00e9s, la escuela p\u00fablica, que durante mucho tiempo enfrent\u00f3 invasiones, robos y episodios de violencia, recibi\u00f3 un premio internacional que reconoce su labor para transformar esta realidad.<\/p>\n<\/div>\n<div class=\"css-1k9op6x e17x9cvu0\" dir=\"ltr\">\n<p class=\"css-s4cjt0 e1yuyadm0\" dir=\"ltr\">La escuela gan\u00f3 en la categor\u00eda &#8220;Superando la adversidad&#8221;.<\/p>\n<\/div>\n<div class=\"css-1k9op6x e17x9cvu0\" dir=\"ltr\">\n<p class=\"css-s4cjt0 e1yuyadm0\" dir=\"ltr\">El 15 de noviembre, el director viaj\u00f3 a Abu Dabi, en Emiratos \u00c1rabes Unidos, para asistir a la ceremonia de entrega del Premio a la Mejor Escuela del Mundo 2025, organizado por la entidad brit\u00e1nica T4 Education.<\/p>\n<\/div>\n<div class=\"css-1k9op6x e17x9cvu0\" dir=\"ltr\">\n<p class=\"css-s4cjt0 e1yuyadm0\" dir=\"ltr\">La escuela Parque dos Sonhos se encuentra en Jardim Real, un barrio creado para reasentar a familias que viv\u00edan en zonas vulnerables y fueron expulsadas de la cadena monta\u00f1osa Serra do Mar en 2013.<\/p>\n<\/div>\n<div class=\"css-1k9op6x e17x9cvu0\" dir=\"ltr\">\n<p class=\"css-s4cjt0 e1yuyadm0\" dir=\"ltr\">Cuando la escuela abri\u00f3 en 2014 para atender a los ni\u00f1os de la nueva comunidad, sus alrededores carec\u00edan de infraestructura: hab\u00eda un bosque, un r\u00edo y muy pocas casas.<\/p>\n<\/div>\n<div class=\"css-1k9op6x e17x9cvu0\" dir=\"ltr\">\n<p class=\"css-s4cjt0 e1yuyadm0\" dir=\"ltr\">Al estar ubicada en una zona aislada, en la parte trasera del barrio, los alrededores de la escuela eran frecuentados por personas ajenas a la comunidad escolar, que invad\u00edan los lugares para consumir drogas.<\/p>\n<p dir=\"ltr\">\n<\/div>\n<figure class=\"css-1qn0xuy\">\n<div class=\"css-1jir9cx\">\n<div style=\"width: 1930px\" class=\"wp-caption alignnone\"><img loading=\"lazy\" decoding=\"async\" class=\"css-1seqhu9\" src=\"https:\/\/ichef.bbci.co.uk\/ace\/ws\/640\/cpsprodpb\/879b\/live\/26a4b6f0-d7a5-11f0-a8dc-93c15fe68710.jpg.webp\" alt=\"Vista a\u00e9rea de los complejos habitacionales de Cubat\u00e3o.\" width=\"1920\" height=\"1080\" \/><p class=\"wp-caption-text\">Fuente de la imagen,Fernando Otto. La escuela est\u00e1 ubicada en un barrio creado para reasentar a familias que viv\u00edan en zonas de riesgo de la Serra do Mar.<\/p><\/div>\n<p class=\"css-by8ykd\" role=\"text\">\n<\/div>\n<\/figure>\n<div class=\"css-1k9op6x e17x9cvu0\" dir=\"ltr\">\n<p dir=\"ltr\">\n<p class=\"css-s4cjt0 e1yuyadm0\" dir=\"ltr\">&#8220;Era com\u00fan encontrarse con bolsitas de coca\u00edna, preservativos usados, ropa y s\u00e1banas sucias, botellas de bebida, entre otros objetos&#8221;, relata el director.<\/p>\n<\/div>\n<div class=\"css-1k9op6x e17x9cvu0\" dir=\"ltr\">\n<p class=\"css-s4cjt0 e1yuyadm0\" dir=\"ltr\">&#8220;En mi segundo d\u00eda como director, mi oficina fue apedreada&#8221;.<\/p>\n<\/div>\n<div class=\"css-1k9op6x e17x9cvu0\" dir=\"ltr\">\n<p class=\"css-s4cjt0 e1yuyadm0\" dir=\"ltr\">A comienzos de 2016, la escuela ten\u00eda apenas 116 alumnos matriculados, muy por debajo de la capacidad del edificio.<\/p>\n<\/div>\n<div class=\"css-1k9op6x e17x9cvu0\" dir=\"ltr\">\n<p class=\"css-s4cjt0 e1yuyadm0\" dir=\"ltr\">&#8220;La mitad de los estudiantes hab\u00eda pedido traslado porque no quer\u00eda estudiar aqu\u00ed: la violencia, las agresiones y las consecuencias de las invasiones lo hac\u00edan imposible. Supe entonces que la escuela era conocida como Parque de las pesadillas o Parque del terror&#8221;, recuerda.<\/p>\n<\/div>\n<div class=\"css-1k9op6x e17x9cvu0\" dir=\"ltr\">\n<p class=\"css-s4cjt0 e1yuyadm0\" dir=\"ltr\">R\u00e9gis Marques se fij\u00f3 entonces una meta ambiciosa: convertir, en cinco a\u00f1os, una de las escuelas m\u00e1s vulnerables de la regi\u00f3n en la mejor del estado.<\/p>\n<p dir=\"ltr\">\n<\/div>\n<figure class=\"css-1qn0xuy\">\n<div class=\"css-1jir9cx\">\n<div style=\"width: 1743px\" class=\"wp-caption alignnone\"><img loading=\"lazy\" decoding=\"async\" class=\"css-1seqhu9\" src=\"https:\/\/ichef.bbci.co.uk\/ace\/ws\/640\/cpsprodpb\/4a1c\/live\/089fc730-d7a5-11f0-b67b-690eb873de1b.jpg.webp\" alt=\"R\u00e9gis Marques, con gafas y una camiseta con un dise\u00f1o, mira a c\u00e1mara con los brazos cruzados. Est\u00e1 en un pasillo de la escuela que dirige desde 2016.\" width=\"1733\" height=\"975\" \/><p class=\"wp-caption-text\">Fuente de la imagen,Fernando Otto. R\u00e9gis Marques es el director de la escuela desde 2016.<\/p><\/div>\n<p class=\"css-by8ykd\" role=\"text\">\n<\/div>\n<\/figure>\n<div class=\"css-1k9op6x e17x9cvu0\" dir=\"ltr\">\n<h2 id=\"La-transformaci\u00f3n-de-la-escuela\" class=\"css-jtxtr9 emoh99e1\" tabindex=\"-1\">La transformaci\u00f3n de la escuela<\/h2>\n<\/div>\n<div class=\"css-1k9op6x e17x9cvu0\" dir=\"ltr\">\n<p class=\"css-s4cjt0 e1yuyadm0\" dir=\"ltr\">Mar\u00eda de Lourdes Amorim, una profesora de portugu\u00e9s con 32 a\u00f1os de experiencia, dud\u00f3 inicialmente que R\u00e9gis Marques fuera a cumplir esa meta.<\/p>\n<\/div>\n<div class=\"css-1k9op6x e17x9cvu0\" dir=\"ltr\">\n<p class=\"css-s4cjt0 e1yuyadm0\" dir=\"ltr\">&#8220;\u00bfTe imaginas? Era un joven que llegaba desde S\u00e3o Paulo para decirle eso a un grupo de profesores mayores y con m\u00e1s experiencia que \u00e9l en educaci\u00f3n&#8221;, recuerda la docente.<\/p>\n<\/div>\n<div class=\"css-1k9op6x e17x9cvu0\" dir=\"ltr\">\n<p class=\"css-s4cjt0 e1yuyadm0\" dir=\"ltr\">&#8220;Lo miramos y dijimos: &#8216;\u00bfEst\u00e1 loco?'&#8221;, a\u00f1ade.<\/p>\n<\/div>\n<div class=\"css-1k9op6x e17x9cvu0\" dir=\"ltr\">\n<p class=\"css-s4cjt0 e1yuyadm0\" dir=\"ltr\">Lo primero que hizo fue reconstruir lo m\u00e1s b\u00e1sico: muros, pisos y mobiliario.<\/p>\n<\/div>\n<div class=\"css-1k9op6x e17x9cvu0\" dir=\"ltr\">\n<p class=\"css-s4cjt0 e1yuyadm0\" dir=\"ltr\">Sin fondos suficientes para resolver la mayor\u00eda de los problemas estructurales, la escuela busc\u00f3 apoyo de empresas privadas. Enviaron 135 peticiones por correo y lograron recaudar 100.000 reales (US$18.000).<\/p>\n<\/div>\n<div class=\"css-1k9op6x e17x9cvu0\" dir=\"ltr\">\n<p class=\"css-s4cjt0 e1yuyadm0\" dir=\"ltr\">Para acercarse a la comunidad, la direcci\u00f3n y los docentes implementaron cursos preparatorios para ex\u00e1menes de ingreso y concursos, y adem\u00e1s abrieron la escuela los fines de semana.<\/p>\n<\/div>\n<div class=\"css-1k9op6x e17x9cvu0\" dir=\"ltr\">\n<p class=\"css-s4cjt0 e1yuyadm0\" dir=\"ltr\">Ana Gabriela Lima, vecina del barrio, ha sido testigo del renacimiento de la escuela.<\/p>\n<\/div>\n<div class=\"css-1k9op6x e17x9cvu0\" dir=\"ltr\">\n<p class=\"css-s4cjt0 e1yuyadm0\" dir=\"ltr\">Su hijo mayor fue parte de la primera promoci\u00f3n, y ella se uni\u00f3 al primer equipo de voluntarios.<\/p>\n<\/div>\n<div class=\"css-1k9op6x e17x9cvu0\" dir=\"ltr\">\n<p class=\"css-s4cjt0 e1yuyadm0\" dir=\"ltr\">&#8220;La escuela necesitaba apoyo. Por eso, les ped\u00ed a algunas madres que ayudaran&#8221;, afirma Ana, que hoy trabaja en la instituci\u00f3n como cuidadora de alumnos con discapacidad.<\/p>\n<\/div>\n<div class=\"css-1k9op6x e17x9cvu0\" dir=\"ltr\">\n<p class=\"css-s4cjt0 e1yuyadm0\" dir=\"ltr\">&#8220;\u00cdbamos, limpi\u00e1bamos la escuela, nos encarg\u00e1bamos de la cocina y ayud\u00e1bamos en lo que los profesores ped\u00edan&#8221;.<\/p>\n<p dir=\"ltr\">\n<\/div>\n<figure class=\"css-1qn0xuy\">\n<div class=\"css-1jir9cx\">\n<div style=\"width: 1239px\" class=\"wp-caption alignnone\"><img loading=\"lazy\" decoding=\"async\" class=\"css-1seqhu9\" src=\"https:\/\/ichef.bbci.co.uk\/ace\/ws\/640\/cpsprodpb\/31ef\/live\/3d7c7e30-d7a5-11f0-a8dc-93c15fe68710.jpg.webp\" alt=\"Ana Gabriela Lima\" width=\"1229\" height=\"691\" \/><p class=\"wp-caption-text\">Fuente de la imagen,Fernando Otto. El hijo mayor de Ana Gabriela estuvo en la primera clase que se gradu\u00f3 de la escuela.<\/p><\/div>\n<p class=\"css-by8ykd\" role=\"text\">\n<\/div>\n<\/figure>\n<div class=\"css-1k9op6x e17x9cvu0\" dir=\"ltr\">\n<p dir=\"ltr\">\n<p class=\"css-s4cjt0 e1yuyadm0\" dir=\"ltr\">La escuela, que funciona a tiempo completo, ampli\u00f3 su curr\u00edculo m\u00e1s all\u00e1 de lo tradicional.<\/p>\n<\/div>\n<div class=\"css-1k9op6x e17x9cvu0\" dir=\"ltr\">\n<p class=\"css-s4cjt0 e1yuyadm0\" dir=\"ltr\">Hoy ofrece clases de cocina y deportes poco comunes en la educaci\u00f3n p\u00fablica, como b\u00e1dminton y patinaje art\u00edstico.<\/p>\n<\/div>\n<div class=\"css-1k9op6x e17x9cvu0\" dir=\"ltr\">\n<p class=\"css-s4cjt0 e1yuyadm0\" dir=\"ltr\">&#8220;Al mismo tiempo, empezamos a centrarnos en escuchar a los estudiantes y en adoptar una mirada m\u00e1s humanizada, realmente enfocada en ellos&#8221;, explica R\u00e9gis Marques.<\/p>\n<\/div>\n<div class=\"css-1k9op6x e17x9cvu0\" dir=\"ltr\">\n<p class=\"css-s4cjt0 e1yuyadm0\" dir=\"ltr\">Para los estudiantes, esta diversidad de actividades transform\u00f3 por completo su relaci\u00f3n con la escuela y con el modelo de jornada completa.<\/p>\n<\/div>\n<div class=\"css-1k9op6x e17x9cvu0\" dir=\"ltr\">\n<p class=\"css-s4cjt0 e1yuyadm0\" dir=\"ltr\">&#8220;Al principio pensaba que todo se limitaba a las clases, as\u00ed que no me gustaba mucho&#8221;, cuenta Ester Silva, de 12 a\u00f1os, que lleva siete a\u00f1os estudiando en la Escuela Parque dos Sonhos.<\/p>\n<\/div>\n<div class=\"css-1k9op6x e17x9cvu0\" dir=\"ltr\">\n<p class=\"css-s4cjt0 e1yuyadm0\" dir=\"ltr\">&#8220;Pero luego comenzaron nuevos proyectos y hoy en d\u00eda es divertido ir a clases, porque no nos quedamos dentro del aula&#8221;.<\/p>\n<\/div>\n<div class=\"css-1k9op6x e17x9cvu0\" dir=\"ltr\">\n<p class=\"css-s4cjt0 e1yuyadm0\" dir=\"ltr\">Ester encontr\u00f3 su lugar en las clases de teatro, que se realizan en las \u00faltimas horas del d\u00eda.<\/p>\n<p dir=\"ltr\">\n<\/div>\n<figure class=\"css-1qn0xuy\">\n<div class=\"css-1jir9cx\">\n<div style=\"width: 781px\" class=\"wp-caption alignnone\"><img loading=\"lazy\" decoding=\"async\" class=\"css-1seqhu9\" src=\"https:\/\/ichef.bbci.co.uk\/ace\/ws\/640\/cpsprodpb\/8d8f\/live\/aa41b140-d613-11f0-a170-530c17232108.jpg.webp\" alt=\"Alumnas patinando en el patio de la escuela en Cubat\u00e3o.\" width=\"771\" height=\"434\" \/><p class=\"wp-caption-text\">Fuente de la imagen,Adrielson Gilmars\/Educa\u00e7\u00e3o SP. La Escuela Estatal Parque dos Sonhos en Cubat\u00e3o invirti\u00f3 en proyectos extracurriculares y se inspir\u00f3 en el modelo cubano.<\/p><\/div>\n<p class=\"css-by8ykd\" role=\"text\">\n<\/div>\n<\/figure>\n<div class=\"css-1k9op6x e17x9cvu0\" dir=\"ltr\">\n<h2 id=\"Inspirado-en-el-modelo-cubano\" class=\"css-jtxtr9 emoh99e1\" tabindex=\"-1\">Inspirado en el modelo cubano<\/h2>\n<\/div>\n<div class=\"css-1k9op6x e17x9cvu0\" dir=\"ltr\">\n<p class=\"css-s4cjt0 e1yuyadm0\" dir=\"ltr\">El director afirma que el proyecto m\u00e1s transformador se inspir\u00f3 en un modelo cubano de educaci\u00f3n: visitar a las familias en sus hogares.<\/p>\n<\/div>\n<div class=\"css-1k9op6x e17x9cvu0\" dir=\"ltr\">\n<p class=\"css-s4cjt0 e1yuyadm0\" dir=\"ltr\">Bautizado como &#8220;La escuela va a tu casa&#8221;, el proyecto identifica a los estudiantes con problemas de asistencia o disciplina y programa un encuentro con sus familiares durante el fin de semana.<\/p>\n<\/div>\n<div class=\"css-1k9op6x e17x9cvu0\" dir=\"ltr\">\n<p class=\"css-s4cjt0 e1yuyadm0\" dir=\"ltr\">Es una manera de comprender la vida de los alumnos, tomando en cuenta las condiciones precarias que muchos atraviesan para llegar al aula.<\/p>\n<\/div>\n<div class=\"css-1k9op6x e17x9cvu0\" dir=\"ltr\">\n<p class=\"css-s4cjt0 e1yuyadm0\" dir=\"ltr\">&#8220;Es una forma de ponerse en el lugar del estudiante, ver las dificultades que enfrenta y conocer c\u00f3mo es su hogar&#8221;, explica Marques.<\/p>\n<\/div>\n<div class=\"css-1k9op6x e17x9cvu0\" dir=\"ltr\">\n<p class=\"css-s4cjt0 e1yuyadm0\" dir=\"ltr\">&#8220;Hay muchas cuestiones que los profesores, a menudo, no perciben&#8221;.<\/p>\n<\/div>\n<div class=\"css-1k9op6x e17x9cvu0\" dir=\"ltr\">\n<p class=\"css-s4cjt0 e1yuyadm0\" dir=\"ltr\">Los pasillos de la escuela tambi\u00e9n cuentan una historia.<\/p>\n<\/div>\n<div class=\"css-1k9op6x e17x9cvu0\" dir=\"ltr\">\n<p class=\"css-s4cjt0 e1yuyadm0\" dir=\"ltr\">En cada puerta de las aulas de la escuela Parque dos Sonhos hay un grafiti de un personaje hist\u00f3rico relacionado con la lucha por los derechos humanos.<\/p>\n<p dir=\"ltr\">\n<\/div>\n<figure class=\"css-1qn0xuy\">\n<div class=\"css-1jir9cx\">\n<div style=\"width: 1745px\" class=\"wp-caption alignnone\"><img loading=\"lazy\" decoding=\"async\" class=\"css-1seqhu9\" src=\"https:\/\/ichef.bbci.co.uk\/ace\/ws\/640\/cpsprodpb\/2518\/live\/68517570-d7a5-11f0-b67b-690eb873de1b.jpg.webp\" alt=\"Ni\u00f1os juegan ajedrez en la escuela p\u00fablica.\" width=\"1735\" height=\"976\" \/><p class=\"wp-caption-text\">Fuente de la imagen,Fernando Otto. La escuela ha ampliado su curr\u00edculo de manera extensa.<\/p><\/div>\n<p class=\"css-by8ykd\" role=\"text\">\n<\/div>\n<\/figure>\n<div class=\"css-1k9op6x e17x9cvu0\" dir=\"ltr\">\n<p dir=\"ltr\">\n<p class=\"css-s4cjt0 e1yuyadm0\" dir=\"ltr\">Figuras como el indio Mahatma Gandhi, el sudafricano Nelson Mandela, la pakistan\u00ed Malala Yousafzai, el uruguayo Pepe Mujica y los brasile\u00f1os Marielle Franco y Paulo Freire.<\/p>\n<\/div>\n<div class=\"css-1k9op6x e17x9cvu0\" dir=\"ltr\">\n<p class=\"css-s4cjt0 e1yuyadm0\" dir=\"ltr\">Son nombres que ya han sido objeto de cr\u00edticas en un contexto de polarizaci\u00f3n pol\u00edtica, entre ellas por parte del movimiento Escuela Sin Partido, que promueve el fin del &#8220;adoctrinamiento ideol\u00f3gico&#8221; en las escuelas.<\/p>\n<\/div>\n<div class=\"css-1k9op6x e17x9cvu0\" dir=\"ltr\">\n<p class=\"css-s4cjt0 e1yuyadm0\" dir=\"ltr\">Estas figuras sirven de inspiraci\u00f3n para uno de los pilares pedag\u00f3gicos m\u00e1s importantes de la escuela: la Semana de la No Violencia.<\/p>\n<\/div>\n<div class=\"css-1k9op6x e17x9cvu0\" dir=\"ltr\">\n<p class=\"css-s4cjt0 e1yuyadm0\" dir=\"ltr\">Realizado cada a\u00f1o en octubre, el evento incluye c\u00edrculos de conversaci\u00f3n, estudios sobre \u00edconos pacifistas y pr\u00e1cticas de justicia restaurativa.<\/p>\n<\/div>\n<div class=\"css-1k9op6x e17x9cvu0\" dir=\"ltr\">\n<p class=\"css-s4cjt0 e1yuyadm0\" dir=\"ltr\">Seg\u00fan el director, la propuesta va mucho m\u00e1s all\u00e1 de &#8220;ser amable&#8221;.<\/p>\n<\/div>\n<div class=\"css-1k9op6x e17x9cvu0\" dir=\"ltr\">\n<p class=\"css-s4cjt0 e1yuyadm0\" dir=\"ltr\">&#8220;La no violencia no es poner la otra mejilla. Es cuestionar el sistema que te oprime&#8221;, afirma Marques.<\/p>\n<\/div>\n<div class=\"css-1k9op6x e17x9cvu0\" dir=\"ltr\">\n<p class=\"css-s4cjt0 e1yuyadm0\" dir=\"ltr\">El director asegura que no les teme a las cr\u00edticas ideol\u00f3gicas y defiende que la prioridad de la escuela es la uni\u00f3n.<\/p>\n<\/div>\n<div class=\"css-1k9op6x e17x9cvu0\" dir=\"ltr\">\n<p class=\"css-s4cjt0 e1yuyadm0\" dir=\"ltr\">&#8220;Es una escuela que parte de ese principio, no de lo que nos diferencia ni de lo que nos aleja, sino de lo que nos une. Los escucho a todos, ya sean de derecha, izquierda, centro, extrema derecha o extrema izquierda&#8221;.<\/p>\n<\/div>\n<div class=\"css-1k9op6x e17x9cvu0\" dir=\"ltr\">\n<h2 id=\"La-mejor-del-mundo\" class=\"css-jtxtr9 emoh99e1\" tabindex=\"-1\">\u00bfLa mejor del mundo?<\/h2>\n<\/div>\n<figure class=\"css-1qn0xuy\">\n<div class=\"css-1jir9cx\">\n<div style=\"width: 809px\" class=\"wp-caption alignnone\"><img loading=\"lazy\" decoding=\"async\" class=\"css-1seqhu9\" src=\"https:\/\/ichef.bbci.co.uk\/ace\/ws\/640\/cpsprodpb\/9cf2\/live\/762ccc30-d615-11f0-a170-530c17232108.jpg.webp\" alt=\"Los estudiantes celebran el anuncio del premio en la cancha de deportes de la escuela.\" width=\"799\" height=\"449\" \/><p class=\"wp-caption-text\">Fuente de la imagen,Adrielson Gilmars\/Educa\u00e7\u00e3o SP. El anuncio del premio fue celebrado por los estudiantes.<\/p><\/div>\n<p class=\"css-by8ykd\" role=\"text\">\n<\/div>\n<\/figure>\n<div class=\"css-1k9op6x e17x9cvu0\" dir=\"ltr\">\n<p dir=\"ltr\">\n<p class=\"css-s4cjt0 e1yuyadm0\" dir=\"ltr\">Las noticias de que la escuela era finalista del Premio a la Mejor Escuela del Mundo 2025, y m\u00e1s tarde de que hab\u00eda sido una de las ganadoras, fueron recibidas en septiembre con euforia por los alumnos en la cancha de la escuela.<\/p>\n<\/div>\n<div class=\"css-1k9op6x e17x9cvu0\" dir=\"ltr\">\n<p class=\"css-s4cjt0 e1yuyadm0\" dir=\"ltr\">&#8220;Fue muy emotivo. Hab\u00eda gente llorando. Yo misma me emocion\u00e9 mucho cuando descubrimos que est\u00e1bamos en el top. Me dieron ganas de llorar&#8221;, cuenta Ester, alumna de s\u00e9ptimo grado.<\/p>\n<\/div>\n<div class=\"css-1k9op6x e17x9cvu0\" dir=\"ltr\">\n<p class=\"css-s4cjt0 e1yuyadm0\" dir=\"ltr\">La transformaci\u00f3n que hizo que la escuela ahora fuera reconocida internacionalmente tambi\u00e9n impact\u00f3 en los resultados acad\u00e9micos.<\/p>\n<\/div>\n<div class=\"css-1k9op6x e17x9cvu0\" dir=\"ltr\">\n<p class=\"css-s4cjt0 e1yuyadm0\" dir=\"ltr\">En una d\u00e9cada, la escuela pas\u00f3 de un resultado de 2,2 en el Idesp (indicador que eval\u00faa la calidad de las escuelas en el estado de S\u00e3o Paulo) a 4,6.<\/p>\n<\/div>\n<div class=\"css-1k9op6x e17x9cvu0\" dir=\"ltr\">\n<p class=\"css-s4cjt0 e1yuyadm0\" dir=\"ltr\">Aunque esa calificaci\u00f3n a\u00fan no coloca a la escuela como la primera del ranking estatal en n\u00fameros absolutos \u2014como era la meta del director\u2014, representa un avance de casi el 100% en el aprendizaje.<\/p>\n<\/div>\n<div class=\"css-1k9op6x e17x9cvu0\" dir=\"ltr\">\n<p class=\"css-s4cjt0 e1yuyadm0\" dir=\"ltr\">Para los docentes, sin embargo, los n\u00fameros cuentan solo una parte de la historia. El \u00e9xito se mide, muchas veces, en vidas salvadas y futuros rescatados.<\/p>\n<\/div>\n<div class=\"css-1k9op6x e17x9cvu0\" dir=\"ltr\">\n<p class=\"css-s4cjt0 e1yuyadm0\" dir=\"ltr\">&#8220;Nuestra escuela ha evolucionado. El estado pide n\u00fameros, porque es con lo que se trabaja. Pero para nosotros lo importante es c\u00f3mo est\u00e1 nuestro alumno hoy y c\u00f3mo estar\u00e1 ma\u00f1ana&#8221;, reflexiona la profesora Mar\u00eda de Lourdes.<\/p>\n<\/div>\n<div class=\"css-1k9op6x e17x9cvu0\" dir=\"ltr\">\n<p class=\"css-s4cjt0 e1yuyadm0\" dir=\"ltr\">El director subraya que la escuela se ha convertido en un refugio de protecci\u00f3n social.<\/p>\n<\/div>\n<div class=\"css-1k9op6x e17x9cvu0\" dir=\"ltr\">\n<p class=\"css-s4cjt0 e1yuyadm0\" dir=\"ltr\">&#8220;Tuvimos cuatro casos en los que las ni\u00f1as, en la clase de tutor\u00eda, contaron que las estaban abusando. Lograr que una ni\u00f1a pueda exponer un problema de su casa es muy importante. La escuela tiene que ser ese lugar donde los ni\u00f1os se sientan seguros&#8221;, dice Marques.<\/p>\n<\/div>\n<div class=\"css-1k9op6x e17x9cvu0\" dir=\"ltr\">\n<p class=\"css-s4cjt0 e1yuyadm0\" dir=\"ltr\">&#8220;Lo que emociona de todo este proceso es ver c\u00f3mo la escuela puede ser un punto de transformaci\u00f3n&#8221;.<\/p>\n<\/div>\n<div class=\"css-1k9op6x e17x9cvu0\" dir=\"ltr\">\n<p class=\"css-s4cjt0 e1yuyadm0\" dir=\"ltr\">El director reconoce que no todo es perfecto y que la escuela a\u00fan tiene \u00e1reas por mejorar.<\/p>\n<\/div>\n<div class=\"css-1k9op6x e17x9cvu0\" dir=\"ltr\">\n<p class=\"css-s4cjt0 e1yuyadm0\" dir=\"ltr\">Pero mira hacia atr\u00e1s para valorar lo lejos que ha llegado y asegura que el futuro promete una expansi\u00f3n a\u00fan mayor con la fusi\u00f3n con la escuela vecina.<\/p>\n<\/div>\n<div class=\"css-1k9op6x e17x9cvu0\" dir=\"ltr\">\n<p class=\"css-s4cjt0 e1yuyadm0\" dir=\"ltr\">&#8220;Imaginen una escuela que en 2016 estaba a punto de cerrar porque no ten\u00eda alumnos y ahora empezar\u00e1 2026 con 1.200 estudiantes. Es emocionante&#8221;.<\/p>\n<p dir=\"ltr\">\n<\/div>\n<figure class=\"css-1qn0xuy\">\n<div class=\"css-1jir9cx\">\n<div style=\"width: 1430px\" class=\"wp-caption alignnone\"><img loading=\"lazy\" decoding=\"async\" class=\"css-1seqhu9\" src=\"https:\/\/ichef.bbci.co.uk\/ace\/ws\/640\/cpsprodpb\/ea41\/live\/8dc578b0-d7a5-11f0-b67b-690eb873de1b.jpg.webp\" alt=\"Vista desde un dron de la escuela estatal Parque dos Sonhos en Cubat\u00e3o.\" width=\"1420\" height=\"799\" \/><p class=\"wp-caption-text\">Fuente de la imagen,Fernando Otto. Vista desde un dron de la escuela estatal Parque dos Sonhos en Cubat\u00e3o.<\/p><\/div>\n<p class=\"css-by8ykd\" role=\"text\">\n<\/div>\n<\/figure>\n","protected":false},"excerpt":{"rendered":"<p>&nbsp; &nbsp; En 2016, el profesor de Historia R\u00e9gis Marques oy\u00f3 hablar por primera vez de la Escuela Estatal Parque dos Sonhos tras recibir una&hellip;<\/p>\n","protected":false},"author":99,"featured_media":539733,"comment_status":"open","ping_status":"open","sticky":false,"template":"","format":"standard","meta":{"footnotes":""},"categories":[23],"tags":[],"class_list":["post-539732","post","type-post","status-publish","format-standard","has-post-thumbnail","hentry","category-latinoamerica"],"_links":{"self":[{"href":"https:\/\/diarioelpopular.com\/index.php\/wp-json\/wp\/v2\/posts\/539732","targetHints":{"allow":["GET"]}}],"collection":[{"href":"https:\/\/diarioelpopular.com\/index.php\/wp-json\/wp\/v2\/posts"}],"about":[{"href":"https:\/\/diarioelpopular.com\/index.php\/wp-json\/wp\/v2\/types\/post"}],"author":[{"embeddable":true,"href":"https:\/\/diarioelpopular.com\/index.php\/wp-json\/wp\/v2\/users\/99"}],"replies":[{"embeddable":true,"href":"https:\/\/diarioelpopular.com\/index.php\/wp-json\/wp\/v2\/comments?post=539732"}],"version-history":[{"count":1,"href":"https:\/\/diarioelpopular.com\/index.php\/wp-json\/wp\/v2\/posts\/539732\/revisions"}],"predecessor-version":[{"id":539734,"href":"https:\/\/diarioelpopular.com\/index.php\/wp-json\/wp\/v2\/posts\/539732\/revisions\/539734"}],"wp:featuredmedia":[{"embeddable":true,"href":"https:\/\/diarioelpopular.com\/index.php\/wp-json\/wp\/v2\/media\/539733"}],"wp:attachment":[{"href":"https:\/\/diarioelpopular.com\/index.php\/wp-json\/wp\/v2\/media?parent=539732"}],"wp:term":[{"taxonomy":"category","embeddable":true,"href":"https:\/\/diarioelpopular.com\/index.php\/wp-json\/wp\/v2\/categories?post=539732"},{"taxonomy":"post_tag","embeddable":true,"href":"https:\/\/diarioelpopular.com\/index.php\/wp-json\/wp\/v2\/tags?post=539732"}],"curies":[{"name":"wp","href":"https:\/\/api.w.org\/{rel}","templated":true}]}}