{"id":539736,"date":"2025-12-30T12:41:44","date_gmt":"2025-12-30T16:41:44","guid":{"rendered":"https:\/\/diarioelpopular.com\/?p=539736"},"modified":"2025-12-30T12:41:44","modified_gmt":"2025-12-30T16:41:44","slug":"pisoteando-las-leyes-2025-fue-el-ano-en-que-trump-creo-1-6-millones-de-migrantes-indocumentados","status":"publish","type":"post","link":"https:\/\/diarioelpopular.com\/index.php\/2025\/12\/30\/pisoteando-las-leyes-2025-fue-el-ano-en-que-trump-creo-1-6-millones-de-migrantes-indocumentados\/","title":{"rendered":"Pisoteando las leyes, 2025 fue el a\u00f1o en que Trump cre\u00f3 1,6 millones de migrantes indocumentados"},"content":{"rendered":"<div id=\"attachment_539737\" style=\"width: 1210px\" class=\"wp-caption alignnone\"><img loading=\"lazy\" decoding=\"async\" aria-describedby=\"caption-attachment-539737\" class=\"wp-image-539737 size-custom-big-size\" src=\"https:\/\/diarioelpopular.com\/wp-content\/uploads\/2025\/12\/Screen-Shot-2025-12-30-at-11.40.43-AM-1200x808.png\" alt=\"\" width=\"1200\" height=\"808\" srcset=\"https:\/\/diarioelpopular.com\/wp-content\/uploads\/2025\/12\/Screen-Shot-2025-12-30-at-11.40.43-AM-1200x808.png 1200w, https:\/\/diarioelpopular.com\/wp-content\/uploads\/2025\/12\/Screen-Shot-2025-12-30-at-11.40.43-AM-300x202.png 300w, https:\/\/diarioelpopular.com\/wp-content\/uploads\/2025\/12\/Screen-Shot-2025-12-30-at-11.40.43-AM-768x517.png 768w, https:\/\/diarioelpopular.com\/wp-content\/uploads\/2025\/12\/Screen-Shot-2025-12-30-at-11.40.43-AM-636x428.png 636w, https:\/\/diarioelpopular.com\/wp-content\/uploads\/2025\/12\/Screen-Shot-2025-12-30-at-11.40.43-AM-80x55.png 80w, https:\/\/diarioelpopular.com\/wp-content\/uploads\/2025\/12\/Screen-Shot-2025-12-30-at-11.40.43-AM-108x73.png 108w, https:\/\/diarioelpopular.com\/wp-content\/uploads\/2025\/12\/Screen-Shot-2025-12-30-at-11.40.43-AM.png 1024w\" sizes=\"auto, (max-width: 1200px) 100vw, 1200px\" \/><p id=\"caption-attachment-539737\" class=\"wp-caption-text\">Protesta por las redadas del ICE contra inmigrantes, en Los \u00c1ngeles, California.\u00a0 Foto Cristopher Rogel Blanquet\u00a0 \u00a0 \u00a0(Getty Images)<\/p><\/div>\n<p>&nbsp;<\/p>\n<p>&nbsp;<\/p>\n<ul>\n<li><em><strong>A lo largo de 2025, la Administraci\u00f3n Trump no solo arremeti\u00f3 contra la migraci\u00f3n ilegal, sino contra los migrantes que estaban en el pa\u00eds con protecciones humanitarias o algunos tipos de visados especiales, acusando a todos de ser violadores, delincuentes y terroristas.<\/strong><\/em><\/li>\n<\/ul>\n<p>&nbsp;<\/p>\n<p class=\"\">Para 2023, la estimaci\u00f3n del Centro de Investigaci\u00f3n Pew situaba en\u00a0<a title=\"https:\/\/elpais.com\/us\/migracion\/2025-02-17\/radiografia-de-los-14-millones-de-indocumentados-en-estados-unidos-mas-permisos-temporales-pero-menos-mexicanos.html\" href=\"https:\/\/elpais.com\/us\/migracion\/2025-02-17\/radiografia-de-los-14-millones-de-indocumentados-en-estados-unidos-mas-permisos-temporales-pero-menos-mexicanos.html\" target=\"_self\" rel=\"\" data-link-track-dtm=\"\" data-mrf-link=\"https:\/\/elpais.com\/us\/migracion\/2025-02-17\/radiografia-de-los-14-millones-de-indocumentados-en-estados-unidos-mas-permisos-temporales-pero-menos-mexicanos.html\">14 millones el total de migrantes indocumentados<\/a>\u00a0en Estados Unidos. Para 2024, los republicanos hicieron su campa\u00f1a electoral sobre los hombros de la promesa de expulsar del pa\u00eds a 20 millones de\u00a0<a title=\"https:\/\/elpais.com\/internacional\/2025-01-23\/datos-quienes-son-los-mas-de-11-millones-de-migrantes-que-trump-pretende-deportar.html\" href=\"https:\/\/elpais.com\/internacional\/2025-01-23\/datos-quienes-son-los-mas-de-11-millones-de-migrantes-que-trump-pretende-deportar.html\" target=\"_self\" rel=\"\" data-link-track-dtm=\"\" data-mrf-link=\"https:\/\/elpais.com\/internacional\/2025-01-23\/datos-quienes-son-los-mas-de-11-millones-de-migrantes-que-trump-pretende-deportar.html\">migrantes ilegales<\/a>.<\/p>\n<p class=\"\">Para 2025, la cifra \u2014en la que el Gobierno estadounidense y las organizaciones internacionales no se acaban de poner de acuerdo\u2014 ya era mucho m\u00e1s alta en el discurso oficial, y Donald Trump lleg\u00f3 a decir que sumaban 25 millones los migrantes \u201cque no deber\u00edan estar aqu\u00ed\u201d. Entre tantas cifras discordantes e imposibles de verificar, lo que es un hecho a las puertas del 2026 es que la actual Administraci\u00f3n ha convertido en indocumentados a 1,6 millones de personas a lo largo de este a\u00f1o, con una engrasada pol\u00edtica racista antiinmigrante que hizo ilegales a los protegidos, quit\u00f3 documentos a quienes ten\u00edan, y est\u00e1 expulsando a los que primero les abri\u00f3 las puertas.<\/p>\n<p class=\"\">Ciertas frases se han hecho recurrentes en el o\u00eddo de la naci\u00f3n: devolverle la \u201c\u00e9poca dorada\u201d a los Estados Unidos, emprender la \u201cmayor deportaci\u00f3n de la historia\u201d, o expulsar a \u201clo peor de lo peor\u201d.<\/p>\n<p class=\"\">En funci\u00f3n de esa ret\u00f3rica ha trabajado la Administraci\u00f3n republicana. El mismo d\u00eda de su investidura, Trump firm\u00f3 una orden ejecutiva que\u00a0<a title=\"https:\/\/elpais.com\/us\/migracion\/2025-05-31\/fin-al-parole-humanitario-para-cuba-haiti-venezuela-y-nicaragua-las-claves-del-caso.html\" href=\"https:\/\/elpais.com\/us\/migracion\/2025-05-31\/fin-al-parole-humanitario-para-cuba-haiti-venezuela-y-nicaragua-las-claves-del-caso.html\" target=\"_self\" rel=\"\" data-link-track-dtm=\"\" data-mrf-link=\"https:\/\/elpais.com\/us\/migracion\/2025-05-31\/fin-al-parole-humanitario-para-cuba-haiti-venezuela-y-nicaragua-las-claves-del-caso.html\">elimin\u00f3 el programa de parole humanitario<\/a>, el cual hab\u00eda permitido la entrada al pa\u00eds de 530.000 migrantes desde Cuba, Hait\u00ed, Nicaragua y Venezuela. De la noche al d\u00eda, la gente comenz\u00f3 a recibir en sus bandejas de correos mensajes donde el Departamento de Seguridad Nacional (DHS) les dejaba claro que no hab\u00eda opci\u00f3n para ellos. \u201cUsted debe salir de los Estados Unidos ahora\u201d, se le\u00eda en los comunicados.<\/p>\n<p class=\"\">Ya no se trataba, como hab\u00edan prometido los pol\u00edticos republicanos, de\u00a0<a title=\"https:\/\/elpais.com\/us\/migracion\/2025-08-09\/criminales-de-por-vida-los-inmigrantes-que-cumplieron-sus-condenas-y-trump-quiere-deportar.html\" href=\"https:\/\/elpais.com\/us\/migracion\/2025-08-09\/criminales-de-por-vida-los-inmigrantes-que-cumplieron-sus-condenas-y-trump-quiere-deportar.html\" target=\"_self\" rel=\"\" data-link-track-dtm=\"\" data-mrf-link=\"https:\/\/elpais.com\/us\/migracion\/2025-08-09\/criminales-de-por-vida-los-inmigrantes-que-cumplieron-sus-condenas-y-trump-quiere-deportar.html\">expulsar a \u201ccriminales\u201d<\/a> o \u201cilegales\u201d del territorio. Esos conceptos se han ido ensanchando con el tiempo. Familias enteras que hab\u00edan llegado bajo la promesa de dos a\u00f1os de legalidad, permisos de trabajo y otros beneficios, ahora pasaban a integrar la lista de personas trabajadoras no deseadas en territorio estadounidense.<\/p>\n<p class=\"\">\u201cPersonas que llegaron al pa\u00eds con promesas de protecci\u00f3n legal, como el parole, el\u00a0<a title=\"https:\/\/elpais.com\/us\/migracion\/2025-12-26\/el-fin-del-tps-amenaza-a-miles-de-haitianos-en-miami-regresar-a-haiti-es-una-sentencia-de-muerte.html\" href=\"https:\/\/elpais.com\/us\/migracion\/2025-12-26\/el-fin-del-tps-amenaza-a-miles-de-haitianos-en-miami-regresar-a-haiti-es-una-sentencia-de-muerte.html\" target=\"_self\" rel=\"\" data-link-track-dtm=\"\" data-mrf-link=\"https:\/\/elpais.com\/us\/migracion\/2025-12-26\/el-fin-del-tps-amenaza-a-miles-de-haitianos-en-miami-regresar-a-haiti-es-una-sentencia-de-muerte.html\">Estatus de Protecci\u00f3n Temporal (TPS)<\/a> o los programas de reunificaci\u00f3n familiar, quedaron, de un d\u00eda para otro, en un limbo migratorio, expuestas a la detenci\u00f3n y la deportaci\u00f3n\u201d, dice Mar\u00eda Asunci\u00f3n Bilbao, coordinadora de campa\u00f1a del American Friends Service Committee de Florida, quien insiste en que estas pol\u00edticas han creado \u201cuna ruptura de la confianza entre el Gobierno de Estados Unidos y las personas migrantes\u201d. \u201cEstas personas actuaron de buena fe: siguieron las reglas, se registraron, entregaron sus datos, construyeron una vida, trabajaron y cuidaron de sus familias. Otras llevaban a\u00f1os en el pa\u00eds, sin estatus formal, pero tambi\u00e9n sin vivir bajo un miedo constante. Hoy, todas ellas enfrentan incertidumbre, ansiedad y separaci\u00f3n familiar, por decisiones con motivaciones pol\u00edticas que desmantelaron protecciones existentes\u201d, sostiene.<\/p>\n<p class=\"\">Seg\u00fan la organizaci\u00f3n FWD.us, enfocada en temas de justicia penal e inmigraci\u00f3n, para 2024 aproximadamente el 40% de la poblaci\u00f3n indocumentada en Estados Unidos contaba con alg\u00fan tipo de protecci\u00f3n temporal contra la deportaci\u00f3n, y muchos ten\u00edan acceso a permisos de trabajo. La realidad hoy es muy diferente.<\/p>\n<p class=\"\">Con el fin de cerrar cualquier puerta a la emigraci\u00f3n, el Gobierno ha trabajado en varios frentes: en la medida en que fortalec\u00eda el cuerpo de agentes del Servicio de Inmigraci\u00f3n y Control de Aduanas (ICE),\u00a0<a title=\"https:\/\/elpais.com\/us\/migracion\/2025-12-13\/las-redadas-del-ice-disparan-el-absentismo-escolar-y-traumatizan-a-los-ninos-les-han-obligado-a-dejar-atras-su-infancia.html\" href=\"https:\/\/elpais.com\/us\/migracion\/2025-12-13\/las-redadas-del-ice-disparan-el-absentismo-escolar-y-traumatizan-a-los-ninos-les-han-obligado-a-dejar-atras-su-infancia.html\" target=\"_self\" rel=\"\" data-link-track-dtm=\"\" data-mrf-link=\"https:\/\/elpais.com\/us\/migracion\/2025-12-13\/las-redadas-del-ice-disparan-el-absentismo-escolar-y-traumatizan-a-los-ninos-les-han-obligado-a-dejar-atras-su-infancia.html\">con redadas y detenciones<\/a>\u00a0en todo el pa\u00eds, el Gobierno buscaba mecanismos para detener la emigraci\u00f3n legal.<\/p>\n<p class=\"\">A la eliminaci\u00f3n del parole, siguieron otras pol\u00edticas de esta maquinaria de expulsi\u00f3n al estilo Gestapo. Para inicios de febrero, se anunci\u00f3 <a title=\"https:\/\/elpais.com\/us\/migracion\/2025-11-03\/los-venezolanos-ante-la-eliminacion-del-tps-el-7-de-noviembre-lo-pierdo-todo.html\" href=\"https:\/\/elpais.com\/us\/migracion\/2025-11-03\/los-venezolanos-ante-la-eliminacion-del-tps-el-7-de-noviembre-lo-pierdo-todo.html\" target=\"_self\" rel=\"\" data-link-track-dtm=\"\" data-mrf-link=\"https:\/\/elpais.com\/us\/migracion\/2025-11-03\/los-venezolanos-ante-la-eliminacion-del-tps-el-7-de-noviembre-lo-pierdo-todo.html\">la eliminaci\u00f3n del TPS<\/a>, del que se beneficiaban 605.015 venezolanos, 330.735 haitianos, 51.225 hondure\u00f1os, 8.105 afganos, 7.160 nepal\u00edes, 4.920 cameruneses, 4.540 et\u00edopes, 3.670 myanme\u00f1os, 2.910 nicarag\u00fcenses y 210 sursudaneses.<\/p>\n<p class=\"\">Karoline Leavitt, la reconocida racista secretaria de prensa de la Casa Blanca, dijo en una conferencia de prensa en oto\u00f1o que la Administraci\u00f3n Trump hab\u00eda \u201checho m\u00e1s para limitar la migraci\u00f3n, tanto ilegal como legal, que cualquier otra Administraci\u00f3n en la historia\u201d. Para ello, adem\u00e1s, el Gobierno desactiv\u00f3 las entradas a trav\u00e9s de la <a title=\"https:\/\/elpais.com\/us\/2024-10-11\/como-funciona-cbp-one-la-aplicacion-con-la-que-mas-de-800000-inmigrantes-han-ingresado-legalmente-a-estados-unidos.html\" href=\"https:\/\/elpais.com\/us\/2024-10-11\/como-funciona-cbp-one-la-aplicacion-con-la-que-mas-de-800000-inmigrantes-han-ingresado-legalmente-a-estados-unidos.html\" target=\"_self\" rel=\"\" data-link-track-dtm=\"\" data-mrf-link=\"https:\/\/elpais.com\/us\/2024-10-11\/como-funciona-cbp-one-la-aplicacion-con-la-que-mas-de-800000-inmigrantes-han-ingresado-legalmente-a-estados-unidos.html\">aplicaci\u00f3n CBP One.\u00a0<\/a>Miles de personas comenzaron a recibir mensajes atemorizantes. \u201cNo intente permanecer en Estados Unidos: el Gobierno federal le encontrar\u00e1\u201d, se le\u00eda en los correos electr\u00f3nicos que llegaron a las 936.500 personas que entraron al pa\u00eds a trav\u00e9s de la plataforma digital de citas migratorias.<\/p>\n<p class=\"\">\u201cLo que pareciera entenderse de todas estas pol\u00edticas es que son basadas en el racismo y la xenofobia\u201d, declara Adelys Ferro, directora del Venezuelan American Caucus. \u201cNo es casualidad que apunten hacia pa\u00edses muy pobres, o donde hay personas de piel oscura y\/o negra, e hispanos. El saldo real es el terror, la inseguridad, la p\u00e9rdida de la promesa de esperanza de este gran pa\u00eds, de oportunidades de trabajo, la incertidumbre de no saber qu\u00e9 va a pasar\u201d.<\/p>\n<p class=\"\">Algunas de las decisiones que en todos estos meses ha tomado la Administraci\u00f3n vienen justificadas por la idea de mantener la seguridad nacional de los estadounidenses. En noviembre, con la muerte de dos agentes de la Guardia Nacional tras los disparos del<a title=\"https:\/\/elpais.com\/internacional\/2025-11-27\/el-detenido-por-disparar-a-dos-soldados-de-la-guardia-nacional-en-washington-es-un-refugiado-que-colaboro-con-la-cia-en-afganistan.html\" href=\"https:\/\/elpais.com\/internacional\/2025-11-27\/el-detenido-por-disparar-a-dos-soldados-de-la-guardia-nacional-en-washington-es-un-refugiado-que-colaboro-con-la-cia-en-afganistan.html\" target=\"_self\" rel=\"\" data-link-track-dtm=\"\" data-mrf-link=\"https:\/\/elpais.com\/internacional\/2025-11-27\/el-detenido-por-disparar-a-dos-soldados-de-la-guardia-nacional-en-washington-es-un-refugiado-que-colaboro-con-la-cia-en-afganistan.html\">\u00a0ciudadano afgano de 29 a\u00f1os Rahmanullah Lakanwal,<\/a>\u00a0llegaron m\u00e1s restricciones para los migrantes, entre ellas el congelamiento de tr\u00e1mites de residencia o ciudadan\u00eda. Este mes, se anunci\u00f3 la suspensi\u00f3n de la loter\u00eda de visas de diversidad luego de que un hombre que se hab\u00eda beneficiado con el programa en 2017\u00a0<a title=\"https:\/\/elpais.com\/internacional\/2025-12-21\/un-tiroteo-masivo-en-brown-un-fisico-nuclear-y-la-pista-de-reddit-fuga-y-captura-de-claudio-neves-valente.html\" href=\"https:\/\/elpais.com\/internacional\/2025-12-21\/un-tiroteo-masivo-en-brown-un-fisico-nuclear-y-la-pista-de-reddit-fuga-y-captura-de-claudio-neves-valente.html\" target=\"_self\" rel=\"\" data-link-track-dtm=\"\" data-mrf-link=\"https:\/\/elpais.com\/internacional\/2025-12-21\/un-tiroteo-masivo-en-brown-un-fisico-nuclear-y-la-pista-de-reddit-fuga-y-captura-de-claudio-neves-valente.html\">terminara con la vida de dos personas en la Universidad Brown.<\/a><\/p>\n<p class=\"\">El Gobierno tambi\u00e9n se ha jactado de haber revocado unas 85.000 visas de todas las categor\u00edas, incluyendo m\u00e1s de 8.000 visas de estudiante, o de la cancelaci\u00f3n este mes del programa de Permiso de Reunificaci\u00f3n Familiar, que afecta a m\u00e1s de 14.000 ciudadanos de Colombia, Cuba, Ecuador, Guatemala, Hait\u00ed, Honduras y El Salvador. A partir del 14 de enero de 2026, estas personas que entraron al pa\u00eds de manera legal tambi\u00e9n formar\u00e1n parte del gran grupo de indocumentados en la mira del sistema.<\/p>\n<p class=\"\">Algunos migrantes ponen su fe en el pr\u00f3ximo a\u00f1o, otros en las elecciones de medio t\u00e9rmino y hay quien espera por el fin de la Administraci\u00f3n Trump. No obstante, ya estas pol\u00edticas dejan un saldo que, seg\u00fan Bilbao, \u201cno es solo legal\u201d, sino tambi\u00e9n \u201chumano y social\u201d. \u201cDe cara a 2026, es muy probable que veamos nuevos intentos de restricciones y revocaciones, afectando a m\u00e1s categor\u00edas de personas migrantes, incluso a aquellas que hist\u00f3ricamente se consideraban \u201cprotegidas\u201d, sostiene Bilbao.<\/p>\n","protected":false},"excerpt":{"rendered":"<p>&nbsp; &nbsp; A lo largo de 2025, la Administraci\u00f3n Trump no solo arremeti\u00f3 contra la migraci\u00f3n ilegal, sino contra los migrantes que estaban en el&hellip;<\/p>\n","protected":false},"author":99,"featured_media":539737,"comment_status":"open","ping_status":"open","sticky":false,"template":"","format":"standard","meta":{"footnotes":""},"categories":[24],"tags":[],"class_list":["post-539736","post","type-post","status-publish","format-standard","has-post-thumbnail","hentry","category-mundo"],"_links":{"self":[{"href":"https:\/\/diarioelpopular.com\/index.php\/wp-json\/wp\/v2\/posts\/539736","targetHints":{"allow":["GET"]}}],"collection":[{"href":"https:\/\/diarioelpopular.com\/index.php\/wp-json\/wp\/v2\/posts"}],"about":[{"href":"https:\/\/diarioelpopular.com\/index.php\/wp-json\/wp\/v2\/types\/post"}],"author":[{"embeddable":true,"href":"https:\/\/diarioelpopular.com\/index.php\/wp-json\/wp\/v2\/users\/99"}],"replies":[{"embeddable":true,"href":"https:\/\/diarioelpopular.com\/index.php\/wp-json\/wp\/v2\/comments?post=539736"}],"version-history":[{"count":1,"href":"https:\/\/diarioelpopular.com\/index.php\/wp-json\/wp\/v2\/posts\/539736\/revisions"}],"predecessor-version":[{"id":539738,"href":"https:\/\/diarioelpopular.com\/index.php\/wp-json\/wp\/v2\/posts\/539736\/revisions\/539738"}],"wp:featuredmedia":[{"embeddable":true,"href":"https:\/\/diarioelpopular.com\/index.php\/wp-json\/wp\/v2\/media\/539737"}],"wp:attachment":[{"href":"https:\/\/diarioelpopular.com\/index.php\/wp-json\/wp\/v2\/media?parent=539736"}],"wp:term":[{"taxonomy":"category","embeddable":true,"href":"https:\/\/diarioelpopular.com\/index.php\/wp-json\/wp\/v2\/categories?post=539736"},{"taxonomy":"post_tag","embeddable":true,"href":"https:\/\/diarioelpopular.com\/index.php\/wp-json\/wp\/v2\/tags?post=539736"}],"curies":[{"name":"wp","href":"https:\/\/api.w.org\/{rel}","templated":true}]}}