{"id":539739,"date":"2025-12-30T12:44:31","date_gmt":"2025-12-30T16:44:31","guid":{"rendered":"https:\/\/diarioelpopular.com\/?p=539739"},"modified":"2025-12-30T12:44:31","modified_gmt":"2025-12-30T16:44:31","slug":"bukele-dice-que-le-gustaria-seguir-gobernando-en-el-salvador-10-anos-mas","status":"publish","type":"post","link":"https:\/\/diarioelpopular.com\/index.php\/2025\/12\/30\/bukele-dice-que-le-gustaria-seguir-gobernando-en-el-salvador-10-anos-mas\/","title":{"rendered":"Bukele dice que le gustar\u00eda seguir gobernando en El Salvador \u201c10 a\u00f1os m\u00e1s\u201d"},"content":{"rendered":"<p><img loading=\"lazy\" decoding=\"async\" class=\"alignnone size-custom-big-size wp-image-539740\" src=\"https:\/\/diarioelpopular.com\/wp-content\/uploads\/2025\/12\/Screen-Shot-2025-12-30-at-11.43.56-AM-1200x797.png\" alt=\"\" width=\"1200\" height=\"797\" srcset=\"https:\/\/diarioelpopular.com\/wp-content\/uploads\/2025\/12\/Screen-Shot-2025-12-30-at-11.43.56-AM-1200x797.png 1200w, https:\/\/diarioelpopular.com\/wp-content\/uploads\/2025\/12\/Screen-Shot-2025-12-30-at-11.43.56-AM-300x199.png 300w, https:\/\/diarioelpopular.com\/wp-content\/uploads\/2025\/12\/Screen-Shot-2025-12-30-at-11.43.56-AM-768x510.png 768w, https:\/\/diarioelpopular.com\/wp-content\/uploads\/2025\/12\/Screen-Shot-2025-12-30-at-11.43.56-AM-85x55.png 85w, https:\/\/diarioelpopular.com\/wp-content\/uploads\/2025\/12\/Screen-Shot-2025-12-30-at-11.43.56-AM-636x423.png 636w, https:\/\/diarioelpopular.com\/wp-content\/uploads\/2025\/12\/Screen-Shot-2025-12-30-at-11.43.56-AM-110x73.png 110w, https:\/\/diarioelpopular.com\/wp-content\/uploads\/2025\/12\/Screen-Shot-2025-12-30-at-11.43.56-AM.png 1024w\" sizes=\"auto, (max-width: 1200px) 100vw, 1200px\" \/><\/p>\n<p>&nbsp;<\/p>\n<p>&nbsp;<\/p>\n<ul>\n<li><em><strong>El presidente salvadore\u00f1o asegura que no podr\u00e1 dejar su cargo al menos hasta 2033 si es reelegido en 2027<\/strong><\/em><\/li>\n<\/ul>\n<p>&nbsp;<\/p>\n<p class=\"\"><a title=\"https:\/\/elpais.com\/america\/2025-09-24\/claudia-ortiz-lider-de-la-oposicion-a-bukele-el-salvador-esta-transitando-hacia-un-regimen-autoritario.html\" href=\"https:\/\/elpais.com\/america\/2025-09-24\/claudia-ortiz-lider-de-la-oposicion-a-bukele-el-salvador-esta-transitando-hacia-un-regimen-autoritario.html\" target=\"_self\" rel=\"\" data-link-track-dtm=\"\" data-mrf-link=\"https:\/\/elpais.com\/america\/2025-09-24\/claudia-ortiz-lider-de-la-oposicion-a-bukele-el-salvador-esta-transitando-hacia-un-regimen-autoritario.html\">El presidente de El Salvador<\/a>, Nayib Bukele, dijo en una entrevista divulgada este lunes con el youtuber espa\u00f1ol David C\u00e1novas Mart\u00ednez, conocido como\u00a0<i>The Grefg<\/i>, que le gustar\u00eda seguir gobernando<a title=\"https:\/\/elpais.com\/america\/2025-11-04\/un-policia-salvadoreno-confiesa-97-homicidios-y-asegura-que-un-alcalde-cercano-a-bukele-le-pagaba-por-matar.html\" href=\"https:\/\/elpais.com\/america\/2025-11-04\/un-policia-salvadoreno-confiesa-97-homicidios-y-asegura-que-un-alcalde-cercano-a-bukele-le-pagaba-por-matar.html\" target=\"_self\" rel=\"\" data-link-track-dtm=\"\" data-mrf-link=\"https:\/\/elpais.com\/america\/2025-11-04\/un-policia-salvadoreno-confiesa-97-homicidios-y-asegura-que-un-alcalde-cercano-a-bukele-le-pagaba-por-matar.html\">\u00a0el pa\u00eds centroamericano por \u201c10 a\u00f1os m\u00e1s\u201d<\/a>, aunque aclar\u00f3 que es solo un deseo. \u201cNo me gustar\u00eda irme ahorita, pero vamos a ver qu\u00e9 dice Dios, mi familia y el pa\u00eds, (&#8230;) pero si fuera por m\u00ed, yo sigo 10 a\u00f1os m\u00e1s\u201d, sostuvo el mandatario en la entrevista grabada en la Casa Presidencial,\u00a0<a title=\"https:\/\/elpais.com\/america-colombia\/2025-12-07\/el-colombiano-que-estuvo-preso-en-el-salvador-por-ordenes-de-trump-ser-torturado-por-cuatro-meses-siendo-inocente-es-una-pesadilla.html\" href=\"https:\/\/elpais.com\/america-colombia\/2025-12-07\/el-colombiano-que-estuvo-preso-en-el-salvador-por-ordenes-de-trump-ser-torturado-por-cuatro-meses-siendo-inocente-es-una-pesadilla.html\" target=\"_self\" rel=\"\" data-link-track-dtm=\"\" data-mrf-link=\"https:\/\/elpais.com\/america-colombia\/2025-12-07\/el-colombiano-que-estuvo-preso-en-el-salvador-por-ordenes-de-trump-ser-torturado-por-cuatro-meses-siendo-inocente-es-una-pesadilla.html\">en la capital salvadore\u00f1a<\/a>, San Salvador.<\/p>\n<p class=\"\">Bukele, que no suele dar entrevistas a medios o periodistas de su pa\u00eds, aclar\u00f3: \u201cYo estoy diciendo [esto] como mi gusto, no quiere decir que esto tiene que pasar, puede ser que llegue hasta el 2027\u201d, cuando termina el actual per\u00edodo presidencial.<\/p>\n<p class=\"\">El jefe de Estado salvadore\u00f1o revel\u00f3 que ten\u00eda un acuerdo con su esposa, la primera dama Gabriela de Bukele, para estar frente al Gobierno hasta el a\u00f1o 2029, pero que una reforma expr\u00e9s aprobada y ratificada en el Congreso por el partido oficialista Nuevas Ideas (NI) habr\u00eda cambiado el plazo.<\/p>\n<p class=\"\">\u201cEl acuerdo que tengo con mi esposa, aunque est\u00e1 en negociaci\u00f3n, es que llegamos hasta 2029, (&#8230;) pero yo lo que le he dicho es que si me presento a la otra elecci\u00f3n, el per\u00edodo termina en 2033, entonces no me puedo ir\u201d, indic\u00f3 Bukele.<\/p>\n<p class=\"\">La Asamblea Legislativa, dominada por NI, aprob\u00f3 y ratific\u00f3 en una sola jornada, el 31 de julio,<a title=\"https:\/\/elpais.com\/opinion\/2025-09-01\/obedecer-en-el-salvador-de-bukele.html\" href=\"https:\/\/elpais.com\/opinion\/2025-09-01\/obedecer-en-el-salvador-de-bukele.html\" target=\"_self\" rel=\"\" data-link-track-dtm=\"\" data-mrf-link=\"https:\/\/elpais.com\/opinion\/2025-09-01\/obedecer-en-el-salvador-de-bukele.html\">\u00a0sin un an\u00e1lisis anterior ni debate<\/a>, la reforma a los art\u00edculos 75, 80, 133, 152 y 154 con la que el presidente Nayib Bukele tiene la v\u00eda libre para optar por un tercer mandato consecutivo.<\/p>\n<p class=\"\">Bukele asumi\u00f3 el 1 de junio de 2024 su segundo mandato consecutivo, a pesar de que en ese momento lo prohib\u00eda la Constituci\u00f3n, y que concluir\u00eda en 2029. Sin embargo,\u00a0<a title=\"https:\/\/elpais.com\/mexico\/opinion\/2025-09-05\/las-elecciones-secuestradas.html\" href=\"https:\/\/elpais.com\/mexico\/opinion\/2025-09-05\/las-elecciones-secuestradas.html\" target=\"_self\" rel=\"\" data-link-track-dtm=\"\" data-mrf-link=\"https:\/\/elpais.com\/mexico\/opinion\/2025-09-05\/las-elecciones-secuestradas.html\">con la reforma se adelantaron las elecciones<\/a>\u00a0presidenciales para 2027 para realizar ese a\u00f1o comicios generales y que a partir de ese a\u00f1o el per\u00edodo presidencial se extienda hasta los seis a\u00f1os.<\/p>\n<p class=\"\">El mandatario se\u00f1al\u00f3 en ese momento que: \u201cEl 90 % de los pa\u00edses desarrollados permiten la reelecci\u00f3n indefinida de su jefe de Gobierno, y nadie se inmuta\u201d, apunt\u00f3 en X, y a\u00f1adi\u00f3:\u00a0<a title=\"https:\/\/elpais.com\/america\/2025-09-22\/el-salvador-de-bukele-tambien-se-construye-despojando-a-los-mas-pobres.html\" href=\"https:\/\/elpais.com\/america\/2025-09-22\/el-salvador-de-bukele-tambien-se-construye-despojando-a-los-mas-pobres.html\" target=\"_self\" rel=\"\" data-link-track-dtm=\"\" data-mrf-link=\"https:\/\/elpais.com\/america\/2025-09-22\/el-salvador-de-bukele-tambien-se-construye-despojando-a-los-mas-pobres.html\">\u201cPero cuando un pa\u00eds peque\u00f1o y pobre<\/a>\u00a0como El Salvador intenta hacer lo mismo, de repente se convierte en el fin de la democracia\u201d.<\/p>\n","protected":false},"excerpt":{"rendered":"<p>&nbsp; &nbsp; El presidente salvadore\u00f1o asegura que no podr\u00e1 dejar su cargo al menos hasta 2033 si es reelegido en 2027 &nbsp; El presidente de&hellip;<\/p>\n","protected":false},"author":99,"featured_media":539740,"comment_status":"open","ping_status":"open","sticky":false,"template":"","format":"standard","meta":{"footnotes":""},"categories":[23],"tags":[],"class_list":["post-539739","post","type-post","status-publish","format-standard","has-post-thumbnail","hentry","category-latinoamerica"],"_links":{"self":[{"href":"https:\/\/diarioelpopular.com\/index.php\/wp-json\/wp\/v2\/posts\/539739","targetHints":{"allow":["GET"]}}],"collection":[{"href":"https:\/\/diarioelpopular.com\/index.php\/wp-json\/wp\/v2\/posts"}],"about":[{"href":"https:\/\/diarioelpopular.com\/index.php\/wp-json\/wp\/v2\/types\/post"}],"author":[{"embeddable":true,"href":"https:\/\/diarioelpopular.com\/index.php\/wp-json\/wp\/v2\/users\/99"}],"replies":[{"embeddable":true,"href":"https:\/\/diarioelpopular.com\/index.php\/wp-json\/wp\/v2\/comments?post=539739"}],"version-history":[{"count":1,"href":"https:\/\/diarioelpopular.com\/index.php\/wp-json\/wp\/v2\/posts\/539739\/revisions"}],"predecessor-version":[{"id":539741,"href":"https:\/\/diarioelpopular.com\/index.php\/wp-json\/wp\/v2\/posts\/539739\/revisions\/539741"}],"wp:featuredmedia":[{"embeddable":true,"href":"https:\/\/diarioelpopular.com\/index.php\/wp-json\/wp\/v2\/media\/539740"}],"wp:attachment":[{"href":"https:\/\/diarioelpopular.com\/index.php\/wp-json\/wp\/v2\/media?parent=539739"}],"wp:term":[{"taxonomy":"category","embeddable":true,"href":"https:\/\/diarioelpopular.com\/index.php\/wp-json\/wp\/v2\/categories?post=539739"},{"taxonomy":"post_tag","embeddable":true,"href":"https:\/\/diarioelpopular.com\/index.php\/wp-json\/wp\/v2\/tags?post=539739"}],"curies":[{"name":"wp","href":"https:\/\/api.w.org\/{rel}","templated":true}]}}