{"id":539799,"date":"2025-12-31T12:19:38","date_gmt":"2025-12-31T16:19:38","guid":{"rendered":"https:\/\/diarioelpopular.com\/?p=539799"},"modified":"2025-12-31T12:19:39","modified_gmt":"2025-12-31T16:19:39","slug":"una-persona-muere-y-decenas-resultan-heridas-en-un-choque-de-trenes-en-machu-picchu","status":"publish","type":"post","link":"https:\/\/diarioelpopular.com\/index.php\/2025\/12\/31\/una-persona-muere-y-decenas-resultan-heridas-en-un-choque-de-trenes-en-machu-picchu\/","title":{"rendered":"Una persona muere y decenas resultan heridas en un choque de trenes en Machu Picchu"},"content":{"rendered":"<div id=\"attachment_539801\" style=\"width: 646px\" class=\"wp-caption alignnone\"><img loading=\"lazy\" decoding=\"async\" aria-describedby=\"caption-attachment-539801\" class=\"wp-image-539801 size-custom-full-size\" src=\"https:\/\/diarioelpopular.com\/wp-content\/uploads\/2025\/12\/Screen-Shot-2025-12-31-at-11.18.57-AM-636x356.png\" alt=\"\" width=\"636\" height=\"356\" srcset=\"https:\/\/diarioelpopular.com\/wp-content\/uploads\/2025\/12\/Screen-Shot-2025-12-31-at-11.18.57-AM-636x356.png 636w, https:\/\/diarioelpopular.com\/wp-content\/uploads\/2025\/12\/Screen-Shot-2025-12-31-at-11.18.57-AM-300x168.png 300w, https:\/\/diarioelpopular.com\/wp-content\/uploads\/2025\/12\/Screen-Shot-2025-12-31-at-11.18.57-AM-768x429.png 768w, https:\/\/diarioelpopular.com\/wp-content\/uploads\/2025\/12\/Screen-Shot-2025-12-31-at-11.18.57-AM-131x73.png 131w, https:\/\/diarioelpopular.com\/wp-content\/uploads\/2025\/12\/Screen-Shot-2025-12-31-at-11.18.57-AM.png 862w\" sizes=\"auto, (max-width: 636px) 100vw, 636px\" \/><p id=\"caption-attachment-539801\" class=\"wp-caption-text\">La colisi\u00f3n ocurri\u00f3 en la v\u00eda f\u00e9rrea que une la estaci\u00f3n de Ollantaytambo con Aguas Calientes.<\/p><\/div>\n<p>&nbsp;<\/p>\n<p>&nbsp;<\/p>\n<div class=\"css-1k9op6x e17x9cvu0\" dir=\"ltr\">\n<ul>\n<li class=\"css-s4cjt0 e1yuyadm0\" dir=\"ltr\"><em><b>Un maquinista muri\u00f3 y decenas de personas resultaron heridas en una colisi\u00f3n frontal de trenes cerca de Machu Picchu, la atracci\u00f3n tur\u00edstica m\u00e1s popular de Per\u00fa.<\/b><\/em><\/li>\n<\/ul>\n<\/div>\n<div class=\"css-1k9op6x e17x9cvu0\" dir=\"ltr\">\n<p dir=\"ltr\">\n<p class=\"css-s4cjt0 e1yuyadm0\" dir=\"ltr\">Dos trenes chocaron en la v\u00eda \u00fanica que conduce a la antigua ciudad inca este martes, seg\u00fan un comunicado del gobierno local.<\/p>\n<\/div>\n<div class=\"css-1k9op6x e17x9cvu0\" dir=\"ltr\">\n<p class=\"css-s4cjt0 e1yuyadm0\" dir=\"ltr\">Seg\u00fan indicaron las autoridades, 20 ambulancias acudieron al lugar del accidente y los heridos fueron trasladados a centros m\u00e9dicos en la cercana ciudad de Cusco.<\/p>\n<\/div>\n<div class=\"css-1k9op6x e17x9cvu0\" dir=\"ltr\">\n<p class=\"css-s4cjt0 e1yuyadm0\" dir=\"ltr\">De acuerdo con el Ministerio de Salud de Per\u00fa, los servicios de salud han atendido a 36 heridos, &#8220;la mayor\u00eda con traumatismos m\u00faltiples y contusiones&#8221;. Nueve de ellos fueron dados de alta, mientras que 25 siguen recibiendo atenci\u00f3n m\u00e9dica.<\/p>\n<\/div>\n<div class=\"css-1k9op6x e17x9cvu0\" dir=\"ltr\">\n<p class=\"css-s4cjt0 e1yuyadm0\" dir=\"ltr\">La embajada de Estados Unidos en Per\u00fa inform\u00f3 que hab\u00eda ciudadanos estadounidenses entre los heridos, pero la polic\u00eda a\u00fan no ha confirmado la identidad de las personas involucradas en el incidente.<\/p>\n<\/div>\n<section class=\"css-1s6hekm\" role=\"region\" aria-label=\"Publicidad 2\" aria-hidden=\"true\" data-e2e=\"advertisement\">\n<div id=\"dotcom-mpu\" class=\"dotcom-ad active\" aria-hidden=\"true\">\n<div class=\"dotcom-ad-inner\"><\/div>\n<\/div>\n<\/section>\n<div class=\"css-1k9op6x e17x9cvu0\" dir=\"ltr\">\n<p class=\"css-s4cjt0 e1yuyadm0\" dir=\"ltr\">El presidente de Per\u00fa, Jos\u00e9 Jeri; el jefe del Gabinete Ministerial y los ministros de Comercio Exterior y Turismo y de Transportes y Comunicaciones se encuentran en Cusco para supervisar el operativo de atenci\u00f3n tras el accidente.<\/p>\n<p dir=\"ltr\">\n<\/div>\n<figure class=\"css-1qn0xuy\">\n<div class=\"css-1jir9cx\">\n<div style=\"width: 982px\" class=\"wp-caption alignnone\"><img loading=\"lazy\" decoding=\"async\" class=\"css-1seqhu9\" src=\"https:\/\/ichef.bbci.co.uk\/ace\/ws\/640\/cpsprodpb\/2057\/live\/20ae79e0-e621-11f0-a8dc-93c15fe68710.jpg.webp\" alt=\"Miembros de equipos de rescate con chalecos amarillos cargan una persona herida en una camilla al lado de un tren\" width=\"972\" height=\"752\" \/><p class=\"wp-caption-text\">Fuente de la imagen, Carolina Paucar \/ AFP via Getty Images<\/p><\/div>\n<p class=\"css-by8ykd\" role=\"text\">\n<\/div>\n<\/figure>\n<div class=\"css-1k9op6x e17x9cvu0\" dir=\"ltr\">\n<p dir=\"ltr\">\n<p class=\"css-s4cjt0 e1yuyadm0\" dir=\"ltr\">El medio de comunicaci\u00f3n local Peru21 informa que &#8220;cientos&#8221; de turistas permanecen en el lugar a la espera de ser evacuados, una operaci\u00f3n que se ha visto &#8220;dificultada&#8221; por el terreno alrededor del lugar del accidente.<\/p>\n<\/div>\n<div class=\"css-1k9op6x e17x9cvu0\" dir=\"ltr\">\n<p class=\"css-s4cjt0 e1yuyadm0\" dir=\"ltr\">Al menos 20 de los heridos se encuentran en estado grave, seg\u00fan declar\u00f3 un funcionario de salud a la agencia de noticias Reuters.<\/p>\n<\/div>\n<div class=\"css-1k9op6x e17x9cvu0\" dir=\"ltr\">\n<h2 id=\"El-acceso-a-Machu-Picchu\" class=\"css-jtxtr9 emoh99e1\" tabindex=\"-1\">El acceso a Machu Picchu<\/h2>\n<\/div>\n<div class=\"css-1k9op6x e17x9cvu0\" dir=\"ltr\">\n<p class=\"css-s4cjt0 e1yuyadm0\" dir=\"ltr\">La colisi\u00f3n ocurri\u00f3 en la v\u00eda f\u00e9rrea que une la estaci\u00f3n de Ollantaytambo con Aguas Calientes, la localidad m\u00e1s cercana a Machu Picchu. El trayecto entre ambas estaciones suele durar alrededor de 90 minutos.<\/p>\n<\/div>\n<div class=\"css-1k9op6x e17x9cvu0\" dir=\"ltr\">\n<p class=\"css-s4cjt0 e1yuyadm0\" dir=\"ltr\">Los dos trenes implicados en el accidente eran operados por PeruRail e Inca Rail, respectivamente.<\/p>\n<\/div>\n<div class=\"css-1k9op6x e17x9cvu0\" dir=\"ltr\">\n<p class=\"css-s4cjt0 e1yuyadm0\" dir=\"ltr\">&#8220;Lamentamos profundamente lo sucedido&#8221;, declar\u00f3 PeruRail en un comunicado, a\u00f1adiendo que su personal brind\u00f3 &#8220;inmediatamente&#8221; primeros auxilios al maquinista, al conductor del tren y a los pasajeros afectados por el incidente.<\/p>\n<\/div>\n<div class=\"css-1k9op6x e17x9cvu0\" dir=\"ltr\">\n<p class=\"css-s4cjt0 e1yuyadm0\" dir=\"ltr\">A\u00fan no se ha esclarecido la causa del accidente.<\/p>\n<p dir=\"ltr\">\n<\/div>\n<figure class=\"css-1qn0xuy\">\n<div class=\"css-1jir9cx\"><img loading=\"lazy\" decoding=\"async\" class=\"css-1seqhu9\" src=\"https:\/\/ichef.bbci.co.uk\/ace\/ws\/640\/cpsprodpb\/07ef\/live\/1c2ee990-e63f-11f0-b67b-690eb873de1b.png.webp\" sizes=\"auto, (min-width: 1008px) 760px, 100vw\" srcset=\"https:\/\/ichef.bbci.co.uk\/ace\/ws\/240\/cpsprodpb\/07ef\/live\/1c2ee990-e63f-11f0-b67b-690eb873de1b.png.webp 240w, https:\/\/ichef.bbci.co.uk\/ace\/ws\/320\/cpsprodpb\/07ef\/live\/1c2ee990-e63f-11f0-b67b-690eb873de1b.png.webp 320w, https:\/\/ichef.bbci.co.uk\/ace\/ws\/480\/cpsprodpb\/07ef\/live\/1c2ee990-e63f-11f0-b67b-690eb873de1b.png.webp 480w, https:\/\/ichef.bbci.co.uk\/ace\/ws\/624\/cpsprodpb\/07ef\/live\/1c2ee990-e63f-11f0-b67b-690eb873de1b.png.webp 624w, https:\/\/ichef.bbci.co.uk\/ace\/ws\/800\/cpsprodpb\/07ef\/live\/1c2ee990-e63f-11f0-b67b-690eb873de1b.png.webp 800w\" alt=\"Un mapa muestra el pa\u00eds de Per\u00fa en color amarillo, con el sitio declarado Patrimonio de la Humanidad por la UNESCO, Machu Picchu, marcado en la parte inferior.\" width=\"800\" height=\"689\" \/><\/div>\n<\/figure>\n<div class=\"css-1k9op6x e17x9cvu0\" dir=\"ltr\">\n<p dir=\"ltr\">\n<p class=\"css-s4cjt0 e1yuyadm0\" dir=\"ltr\">El incidente se produce en medio de una disputa en curso entre los proveedores de transporte al sitio declarado Patrimonio de la Humanidad por la Unesco y las comunidades locales descontentas con lo que consideran un proceso de licitaci\u00f3n poco transparente.<\/p>\n<\/div>\n<div class=\"css-1k9op6x e17x9cvu0\" dir=\"ltr\">\n<p class=\"css-s4cjt0 e1yuyadm0\" dir=\"ltr\">Los trenes y autobuses que transportan a los turistas a la antigua ciudad tienen precios muy elevados y pueden resultar muy lucrativos debido a su acceso limitado.<\/p>\n<\/div>\n<div class=\"css-1k9op6x e17x9cvu0\" dir=\"ltr\">\n<p class=\"css-s4cjt0 e1yuyadm0\" dir=\"ltr\">Construida en los Andes peruanos en el siglo XV, la ciudad inca de Machu Picchu es una de las Siete Maravillas del Mundo Moderno.<\/p>\n<\/div>\n<div class=\"css-1k9op6x e17x9cvu0\" dir=\"ltr\">\n<p class=\"css-s4cjt0 e1yuyadm0\" dir=\"ltr\">Los visitantes pueden llegar al sitio en tren y autob\u00fas, o realizar una caminata por el Camino Inca con un operador tur\u00edstico autorizado.<\/p>\n<\/div>\n<div class=\"css-1k9op6x e17x9cvu0\" dir=\"ltr\">\n<p class=\"css-s4cjt0 e1yuyadm0\" dir=\"ltr\">En 2011, las autoridades implementaron un l\u00edmite diario de visitantes para proteger y preservar el sitio, pero persisten las preocupaciones sobre el turismo masivo.<\/p>\n<\/div>\n","protected":false},"excerpt":{"rendered":"<p>&nbsp; &nbsp; Un maquinista muri\u00f3 y decenas de personas resultaron heridas en una colisi\u00f3n frontal de trenes cerca de Machu Picchu, la atracci\u00f3n tur\u00edstica m\u00e1s&hellip;<\/p>\n","protected":false},"author":99,"featured_media":539801,"comment_status":"open","ping_status":"open","sticky":false,"template":"","format":"standard","meta":{"footnotes":""},"categories":[23],"tags":[],"class_list":["post-539799","post","type-post","status-publish","format-standard","has-post-thumbnail","hentry","category-latinoamerica"],"_links":{"self":[{"href":"https:\/\/diarioelpopular.com\/index.php\/wp-json\/wp\/v2\/posts\/539799","targetHints":{"allow":["GET"]}}],"collection":[{"href":"https:\/\/diarioelpopular.com\/index.php\/wp-json\/wp\/v2\/posts"}],"about":[{"href":"https:\/\/diarioelpopular.com\/index.php\/wp-json\/wp\/v2\/types\/post"}],"author":[{"embeddable":true,"href":"https:\/\/diarioelpopular.com\/index.php\/wp-json\/wp\/v2\/users\/99"}],"replies":[{"embeddable":true,"href":"https:\/\/diarioelpopular.com\/index.php\/wp-json\/wp\/v2\/comments?post=539799"}],"version-history":[{"count":1,"href":"https:\/\/diarioelpopular.com\/index.php\/wp-json\/wp\/v2\/posts\/539799\/revisions"}],"predecessor-version":[{"id":539802,"href":"https:\/\/diarioelpopular.com\/index.php\/wp-json\/wp\/v2\/posts\/539799\/revisions\/539802"}],"wp:featuredmedia":[{"embeddable":true,"href":"https:\/\/diarioelpopular.com\/index.php\/wp-json\/wp\/v2\/media\/539801"}],"wp:attachment":[{"href":"https:\/\/diarioelpopular.com\/index.php\/wp-json\/wp\/v2\/media?parent=539799"}],"wp:term":[{"taxonomy":"category","embeddable":true,"href":"https:\/\/diarioelpopular.com\/index.php\/wp-json\/wp\/v2\/categories?post=539799"},{"taxonomy":"post_tag","embeddable":true,"href":"https:\/\/diarioelpopular.com\/index.php\/wp-json\/wp\/v2\/tags?post=539799"}],"curies":[{"name":"wp","href":"https:\/\/api.w.org\/{rel}","templated":true}]}}