{"id":539803,"date":"2025-12-31T12:30:53","date_gmt":"2025-12-31T16:30:53","guid":{"rendered":"https:\/\/diarioelpopular.com\/?p=539803"},"modified":"2025-12-31T12:30:53","modified_gmt":"2025-12-31T16:30:53","slug":"asi-despide-el-mundo-al-2025-celebraciones-de-ano-nuevo-bajo-guerras-crisis-climatica-y-tensiones-politicas","status":"publish","type":"post","link":"https:\/\/diarioelpopular.com\/index.php\/2025\/12\/31\/asi-despide-el-mundo-al-2025-celebraciones-de-ano-nuevo-bajo-guerras-crisis-climatica-y-tensiones-politicas\/","title":{"rendered":"As\u00ed despide el mundo al 2025: celebraciones de A\u00f1o Nuevo bajo guerras, crisis clim\u00e1tica y tensiones pol\u00edticas"},"content":{"rendered":"<p><img loading=\"lazy\" decoding=\"async\" class=\"alignnone size-custom-big-size wp-image-539804\" src=\"https:\/\/diarioelpopular.com\/wp-content\/uploads\/2025\/12\/Screen-Shot-2025-12-31-at-11.26.08-AM-1200x866.png\" alt=\"\" width=\"1200\" height=\"866\" srcset=\"https:\/\/diarioelpopular.com\/wp-content\/uploads\/2025\/12\/Screen-Shot-2025-12-31-at-11.26.08-AM-1200x866.png 1200w, https:\/\/diarioelpopular.com\/wp-content\/uploads\/2025\/12\/Screen-Shot-2025-12-31-at-11.26.08-AM-300x216.png 300w, https:\/\/diarioelpopular.com\/wp-content\/uploads\/2025\/12\/Screen-Shot-2025-12-31-at-11.26.08-AM-768x554.png 768w, https:\/\/diarioelpopular.com\/wp-content\/uploads\/2025\/12\/Screen-Shot-2025-12-31-at-11.26.08-AM-636x459.png 636w, https:\/\/diarioelpopular.com\/wp-content\/uploads\/2025\/12\/Screen-Shot-2025-12-31-at-11.26.08-AM-101x73.png 101w, https:\/\/diarioelpopular.com\/wp-content\/uploads\/2025\/12\/Screen-Shot-2025-12-31-at-11.26.08-AM.png 1024w\" sizes=\"auto, (max-width: 1200px) 100vw, 1200px\" \/><\/p>\n<p>&nbsp;<\/p>\n<p>&nbsp;<\/p>\n<ul>\n<li><em><strong>Los primeros festejos de A\u00f1o Nuevo arrancaron en el Pac\u00edfico, dando paso a una celebraci\u00f3n global que contrasta con el saldo de un 2025 atravesado por conflictos como Gaza, r\u00e9cords de calor, violencia y el regreso de Donald Trump a la Casa Blanca.<\/strong><\/em><\/li>\n<\/ul>\n<p>&nbsp;<\/p>\n<p data-mrf-recirculation=\"Article - enlaces p\u00e1rrafos\">Las primeras celebraciones de A\u00f1o Nuevo comenzaron este mi\u00e9rcoles en los pa\u00edses del Pac\u00edfico, que dijeron adi\u00f3s a un convulso 2025 marcado por conflictos como el de Gaza y el regreso de <a href=\"https:\/\/www.elcolombiano.com\/cronologia\/noticias\/meta\/donald-trump\" target=\"_blank\" rel=\"noopener noreferrer\" data-mrf-link=\"https:\/\/www.elcolombiano.com\/cronologia\/noticias\/meta\/donald-trump\">Donald Trump<\/a>\u00a0a la\u00a0<a href=\"https:\/\/www.elcolombiano.com\/cronologia\/noticias\/meta\/casa-blanca\" target=\"_blank\" rel=\"noopener noreferrer\" data-mrf-link=\"https:\/\/www.elcolombiano.com\/cronologia\/noticias\/meta\/casa-blanca\">Casa Blanca<\/a>.<\/p>\n<p data-mrf-recirculation=\"Article - enlaces p\u00e1rrafos\">El a\u00f1o que termina fue, adem\u00e1s,\u00a0<a href=\"https:\/\/www.elcolombiano.com\/cronologia\/noticias\/meta\/cambio-climatico\" target=\"_blank\" rel=\"noopener noreferrer\" data-mrf-link=\"https:\/\/www.elcolombiano.com\/cronologia\/noticias\/meta\/cambio-climatico\">uno de los m\u00e1s c\u00e1lidos jam\u00e1s registrados<\/a>, con\u00a0temperaturas sofocantes que avivaron incendios forestales en Europa y provocaron sequ\u00edas en \u00c1frica y lluvias devastadoras en el sudeste asi\u00e1tico.<\/p>\n<p data-mrf-recirculation=\"Article - enlaces p\u00e1rrafos\">Naciones del Pac\u00edfico como Kiribati y Samoa fueron las primeras en brindar por el 2026, seguidas de\u00a0<a href=\"https:\/\/www.elcolombiano.com\/cronologia\/noticias\/meta\/nueva-zelanda\" target=\"_blank\" rel=\"noopener noreferrer\" data-mrf-link=\"https:\/\/www.elcolombiano.com\/cronologia\/noticias\/meta\/nueva-zelanda\">Nueva Zelanda<\/a>, cuya capital Wellington se ilumin\u00f3 con fuegos artificiales.<\/p>\n<h2 class=\"Entretitulo\">S\u00eddney, la ciudad para recibir el a\u00f1o nuevo<\/h2>\n<div class=\"paragraph\">\n<p data-mrf-recirculation=\"Article - enlaces p\u00e1rrafos\">En S\u00eddney, la autoproclamada \u201ccapital mundial del A\u00f1o Nuevo\u201d, los preparativos de la Nochevieja han tenido, sin embargo, un sabor amargo.<\/p>\n<p data-mrf-recirculation=\"Article - enlaces p\u00e1rrafos\">Hace apenas dos semanas,\u00a0<a href=\"https:\/\/www.elcolombiano.com\/internacional\/atentado-bondi-beach-australia-video-hombre-desarmo-a-tirador-arma-DN31787352\" target=\"_blank\" rel=\"noopener noreferrer\" data-mrf-link=\"https:\/\/www.elcolombiano.com\/internacional\/atentado-bondi-beach-australia-video-hombre-desarmo-a-tirador-arma-DN31787352\">dos hombres irrumpieron en una fiesta jud\u00eda en la popular playa de Bondi y mataron a 15 personas<\/a>, la masacre m\u00e1s grave en el pa\u00eds en tres d\u00e9cadas.<\/p>\n<p data-mrf-recirculation=\"Article - enlaces p\u00e1rrafos\">Se esperaba que cientos de miles de espectadores abarrotaran el puerto de S\u00eddney para observar nueve toneladas de fuegos artificiales entre fuertes medidas de seguridad.<\/p>\n<p data-mrf-recirculation=\"Article - enlaces p\u00e1rrafos\">A lo largo de la noche, residentes y turistas comenzaron a reunirse en el muelle y los veleros se dispersaron por el agua para asegurarse los mejores lugares de observaci\u00f3n cerca de la ic\u00f3nica \u00d3pera de la ciudad australiana.<\/p>\n<p data-mrf-recirculation=\"Article - enlaces p\u00e1rrafos\">\u201cLos fuegos artificiales siempre han estado en mi lista de cosas que hacer antes de morir y estoy muy feliz de estar aqu\u00ed\u201d, dijo Susana Suisuikli, una turista inglesa.<\/p>\n<h2 class=\"Entretitulo\">A la espera de m\u00e1s celebraciones en el mundo<\/h2>\n<div class=\"paragraph\">\n<p data-mrf-recirculation=\"Article - enlaces p\u00e1rrafos\">Las celebraciones se esperan con ansias tambi\u00e9n la deslumbrante\u00a0<a href=\"https:\/\/www.elcolombiano.com\/cronologia\/noticias\/meta\/nueva-york\" target=\"_blank\" rel=\"noopener noreferrer\" data-mrf-link=\"https:\/\/www.elcolombiano.com\/cronologia\/noticias\/meta\/nueva-york\">Nueva York<\/a>\u00a0o a las fr\u00edas calles de Escocia con el festival Hogmanay.<\/p>\n<p data-mrf-recirculation=\"Article - enlaces p\u00e1rrafos\">Pero ser\u00e1 la playa brasile\u00f1a de Copacabana la que ver\u00e1 la mayor fiesta de A\u00f1o Nuevo del planeta con la llegada prevista de 2,5 millones de personas.<\/p>\n<div class=\"paragraph\">\n<p data-mrf-recirculation=\"Article - enlaces p\u00e1rrafos\">El evento contar\u00e1 con conciertos en tres escenarios, encabezados por el legendario Gilberto Gil, y un show con 1.200 drones, adem\u00e1s del tradicional espect\u00e1culo de pirotecnia.<\/p>\n<\/div>\n<h2 class=\"Entretitulo\">Productos virales, regresos esperados, guerras y muertes que dejaron un gran vac\u00edo<\/h2>\n<div class=\"paragraph\">\n<p data-mrf-recirculation=\"Article - enlaces p\u00e1rrafos\">2025 tambi\u00e9n fue testigo de la moda global de las\u00a0mu\u00f1ecas Labubu,\u00a0del espectacular\u00a0robo de joyas en el Louvre\u00a0de Par\u00eds o del\u00a0esperad\u00edsimo regreso del grupo de K-pop BTS.<\/p>\n<p data-mrf-recirculation=\"Article - enlaces p\u00e1rrafos\">Entre las personalidades cuyas\u00a0muertes impactaron figuran la zo\u00f3loga brit\u00e1nica\u00a0<a href=\"https:\/\/www.elcolombiano.com\/medio-ambiente\/murio-jane-goodall-91-anos-primatologa-chimpances-AM29612211\" target=\"_blank\" rel=\"noopener noreferrer\" data-mrf-link=\"https:\/\/www.elcolombiano.com\/medio-ambiente\/murio-jane-goodall-91-anos-primatologa-chimpances-AM29612211\">Jane Goodall,<\/a>\u00a0el papa argentino Francisco\u00a0(sustituido por Le\u00f3n XIV, estadounidense nacionalizado peruano) y\u00a0el activista de ultraderecha estadounidense Charlie Kirk, v\u00edctima de un asesinato que dej\u00f3 al descubierto profundas divisiones pol\u00edticas<\/p>\n<p data-mrf-recirculation=\"Article - enlaces p\u00e1rrafos\">El regreso en enero al poder de Trump tambi\u00e9n marc\u00f3 la agenda internacional, empezando con una ofensiva arancelaria que sumi\u00f3 a los mercados en el caos.<\/p>\n<p data-mrf-recirculation=\"Article - enlaces p\u00e1rrafos\">\u201cNuestro pa\u00eds est\u00e1 m\u00e1s \u2018caliente\u2019 que nunca. \u00bfNo es estupendo tener una FRONTERA FUERTE, sin inflaci\u00f3n, un ej\u00e9rcito poderoso y una gran econom\u00eda? \u00a1Feliz A\u00f1o Nuevo!\u201d, dijo el martes en su plataforma Truth Social.<\/p>\n<p data-mrf-recirculation=\"Article - enlaces p\u00e1rrafos\">Tras dos a\u00f1os de guerra en Gaza, la presi\u00f3n estadounidense ayud\u00f3 a lograr un fr\u00e1gil alto al fuego entre Israel y el grupo palestino Ham\u00e1s,\u00a0aunque los habitantes siguen tratando de sobrevivir en ese territorio en ruinas.<\/p>\n<p data-mrf-recirculation=\"Article - enlaces p\u00e1rrafos\">\u201cEsperamos que esta pesadilla termine en 2026\u201d, dijo Hanaa Abu Amra, desplazada en Ciudad de Gaza. \u201cLo m\u00ednimo que\u00a0podemos pedir es una vida normal: que se restablezca la electricidad, que las calles vuelvan a la normalidad\u201d.<\/p>\n<p data-mrf-recirculation=\"Article - enlaces p\u00e1rrafos\">Bajo la mano de Trump, Washington tambi\u00e9n ha aumentado su presencia militar en el Caribe, con numerosos ataques contra presuntas embarcaciones de narcotraficantes y ha bloqueado los petroleros sancionados que entran o salen de Venezuela, en una escalada sin precedentes con Caracas.<\/p>\n<div class=\"paragraph\">\n<p data-mrf-recirculation=\"Article - enlaces p\u00e1rrafos\">Adem\u00e1s, las redadas migratorias del republicano han golpeado duramente a Latinoam\u00e9rica, donde millones de personas dependen de las remesas para capotear la pobreza.<\/p>\n<p data-mrf-recirculation=\"Article - enlaces p\u00e1rrafos\">\u201cEste no es el final, este es el principio\u201d, dijo a la\u00a0<i>AFP\u00a0<\/i>Pedro G\u00f3mez, ind\u00edgena maya de 29 a\u00f1os, al llegar el martes al aeropuerto de la capital guatemalteca en uno de los \u00faltimos vuelos del a\u00f1o con deportados desde Estados Unidos.<\/p>\n<\/div>\n<h2 class=\"Entretitulo\">\u00bfQu\u00e9 se espera en Am\u00e9rica Latina?<\/h2>\n<div class=\"paragraph\">\n<p data-mrf-recirculation=\"Article - enlaces p\u00e1rrafos\">El resto de\u00a0<a href=\"https:\/\/www.elcolombiano.com\/cronologia\/noticias\/meta\/america-latina\" target=\"_blank\" rel=\"noopener noreferrer\" data-mrf-link=\"https:\/\/www.elcolombiano.com\/cronologia\/noticias\/meta\/america-latina\">Am\u00e9rica Latina<\/a>\u00a0tambi\u00e9n se prepara para festejar el A\u00f1o Nuevo.<\/p>\n<p data-mrf-recirculation=\"Article - enlaces p\u00e1rrafos\">Ciudad de\u00a0<a href=\"https:\/\/www.elcolombiano.com\/cronologia\/noticias\/meta\/mexico\" target=\"_blank\" rel=\"noopener noreferrer\" data-mrf-link=\"https:\/\/www.elcolombiano.com\/cronologia\/noticias\/meta\/mexico\">M\u00e9xico<\/a>\u00a0organiza la tradicional verbena popular a la que asisten cada a\u00f1o cientos de miles de personas para bailar y escuchar m\u00fasica electr\u00f3nica, en medio de la preocupaci\u00f3n por la situaci\u00f3n econ\u00f3mica.<\/p>\n<p data-mrf-recirculation=\"Article - enlaces p\u00e1rrafos\">\u201cLa esperanza que tengo es que vengan personas a invertir, haya fuentes de trabajo, para que tambi\u00e9n los servicios de salud y los servicios a los que tenemos acceso, los pensionados, puedan estar en condiciones adecuadas\u201d, dijo Enrique Flores, de 61 a\u00f1os.<\/p>\n<p data-mrf-recirculation=\"Article - enlaces p\u00e1rrafos\">En\u00a0<a href=\"https:\/\/www.elcolombiano.com\/cronologia\/noticias\/meta\/argentina\" target=\"_blank\" rel=\"noopener noreferrer\" data-mrf-link=\"https:\/\/www.elcolombiano.com\/cronologia\/noticias\/meta\/argentina\">Argentina<\/a> inquieta la econom\u00eda, pero sin olvidar el Mundial de F\u00fatbol de 2026,\u00a0que se celebrar\u00e1 simult\u00e1neamente en Estados Unidos, M\u00e9xico y Canad\u00e1.<\/p>\n<p data-mrf-recirculation=\"Article - enlaces p\u00e1rrafos\">\u201cTengo mucha fe y mucha esperanza de que Argentina vuelva a repetir esa haza\u00f1a tan grande\u201d, dijo Celeste Meza, de 40 a\u00f1os, empleada de limpieza.<\/p>\n<p data-mrf-recirculation=\"Article - enlaces p\u00e1rrafos\">Adem\u00e1s del deporte, los pr\u00f3ximos 12 meses estar\u00e1n marcados por los viajes espaciales:\u00a0m\u00e1s de 50 a\u00f1os despu\u00e9s de la \u00faltima misi\u00f3n lunar Apolo, 2026 se perfila como el a\u00f1o en que la humanidad volver\u00e1 a poner la vista en la Luna.<\/p>\n<p data-mrf-recirculation=\"Article - enlaces p\u00e1rrafos\">\n<\/div>\n<\/div>\n<\/div>\n<\/div>\n","protected":false},"excerpt":{"rendered":"<p>&nbsp; &nbsp; Los primeros festejos de A\u00f1o Nuevo arrancaron en el Pac\u00edfico, dando paso a una celebraci\u00f3n global que contrasta con el saldo de un&hellip;<\/p>\n","protected":false},"author":99,"featured_media":539804,"comment_status":"open","ping_status":"open","sticky":false,"template":"","format":"standard","meta":{"footnotes":""},"categories":[24],"tags":[],"class_list":["post-539803","post","type-post","status-publish","format-standard","has-post-thumbnail","hentry","category-mundo"],"_links":{"self":[{"href":"https:\/\/diarioelpopular.com\/index.php\/wp-json\/wp\/v2\/posts\/539803","targetHints":{"allow":["GET"]}}],"collection":[{"href":"https:\/\/diarioelpopular.com\/index.php\/wp-json\/wp\/v2\/posts"}],"about":[{"href":"https:\/\/diarioelpopular.com\/index.php\/wp-json\/wp\/v2\/types\/post"}],"author":[{"embeddable":true,"href":"https:\/\/diarioelpopular.com\/index.php\/wp-json\/wp\/v2\/users\/99"}],"replies":[{"embeddable":true,"href":"https:\/\/diarioelpopular.com\/index.php\/wp-json\/wp\/v2\/comments?post=539803"}],"version-history":[{"count":1,"href":"https:\/\/diarioelpopular.com\/index.php\/wp-json\/wp\/v2\/posts\/539803\/revisions"}],"predecessor-version":[{"id":539805,"href":"https:\/\/diarioelpopular.com\/index.php\/wp-json\/wp\/v2\/posts\/539803\/revisions\/539805"}],"wp:featuredmedia":[{"embeddable":true,"href":"https:\/\/diarioelpopular.com\/index.php\/wp-json\/wp\/v2\/media\/539804"}],"wp:attachment":[{"href":"https:\/\/diarioelpopular.com\/index.php\/wp-json\/wp\/v2\/media?parent=539803"}],"wp:term":[{"taxonomy":"category","embeddable":true,"href":"https:\/\/diarioelpopular.com\/index.php\/wp-json\/wp\/v2\/categories?post=539803"},{"taxonomy":"post_tag","embeddable":true,"href":"https:\/\/diarioelpopular.com\/index.php\/wp-json\/wp\/v2\/tags?post=539803"}],"curies":[{"name":"wp","href":"https:\/\/api.w.org\/{rel}","templated":true}]}}