{"id":539840,"date":"2026-01-01T13:34:35","date_gmt":"2026-01-01T17:34:35","guid":{"rendered":"https:\/\/diarioelpopular.com\/?p=539840"},"modified":"2026-01-01T13:34:35","modified_gmt":"2026-01-01T17:34:35","slug":"milei-cerrara-la-agencia-de-discapacidad-foco-del-mayor-escandalo-de-corrupcion-de-su-gestion","status":"publish","type":"post","link":"https:\/\/diarioelpopular.com\/index.php\/2026\/01\/01\/milei-cerrara-la-agencia-de-discapacidad-foco-del-mayor-escandalo-de-corrupcion-de-su-gestion\/","title":{"rendered":"Milei cerrar\u00e1 la Agencia de discapacidad, foco del mayor esc\u00e1ndalo de corrupci\u00f3n de su gesti\u00f3n"},"content":{"rendered":"<div id=\"attachment_539841\" style=\"width: 1210px\" class=\"wp-caption alignnone\"><img loading=\"lazy\" decoding=\"async\" aria-describedby=\"caption-attachment-539841\" class=\"wp-image-539841 size-custom-big-size\" src=\"https:\/\/diarioelpopular.com\/wp-content\/uploads\/2026\/01\/Screen-Shot-2026-01-01-at-12.33.23-PM-1200x835.png\" alt=\"\" width=\"1200\" height=\"835\" srcset=\"https:\/\/diarioelpopular.com\/wp-content\/uploads\/2026\/01\/Screen-Shot-2026-01-01-at-12.33.23-PM-1200x835.png 1200w, https:\/\/diarioelpopular.com\/wp-content\/uploads\/2026\/01\/Screen-Shot-2026-01-01-at-12.33.23-PM-300x209.png 300w, https:\/\/diarioelpopular.com\/wp-content\/uploads\/2026\/01\/Screen-Shot-2026-01-01-at-12.33.23-PM-768x534.png 768w, https:\/\/diarioelpopular.com\/wp-content\/uploads\/2026\/01\/Screen-Shot-2026-01-01-at-12.33.23-PM-636x442.png 636w, https:\/\/diarioelpopular.com\/wp-content\/uploads\/2026\/01\/Screen-Shot-2026-01-01-at-12.33.23-PM-80x55.png 80w, https:\/\/diarioelpopular.com\/wp-content\/uploads\/2026\/01\/Screen-Shot-2026-01-01-at-12.33.23-PM-105x73.png 105w, https:\/\/diarioelpopular.com\/wp-content\/uploads\/2026\/01\/Screen-Shot-2026-01-01-at-12.33.23-PM.png 1024w\" sizes=\"auto, (max-width: 1200px) 100vw, 1200px\" \/><p id=\"caption-attachment-539841\" class=\"wp-caption-text\">Taller de inclusi\u00f3n en el deporte, en San Isidro, Buenos Aires (Argentina). Foto archivo Agencia Nacional de Discapacidad<\/p><\/div>\n<p>&nbsp;<\/p>\n<p>&nbsp;<\/p>\n<ul>\n<li><em><strong>Intentando lavar cara, el Gobierno argumenta que el organismo carec\u00eda de \u201cuna pol\u00edtica transparente\u201d. Para la oposici\u00f3n, se trata de \u201cun plan de impunidad\u201d<\/strong><\/em><\/li>\n<\/ul>\n<p>&nbsp;<\/p>\n<p class=\"\">Argentina dejar\u00e1 de tener una agencia nacional de discapacidad. El Gobierno de Javier Milei anunci\u00f3 este martes el cierre del organismo protagonista del <a title=\"https:\/\/elpais.com\/argentina\/2025-08-22\/audios-allanamientos-y-un-alto-cargo-despedido-un-caso-de-corrupcion-acecha-a-milei-y-su-hermana.html\" href=\"https:\/\/elpais.com\/argentina\/2025-08-22\/audios-allanamientos-y-un-alto-cargo-despedido-un-caso-de-corrupcion-acecha-a-milei-y-su-hermana.html\" target=\"_self\" rel=\"\" data-link-track-dtm=\"\" data-mrf-link=\"https:\/\/elpais.com\/argentina\/2025-08-22\/audios-allanamientos-y-un-alto-cargo-despedido-un-caso-de-corrupcion-acecha-a-milei-y-su-hermana.html\">mayor esc\u00e1ndalo por corrupci\u00f3n de su gesti\u00f3n<\/a>.<\/p>\n<p class=\"\">Toda la pol\u00edtica de discapacidad y la gesti\u00f3n de las pensiones de invalidez\u2014un\u00a0<a title=\"https:\/\/elpais.com\/argentina\/2025-09-04\/el-congreso-rechaza-un-veto-de-milei-y-repone-la-ley-de-emergencia-en-discapacidad.html\" href=\"https:\/\/elpais.com\/argentina\/2025-09-04\/el-congreso-rechaza-un-veto-de-milei-y-repone-la-ley-de-emergencia-en-discapacidad.html\" target=\"_self\" rel=\"\" data-link-track-dtm=\"\" data-mrf-link=\"https:\/\/elpais.com\/argentina\/2025-09-04\/el-congreso-rechaza-un-veto-de-milei-y-repone-la-ley-de-emergencia-en-discapacidad.html\">\u00e1rea sensible que se ha rebelado en las calles contra la motosierra de Milei<\/a>\u2014 pasar\u00e1 a manos del Ministerio de Salud, seg\u00fan inform\u00f3 el jefe de Gabinete, Manuel Adorni, en rueda de prensa. La oposici\u00f3n ha criticado una medida que considera \u201cun plan de impunidad\u201d para los sospechosos de haber participado en una presunta red de sobornos en la compra de medicamentos para discapacitados.<\/p>\n<p class=\"\">Seg\u00fan Adorni, el motivo para cerrar este ente aut\u00e1rquico fue su opacidad. \u201cAcumul\u00f3 toneladas de capas burocr\u00e1ticas, descontrol administrativo y manejos incompatibles con una pol\u00edtica transparente\u201d, declar\u00f3. Con sus funciones bajo la \u00f3rbita del Ministerio, \u201cse va a garantizar la trazabilidad en expedientes, habr\u00e1 auditor\u00edas permanentes y criterios sanitarios en todas las decisiones\u201d, anticip\u00f3.<\/p>\n<p class=\"\">Durante los \u00faltimos dos a\u00f1os, el Gobierno ultra ha arremetido en varias ocasiones contra la Agencia Nacional de Discapacidad (Andis) y las supuestas irregularidades detectadas en ella. En 2024, cuando Adorni era portavoz presidencial, lleg\u00f3 a informar que hab\u00edan detectado una pensi\u00f3n de invalidez otorgada a alguien que present\u00f3 como evidencia la radiograf\u00eda de la cola de un perro. Al salir a la luz que ese expediente hab\u00eda sido rechazado, se desdijo. En 2025, el Gobierno comenz\u00f3 un proceso de revisi\u00f3n de todas las pensiones por discapacidad y <a title=\"https:\/\/www.youtube.com\/live\/7JUGsNwrb5Q?t=700s\" href=\"https:\/\/www.youtube.com\/live\/7JUGsNwrb5Q?t=700s\" target=\"_blank\" rel=\"noopener\" data-link-track-dtm=\"\" data-mrf-link=\"https:\/\/www.youtube.com\/live\/7JUGsNwrb5Q?t=700s\">suspendi\u00f3 a m\u00e1s de 1.000 beneficiarios<\/a>. Un par de meses despu\u00e9s, un juez orden\u00f3 la restituci\u00f3n de todas ellas en medio de\u00a0<a title=\"https:\/\/chequeado.com\/el-explicador\/presuntas-coimas-en-discapacidad-historias-de-personas-que-perdieron-su-pension-en-una-auditoria-cuestionada\/\" href=\"https:\/\/chequeado.com\/el-explicador\/presuntas-coimas-en-discapacidad-historias-de-personas-que-perdieron-su-pension-en-una-auditoria-cuestionada\/\" target=\"_blank\" rel=\"noopener\" data-link-track-dtm=\"\" data-mrf-link=\"https:\/\/chequeado.com\/el-explicador\/presuntas-coimas-en-discapacidad-historias-de-personas-que-perdieron-su-pension-en-una-auditoria-cuestionada\/\">denuncias por irregularidades en la auditor\u00eda oficial<\/a>.<\/p>\n<p class=\"\">Este martes, el jefe de Gabinete volvi\u00f3 a hacer hincapi\u00e9 en irregularidades detectadas en el organismo: \u201cpersonas fallecidas cuyos familiares segu\u00edan cobrando la pensi\u00f3n, pensiones otorgadas sin documentaci\u00f3n v\u00e1lida y m\u00e9dicos que avalaban tr\u00e1mites sin respaldo cl\u00ednico\u201d. Evit\u00f3 mencionar, en cambio, la investigaci\u00f3n judicial en curso que busca esclarecer si existi\u00f3 o no una red de compra de medicamentos con sobreprecios de hasta el 8% que quedaban en manos de empresarios y pol\u00edticos cercanos a Milei.<\/p>\n<p class=\"\">La causa judicial se inici\u00f3 en agosto, a ra\u00edz de la filtraci\u00f3n de unos audios del entonces titular de la Andis, Diego Spagnuolo, en los que revelaba la existencia de un sistema de recaudaci\u00f3n de sobornos en la compra de medicamentos a trav\u00e9s de la droguer\u00eda Suizo-Argentina. La empresa increment\u00f3 el dinero que recibi\u00f3 de la Andis de 3.898 millones de pesos en 2024, a 108.000 millones de pesos en lo que va de 2025, es decir,\u00a0<a title=\"https:\/\/elpais.com\/argentina\/2025-08-26\/sobornos-con-medicamentos-un-golpe-al-centro-del-poder-de-milei.html\" href=\"https:\/\/elpais.com\/argentina\/2025-08-26\/sobornos-con-medicamentos-un-golpe-al-centro-del-poder-de-milei.html\" target=\"_self\" rel=\"\" data-link-track-dtm=\"\" data-mrf-link=\"https:\/\/elpais.com\/argentina\/2025-08-26\/sobornos-con-medicamentos-un-golpe-al-centro-del-poder-de-milei.html\">un aumento del 2.678%<\/a>\u00a0(a valores de agosto supon\u00eda pasar de alrededor de tres millones de d\u00f3lares a alrededor de 80 millones de d\u00f3lares).<\/p>\n<p>&nbsp;<\/p>\n<figure class=\"a_m a_m-h \">\n<p><div style=\"width: 424px\" class=\"wp-caption alignnone\"><img loading=\"lazy\" decoding=\"async\" class=\"_re lazyload a_m-h\" src=\"https:\/\/imagenes.elpais.com\/resizer\/v2\/M4IBIMYGPP5HLHSSOUUYFMEGOU.jpg?auth=2b8cf7a9128006d4898669fc3bdd95e4c246665a4cb1e2622d355ada621bf705&amp;width=414\" sizes=\"auto, (min-width:1199px) 1155px,(min-width:1001px) calc(100vw - 44px),(min-width:768px) 767px, 100vw\" srcset=\"https:\/\/imagenes.elpais.com\/resizer\/v2\/M4IBIMYGPP5HLHSSOUUYFMEGOU.jpg?auth=2b8cf7a9128006d4898669fc3bdd95e4c246665a4cb1e2622d355ada621bf705&amp;width=414 414w,https:\/\/imagenes.elpais.com\/resizer\/v2\/M4IBIMYGPP5HLHSSOUUYFMEGOU.jpg?auth=2b8cf7a9128006d4898669fc3bdd95e4c246665a4cb1e2622d355ada621bf705&amp;width=828 640w,https:\/\/imagenes.elpais.com\/resizer\/v2\/M4IBIMYGPP5HLHSSOUUYFMEGOU.jpg?auth=2b8cf7a9128006d4898669fc3bdd95e4c246665a4cb1e2622d355ada621bf705&amp;width=980 1000w,https:\/\/imagenes.elpais.com\/resizer\/v2\/M4IBIMYGPP5HLHSSOUUYFMEGOU.jpg?auth=2b8cf7a9128006d4898669fc3bdd95e4c246665a4cb1e2622d355ada621bf705&amp;width=1960 1960w\" alt=\"\" width=\"414\" height=\"285\" \/><p class=\"wp-caption-text\">Javier Milei y Manuel Adorni en Buenos Aires, el 18 de mayo.\u00a0 \u00a0Foto Tomas Cuesta (REUTERS)<\/p><\/div><figcaption class=\"a_m_p\" aria-hidden=\"true\"><\/figcaption><\/figure>\n<p>&nbsp;<\/p>\n<p class=\"\">Spagnuolo involucraba en la red a la secretaria de Presidencia y hermana de Milei, Karina Milei, y a su subsecretario de Gesti\u00f3n Institucional, Eduardo\u00a0<i>Lule<\/i>\u00a0Menem. Spagnuolo fue cesado del cargo y es uno de los imputados en la causa a cargo del juez Sebasti\u00e1n Casanello. Ni Karina Milei ni Menem han sido acusados hasta el momento.<\/p>\n<p class=\"\">El jefe del bloque del peronismo en la C\u00e1mara de Diputados, Germ\u00e1n Mart\u00ednez, acus\u00f3 al Gobierno de querer \u201celiminar la Andis para borrar las huellas de las coimas en Discapacidad\u201d. \u201cNo es una reestructuraci\u00f3n, es un plan de impunidad\u201d,\u00a0<a title=\"https:\/\/x.com\/gerpmartinez\/status\/2006014904759632235\" href=\"https:\/\/x.com\/gerpmartinez\/status\/2006014904759632235\" target=\"_blank\" rel=\"noopener\" data-link-track-dtm=\"\" data-mrf-link=\"https:\/\/x.com\/gerpmartinez\/status\/2006014904759632235\">opin\u00f3 Mart\u00ednez en X<\/a>. El exministro de Desarrollo Social Diego Arroyo, calific\u00f3 de \u201cretroceso grave\u201d la decisi\u00f3n oficial. \u201cLa discapacidad no es solo un tema sanitario. Requiere una mirada integral y social, que incluye educaci\u00f3n, trabajo y transporte. Este cambio vulnera la Convenci\u00f3n Internacional y desoye a\u00f1os de lucha. No volvamos al modelo m\u00e9dico\u201d, advirti\u00f3 Arroyo.<\/p>\n<p class=\"\">El cambio de mirada en el abordaje de la discapacidad ha sido uno de los motivos de enfrentamiento entre el Gobierno y los profesionales del \u00e1rea. Cuando estaba al frente de la Andis, Spagnuolo se reuni\u00f3 con Ian Moche, un ni\u00f1o autista de 12 a\u00f1os, y\u00a0<a title=\"https:\/\/elpais.com\/argentina\/2025-06-25\/un-nino-autista-denuncia-a-milei-ante-la-justicia-por-agraviarlo.html\" href=\"https:\/\/elpais.com\/argentina\/2025-06-25\/un-nino-autista-denuncia-a-milei-ante-la-justicia-por-agraviarlo.html\" target=\"_self\" rel=\"\" data-link-track-dtm=\"\" data-mrf-link=\"https:\/\/elpais.com\/argentina\/2025-06-25\/un-nino-autista-denuncia-a-milei-ante-la-justicia-por-agraviarlo.html\">su madre cuestion\u00f3 que el Estado deba hacerse cargo de las personas con discapacidad<\/a>\u00a0en vez de que lo haga la familia. Milei apoy\u00f3 a Spagnuolo, quien fue su abogado personal antes de ser nombrado en el cargo, y acus\u00f3 al menor de kirchnerista. El pasado febrero, el Gobierno cambi\u00f3 la denominaci\u00f3n legal de los distintos grados de afectaci\u00f3n de aquellos que pueden pedir una pensi\u00f3n por invalidez al\u00a0<a title=\"https:\/\/elpais.com\/argentina\/2025-02-27\/idiota-imbecil-debil-mental-el-gobierno-de-milei-resucita-insultos-para-clasificar-la-discapacidad.html\" href=\"https:\/\/elpais.com\/argentina\/2025-02-27\/idiota-imbecil-debil-mental-el-gobierno-de-milei-resucita-insultos-para-clasificar-la-discapacidad.html\" target=\"_self\" rel=\"\" data-link-track-dtm=\"\" data-mrf-link=\"https:\/\/elpais.com\/argentina\/2025-02-27\/idiota-imbecil-debil-mental-el-gobierno-de-milei-resucita-insultos-para-clasificar-la-discapacidad.html\">desempolvar t\u00e9rminos en desuso como \u201cidiota\u201d, \u201cimb\u00e9cil\u201d o \u201cd\u00e9bil mental\u201d<\/a>. Ante la indignaci\u00f3n provocada, dio marcha atr\u00e1s.<\/p>\n<p class=\"\">La negativa del Ejecutivo a actualizar los honorarios de los prestadores de servicios en discapacidad durante m\u00e1s de diez meses \u2014con una inflaci\u00f3n acumulada en ese tiempo del 28%\u2014 dej\u00f3 tratamientos en suspenso y oblig\u00f3 a las familias a cargo a pagar por ellos. Para hacer frente a esa situaci\u00f3n, la oposici\u00f3n\u00a0<a title=\"https:\/\/elpais.com\/argentina\/2025-09-04\/el-congreso-rechaza-un-veto-de-milei-y-repone-la-ley-de-emergencia-en-discapacidad.html\" href=\"https:\/\/elpais.com\/argentina\/2025-09-04\/el-congreso-rechaza-un-veto-de-milei-y-repone-la-ley-de-emergencia-en-discapacidad.html\" target=\"_self\" rel=\"\" data-link-track-dtm=\"\" data-mrf-link=\"https:\/\/elpais.com\/argentina\/2025-09-04\/el-congreso-rechaza-un-veto-de-milei-y-repone-la-ley-de-emergencia-en-discapacidad.html\">forz\u00f3 la aprobaci\u00f3n de una ley de emergencia en discapacidad<\/a>, pero el Ejecutivo se neg\u00f3 a aplicarla. Pese a los intentos de Milei por evitarlo, la financiaci\u00f3n para cumplir con esa normativa qued\u00f3\u00a0<a title=\"https:\/\/elpais.com\/argentina\/2025-12-27\/milei-consigue-la-aprobacion-de-su-primer-presupuesto-en-el-congreso.html\" href=\"https:\/\/elpais.com\/argentina\/2025-12-27\/milei-consigue-la-aprobacion-de-su-primer-presupuesto-en-el-congreso.html\" target=\"_self\" rel=\"\" data-link-track-dtm=\"\" data-mrf-link=\"https:\/\/elpais.com\/argentina\/2025-12-27\/milei-consigue-la-aprobacion-de-su-primer-presupuesto-en-el-congreso.html\">finalmente incluida en el Presupuesto 2026<\/a>. El cierre de la Andis exhibe la determinaci\u00f3n del Gobierno de no dar ni un paso atr\u00e1s.<\/p>\n","protected":false},"excerpt":{"rendered":"<p>&nbsp; &nbsp; Intentando lavar cara, el Gobierno argumenta que el organismo carec\u00eda de \u201cuna pol\u00edtica transparente\u201d. Para la oposici\u00f3n, se trata de \u201cun plan de&hellip;<\/p>\n","protected":false},"author":99,"featured_media":539841,"comment_status":"open","ping_status":"open","sticky":false,"template":"","format":"standard","meta":{"footnotes":""},"categories":[23],"tags":[],"class_list":["post-539840","post","type-post","status-publish","format-standard","has-post-thumbnail","hentry","category-latinoamerica"],"_links":{"self":[{"href":"https:\/\/diarioelpopular.com\/index.php\/wp-json\/wp\/v2\/posts\/539840","targetHints":{"allow":["GET"]}}],"collection":[{"href":"https:\/\/diarioelpopular.com\/index.php\/wp-json\/wp\/v2\/posts"}],"about":[{"href":"https:\/\/diarioelpopular.com\/index.php\/wp-json\/wp\/v2\/types\/post"}],"author":[{"embeddable":true,"href":"https:\/\/diarioelpopular.com\/index.php\/wp-json\/wp\/v2\/users\/99"}],"replies":[{"embeddable":true,"href":"https:\/\/diarioelpopular.com\/index.php\/wp-json\/wp\/v2\/comments?post=539840"}],"version-history":[{"count":1,"href":"https:\/\/diarioelpopular.com\/index.php\/wp-json\/wp\/v2\/posts\/539840\/revisions"}],"predecessor-version":[{"id":539842,"href":"https:\/\/diarioelpopular.com\/index.php\/wp-json\/wp\/v2\/posts\/539840\/revisions\/539842"}],"wp:featuredmedia":[{"embeddable":true,"href":"https:\/\/diarioelpopular.com\/index.php\/wp-json\/wp\/v2\/media\/539841"}],"wp:attachment":[{"href":"https:\/\/diarioelpopular.com\/index.php\/wp-json\/wp\/v2\/media?parent=539840"}],"wp:term":[{"taxonomy":"category","embeddable":true,"href":"https:\/\/diarioelpopular.com\/index.php\/wp-json\/wp\/v2\/categories?post=539840"},{"taxonomy":"post_tag","embeddable":true,"href":"https:\/\/diarioelpopular.com\/index.php\/wp-json\/wp\/v2\/tags?post=539840"}],"curies":[{"name":"wp","href":"https:\/\/api.w.org\/{rel}","templated":true}]}}