{"id":539844,"date":"2026-01-01T13:39:24","date_gmt":"2026-01-01T17:39:24","guid":{"rendered":"https:\/\/diarioelpopular.com\/?p=539844"},"modified":"2026-01-01T13:39:24","modified_gmt":"2026-01-01T17:39:24","slug":"jose-jeri-aprobado-por-las-masas-desaprobado-en-su-lucha-contra-la-criminalidad-en-peru","status":"publish","type":"post","link":"https:\/\/diarioelpopular.com\/index.php\/2026\/01\/01\/jose-jeri-aprobado-por-las-masas-desaprobado-en-su-lucha-contra-la-criminalidad-en-peru\/","title":{"rendered":"Jos\u00e9 Jer\u00ed: aprobado por las masas, desaprobado en su lucha contra la criminalidad en Per\u00fa"},"content":{"rendered":"<div id=\"attachment_539845\" style=\"width: 1210px\" class=\"wp-caption alignnone\"><img loading=\"lazy\" decoding=\"async\" aria-describedby=\"caption-attachment-539845\" class=\"wp-image-539845 size-custom-big-size\" src=\"https:\/\/diarioelpopular.com\/wp-content\/uploads\/2026\/01\/Screen-Shot-2026-01-01-at-12.38.35-PM-1200x862.png\" alt=\"\" width=\"1200\" height=\"862\" srcset=\"https:\/\/diarioelpopular.com\/wp-content\/uploads\/2026\/01\/Screen-Shot-2026-01-01-at-12.38.35-PM-1200x862.png 1200w, https:\/\/diarioelpopular.com\/wp-content\/uploads\/2026\/01\/Screen-Shot-2026-01-01-at-12.38.35-PM-300x215.png 300w, https:\/\/diarioelpopular.com\/wp-content\/uploads\/2026\/01\/Screen-Shot-2026-01-01-at-12.38.35-PM-768x552.png 768w, https:\/\/diarioelpopular.com\/wp-content\/uploads\/2026\/01\/Screen-Shot-2026-01-01-at-12.38.35-PM-636x457.png 636w, https:\/\/diarioelpopular.com\/wp-content\/uploads\/2026\/01\/Screen-Shot-2026-01-01-at-12.38.35-PM-102x73.png 102w, https:\/\/diarioelpopular.com\/wp-content\/uploads\/2026\/01\/Screen-Shot-2026-01-01-at-12.38.35-PM.png 1024w\" sizes=\"auto, (max-width: 1200px) 100vw, 1200px\" \/><p id=\"caption-attachment-539845\" class=\"wp-caption-text\">El presidente interino de Per\u00fa, Jos\u00e9 Jer\u00ed, en el Congreso. Foto John Reyes Mej\u00eda (EFE)<\/p><\/div>\n<p>&nbsp;<\/p>\n<p>&nbsp;<\/p>\n<ul>\n<li><em><strong>El mandatario cierra 2025 con 55% de popularidad, pero con el promedio de homicidios m\u00e1s alto en el pa\u00eds desde 2017: 5,55 al d\u00eda<\/strong><\/em><\/li>\n<\/ul>\n<p>&nbsp;<\/p>\n<p class=\"\">El 30 de diciembre, en la v\u00edspera del A\u00f1o Nuevo, se public\u00f3 una resoluci\u00f3n ministerial que obliga a todas las entidades del Ejecutivo a emplear la frase \u201c\u00a1El Per\u00fa a toda m\u00e1quina!\u201d.<\/p>\n<p class=\"\">El eslogan ha irritado a la poblaci\u00f3n peruana, incluso en estos d\u00edas festivos, donde el ojo p\u00fablico baja la guardia y se toma unas vacaciones. El lema institucional no ha sido extra\u00eddo de un<i>\u00a0best seller\u00a0<\/i>de autoayuda, sino de las redes sociales, un terreno que el presidente\u00a0<a title=\"https:\/\/elpais.com\/america\/2025-11-11\/el-presidente-interino-de-peru-jose-jeri-se-lanza-a-la-caza-del-like-para-salvar-su-imagen.html\" href=\"https:\/\/elpais.com\/america\/2025-11-11\/el-presidente-interino-de-peru-jose-jeri-se-lanza-a-la-caza-del-like-para-salvar-su-imagen.html\" target=\"_blank\" rel=\"noopener noreferrer\" data-link-track-dtm=\"\" data-mrf-link=\"https:\/\/elpais.com\/america\/2025-11-11\/el-presidente-interino-de-peru-jose-jeri-se-lanza-a-la-caza-del-like-para-salvar-su-imagen.html\">Jos\u00e9 Jer\u00ed\u00a0<\/a>ha convertido en su trinchera.<\/p>\n<p class=\"\">Cuando el abogado se perfil\u00f3 como el inesperado presidente de Per\u00fa, tras la vacancia de Dina Boluarte por su\u00a0<a title=\"https:\/\/elpais.com\/america\/2025-10-10\/el-congreso-de-peru-destituye-a-dina-boluarte-como-presidenta.html\" href=\"https:\/\/elpais.com\/america\/2025-10-10\/el-congreso-de-peru-destituye-a-dina-boluarte-como-presidenta.html\" target=\"_blank\" rel=\"noopener noreferrer\" data-link-track-dtm=\"\" data-mrf-link=\"https:\/\/elpais.com\/america\/2025-10-10\/el-congreso-de-peru-destituye-a-dina-boluarte-como-presidenta.html\">incapacidad para combatir la delincuencia<\/a>, su escenario no era muy auspicioso: si bien presid\u00eda el Congreso, no ten\u00eda arrastre popular \u2014obtuvo su curul aprovechando la inhabilitaci\u00f3n de un candidato que s\u00ed reuni\u00f3 los votos necesarios\u2014 y, adem\u00e1s, hab\u00eda sido acusado de violaci\u00f3n sexual, entre otras denuncias.<\/p>\n<p class=\"\">Pero casi a la par de la toma de mando, aquel 10 de octubre, un treinta\u00f1ero que hasta entonces no hab\u00eda podido despegar como influencer con sus consejos de vida saludable se asombr\u00f3 al ver c\u00f3mo sus transmisiones en TikTok pasaron de decenas a miles. En los comentarios, le dec\u00edan que se parec\u00eda mucho al flamante jefe de Estado. El\u00a0<i>tiktokero<\/i>\u00a0en cuesti\u00f3n, Mart\u00edn Palacios, acus\u00f3 recibo y se compr\u00f3 un terno y una banda presidencial. Pero Palacios no imit\u00f3 la voz ni los gestos de Jer\u00ed. Recurri\u00f3 a un viejo\u00a0<i>sample<\/i>\u00a0de reguet\u00f3n que repite una y otra vez, de manera fren\u00e9tica, la palabra m\u00e1quina. Y a un el\u00e9ctrico baile que sol\u00eda hacer en discotecas.<\/p>\n<p class=\"\">Mover la pelvis con destreza le ha valido a Palacios conseguir auspicios, crecer exponencialmente en seguidores, ser contratado en regiones, y pasearse por diversos canales de televisi\u00f3n y sets de streamings. Pero adem\u00e1s, ha logrado que la simpat\u00eda de su personaje le salpique al presidente. Adonde vaya Jer\u00ed, le piden que baile como si fuera el tiktoker. Un hecho que ha repercutido en cierta prensa, que se ha olvidado de las preguntas de rigor y le ha consultado, despu\u00e9s de un exhaustivo an\u00e1lisis, si se considera coqueto.<\/p>\n<p class=\"\">\u201c\u00a1El Per\u00fa a toda m\u00e1quina!\u2019 es la expresi\u00f3n del pa\u00eds convertido en meme\u201d, ha criticado el exministro de Educaci\u00f3n, Ricardo Cuenca. \u201cLa estupidez hecha decreto. Es obvio que \u2018Per\u00fa a toda m\u00e1quina\u2019 viene de un equipo de\u00a0<i>spin doctors<\/i>\u00a0y comunicadores\u00a0<i>chichas<\/i>\u00a0ajenos a una realidad dram\u00e1tica\u201d, sostiene la historiadora Carmen McEvoy. En tanto, el presidente del Consejo de Ministros, Ernesto \u00c1lvarez, ha defendido que Jer\u00ed se haya subido al tren de la viralidad, a pesar de que un grueso de ciudadanos se sienten burlados. \u201cLo que hace un pol\u00edtico h\u00e1bil es utilizar estos recursos y darles la vuelta, capitalizando su impacto. Aprovechar la popularidad de un tema viral ayuda a conectar con la juventud y la ciudadan\u00eda que consume estos relatos en plataformas digitales\u201d, ha reconocido.<\/p>\n<p class=\"\">A diferencia de su antecesora, que durante gran parte de su mandato se mantuvo por debajo del 3% de popularidad, Jos\u00e9 Jer\u00ed acaba este 2026 con 55% de aprobaci\u00f3n, seg\u00fan la \u00faltima encuesta de Datum Internacional para el diario\u00a0<i>El Comercio<\/i>. En noviembre, alcanz\u00f3 el 58%. Cifras que responden a una estrategia digital de la que carec\u00eda Boluarte, una mandataria que elimin\u00f3 sus redes sociales al mes y medio de asumir funciones y que mantuvo prolongados silencios con la prensa.<\/p>\n<p class=\"\">Aunque por ahora las encuestas est\u00e1n de su lado, el respaldo hacia Jos\u00e9 Jer\u00ed podr\u00eda desmoronarse en los pr\u00f3ximos meses, en tanto fracase en el principal encargo que tiene en su corto mandato: acabar con la criminalidad. De acuerdo al Sistema Inform\u00e1tico Nacional de Defunciones (Sinadef), se han producido 2.213 homicidios en Per\u00fa, fruto de las extorsiones y el sicariato. De ese total, 444 han ocurrido durante el Gobierno de Jer\u00ed. 2025 es el a\u00f1o con m\u00e1s cr\u00edmenes desde el 2017, cuando se reportaron 678 casos. Jer\u00ed no solo ha sido incapaz de reducir la curva de homicidios diarios, sino que la encabeza: cierra el a\u00f1o con un promedio de 5,55 en 82 d\u00edas en el cargo. Boluarte se march\u00f3 de Palacio con 5,25. Antes,\u00a0<a title=\"https:\/\/elpais.com\/america\/2025-11-27\/condenado-el-expresidente-peruano-pedro-castillo-a-11-anos-de-carcel-por-el-delito-de-conspiracion.html\" href=\"https:\/\/elpais.com\/america\/2025-11-27\/condenado-el-expresidente-peruano-pedro-castillo-a-11-anos-de-carcel-por-el-delito-de-conspiracion.html\" target=\"_blank\" rel=\"noopener noreferrer\" data-link-track-dtm=\"\" data-mrf-link=\"https:\/\/elpais.com\/america\/2025-11-27\/condenado-el-expresidente-peruano-pedro-castillo-a-11-anos-de-carcel-por-el-delito-de-conspiracion.html\">Pedro Castillo\u00a0<\/a>registr\u00f3 4,22 y Francisco Sagasti marc\u00f3 3,62.<\/p>\n<p class=\"\">\u201cEsta guerra contra la delincuencia no la voy a perder; tampoco por el tiempo la voy a ganar, pero el que viene va a tener la cancha preparada para que la gane\u201d, ha declarado el presidente, de 39 a\u00f1os, que en casi tres meses de gesti\u00f3n se ha enfocado en visitar penales, en un esfuerzo deliberado por mostrar una rudeza que no se ha traducido en medidas eficaces. Adem\u00e1s, la opini\u00f3n p\u00fablica cuestiona su defensa hacia un paquete de leyes bautizadas como \u201cpro crimen\u201d que \u00e9l apoy\u00f3 cuando pertenec\u00eda al Congreso. El abogado ha anunciado que en los primeros d\u00edas de enero presentar\u00e1 un nuevo plan de seguridad que frenar\u00e1 la ola delictiva.<\/p>\n<p class=\"\">\u201cPasaremos de la defensiva a la ofensiva contra la criminalidad\u201d, dijo el pol\u00edtico poco despu\u00e9s de decretar el en\u00e9simo estado de emergencia en Lima y Callao, dos ciudades capturadas por el crimen organizado. En el 2025, cuatro periodistas peruanos fueron asesinados por gatilleros y hasta septiembre se reportaron m\u00e1s de 250 ataques en contra de la prensa. A Jos\u00e9 Jer\u00ed, le quedan siete meses por delante. Deber\u00e1 ceder la presidencia el 28 de julio de 2026. Los analistas coinciden en la complejidad de instaurar cambios estructurales, pero tambi\u00e9n en la necesidad de que aparezcan luces en medio de la violencia. Si bien la campa\u00f1a electoral atraer\u00e1 la atenci\u00f3n, su eslogan a toda m\u00e1quina podr\u00eda acabar siendo un b\u00fameran para el\u00a0<a title=\"https:\/\/elpais.com\/internacional\/2025-10-11\/peru-inicia-una-nueva-era-de-inestabilidad-y-caos-tras-la-destitucion-expres-de-dina-boularte.html\" href=\"https:\/\/elpais.com\/internacional\/2025-10-11\/peru-inicia-una-nueva-era-de-inestabilidad-y-caos-tras-la-destitucion-expres-de-dina-boularte.html\" target=\"_blank\" rel=\"noopener noreferrer\" data-link-track-dtm=\"\" data-mrf-link=\"https:\/\/elpais.com\/internacional\/2025-10-11\/peru-inicia-una-nueva-era-de-inestabilidad-y-caos-tras-la-destitucion-expres-de-dina-boularte.html\">s\u00e9ptimo presidente de Per\u00fa en nueve a\u00f1os.<\/a><\/p>\n","protected":false},"excerpt":{"rendered":"<p>&nbsp; &nbsp; El mandatario cierra 2025 con 55% de popularidad, pero con el promedio de homicidios m\u00e1s alto en el pa\u00eds desde 2017: 5,55 al&hellip;<\/p>\n","protected":false},"author":99,"featured_media":539845,"comment_status":"open","ping_status":"open","sticky":false,"template":"","format":"standard","meta":{"footnotes":""},"categories":[23],"tags":[],"class_list":["post-539844","post","type-post","status-publish","format-standard","has-post-thumbnail","hentry","category-latinoamerica"],"_links":{"self":[{"href":"https:\/\/diarioelpopular.com\/index.php\/wp-json\/wp\/v2\/posts\/539844","targetHints":{"allow":["GET"]}}],"collection":[{"href":"https:\/\/diarioelpopular.com\/index.php\/wp-json\/wp\/v2\/posts"}],"about":[{"href":"https:\/\/diarioelpopular.com\/index.php\/wp-json\/wp\/v2\/types\/post"}],"author":[{"embeddable":true,"href":"https:\/\/diarioelpopular.com\/index.php\/wp-json\/wp\/v2\/users\/99"}],"replies":[{"embeddable":true,"href":"https:\/\/diarioelpopular.com\/index.php\/wp-json\/wp\/v2\/comments?post=539844"}],"version-history":[{"count":1,"href":"https:\/\/diarioelpopular.com\/index.php\/wp-json\/wp\/v2\/posts\/539844\/revisions"}],"predecessor-version":[{"id":539846,"href":"https:\/\/diarioelpopular.com\/index.php\/wp-json\/wp\/v2\/posts\/539844\/revisions\/539846"}],"wp:featuredmedia":[{"embeddable":true,"href":"https:\/\/diarioelpopular.com\/index.php\/wp-json\/wp\/v2\/media\/539845"}],"wp:attachment":[{"href":"https:\/\/diarioelpopular.com\/index.php\/wp-json\/wp\/v2\/media?parent=539844"}],"wp:term":[{"taxonomy":"category","embeddable":true,"href":"https:\/\/diarioelpopular.com\/index.php\/wp-json\/wp\/v2\/categories?post=539844"},{"taxonomy":"post_tag","embeddable":true,"href":"https:\/\/diarioelpopular.com\/index.php\/wp-json\/wp\/v2\/tags?post=539844"}],"curies":[{"name":"wp","href":"https:\/\/api.w.org\/{rel}","templated":true}]}}