{"id":539852,"date":"2026-01-01T13:50:51","date_gmt":"2026-01-01T17:50:51","guid":{"rendered":"https:\/\/diarioelpopular.com\/?p=539852"},"modified":"2026-01-01T13:50:51","modified_gmt":"2026-01-01T17:50:51","slug":"los-debates-sobre-la-caida-de-la-natalidad-en-latinoamerica-entre-la-misoginia-y-el-alarmismo","status":"publish","type":"post","link":"https:\/\/diarioelpopular.com\/index.php\/2026\/01\/01\/los-debates-sobre-la-caida-de-la-natalidad-en-latinoamerica-entre-la-misoginia-y-el-alarmismo\/","title":{"rendered":"Los debates sobre la ca\u00edda de la natalidad en Latinoam\u00e9rica: entre la misoginia y el alarmismo"},"content":{"rendered":"<div id=\"attachment_539853\" style=\"width: 1210px\" class=\"wp-caption alignnone\"><img loading=\"lazy\" decoding=\"async\" aria-describedby=\"caption-attachment-539853\" class=\"wp-image-539853 size-custom-big-size\" src=\"https:\/\/diarioelpopular.com\/wp-content\/uploads\/2026\/01\/Screen-Shot-2026-01-01-at-12.49.48-PM-1200x808.png\" alt=\"\" width=\"1200\" height=\"808\" srcset=\"https:\/\/diarioelpopular.com\/wp-content\/uploads\/2026\/01\/Screen-Shot-2026-01-01-at-12.49.48-PM-1200x808.png 1200w, https:\/\/diarioelpopular.com\/wp-content\/uploads\/2026\/01\/Screen-Shot-2026-01-01-at-12.49.48-PM-300x202.png 300w, https:\/\/diarioelpopular.com\/wp-content\/uploads\/2026\/01\/Screen-Shot-2026-01-01-at-12.49.48-PM-768x517.png 768w, https:\/\/diarioelpopular.com\/wp-content\/uploads\/2026\/01\/Screen-Shot-2026-01-01-at-12.49.48-PM-636x428.png 636w, https:\/\/diarioelpopular.com\/wp-content\/uploads\/2026\/01\/Screen-Shot-2026-01-01-at-12.49.48-PM-80x55.png 80w, https:\/\/diarioelpopular.com\/wp-content\/uploads\/2026\/01\/Screen-Shot-2026-01-01-at-12.49.48-PM-108x73.png 108w, https:\/\/diarioelpopular.com\/wp-content\/uploads\/2026\/01\/Screen-Shot-2026-01-01-at-12.49.48-PM.png 1024w\" sizes=\"auto, (max-width: 1200px) 100vw, 1200px\" \/><p id=\"caption-attachment-539853\" class=\"wp-caption-text\">M\u00e9dico realiza un ultrasonido a una mujer, en Chiapas, M\u00e9xico.\u00a0 Foto GABRIELA SANABRIA<\/p><\/div>\n<p>&nbsp;<\/p>\n<p>&nbsp;<\/p>\n<ul>\n<li><em><strong>Pese al descenso de la tasa de fecundidad, Am\u00e9rica Latina tiene uno de los registros m\u00e1s altos de ni\u00f1as que son madres, superada solo por \u00c1frica subsahariana<\/strong><\/em><\/li>\n<\/ul>\n<p>&nbsp;<\/p>\n<p class=\"\">\u201cHay menos mujeres para parir en Colombia\u201d, dijo el candidato presidencial Daniel Oviedo en una entrevista en noviembre. \u201cSalva a Colombia, \u00a1ten hijos!\u201d, se le\u00eda en un cartel de la Convenci\u00f3n Provida 2025, frente al Congreso colombiano, en septiembre.<\/p>\n<p class=\"\">Dos mensajes que podr\u00edan definir las l\u00edneas que ha tenido el debate alrededor de la fecundidad en el pa\u00eds, luego de que el Departamento Administrativo Nacional de Estad\u00edsticas (DANE) revel\u00f3 que en 2024 se contabilizaron 453.901 nacimientos, un 12% menos que en 2023 y un 31,1% menos que en 2015:\u00a0<a title=\"https:\/\/elpais.com\/america-colombia\/2025-03-26\/los-nacimientos-en-colombia-rompen-el-piso-de-los-500000-al-ano.html\" href=\"https:\/\/elpais.com\/america-colombia\/2025-03-26\/los-nacimientos-en-colombia-rompen-el-piso-de-los-500000-al-ano.html\" target=\"_self\" rel=\"\" data-link-track-dtm=\"\" data-mrf-link=\"https:\/\/elpais.com\/america-colombia\/2025-03-26\/los-nacimientos-en-colombia-rompen-el-piso-de-los-500000-al-ano.html\">la cifra anual m\u00e1s baja desde que se hace el registro, hace alrededor de 30 a\u00f1os<\/a>. Los mensajes alarmistas se repiten en muchos pa\u00edses latinoamericanos, sin tener en cuenta que el descenso de la tasa de fecundidad es una tendencia mundial.\u00a0<a title=\"https:\/\/elpais.com\/chile\/2025-12-10\/baja-de-la-natalidad-en-chile-no-quiero-tener-hijos-porque-no-quiero.html\" href=\"https:\/\/elpais.com\/chile\/2025-12-10\/baja-de-la-natalidad-en-chile-no-quiero-tener-hijos-porque-no-quiero.html\" target=\"_self\" rel=\"\" data-link-track-dtm=\"\" data-mrf-link=\"https:\/\/elpais.com\/chile\/2025-12-10\/baja-de-la-natalidad-en-chile-no-quiero-tener-hijos-porque-no-quiero.html\">Chile encabeza el ranking regional<\/a>, con una tasa de 1 hijo por mujer, seguido por Colombia (1,1), Uruguay (1,2) y Argentina (1,4).<\/p>\n<p class=\"\">Los datos, en vez de generar discusiones alrededor de la equidad de g\u00e9nero en los planes demogr\u00e1ficos o de reconocer la importante disminuci\u00f3n en las tasas de embarazo infantil y adolescente, se han convertido en gasolina para los sectores de derecha y extrema derecha que hablan de \u201cextinci\u00f3n\u201d. En Colombia, el candidato Oviedo habl\u00f3 de un pa\u00eds \u201cinviable en 2050\u201d. En Argentina, el presidente Javier Milei se hizo eco de los discursos conservadores que atribuyen el descenso de nacimientos a la legalizaci\u00f3n del aborto, aprobada en 2020. \u201cAhora se est\u00e1n dando cuenta de que se les pas\u00f3 la mano en atacar a la familia, en atacar a las dos vidas. <a title=\"https:\/\/elpais.com\/argentina\/2025-05-24\/milei-aprovecha-la-caida-abrupta-de-nacimientos-en-argentina-para-radicalizar-su-discurso-contra-el-aborto.html\" href=\"https:\/\/elpais.com\/argentina\/2025-05-24\/milei-aprovecha-la-caida-abrupta-de-nacimientos-en-argentina-para-radicalizar-su-discurso-contra-el-aborto.html\" target=\"_self\" rel=\"\" data-link-track-dtm=\"\" data-mrf-link=\"https:\/\/elpais.com\/argentina\/2025-05-24\/milei-aprovecha-la-caida-abrupta-de-nacimientos-en-argentina-para-radicalizar-su-discurso-contra-el-aborto.html\">Lo estamos pagando con ca\u00eddas en la tasa de natalidad\u201d, embisti\u00f3 Milei<\/a>, soltero y sin hijos, durante una intervenci\u00f3n p\u00fablica. La ley de interrupci\u00f3n voluntaria se aprob\u00f3 en 2020; el descenso abrupto de la natalidad comenz\u00f3 seis a\u00f1os antes, en 2014.<\/p>\n<p class=\"\">La realidad es m\u00e1s compleja. La inserci\u00f3n de la mujer en el mercado laboral, el aumento educativo de la poblaci\u00f3n, el acceso a m\u00e9todos anticonceptivos y los cambios culturales y sociales est\u00e1n entre los factores m\u00e1s citados para explicar un fen\u00f3meno global que supone un desaf\u00edo para los responsables de pol\u00edticas demogr\u00e1ficas. \u201cEl problema no es que se d\u00e9 el envejecimiento, es no prepararnos para este cambio social que esto implica\u201d, declar\u00f3 la directora del DANE, Piedad Urdinola.<\/p>\n<p class=\"\">Carmen Cecilia Mart\u00ednez, de la ONG Center for Reproductive Rights, explica que si bien la tasa espec\u00edfica de fecundidad en la adolescencia mostr\u00f3 una disminuci\u00f3n, se mantiene entre las m\u00e1s altas del mundo, s\u00f3lo por detr\u00e1s de la de \u00c1frica subsahariana.<\/p>\n<p class=\"\">El DANE registr\u00f3 el a\u00f1o pasado m\u00e1s de 3.000 partos de ni\u00f1as entre los 10 y los 14 a\u00f1os en Colombia. \u201cEstos datos muestran claramente que sigue siendo una problem\u00e1tica y una vulneraci\u00f3n de derechos humanos profundamente presente en nuestro pa\u00eds\u201d, subraya Mart\u00ednez. En Argentina, la cifra rond\u00f3 los 1.000 partos en esa franja de edad, cerca de la mitad que diez a\u00f1os antes. Pese a la reducci\u00f3n, se trata de datos preocupantes porque la mayor\u00eda de embarazos en menores de edad son resultado de un abuso sexual.<\/p>\n<h3 class=\"\">Desigualdades de g\u00e9nero<\/h3>\n<p class=\"\">Para Mart\u00ednez, la ra\u00edz del problema es que los planes demogr\u00e1ficos no han tenido una intersecci\u00f3n de g\u00e9nero y ahora se registra un refuerzo de los estereotipos. \u201cNuestro \u00faltimo fin no es parir y sacrificar nuestra vida a favor de la reproducci\u00f3n, sino que estos planes deber\u00edan construirse con un enfoque de derechos, pensar en ampliar la oferta y la calidad de los servicios de salud sexual y reproductiva, los servicios de cuidado y superar las culturas laborales que promueven la desigualdad frente a quienes deciden tener hijos\u201d, agrega.<\/p>\n<p class=\"\">La soci\u00f3loga Martina Yopo sostiene que \u201cen Chile no est\u00e1n las condiciones sociales ni estructurales para que las personas puedan tener y criar hijos\u201d. Yopo subray\u00f3 que las mujeres actuales \u201cson mucho m\u00e1s conscientes de las desigualdades de g\u00e9nero y tienen menos tolerancia a formar familia en contextos de profundas asimetr\u00edas\u201d. Adem\u00e1s, saben que el mercado laboral y la educaci\u00f3n superior las penalizan por tener hijos, por lo cual \u201cmuchas est\u00e1n<a title=\"https:\/\/elpais.com\/chile\/2024-08-06\/las-chilenas-postergan-la-maternidad-para-despues-de-los-30-anos-estamos-muy-cerca-de-las-tasas-de-fecundidad-mas-bajas-del-mundo.html\" href=\"https:\/\/elpais.com\/chile\/2024-08-06\/las-chilenas-postergan-la-maternidad-para-despues-de-los-30-anos-estamos-muy-cerca-de-las-tasas-de-fecundidad-mas-bajas-del-mundo.html\" target=\"_self\" rel=\"\" data-link-track-dtm=\"\" data-mrf-link=\"https:\/\/elpais.com\/chile\/2024-08-06\/las-chilenas-postergan-la-maternidad-para-despues-de-los-30-anos-estamos-muy-cerca-de-las-tasas-de-fecundidad-mas-bajas-del-mundo.html\">\u00a0retrasando la maternidad<\/a><u>\u00a0<\/u>para evitar, precisamente, esas penalizaciones\u201d.<\/p>\n<p class=\"\">Los incentivos para que las familias tengan m\u00e1s hijos se han mostrado insuficientes para frenar una ca\u00edda que tiene causas econ\u00f3micas, pero tambi\u00e9n culturales. La maternidad es cada vez menos un mandato y m\u00e1s una elecci\u00f3n, en especial en las grandes ciudades. Seg\u00fan<a title=\"https:\/\/sentimientospublicos.com.ar\/wp-content\/uploads\/2025\/01\/Sentimientos-Publicos-La-Ciudad-y-los-Ninos-1.pdf\" href=\"https:\/\/sentimientospublicos.com.ar\/wp-content\/uploads\/2025\/01\/Sentimientos-Publicos-La-Ciudad-y-los-Ninos-1.pdf\" target=\"_blank\" rel=\"noopener\" data-link-track-dtm=\"\" data-mrf-link=\"https:\/\/sentimientospublicos.com.ar\/wp-content\/uploads\/2025\/01\/Sentimientos-Publicos-La-Ciudad-y-los-Ninos-1.pdf\">\u00a0una encuesta de la consultora Sentimientos p\u00fablicos<\/a>, el 20% de los\u00a0<i>centennials<\/i>\u00a0de Buenos Aires (es decir, menores de 30 a\u00f1os) no quiere tener hijos porque prefiere dedicar m\u00e1s tiempo a otros aspectos de su vida. En los\u00a0<i>millennials<\/i>\u00a0(entre 30 y 44 a\u00f1os) ese porcentaje se reduce al 11%, mientras que el 10% alega razones econ\u00f3micas. En esa generaci\u00f3n, hay adem\u00e1s una gran brecha de g\u00e9nero en su percepci\u00f3n de la maternidad y la paternidad: los hombres eligieron m\u00e1s la respuesta \u201ctener hijos es un hecho que mejor\u00f3 mi vida\u201d, mientras que una de cada tres mujeres consultadas relativizaron el disfrute y destacaron los claroscuros de tener hijos.<\/p>\n<h3 class=\"\">Ofensiva antiaborto<\/h3>\n<p class=\"\">El debate favorece la ofensiva de gobiernos conservadores en todo el mundo para limitar derechos reproductivos conquistados. En Estados Unidos, casi la mitad del pa\u00eds tiene hoy prohibido o muy restringido el derecho al aborto; en Argentina, Milei ha desfinanciado el programa de prevenci\u00f3n de embarazos no intencionales adolescentes, que los redujo a menos de la mitad en una d\u00e9cada.<\/p>\n<p class=\"\">El Fondo de Poblaci\u00f3n de las Naciones Unidas (UNFPA) ha propuesto m\u00e9todos para contrarrestar los escollos que puede traer consigo la ca\u00edda de la natalidad sin sacrificar la equidad de g\u00e9nero o la lucha contra la pobreza. Uno de ellos es el Bono Demogr\u00e1fico de G\u00e9nero, que se refiere al impacto econ\u00f3mico positivo de aumentar la participaci\u00f3n laboral femenina. Esto, al sumarse al bono demogr\u00e1fico tradicional, que significa aprovechar el potencial de las personas en edad de trabajar, puede fomentar el desarrollo sostenible de los pa\u00edses. Sin embargo, el UNFPA ha enfatizado que para alcanzar ese potencial se requieren oportunidades de empleo digno, educaci\u00f3n de calidad y la promoci\u00f3n de servicios de cuidado y pol\u00edticas de g\u00e9nero que le hagan frente a brechas como la feminizaci\u00f3n del trabajo no remunerado y la brecha salarial.<\/p>\n<p class=\"\">La ca\u00edda de nacimientos obliga a repensar las pol\u00edticas demogr\u00e1ficas de cara a un futuro en el que, de mantenerse la tendencia, har\u00e1n falta menos pediatras y m\u00e1s geriatras. En la actualidad, la menor poblaci\u00f3n dependiente da una ventana de oportunidad a los pa\u00edses latinoamericanos\u00a0<a title=\"https:\/\/argendata.fund.ar\/topico\/poblacion\/\" href=\"https:\/\/argendata.fund.ar\/topico\/poblacion\/\" target=\"_blank\" rel=\"noopener\" data-link-track-dtm=\"\" data-mrf-link=\"https:\/\/argendata.fund.ar\/topico\/poblacion\/\">para enfrentar esa transici\u00f3n, seg\u00fan el informe demogr\u00e1fico de Argendata<\/a>. \u201cLa infraestructura escolar de Argentina fue construida para un pa\u00eds con unos 700.000 nacimientos al a\u00f1o. Con una ca\u00edda del 40%, se pueden cerrar escuelas o, por el contrario, subir el gasto\u00a0<i>per c\u00e1pita<\/i>\u00a0estudiantil y mejorar la calidad educativa para encontrar soluciones que se anticipen a una poblaci\u00f3n envejecida\u201d, detalla el soci\u00f3logo Daniel Schteingart. C\u00f3mo sobrellevar ese cambio demogr\u00e1fico es uno de los grandes desaf\u00edos regionales.<\/p>\n","protected":false},"excerpt":{"rendered":"<p>&nbsp; &nbsp; Pese al descenso de la tasa de fecundidad, Am\u00e9rica Latina tiene uno de los registros m\u00e1s altos de ni\u00f1as que son madres, superada&hellip;<\/p>\n","protected":false},"author":99,"featured_media":539853,"comment_status":"open","ping_status":"open","sticky":false,"template":"","format":"standard","meta":{"footnotes":""},"categories":[23],"tags":[],"class_list":["post-539852","post","type-post","status-publish","format-standard","has-post-thumbnail","hentry","category-latinoamerica"],"_links":{"self":[{"href":"https:\/\/diarioelpopular.com\/index.php\/wp-json\/wp\/v2\/posts\/539852","targetHints":{"allow":["GET"]}}],"collection":[{"href":"https:\/\/diarioelpopular.com\/index.php\/wp-json\/wp\/v2\/posts"}],"about":[{"href":"https:\/\/diarioelpopular.com\/index.php\/wp-json\/wp\/v2\/types\/post"}],"author":[{"embeddable":true,"href":"https:\/\/diarioelpopular.com\/index.php\/wp-json\/wp\/v2\/users\/99"}],"replies":[{"embeddable":true,"href":"https:\/\/diarioelpopular.com\/index.php\/wp-json\/wp\/v2\/comments?post=539852"}],"version-history":[{"count":1,"href":"https:\/\/diarioelpopular.com\/index.php\/wp-json\/wp\/v2\/posts\/539852\/revisions"}],"predecessor-version":[{"id":539854,"href":"https:\/\/diarioelpopular.com\/index.php\/wp-json\/wp\/v2\/posts\/539852\/revisions\/539854"}],"wp:featuredmedia":[{"embeddable":true,"href":"https:\/\/diarioelpopular.com\/index.php\/wp-json\/wp\/v2\/media\/539853"}],"wp:attachment":[{"href":"https:\/\/diarioelpopular.com\/index.php\/wp-json\/wp\/v2\/media?parent=539852"}],"wp:term":[{"taxonomy":"category","embeddable":true,"href":"https:\/\/diarioelpopular.com\/index.php\/wp-json\/wp\/v2\/categories?post=539852"},{"taxonomy":"post_tag","embeddable":true,"href":"https:\/\/diarioelpopular.com\/index.php\/wp-json\/wp\/v2\/tags?post=539852"}],"curies":[{"name":"wp","href":"https:\/\/api.w.org\/{rel}","templated":true}]}}