{"id":539856,"date":"2026-01-01T13:54:38","date_gmt":"2026-01-01T17:54:38","guid":{"rendered":"https:\/\/diarioelpopular.com\/?p=539856"},"modified":"2026-01-01T13:54:38","modified_gmt":"2026-01-01T17:54:38","slug":"cuando-guayaquil-se-vuelve-gigante-y-la-violencia-da-una-tregua-a-la-diversion","status":"publish","type":"post","link":"https:\/\/diarioelpopular.com\/index.php\/2026\/01\/01\/cuando-guayaquil-se-vuelve-gigante-y-la-violencia-da-una-tregua-a-la-diversion\/","title":{"rendered":"Cuando Guayaquil se vuelve gigante y la violencia da una tregua a la diversi\u00f3n"},"content":{"rendered":"<div id=\"attachment_539857\" style=\"width: 1210px\" class=\"wp-caption alignnone\"><img loading=\"lazy\" decoding=\"async\" aria-describedby=\"caption-attachment-539857\" class=\"wp-image-539857 size-custom-big-size\" src=\"https:\/\/diarioelpopular.com\/wp-content\/uploads\/2026\/01\/Screen-Shot-2026-01-01-at-12.53.49-PM-1200x817.png\" alt=\"\" width=\"1200\" height=\"817\" srcset=\"https:\/\/diarioelpopular.com\/wp-content\/uploads\/2026\/01\/Screen-Shot-2026-01-01-at-12.53.49-PM-1200x817.png 1200w, https:\/\/diarioelpopular.com\/wp-content\/uploads\/2026\/01\/Screen-Shot-2026-01-01-at-12.53.49-PM-300x204.png 300w, https:\/\/diarioelpopular.com\/wp-content\/uploads\/2026\/01\/Screen-Shot-2026-01-01-at-12.53.49-PM-768x523.png 768w, https:\/\/diarioelpopular.com\/wp-content\/uploads\/2026\/01\/Screen-Shot-2026-01-01-at-12.53.49-PM-636x433.png 636w, https:\/\/diarioelpopular.com\/wp-content\/uploads\/2026\/01\/Screen-Shot-2026-01-01-at-12.53.49-PM-80x55.png 80w, https:\/\/diarioelpopular.com\/wp-content\/uploads\/2026\/01\/Screen-Shot-2026-01-01-at-12.53.49-PM-107x73.png 107w, https:\/\/diarioelpopular.com\/wp-content\/uploads\/2026\/01\/Screen-Shot-2026-01-01-at-12.53.49-PM.png 1024w\" sizes=\"auto, (max-width: 1200px) 100vw, 1200px\" \/><p id=\"caption-attachment-539857\" class=\"wp-caption-text\">Jos\u00e9 Salas, artesano que recre\u00f3 ambos personajes de la pintura ic\u00f3nica de Frida Kahlo llamada &#8216;Las dos Fridas&#8217;, en Guayaquil. Foto Vicente Gaibor del Pino<\/p><\/div>\n<p>&nbsp;<\/p>\n<p>&nbsp;<\/p>\n<ul>\n<li><em><strong>La ruta de los monigotes gigantes convierte las calles de la ciudad ecuatoriana en una fiesta popular que no existe en ning\u00fan otro lugar del pa\u00eds<\/strong><\/em><\/li>\n<\/ul>\n<p>&nbsp;<\/p>\n<p class=\"\">Una madrugada de diciembre, Jos\u00e9 Salas dio por terminadas las\u00a0<i>Dos Fridas<\/i>. Miden cinco metros de altura y est\u00e1n construidas con los materiales que dicta la tradici\u00f3n de los monigotes gigantes: un quintal de papel, 60 planchas de cart\u00f3n, medio quintal de almid\u00f3n, unas 40 tiras de madera y varios litros de pintura. Inspiradas en el\u00a0<a title=\"https:\/\/elpais.com\/cultura\/2024-01-06\/fridamania-el-tiron-infinito-de-la-cejijunta.html\" href=\"https:\/\/elpais.com\/cultura\/2024-01-06\/fridamania-el-tiron-infinito-de-la-cejijunta.html\" target=\"_blank\" rel=\"noopener noreferrer\" data-link-track-dtm=\"\" data-mrf-link=\"https:\/\/elpais.com\/cultura\/2024-01-06\/fridamania-el-tiron-infinito-de-la-cejijunta.html\">c\u00e9lebre autorretrato de Frida Kahlo<\/a>, las figuras tienen los corazones expuestos, bajo el cielo tormentoso del inicio del invierno guayaquile\u00f1o. Para Salas, como para muchos artesanos locales, construir estos monigotes es mucho m\u00e1s que un ejercicio de destreza: es una manera de conservar una tradici\u00f3n que marca el cierre del a\u00f1o en Guayaquil.<\/p>\n<p class=\"\">Cada diciembre, las calles del populoso barrio Suburbio se llenan de estos gigantes, que, tras d\u00e9cadas, se han convertido en una mezcla de arte popular y fiesta barrial. Un espect\u00e1culo \u00fanico que, aunque no aparece en las gu\u00edas tur\u00edsticas, tiene un profundo arraigo en el alma de la ciudad.<\/p>\n<p class=\"\">La mayor\u00eda de los artesanos nacieron y crecieron en el sector, que se levanta a diario del comercio informal e intenta hacer frente a la inseguridad. Como muchos otros barrios de Guayaquil, el Suburbio tambi\u00e9n sobrevive a las<a title=\"https:\/\/elpais.com\/america\/2025-03-12\/guayaquil-cuna-mundial-del-trafico-de-drogas-la-alianza-entre-pandillas-el-cartel-de-sinaloa-y-paramilitares-colombianos.html\" href=\"https:\/\/elpais.com\/america\/2025-03-12\/guayaquil-cuna-mundial-del-trafico-de-drogas-la-alianza-entre-pandillas-el-cartel-de-sinaloa-y-paramilitares-colombianos.html\" target=\"_blank\" rel=\"noopener noreferrer\" data-link-track-dtm=\"\" data-mrf-link=\"https:\/\/elpais.com\/america\/2025-03-12\/guayaquil-cuna-mundial-del-trafico-de-drogas-la-alianza-entre-pandillas-el-cartel-de-sinaloa-y-paramilitares-colombianos.html\">\u00a0extorsiones de las bandas criminales<\/a>, los constantes robos y las balaceras. Pero diciembre marca una tregua impl\u00edcita que permite a miles de personas visitar el sector para hacer la ruta de los monigotes gigantes, que se ha convertido en el principal atractivo tur\u00edstico de la ciudad y del pa\u00eds.<\/p>\n<p class=\"\">Los artesanos levantan escenas que mezclan la cultura global con el orgullo local: desde personajes de\u00a0<i>La Familia Addams<\/i>,\u00a0<i>El Chavo del 8<\/i>\u00a0y\u00a0<i>Naruto<\/i>, hasta figuras de\u00a0<i>Doraemon<\/i>,\u00a0<i>Lilo &amp; Stitch<\/i>, o incluso el luchador ecuatoriano Michael Morales, pasando por una r\u00e9plica de la Torre Eiffel en plena calle 14 y Ayacucho. Todos los monigotes sobrepasan los seis metros de altura, y m\u00e1s all\u00e1 de su tama\u00f1o, su presencia inyecta una dosis de surrealismo y humor en cada rinc\u00f3n del barrio.<\/p>\n<p class=\"\">Pero las\u00a0<i>Dos Fridas<\/i>\u00a0son distintas. Jos\u00e9 Salas es el \u00fanico que se aparta del guion de las tem\u00e1ticas populares y, en lugar de seguir las tendencias del momento, crea una obra vinculada con el arte universal. \u201cEncontr\u00e9 en los monigotes una forma de acercar el arte a la gente\u201d, dice Salas, quien desde hace once a\u00f1os replica a gran escala obras famosas, como\u00a0<i>El Grito, Sonata Africana, la Noche Estrellada<\/i>\u00a0o\u00a0<i>El Beso<\/i>. \u201cLo raro siempre llama la atenci\u00f3n. La gente se detiene, pregunta, se queda a mirar\u201d, explica Jos\u00e9, aunque lo que m\u00e1s le gusta es que permite que los vecinos vuelvan a hablarse entre s\u00ed. \u201cEl arte puede unir estos tejidos sociales, reunir a la gente, por lo menos para conversar, eso hace falta, que volvamos a hablarnos\u201d, a\u00f1ade, mientras observa la figura de Frida Kahlo.<\/p>\n<p>&nbsp;<\/p>\n<figure class=\"a_m a_m-h \">\n<p><div style=\"width: 424px\" class=\"wp-caption alignnone\"><img loading=\"lazy\" decoding=\"async\" class=\"_re lazyload a_m-h\" src=\"https:\/\/imagenes.elpais.com\/resizer\/v2\/BJ23VB77BZC4BKWMGGYIXZTEUQ.jpg?auth=55e3079359db91a1a585514ea36089f434871e298caec6d142b5ba795ea3ebe9&amp;width=414\" sizes=\"auto, (min-width:1199px) 1155px,(min-width:1001px) calc(100vw - 44px),(min-width:768px) 767px, 100vw\" srcset=\"https:\/\/imagenes.elpais.com\/resizer\/v2\/BJ23VB77BZC4BKWMGGYIXZTEUQ.jpg?auth=55e3079359db91a1a585514ea36089f434871e298caec6d142b5ba795ea3ebe9&amp;width=414 414w,https:\/\/imagenes.elpais.com\/resizer\/v2\/BJ23VB77BZC4BKWMGGYIXZTEUQ.jpg?auth=55e3079359db91a1a585514ea36089f434871e298caec6d142b5ba795ea3ebe9&amp;width=828 640w,https:\/\/imagenes.elpais.com\/resizer\/v2\/BJ23VB77BZC4BKWMGGYIXZTEUQ.jpg?auth=55e3079359db91a1a585514ea36089f434871e298caec6d142b5ba795ea3ebe9&amp;width=980 1000w,https:\/\/imagenes.elpais.com\/resizer\/v2\/BJ23VB77BZC4BKWMGGYIXZTEUQ.jpg?auth=55e3079359db91a1a585514ea36089f434871e298caec6d142b5ba795ea3ebe9&amp;width=1960 1960w\" alt=\"\" width=\"414\" height=\"276\" \/><p class=\"wp-caption-text\">Carlos Zavala, artesano que recre\u00f3 a los personajes del Chavo del 8 y el Chapul\u00edn Colorado. Foto Vicente Gaibor del Pino<\/p><\/div><figcaption class=\"a_m_p\" aria-hidden=\"true\"><\/figcaption><\/figure>\n<p>&nbsp;<\/p>\n<p class=\"\">A unos pasos, en la misma calle Medardo \u00c1ngel Silva, el artesano y actor Carlos Zavala trabaja en su propio homenaje a la cultura popular mexicana: los personajes de Roberto G\u00f3mez Bola\u00f1os, como\u00a0<i>El Chavo del 8,<\/i>\u00a0<a title=\"https:\/\/elpais.com\/cultura\/2020\/02\/21\/television\/1582279884_612457.html\" href=\"https:\/\/elpais.com\/cultura\/2020\/02\/21\/television\/1582279884_612457.html\" target=\"_blank\" rel=\"noopener noreferrer\" data-link-track-dtm=\"\" data-mrf-link=\"https:\/\/elpais.com\/cultura\/2020\/02\/21\/television\/1582279884_612457.html\">Chespirito<\/a>\u00a0y sus amigos de la vecindad. Zavala pas\u00f3 tres meses trabajando en ellos, dedicando un par de horas cada noche despu\u00e9s de su jornada laboral. Su Chavo del 8, de cinco metros de altura, saluda desde su barril: \u201c\u00a1Eso, eso, eso!\u201d \u201cEs un motor de microondas, el que hace que el plato gire, lo adapt\u00e9 para que el dedo suba y baje\u201d, explica, rompiendo en risas, porque dice que ha revelado uno de los secretos de su obra. \u201cEs para los ni\u00f1os de hoy y los de ayer\u201d, dice, apuntando a los adultos que hacen fila para tomarse una foto o subirse al barril con su personaje favorito.<\/p>\n<p class=\"\">La tradici\u00f3n del monigote en Guayaquil tiene d\u00e9cadas. Naci\u00f3 de una mezcla de rituales de purificaci\u00f3n, cr\u00edtica social y la necesidad de fiesta, una costumbre que se consolid\u00f3 como un acto simb\u00f3lico de cierre de un ciclo. Para los ecuatorianos, quemar el \u2018viejo\u2019 es liberar lo malo y dar paso a lo bueno, una tradici\u00f3n que, con el tiempo, ha tomado nuevas formas. Hoy, los gigantes amplifican una necesidad de tener un espacio de encuentro, de escapar, aunque sea por un rato, de la violencia y el caos que atraviesa la ciudad. En un lugar marcado por las muertes, el monigote se convierte en un refugio de alegr\u00eda.<\/p>\n<p class=\"\">Mientras el recorrido avanza, las voces se superponen. Franklin Rezavala, con nostalgia, recuerda c\u00f3mo antes los monigotes se hac\u00edan con ropas viejas, rellenos de aserr\u00edn y papel, y se compraba una careta de cart\u00f3n lo m\u00e1s parecida al personaje que quer\u00edan quemar, pod\u00eda ser un t\u00edo cascarrabias, un vecino chismoso o un pol\u00edtico corrupto. \u201cSe quema lo malo para dejar lo bueno\u201d, dice. Pero hace una d\u00e9cada, algo cambi\u00f3. Un\u00a0<i>Mazinger<\/i>\u00a0de m\u00e1s de diez metros sobresali\u00f3 entre los techos del Suburbio. El barrio nunca hab\u00eda visto algo tan grande. Eso hizo volar la imaginaci\u00f3n de los artesanos.<\/p>\n<p class=\"\">En la calle 17, el personaje de<i>\u00a0E.T.<\/i>\u00a0se extiende a cuatro metros de altura. Francisco Cevallos, de 32 a\u00f1os, se arrepiente de no haberlo construido con el dedo extendido para simular el ic\u00f3nico momento de la pel\u00edcula. \u201cNo tuve suficiente tiempo, aunque de todas formas la gente se toma la foto extendi\u00e9ndose el dedo\u201d, cuenta sonriendo detr\u00e1s de<i>\u00a0E.T.<\/i><\/p>\n<p>&nbsp;<\/p>\n<figure class=\"a_m a_m-h \">\n<p><div style=\"width: 424px\" class=\"wp-caption alignnone\"><img loading=\"lazy\" decoding=\"async\" class=\"_re lazyload a_m-h\" src=\"https:\/\/imagenes.elpais.com\/resizer\/v2\/TAPEB4CP7ZEQ5NAX2RSEGSSKQE.jpg?auth=3ba741a600baa7202b7b354e4651675ad0eec4f15b24ac6c0538e7a17094da4b&amp;width=414\" sizes=\"auto, (min-width:1199px) 1155px,(min-width:1001px) calc(100vw - 44px),(min-width:768px) 767px, 100vw\" srcset=\"https:\/\/imagenes.elpais.com\/resizer\/v2\/TAPEB4CP7ZEQ5NAX2RSEGSSKQE.jpg?auth=3ba741a600baa7202b7b354e4651675ad0eec4f15b24ac6c0538e7a17094da4b&amp;width=414 414w,https:\/\/imagenes.elpais.com\/resizer\/v2\/TAPEB4CP7ZEQ5NAX2RSEGSSKQE.jpg?auth=3ba741a600baa7202b7b354e4651675ad0eec4f15b24ac6c0538e7a17094da4b&amp;width=828 640w,https:\/\/imagenes.elpais.com\/resizer\/v2\/TAPEB4CP7ZEQ5NAX2RSEGSSKQE.jpg?auth=3ba741a600baa7202b7b354e4651675ad0eec4f15b24ac6c0538e7a17094da4b&amp;width=980 1000w,https:\/\/imagenes.elpais.com\/resizer\/v2\/TAPEB4CP7ZEQ5NAX2RSEGSSKQE.jpg?auth=3ba741a600baa7202b7b354e4651675ad0eec4f15b24ac6c0538e7a17094da4b&amp;width=1960 1960w\" alt=\"\" width=\"414\" height=\"276\" \/><p class=\"wp-caption-text\">El personaje E.T. hecho por Francisco Cevallos, artesano, quien tambi\u00e9n moldea el avi\u00f3n y los personajes de la pel\u00edcula &#8216;Madagascar&#8217;. Foto Vicente Gaibor del Pino<\/p><\/div><figcaption class=\"a_m_p\" aria-hidden=\"true\"><\/figcaption><\/figure>\n<p>&nbsp;<\/p>\n<p class=\"\">A\u00fan no termina la segunda escultura inspirada en la pel\u00edcula\u00a0<i>Madagascar<\/i>. Inici\u00f3 en el oficio de los monigotes a los 15 a\u00f1os, ayudaba a los artesanos de la zona. Su abuelo paterno, con quien creci\u00f3 tras perder a sus padres en un accidente de tr\u00e1nsito, fue quien le ense\u00f1\u00f3 a trabajar el papel y el almid\u00f3n. \u201cEsta es mi tradici\u00f3n favorita del a\u00f1o\u201d, dice Francisco, con un brillo en el rostro mientras pega unos pedazos de esponja en lo que ser\u00e1 el avi\u00f3n de Madagascar, a punto de estrellarse en medio de la selva. \u201cCon el tiempo, he aprendido a innovar en el realismo de los monigotes, usando plum\u00f3n y esponja\u201d, dice, mirando su obra con orgullo.<\/p>\n<p class=\"\">La tarde cae y las luces de los juegos mec\u00e1nicos empiezan a parpadear. La gente comienza a agolparse para tomarse una foto con los gigantes. Los artesanos cobran un d\u00f3lar por cada imagen, para recuperar algo de lo invertido en materiales y horas de trabajo. El Municipio de Guayaquil tambi\u00e9n contribuye, reconociendo el valor tur\u00edstico de la ruta de los monigotes.<\/p>\n<p class=\"\">Los\u00a0<a title=\"https:\/\/elpais.com\/elpais\/2007\/12\/30\/actualidad\/1199000929_850215.html\" href=\"https:\/\/elpais.com\/elpais\/2007\/12\/30\/actualidad\/1199000929_850215.html\" target=\"_blank\" rel=\"noopener noreferrer\" data-link-track-dtm=\"\" data-mrf-link=\"https:\/\/elpais.com\/elpais\/2007\/12\/30\/actualidad\/1199000929_850215.html\">monigotes gigantes<\/a>\u00a0ya no se queman en enero. El alto costo ambiental de la quema ha hecho reflexionar a los artesanos, quienes prefieren desarmarlos y guardarlos como recuerdo. Entonces, Guayaquil recupera su tama\u00f1o habitual. Pero durante unos d\u00edas, la ciudad se convierte en un lugar diferente. Sin embargo, la ruta deja algo m\u00e1s que fotos: la certeza de que, al menos una vez al a\u00f1o, Guayaquil se permite caminar a otro ritmo, re\u00edrse de s\u00ed misma y convertirse, sin pedir permiso, en una ciudad de gigantes.<\/p>\n","protected":false},"excerpt":{"rendered":"<p>&nbsp; &nbsp; La ruta de los monigotes gigantes convierte las calles de la ciudad ecuatoriana en una fiesta popular que no existe en ning\u00fan otro&hellip;<\/p>\n","protected":false},"author":99,"featured_media":539857,"comment_status":"open","ping_status":"open","sticky":false,"template":"","format":"standard","meta":{"footnotes":""},"categories":[23],"tags":[],"class_list":["post-539856","post","type-post","status-publish","format-standard","has-post-thumbnail","hentry","category-latinoamerica"],"_links":{"self":[{"href":"https:\/\/diarioelpopular.com\/index.php\/wp-json\/wp\/v2\/posts\/539856","targetHints":{"allow":["GET"]}}],"collection":[{"href":"https:\/\/diarioelpopular.com\/index.php\/wp-json\/wp\/v2\/posts"}],"about":[{"href":"https:\/\/diarioelpopular.com\/index.php\/wp-json\/wp\/v2\/types\/post"}],"author":[{"embeddable":true,"href":"https:\/\/diarioelpopular.com\/index.php\/wp-json\/wp\/v2\/users\/99"}],"replies":[{"embeddable":true,"href":"https:\/\/diarioelpopular.com\/index.php\/wp-json\/wp\/v2\/comments?post=539856"}],"version-history":[{"count":1,"href":"https:\/\/diarioelpopular.com\/index.php\/wp-json\/wp\/v2\/posts\/539856\/revisions"}],"predecessor-version":[{"id":539858,"href":"https:\/\/diarioelpopular.com\/index.php\/wp-json\/wp\/v2\/posts\/539856\/revisions\/539858"}],"wp:featuredmedia":[{"embeddable":true,"href":"https:\/\/diarioelpopular.com\/index.php\/wp-json\/wp\/v2\/media\/539857"}],"wp:attachment":[{"href":"https:\/\/diarioelpopular.com\/index.php\/wp-json\/wp\/v2\/media?parent=539856"}],"wp:term":[{"taxonomy":"category","embeddable":true,"href":"https:\/\/diarioelpopular.com\/index.php\/wp-json\/wp\/v2\/categories?post=539856"},{"taxonomy":"post_tag","embeddable":true,"href":"https:\/\/diarioelpopular.com\/index.php\/wp-json\/wp\/v2\/tags?post=539856"}],"curies":[{"name":"wp","href":"https:\/\/api.w.org\/{rel}","templated":true}]}}