{"id":539876,"date":"2026-01-02T10:45:50","date_gmt":"2026-01-02T14:45:50","guid":{"rendered":"https:\/\/diarioelpopular.com\/?p=539876"},"modified":"2026-01-02T10:45:50","modified_gmt":"2026-01-02T14:45:50","slug":"el-chavismo-autoriza-la-excarcelacion-de-otros-87-presos-politicos-en-venezuela","status":"publish","type":"post","link":"https:\/\/diarioelpopular.com\/index.php\/2026\/01\/02\/el-chavismo-autoriza-la-excarcelacion-de-otros-87-presos-politicos-en-venezuela\/","title":{"rendered":"El chavismo autoriza la excarcelaci\u00f3n de otros 87 presos pol\u00edticos en Venezuela"},"content":{"rendered":"<div id=\"attachment_539877\" style=\"width: 1210px\" class=\"wp-caption alignnone\"><img loading=\"lazy\" decoding=\"async\" aria-describedby=\"caption-attachment-539877\" class=\"wp-image-539877 size-custom-big-size\" src=\"https:\/\/diarioelpopular.com\/wp-content\/uploads\/2026\/01\/Screen-Shot-2026-01-02-at-9.45.06-AM-1200x820.png\" alt=\"\" width=\"1200\" height=\"820\" srcset=\"https:\/\/diarioelpopular.com\/wp-content\/uploads\/2026\/01\/Screen-Shot-2026-01-02-at-9.45.06-AM-1200x820.png 1200w, https:\/\/diarioelpopular.com\/wp-content\/uploads\/2026\/01\/Screen-Shot-2026-01-02-at-9.45.06-AM-300x205.png 300w, https:\/\/diarioelpopular.com\/wp-content\/uploads\/2026\/01\/Screen-Shot-2026-01-02-at-9.45.06-AM-768x525.png 768w, https:\/\/diarioelpopular.com\/wp-content\/uploads\/2026\/01\/Screen-Shot-2026-01-02-at-9.45.06-AM-636x434.png 636w, https:\/\/diarioelpopular.com\/wp-content\/uploads\/2026\/01\/Screen-Shot-2026-01-02-at-9.45.06-AM-80x55.png 80w, https:\/\/diarioelpopular.com\/wp-content\/uploads\/2026\/01\/Screen-Shot-2026-01-02-at-9.45.06-AM-107x73.png 107w, https:\/\/diarioelpopular.com\/wp-content\/uploads\/2026\/01\/Screen-Shot-2026-01-02-at-9.45.06-AM.png 1024w\" sizes=\"auto, (max-width: 1200px) 100vw, 1200px\" \/><p id=\"caption-attachment-539877\" class=\"wp-caption-text\">Manifestantes en Caracas, Venezuela, el 18 de noviembre de 2025. Foto Ariana Cubillos (AP)<\/p><\/div>\n<p>&nbsp;<\/p>\n<p>&nbsp;<\/p>\n<ul>\n<li><em><strong>Organizaciones vinculadas a los prisioneros reconocen, hasta ahora, la salida de 33 personas<\/strong><\/em><\/li>\n<\/ul>\n<p>&nbsp;<\/p>\n<p class=\"\">En la v\u00edspera de A\u00f1o Nuevo,\u00a0<a href=\"https:\/\/elpais.com\/america\/2025-12-26\/liberacion-de-presos-politicos-en-venezuela-un-gesto-de-apertura-bajo-la-sombra-de-trump.html\" target=\"_blank\" rel=\"noopener\">el r\u00e9gimen chavista autoriz\u00f3 la excarcelaci\u00f3n de otros 87 presos pol\u00edticos<\/a> en Venezuela.\u00a0La informaci\u00f3n ha sido confirmada por organizaciones civiles vinculadas a la causa de los prisioneros, como Justicia Encuentro y Perd\u00f3n y el Comit\u00e9 de Madres en Defensa de la Verdad. La gran mayor\u00eda de ellos estaban recluidos en la c\u00e1rcel de Tocor\u00f3n, a una hora y media de Caracas, por haber participado en las masivas protestas populares que cuestionaron el triunfo de Nicol\u00e1s Maduro en las elecciones presidenciales de 2024.<\/p>\n<p class=\"\">Una vez autorizadas las excarcelaciones, la asociaci\u00f3n civil Justicia Encuentro y Perd\u00f3n informa que, hasta el momento, se han materializado 33 de ellas. Las informaciones sobre presos pol\u00edticos en Venezuela suelen tener un subtexto, en el cual se generan confusiones y frecuentes malinterpretaciones. En ocasiones, el r\u00e9gimen venezolano no libera a todos los prisioneros que anuncia, o en todo caso retarda la concreci\u00f3n de muchos casos, generando zozobra en las familias afectadas. En las Navidades, el Gobierno de\u00a0<a title=\"https:\/\/elpais.com\/america\/2025-12-25\/el-gobierno-de-venezuela-libera-a-71-presos-politicos.html\" href=\"https:\/\/elpais.com\/america\/2025-12-25\/el-gobierno-de-venezuela-libera-a-71-presos-politicos.html\" target=\"_blank\" rel=\"noopener noreferrer\" data-link-track-dtm=\"\" data-mrf-link=\"https:\/\/elpais.com\/america\/2025-12-25\/el-gobierno-de-venezuela-libera-a-71-presos-politicos.html\">Maduro anunci\u00f3 la salida de prisi\u00f3n de 99 presos pol\u00edticos<\/a>. La organizaci\u00f3n Foro Penal, con enorme autoridad en la materia, ten\u00eda registradas 61 hasta el d\u00eda 30 de diciembre.<\/p>\n<p class=\"\">En este momento, contando las liberaciones anunciadas,\u00a0<a title=\"https:\/\/elpais.com\/america\/2025-12-29\/activistas-de-derechos-humanos-opositores-y-un-menor-de-edad-los-otros-presos-politicos-de-maduro.html\" href=\"https:\/\/elpais.com\/america\/2025-12-29\/activistas-de-derechos-humanos-opositores-y-un-menor-de-edad-los-otros-presos-politicos-de-maduro.html\" target=\"_blank\" rel=\"noopener noreferrer\" data-link-track-dtm=\"\" data-mrf-link=\"https:\/\/elpais.com\/america\/2025-12-29\/activistas-de-derechos-humanos-opositores-y-un-menor-de-edad-los-otros-presos-politicos-de-maduro.html\">en Venezuela siguen existiendo unos 720 presos pol\u00edticos<\/a>, la cifra m\u00e1s alta de todo el hemisferio occidental. El Gobierno de Maduro ha ido autorizando estas medidas de gracia en el transcurso del a\u00f1o pasado, que han beneficiado a centenares de personas, pero luego de haber arremetido furiosamente en contra de la poblaci\u00f3n en las semanas posteriores a las elecciones presidenciales de julio de 2024. En la segunda parte del a\u00f1o pasado, tras aquellos pol\u00e9micos comicios, 2.000 personas fueron llevadas a prisi\u00f3n. La c\u00e1rcel de Tocor\u00f3n, en el Estado Aragua, tradicionalmente un centro judicial para presos comunes, conoci\u00f3 entonces algunas ampliaciones para abrirle campo a los nuevos prisioneros pol\u00edticos, ya hacinados en otras c\u00e1rceles.<\/p>\n<p class=\"\">Los prisioneros pol\u00edticos beneficiados, como los excarcelados en el d\u00eda de Navidad, no tienen libertad plena: seguir\u00e1n bajo medidas cautelares, con r\u00e9gimen de presentaci\u00f3n ante los tribunales y algunas restricciones adicionales.<\/p>\n<p class=\"\">Al reconocer el alivio que una medida como esta produce sobre estos activistas y sus familias, las organizaciones civiles vinculadas a la defensa de los derechos humanos hicieron un nuevo llamado a las autoridades del r\u00e9gimen chavista para declarar una\u00a0<a title=\"https:\/\/elpais.com\/america\/2025-12-25\/la-navidad-mas-tensa-en-venezuela.html\" href=\"https:\/\/elpais.com\/america\/2025-12-25\/la-navidad-mas-tensa-en-venezuela.html\" target=\"_blank\" rel=\"noopener noreferrer\" data-link-track-dtm=\"\" data-mrf-link=\"https:\/\/elpais.com\/america\/2025-12-25\/la-navidad-mas-tensa-en-venezuela.html\">amnist\u00eda general<\/a>. Todos han calificado de \u201carbitrarios e injustificados\u201d los arrestos y el castigo judicial a estos ciudadanos.<\/p>\n","protected":false},"excerpt":{"rendered":"<p>&nbsp; &nbsp; Organizaciones vinculadas a los prisioneros reconocen, hasta ahora, la salida de 33 personas &nbsp; En la v\u00edspera de A\u00f1o Nuevo,\u00a0el r\u00e9gimen chavista autoriz\u00f3&hellip;<\/p>\n","protected":false},"author":99,"featured_media":539877,"comment_status":"open","ping_status":"open","sticky":false,"template":"","format":"standard","meta":{"footnotes":""},"categories":[23],"tags":[],"class_list":["post-539876","post","type-post","status-publish","format-standard","has-post-thumbnail","hentry","category-latinoamerica"],"_links":{"self":[{"href":"https:\/\/diarioelpopular.com\/index.php\/wp-json\/wp\/v2\/posts\/539876","targetHints":{"allow":["GET"]}}],"collection":[{"href":"https:\/\/diarioelpopular.com\/index.php\/wp-json\/wp\/v2\/posts"}],"about":[{"href":"https:\/\/diarioelpopular.com\/index.php\/wp-json\/wp\/v2\/types\/post"}],"author":[{"embeddable":true,"href":"https:\/\/diarioelpopular.com\/index.php\/wp-json\/wp\/v2\/users\/99"}],"replies":[{"embeddable":true,"href":"https:\/\/diarioelpopular.com\/index.php\/wp-json\/wp\/v2\/comments?post=539876"}],"version-history":[{"count":1,"href":"https:\/\/diarioelpopular.com\/index.php\/wp-json\/wp\/v2\/posts\/539876\/revisions"}],"predecessor-version":[{"id":539878,"href":"https:\/\/diarioelpopular.com\/index.php\/wp-json\/wp\/v2\/posts\/539876\/revisions\/539878"}],"wp:featuredmedia":[{"embeddable":true,"href":"https:\/\/diarioelpopular.com\/index.php\/wp-json\/wp\/v2\/media\/539877"}],"wp:attachment":[{"href":"https:\/\/diarioelpopular.com\/index.php\/wp-json\/wp\/v2\/media?parent=539876"}],"wp:term":[{"taxonomy":"category","embeddable":true,"href":"https:\/\/diarioelpopular.com\/index.php\/wp-json\/wp\/v2\/categories?post=539876"},{"taxonomy":"post_tag","embeddable":true,"href":"https:\/\/diarioelpopular.com\/index.php\/wp-json\/wp\/v2\/tags?post=539876"}],"curies":[{"name":"wp","href":"https:\/\/api.w.org\/{rel}","templated":true}]}}