{"id":539880,"date":"2026-01-02T10:56:30","date_gmt":"2026-01-02T14:56:30","guid":{"rendered":"https:\/\/diarioelpopular.com\/?p=539880"},"modified":"2026-01-02T10:56:30","modified_gmt":"2026-01-02T14:56:30","slug":"estudiantes-jubilados-turistas-las-14-vidas-truncadas-por-la-tragedia-del-tren-interoceanico","status":"publish","type":"post","link":"https:\/\/diarioelpopular.com\/index.php\/2026\/01\/02\/estudiantes-jubilados-turistas-las-14-vidas-truncadas-por-la-tragedia-del-tren-interoceanico\/","title":{"rendered":"Estudiantes, jubilados, turistas: las 14 vidas truncadas por la tragedia del Tren Interoce\u00e1nico"},"content":{"rendered":"<div id=\"attachment_539881\" style=\"width: 1210px\" class=\"wp-caption alignnone\"><img loading=\"lazy\" decoding=\"async\" aria-describedby=\"caption-attachment-539881\" class=\"wp-image-539881 size-custom-big-size\" src=\"https:\/\/diarioelpopular.com\/wp-content\/uploads\/2026\/01\/Screen-Shot-2026-01-02-at-9.54.31-AM-1200x812.png\" alt=\"\" width=\"1200\" height=\"812\" srcset=\"https:\/\/diarioelpopular.com\/wp-content\/uploads\/2026\/01\/Screen-Shot-2026-01-02-at-9.54.31-AM-1200x812.png 1200w, https:\/\/diarioelpopular.com\/wp-content\/uploads\/2026\/01\/Screen-Shot-2026-01-02-at-9.54.31-AM-300x203.png 300w, https:\/\/diarioelpopular.com\/wp-content\/uploads\/2026\/01\/Screen-Shot-2026-01-02-at-9.54.31-AM-768x519.png 768w, https:\/\/diarioelpopular.com\/wp-content\/uploads\/2026\/01\/Screen-Shot-2026-01-02-at-9.54.31-AM-636x430.png 636w, https:\/\/diarioelpopular.com\/wp-content\/uploads\/2026\/01\/Screen-Shot-2026-01-02-at-9.54.31-AM-80x55.png 80w, https:\/\/diarioelpopular.com\/wp-content\/uploads\/2026\/01\/Screen-Shot-2026-01-02-at-9.54.31-AM-108x73.png 108w, https:\/\/diarioelpopular.com\/wp-content\/uploads\/2026\/01\/Screen-Shot-2026-01-02-at-9.54.31-AM.png 1024w\" sizes=\"auto, (max-width: 1200px) 100vw, 1200px\" \/><p id=\"caption-attachment-539881\" class=\"wp-caption-text\">Familiares velan a v\u00edctimas del descarrilamiento del Tren Interoce\u00e1nico, en Mat\u00edas Romero, Oaxaca, el 30 de diciembre de 2025. Foto Carolina Jim\u00e9nez (CUARTOSCURO)<\/p><\/div>\n<p>&nbsp;<\/p>\n<p>&nbsp;<\/p>\n<ul>\n<li><em><strong>A una semana, empiezan a conocerse las historias de las personas que murieron en el accidente ferroviario ocurrido en Oaxaca<\/strong><\/em><\/li>\n<\/ul>\n<p>&nbsp;<\/p>\n<p class=\"\">El tren avanzaba por el Istmo de Tehuantepec con un trayecto que simboliza la reactivaci\u00f3n ferroviaria del sur del pa\u00eds. Era domingo y a bordo viajaban 250 personas de Oaxaca rumbo a Veracruz, cuando a las 9.28 horas,\u00a0<a title=\"https:\/\/elpais.com\/mexico\/2025-12-29\/el-tren-interoceanico-descarrila-en-oaxaca-hay-muertos-y-heridos.html\" href=\"https:\/\/elpais.com\/mexico\/2025-12-29\/el-tren-interoceanico-descarrila-en-oaxaca-hay-muertos-y-heridos.html\" target=\"_blank\" rel=\"noopener noreferrer\" data-link-track-dtm=\"\" data-mrf-link=\"https:\/\/elpais.com\/mexico\/2025-12-29\/el-tren-interoceanico-descarrila-en-oaxaca-hay-muertos-y-heridos.html\">el convoy se descarril\u00f3 en una curva<\/a>.<\/p>\n<p class=\"\">Uno de los vagones cay\u00f3 por un barranco de m\u00e1s de seis metros y otro qued\u00f3 semisuspendido. A una semana, empiezan a conocerse las historias de <a title=\"https:\/\/elpais.com\/mexico\/2026-01-01\/aumentan-a-14-las-victimas-por-el-accidente-del-tren-interoceanico-en-oaxaca.html\" href=\"https:\/\/elpais.com\/mexico\/2026-01-01\/aumentan-a-14-las-victimas-por-el-accidente-del-tren-interoceanico-en-oaxaca.html\" target=\"_blank\" rel=\"noopener noreferrer\" data-link-track-dtm=\"\" data-mrf-link=\"https:\/\/elpais.com\/mexico\/2026-01-01\/aumentan-a-14-las-victimas-por-el-accidente-del-tren-interoceanico-en-oaxaca.html\">las 14 personas que perdieron la vida en el accidente<\/a>. Entre las v\u00edctimas hay estudiantes, jubilados, una familia completa, una abuela y su nieta, un periodista. Dos de las personas fallecidas eran menores de edad: una ni\u00f1a de seis a\u00f1os y una adolescente de 15. El resto ten\u00eda entre 49 y 73.<\/p>\n<p class=\"\">La ni\u00f1a Elena Solorza Cruz, de seis a\u00f1os, viajaba con su familia que iba a pasar unos d\u00edas de vacaciones en Veracruz y muri\u00f3 por el impacto. Su abuela, Hilda Alc\u00e1ntara Alvarado, de 73, sobrevivi\u00f3 al impacto inicial, pero muri\u00f3 cuatro d\u00edas despu\u00e9s en el hospital. Alc\u00e1ntara fue trasladada primero al Hospital Tehuantepec del ISSSTE y despu\u00e9s al Regional de Alta Especialidad de Oaxaca del IMSS Bienestar. Desde el ingreso present\u00f3 un cuadro grave: traumatismos m\u00faltiples, fracturas en f\u00e9mur, tibia y peron\u00e9, as\u00ed como varias fracturas costales. Pas\u00f3 por el quir\u00f3fano para atender las fracturas, pero una tromboembolia pulmonar termin\u00f3 con su vida este jueves. Su fallecimiento elev\u00f3 a 14 la cifra oficial de muertos.<\/p>\n<p class=\"\">Otra de las pasajeras era Mar\u00eda Antonia Rosales Mendoza (58 a\u00f1os), originaria de Acayucan, Veracruz. Se hab\u00eda jubilado hac\u00eda dos a\u00f1os\u00a0<a title=\"https:\/\/elpais.com\/mexico\/2025-07-25\/con-la-mafia-veracruzana-no-se-juega-o-terminaran-como-yo-las-ultimas-palabras-de-irma-hernandez-taxista-y-maestra-jubilada.html\" href=\"https:\/\/elpais.com\/mexico\/2025-07-25\/con-la-mafia-veracruzana-no-se-juega-o-terminaran-como-yo-las-ultimas-palabras-de-irma-hernandez-taxista-y-maestra-jubilada.html\" target=\"_blank\" rel=\"noopener noreferrer\" data-link-track-dtm=\"\" data-mrf-link=\"https:\/\/elpais.com\/mexico\/2025-07-25\/con-la-mafia-veracruzana-no-se-juega-o-terminaran-como-yo-las-ultimas-palabras-de-irma-hernandez-taxista-y-maestra-jubilada.html\">tras una vida detr\u00e1s del volante como taxista<\/a>. Ese domingo viajaba para visitar a su hermana, acompa\u00f1ada de su esposo y su hija, quienes resultaron heridos y sobrevivieron al accidente. En el tren tambi\u00e9n viajaba el matrimonio de Berza\u00edn Cruz L\u00f3pez y Mar\u00eda Concepci\u00f3n Barbosa Acevedo, ambos de 65 a\u00f1os. Eran miembros de la Di\u00f3cesis de Tehuantepec y coordinadores de su congregaci\u00f3n, desde donde lamentaron su muerte.<\/p>\n<p class=\"\">Entre los fallecidos se encuentra tambi\u00e9n el periodista Israel Enrique Gallegos Soto (60 a\u00f1os) conocido como\u00a0<i>Henry del Toro,\u00a0<\/i>quien trabajaba en<i>\u00a0Heraldo Radio Oaxaca<\/i>\u00a0y fue una de las primeras v\u00edctimas identificadas. Viajaba junto a su esposa. Tras confirmarse su muerte, colegas y amigos lo recordaron en redes sociales: \u201cIsrael deja una huella imborrable entre quienes tuvimos el honor de coincidir con \u00e9l. Su voz, su compromiso y su calidad humana permanecer\u00e1n siempre en nuestra memoria\u201d.<\/p>\n<p class=\"\">Tras el accidente,\u00a0<a title=\"https:\/\/elpais.com\/mexico\/2025-07-29\/nahle-sobre-la-muerte-de-la-taxista-secuestrada-en-veracruz-les-guste-o-no-murio-de-un-infarto.html\" href=\"https:\/\/elpais.com\/mexico\/2025-07-29\/nahle-sobre-la-muerte-de-la-taxista-secuestrada-en-veracruz-les-guste-o-no-murio-de-un-infarto.html\" target=\"_blank\" rel=\"noopener noreferrer\" data-link-track-dtm=\"\" data-mrf-link=\"https:\/\/elpais.com\/mexico\/2025-07-29\/nahle-sobre-la-muerte-de-la-taxista-secuestrada-en-veracruz-les-guste-o-no-murio-de-un-infarto.html\">la gobernadora de Veracruz, Roc\u00edo Nahle<\/a>, confirm\u00f3 que tres de las v\u00edctimas pertenec\u00edan a una misma familia originaria de Minatitl\u00e1n: Patricia Medina (49 a\u00f1os), Honoria Medina (56) y Rogelio Luna (63). Hab\u00edan salido esa ma\u00f1ana desde el puerto de Salina Cruz con destino a Coatzacoalcos y viajaban acompa\u00f1ados de dos conocidos que sobrevivieron al impacto. Otra de las pasajeras originarias de Veracruz era In\u00e9s Alvarado Rojas, de 57 a\u00f1os, quien fue reportada como desaparecida tras el accidente, y d\u00edas despu\u00e9s se confirm\u00f3 su fallecimiento. Hab\u00eda viajado a Oaxaca para pasar la Navidad con su hijo, un trabajador de la Consejer\u00eda Jur\u00eddica y Asistencia Legal del Estado, desde donde enviaron un mensaje de condolencias. Amada Rasgado L\u00e1zaro (70 a\u00f1os) tambi\u00e9n muri\u00f3 en el descarrilamiento. Su hermano, Jos\u00e9 Rasgado, la record\u00f3 como una mujer trabajadora a la que le gustaba viajar.<\/p>\n<p class=\"\">La adolescente Luisa Camila Serrano Moreno, de 15 a\u00f1os, era originaria de Salina Cruz. Viajaba con su madre y su hermana, ambas heridas en el accidente. Serrano era estudiante del Conalep 155, plantel que lament\u00f3 su muerte con un mensaje compartido en redes sociales. Entre las v\u00edctimas mortales tambi\u00e9n se encuentran Mar\u00eda Luisa Pasaron Gonz\u00e1lez (66 a\u00f1os) y Ra\u00fal L\u00f3pez Cruz (67) de quienes se han dado a conocer pocos detalles.<\/p>\n<p class=\"\">El accidente dej\u00f3 inicialmente 98 personas heridas. Con el paso de los d\u00edas, la cifra se redujo a cinco hospitalizados, seg\u00fan el \u00faltimo reporte oficial. Los lesionados fueron atendidos en hospitales de Salina Cruz y la ciudad de Oaxaca.\u00a0<a title=\"https:\/\/elpais.com\/mexico\/2025-12-30\/el-relato-de-una-sobreviviente-del-accidente-del-tren-interoceanico-venia-tirando-las-maletas-teniamos-miedo-por-la-velocidad-en-la-curva.html\" href=\"https:\/\/elpais.com\/mexico\/2025-12-30\/el-relato-de-una-sobreviviente-del-accidente-del-tren-interoceanico-venia-tirando-las-maletas-teniamos-miedo-por-la-velocidad-en-la-curva.html\" target=\"_blank\" rel=\"noopener noreferrer\" data-link-track-dtm=\"\" data-mrf-link=\"https:\/\/elpais.com\/mexico\/2025-12-30\/el-relato-de-una-sobreviviente-del-accidente-del-tren-interoceanico-venia-tirando-las-maletas-teniamos-miedo-por-la-velocidad-en-la-curva.html\">Entre los sobrevivientes est\u00e1 Katherine V\u00e1squez<\/a>, una joven de 21 a\u00f1os que viajaba en el vag\u00f3n que cay\u00f3 al barranco, quien relat\u00f3 su \u00faltimo recuerdo antes del accidente: \u201cTen\u00edamos miedo por la velocidad en la curva. Sent\u00ed que dio el jal\u00f3n y le gan\u00f3 el peso. Era una curva muy cerrada, casi en U. Siento que la tom\u00f3 con mucha velocidad. Ya no pude pensar en nada. No se sinti\u00f3 un golpe, solo se fue de lado\u201d.<\/p>\n<p class=\"\"><a title=\"https:\/\/elpais.com\/mexico\/2025-12-30\/la-presidenta-sheinbaum-afronta-la-tragedia-del-tren-interoceanico-como-remate-de-un-ano-complicado.html\" href=\"https:\/\/elpais.com\/mexico\/2025-12-30\/la-presidenta-sheinbaum-afronta-la-tragedia-del-tren-interoceanico-como-remate-de-un-ano-complicado.html\" target=\"_blank\" rel=\"noopener noreferrer\" data-link-track-dtm=\"\" data-mrf-link=\"https:\/\/elpais.com\/mexico\/2025-12-30\/la-presidenta-sheinbaum-afronta-la-tragedia-del-tren-interoceanico-como-remate-de-un-ano-complicado.html\">La mandataria Claudia Sheinbaum visit\u00f3 el lunes los hospitales<\/a>\u00a0de Mat\u00edas Romero, Juchit\u00e1n, Ciudad Ixtepec y Salina Cruz, donde se atend\u00eda a los heridos. Tambi\u00e9n acudi\u00f3 al crematorio donde se encontraban los cuerpos de las v\u00edctimas y se reuni\u00f3 con sus familiares, a quienes se les entregar\u00e1 un apoyo inicial de 30.000 pesos para cubrir gastos urgentes. El martes, en la \u00faltima conferencia matutina del 2025,\u00a0<a title=\"https:\/\/elpais.com\/mexico\/2025-12-30\/sheinbaum-buscara-que-una-certificadora-internacional-apruebe-la-reapertura-del-tramo-accidentado-del-tren-interoceanico.html\" href=\"https:\/\/elpais.com\/mexico\/2025-12-30\/sheinbaum-buscara-que-una-certificadora-internacional-apruebe-la-reapertura-del-tramo-accidentado-del-tren-interoceanico.html\" target=\"_blank\" rel=\"noopener noreferrer\" data-link-track-dtm=\"\" data-mrf-link=\"https:\/\/elpais.com\/mexico\/2025-12-30\/sheinbaum-buscara-que-una-certificadora-internacional-apruebe-la-reapertura-del-tramo-accidentado-del-tren-interoceanico.html\">asegur\u00f3 que est\u00e1 abierta a escuchar la opini\u00f3n de expertos internacionales<\/a>\u00a0y pidi\u00f3 al almirante Raymundo Pedro Morales \u00c1ngeles, secretario de Marina, buscar una certificadora internacional que d\u00e9 el visto bueno antes de abrir la v\u00eda nuevamente tras el accidente. \u201cSi hay recomendaciones de lo que se tiene que hacer para mayor seguridad, pues que se tomen esas recomendaciones\u201d, dijo Sheinbaum tras el accidente.<\/p>\n<p>Ver nota anterior sobre las posibles causas, defectos y corrupci\u00f3n detectados desde hace 5 a\u00f1os.<\/p>\n","protected":false},"excerpt":{"rendered":"<p>&nbsp; &nbsp; A una semana, empiezan a conocerse las historias de las personas que murieron en el accidente ferroviario ocurrido en Oaxaca &nbsp; El tren&hellip;<\/p>\n","protected":false},"author":99,"featured_media":539881,"comment_status":"open","ping_status":"open","sticky":false,"template":"","format":"standard","meta":{"footnotes":""},"categories":[23],"tags":[],"class_list":["post-539880","post","type-post","status-publish","format-standard","has-post-thumbnail","hentry","category-latinoamerica"],"_links":{"self":[{"href":"https:\/\/diarioelpopular.com\/index.php\/wp-json\/wp\/v2\/posts\/539880","targetHints":{"allow":["GET"]}}],"collection":[{"href":"https:\/\/diarioelpopular.com\/index.php\/wp-json\/wp\/v2\/posts"}],"about":[{"href":"https:\/\/diarioelpopular.com\/index.php\/wp-json\/wp\/v2\/types\/post"}],"author":[{"embeddable":true,"href":"https:\/\/diarioelpopular.com\/index.php\/wp-json\/wp\/v2\/users\/99"}],"replies":[{"embeddable":true,"href":"https:\/\/diarioelpopular.com\/index.php\/wp-json\/wp\/v2\/comments?post=539880"}],"version-history":[{"count":1,"href":"https:\/\/diarioelpopular.com\/index.php\/wp-json\/wp\/v2\/posts\/539880\/revisions"}],"predecessor-version":[{"id":539882,"href":"https:\/\/diarioelpopular.com\/index.php\/wp-json\/wp\/v2\/posts\/539880\/revisions\/539882"}],"wp:featuredmedia":[{"embeddable":true,"href":"https:\/\/diarioelpopular.com\/index.php\/wp-json\/wp\/v2\/media\/539881"}],"wp:attachment":[{"href":"https:\/\/diarioelpopular.com\/index.php\/wp-json\/wp\/v2\/media?parent=539880"}],"wp:term":[{"taxonomy":"category","embeddable":true,"href":"https:\/\/diarioelpopular.com\/index.php\/wp-json\/wp\/v2\/categories?post=539880"},{"taxonomy":"post_tag","embeddable":true,"href":"https:\/\/diarioelpopular.com\/index.php\/wp-json\/wp\/v2\/tags?post=539880"}],"curies":[{"name":"wp","href":"https:\/\/api.w.org\/{rel}","templated":true}]}}