{"id":539984,"date":"2026-01-06T11:02:15","date_gmt":"2026-01-06T15:02:15","guid":{"rendered":"https:\/\/diarioelpopular.com\/?p=539984"},"modified":"2026-01-06T11:02:15","modified_gmt":"2026-01-06T15:02:15","slug":"con-sus-influlas-de-grandeza-trump-afirma-yo-estoy-al-mando-en-venezuela","status":"publish","type":"post","link":"https:\/\/diarioelpopular.com\/index.php\/2026\/01\/06\/con-sus-influlas-de-grandeza-trump-afirma-yo-estoy-al-mando-en-venezuela\/","title":{"rendered":"Con sus \u00ednflulas  de grandeza, Trump afirma: \u201cYo estoy al mando en Venezuela\u201d"},"content":{"rendered":"<div id=\"attachment_539985\" style=\"width: 646px\" class=\"wp-caption alignnone\"><img loading=\"lazy\" decoding=\"async\" aria-describedby=\"caption-attachment-539985\" class=\"wp-image-539985 size-custom-full-size\" src=\"https:\/\/diarioelpopular.com\/wp-content\/uploads\/2026\/01\/Screen-Shot-2026-01-06-at-10.00.51-AM-636x433.png\" alt=\"\" width=\"636\" height=\"433\" srcset=\"https:\/\/diarioelpopular.com\/wp-content\/uploads\/2026\/01\/Screen-Shot-2026-01-06-at-10.00.51-AM-636x433.png 636w, https:\/\/diarioelpopular.com\/wp-content\/uploads\/2026\/01\/Screen-Shot-2026-01-06-at-10.00.51-AM-300x204.png 300w, https:\/\/diarioelpopular.com\/wp-content\/uploads\/2026\/01\/Screen-Shot-2026-01-06-at-10.00.51-AM-768x523.png 768w, https:\/\/diarioelpopular.com\/wp-content\/uploads\/2026\/01\/Screen-Shot-2026-01-06-at-10.00.51-AM-1200x817.png 1200w, https:\/\/diarioelpopular.com\/wp-content\/uploads\/2026\/01\/Screen-Shot-2026-01-06-at-10.00.51-AM-80x55.png 80w, https:\/\/diarioelpopular.com\/wp-content\/uploads\/2026\/01\/Screen-Shot-2026-01-06-at-10.00.51-AM-107x73.png 107w, https:\/\/diarioelpopular.com\/wp-content\/uploads\/2026\/01\/Screen-Shot-2026-01-06-at-10.00.51-AM.png 1024w\" sizes=\"auto, (max-width: 636px) 100vw, 636px\" \/><p id=\"caption-attachment-539985\" class=\"wp-caption-text\">Donald Trump en Florida, el 3 de enero de 2026. Foto Alex Brandon (AP)<\/p><\/div>\n<p>&nbsp;<\/p>\n<p>&nbsp;<\/p>\n<ul>\n<li><em><strong>El convicto y racista confirma que no habr\u00e1 elecciones en Venezuela a corto plazo, en una entrevista para NBC<\/strong><\/em><\/li>\n<\/ul>\n<p>&nbsp;<\/p>\n<p class=\"\">Donald Trump ha confirmado lo que hasta ahora era una fuerte sospecha: no habr\u00e1 elecciones en Venezuela a corto plazo. En cambio, <a title=\"https:\/\/elpais.com\/america\/2026-01-05\/la-operacion-contra-maduro-envalentona-a-trump-para-amenazar-a-otros-paises.html\" href=\"https:\/\/elpais.com\/america\/2026-01-05\/la-operacion-contra-maduro-envalentona-a-trump-para-amenazar-a-otros-paises.html\" target=\"_self\" rel=\"\" data-link-track-dtm=\"\" data-mrf-link=\"https:\/\/elpais.com\/america\/2026-01-05\/la-operacion-contra-maduro-envalentona-a-trump-para-amenazar-a-otros-paises.html\">su Administraci\u00f3n tutelar\u00e1 al pa\u00eds sudamericano<\/a> mientras reconstruye el sector petrolero, una tarea para la que calcula que se tardar\u00e1 18 meses. Durante ese tiempo, un grupo de sus asesores de seguridad nacional coordinar\u00e1 la gesti\u00f3n venezolana. Pero deja claro qui\u00e9n ser\u00e1 el responsable absoluto: \u00e9l y solamente \u00e9l.<\/p>\n<p class=\"\">En una entrevista concedida a la cadena de televisi\u00f3n NBC, dos d\u00edas despu\u00e9s de la ilegal operaci\u00f3n Resoluci\u00f3n Absoluta que captur\u00f3 al presidente Nicol\u00e1s Maduro y su esposa, Cilia Flores, en una base militar de Caracas, y en la misma jornada en la que el chavista <a title=\"https:\/\/elpais.com\/internacional\/2026-01-05\/maduro-se-declara-inocente-ante-el-tribunal-federal-de-nueva-york-todavia-soy-el-presidente-de-venezuela.html\" href=\"https:\/\/elpais.com\/internacional\/2026-01-05\/maduro-se-declara-inocente-ante-el-tribunal-federal-de-nueva-york-todavia-soy-el-presidente-de-venezuela.html\" target=\"_self\" rel=\"\" data-link-track-dtm=\"\" data-mrf-link=\"https:\/\/elpais.com\/internacional\/2026-01-05\/maduro-se-declara-inocente-ante-el-tribunal-federal-de-nueva-york-todavia-soy-el-presidente-de-venezuela.html\">comparec\u00eda ante un tribunal federal en Nueva York<\/a>\u00a0para responder de cuatro cargos de narcotr\u00e1fico y armamento, Trump ha ampliado detalles sobre c\u00f3mo piensa\u00a0<a title=\"https:\/\/elpais.com\/america\/2026-01-04\/venezuela-adelanta-el-nuevo-orden-que-trump-quiere-imponer-en-el-mundo.html\" href=\"https:\/\/elpais.com\/america\/2026-01-04\/venezuela-adelanta-el-nuevo-orden-que-trump-quiere-imponer-en-el-mundo.html\" target=\"_self\" rel=\"\" data-link-track-dtm=\"\" data-mrf-link=\"https:\/\/elpais.com\/america\/2026-01-04\/venezuela-adelanta-el-nuevo-orden-que-trump-quiere-imponer-en-el-mundo.html\">hacerse cargo de esa gesti\u00f3n estadounidense<\/a> de Venezuela que anunci\u00f3 el s\u00e1bado para sorpresa del mundo.<\/p>\n<p class=\"\">De momento, y una vez que Washington ha aceptado tratar con l<a title=\"https:\/\/elpais.com\/america\/2026-01-05\/delcy-rodriguez-jura-como-presidenta-de-venezuela-en-imagenes.html\" href=\"https:\/\/elpais.com\/america\/2026-01-05\/delcy-rodriguez-jura-como-presidenta-de-venezuela-en-imagenes.html\" target=\"_self\" rel=\"\" data-link-track-dtm=\"\" data-mrf-link=\"https:\/\/elpais.com\/america\/2026-01-05\/delcy-rodriguez-jura-como-presidenta-de-venezuela-en-imagenes.html\">a nueva responsable del pa\u00eds<\/a>, la presidente en funciones Delcy Rodr\u00edguez, est\u00e1n descartadas por completo elecciones en un futuro pr\u00f3ximo. \u201cTenemos que arreglar el pa\u00eds primero. No se pueden celebrar elecciones. Ni siquiera hay manera de que la gente pueda votar\u201d, ha indicado el republicano. \u201cVa a llevar un cierto plazo de tiempo. Tenemos que devolver la salud al pa\u00eds\u201d.<\/p>\n<p class=\"\">Al igual que ha descartado una posible cita electoral en un futuro inmediato, Trump tambi\u00e9n ha rechazado tras la captura de Maduro imponer un nuevo gobierno a cargo del movimiento opositor que lidera\u00a0<a title=\"https:\/\/elpais.com\/america\/2026-01-05\/maria-corina-agradece-a-trump-la-detencion-de-maduro-tras-el-desaire-a-su-liderazgo.html\" href=\"https:\/\/elpais.com\/america\/2026-01-05\/maria-corina-agradece-a-trump-la-detencion-de-maduro-tras-el-desaire-a-su-liderazgo.html\" target=\"_self\" rel=\"\" data-link-track-dtm=\"\" data-mrf-link=\"https:\/\/elpais.com\/america\/2026-01-05\/maria-corina-agradece-a-trump-la-detencion-de-maduro-tras-el-desaire-a-su-liderazgo.html\">Mar\u00eda Corina Machado<\/a>, la premio Nobel de la Paz de 2025.<\/p>\n<p class=\"\">Un reportaje del peri\u00f3dico\u00a0<i>The Washington Post<\/i> aseguraba que el presidente no ha querido ponerla al frente de Venezuela \u2014pese a que Estados Unidos considera que el movimiento gan\u00f3 las elecciones de junio de 2024\u2014 porque Machado le arrebat\u00f3 el galard\u00f3n que el republicano ard\u00eda en deseos de recibir. En sus declaraciones para NBC, Trump ha negado esa hip\u00f3tesis: \u201cElla no deber\u00eda haberlo ganado\u201d, opinaba, pero \u201ceso no tuvo nada que ver con mi decisi\u00f3n\u201d.<\/p>\n<p>&nbsp;<\/p>\n<figure class=\"a_m a_m-v \">\n<p><div style=\"width: 424px\" class=\"wp-caption alignnone\"><img loading=\"lazy\" decoding=\"async\" class=\"_re lazyload a_m-v\" src=\"https:\/\/imagenes.elpais.com\/resizer\/v2\/OYXJYDOAPRGBVMWRORV4ZMOM7I.jpg?auth=7073aaeb913c636c6c192fa49b564d07deeb281cd2cc13f334be798273f96024&amp;width=414\" sizes=\"auto, (min-width:1199px) 1155px,(min-width:1001px) calc(100vw - 44px),(min-width:768px) 767px, 100vw\" srcset=\"https:\/\/imagenes.elpais.com\/resizer\/v2\/OYXJYDOAPRGBVMWRORV4ZMOM7I.jpg?auth=7073aaeb913c636c6c192fa49b564d07deeb281cd2cc13f334be798273f96024&amp;width=414 414w,https:\/\/imagenes.elpais.com\/resizer\/v2\/OYXJYDOAPRGBVMWRORV4ZMOM7I.jpg?auth=7073aaeb913c636c6c192fa49b564d07deeb281cd2cc13f334be798273f96024&amp;width=828 640w,https:\/\/imagenes.elpais.com\/resizer\/v2\/OYXJYDOAPRGBVMWRORV4ZMOM7I.jpg?auth=7073aaeb913c636c6c192fa49b564d07deeb281cd2cc13f334be798273f96024&amp;width=980 1000w,https:\/\/imagenes.elpais.com\/resizer\/v2\/OYXJYDOAPRGBVMWRORV4ZMOM7I.jpg?auth=7073aaeb913c636c6c192fa49b564d07deeb281cd2cc13f334be798273f96024&amp;width=1960 1960w\" alt=\"\" width=\"414\" height=\"415\" \/><p class=\"wp-caption-text\">Donald Trump y Marco Rubio durante la operaci\u00f3n para detener a Nicol\u00e1s Maduro. Foto Molly Riley (AP)<\/p><\/div><figcaption class=\"a_m_p\" aria-hidden=\"true\"><\/figcaption><\/figure>\n<p>&nbsp;<\/p>\n<p class=\"\">Algunos medios estadounidenses han publicado que Trump qued\u00f3 gravemente decepcionado con la oposici\u00f3n venezolana despu\u00e9s de que en 2019, y pese al respaldo de la Administraci\u00f3n estadounidense que \u00e9l encabezaba entonces, el movimiento no consiguiera expulsar del poder a Maduro.<\/p>\n<p class=\"\">La prioridad que Trump ha establecido en todas sus declaraciones desde el s\u00e1bado es la restauraci\u00f3n del sector petrolero, el motor econ\u00f3mico del pa\u00eds que guarda en su subsuelo reservas de 300.000 millones de barriles y el gran inter\u00e9s de Estados Unidos en el pa\u00eds. El republicano calcula que har\u00e1n falta 18 meses o menos para conseguirlo. Tambi\u00e9n apunta que se necesitar\u00e1 una inversi\u00f3n enorme, de miles de millones de d\u00f3lares. Aunque las grandes empresas petroleras estadounidenses, amigas suyas, se har\u00e1n cargo de ese desembolso, el Gobierno en Washington tambi\u00e9n podr\u00eda subsidiarlo.<\/p>\n<p class=\"\">\u201cQuiz\u00e1 podamos completarlo en menos tiempo, pero va a costar un mont\u00f3n de dinero\u201d, declaraba. \u201cVa a haber que gastar una cantidad enorme de dinero, que van a poner las petroleras, pero lo recuperar\u00e1n mediante los ingresos o lo ver\u00e1n devuelto por nosotros\u201d, ha apuntado. Mientras tanto, millones de personas se est\u00e1n viendo en problemas para pagar sus seguros m\u00e9dicos que se han ido por las nubes.<\/p>\n<p class=\"\">Un grupo de cuatro altos cargos de su mayor confianza ayudar\u00e1 a supervisar esa gesti\u00f3n estadounidense en Venezuela: el secretario de Estado, Marco Rubio, el ide\u00f3logo de la pol\u00edtica de m\u00e1xima presi\u00f3n y derrocamiento de Maduro; el jefe del Pent\u00e1gono, Pete Hegseth; su jefe adjunto de Gabinete y consejero para pol\u00edtica interior, Stephen Miller, y el vicepresidente J.D. Vance. \u201cEs un grupo de todos ellos. Cada uno tiene una especialidad, diferentes especialidades\u201d, ha apuntado. Aunque tambi\u00e9n ha precisado que no debe quedar duda de qui\u00e9n ser\u00e1 el m\u00e1ximo responsable de la tutela: \u201cyo\u201d, ha se\u00f1alado.<\/p>\n<p class=\"\">Rodr\u00edguez, que el lunes juraba el cargo para ponerse al frente de Venezuela, ha estado cooperando hasta ahora con Washington, seg\u00fan Trump. Pero sostiene que no hubo contactos previos con ella antes de la ca\u00edda de Maduro, algo que contradice radicalmente informaciones publicadas en medios estadounidenses. \u201cNo es as\u00ed\u201d, ha insistido. El republicano tambi\u00e9n ha precisado que pr\u00f3ximamente su Administraci\u00f3n decidir\u00e1 si levanta las sanciones que pesan sobre la que hasta este lunes ha sido la vicepresidente del r\u00e9gimen chavista.<\/p>\n<p class=\"\">No ha querido precisar si \u00e9l ha hablado directamente con Rodr\u00edguez en alg\u00fan momento, y se ha limitado a confirmar que quien s\u00ed ha estado en contacto con ella ha sido Rubio, su hombre de referencia en pol\u00edtica exterior y que, hijo de exiliados cubanos, tiene un inter\u00e9s personal en la regi\u00f3n. \u201cSu relaci\u00f3n ha sido muy intensa\u201d, ha explicado. El jefe de la diplomacia estadounidense \u201cle habla a ella en espa\u00f1ol fluido\u201d.<\/p>\n<p>&nbsp;<\/p>\n<figure class=\"a_m a_m-h \">\n<p><div style=\"width: 424px\" class=\"wp-caption alignnone\"><img loading=\"lazy\" decoding=\"async\" class=\"_re lazyload a_m-h\" src=\"https:\/\/imagenes.elpais.com\/resizer\/v2\/VDWGJI3TSZMANEXDXX6LNI27MY.jpg?auth=2138e28bb3489dfd6e9bc1110d24289a1e4bc0af03af13c09251b87d56ad8a70&amp;width=414\" sizes=\"auto, (min-width:1199px) 1155px,(min-width:1001px) calc(100vw - 44px),(min-width:768px) 767px, 100vw\" srcset=\"https:\/\/imagenes.elpais.com\/resizer\/v2\/VDWGJI3TSZMANEXDXX6LNI27MY.jpg?auth=2138e28bb3489dfd6e9bc1110d24289a1e4bc0af03af13c09251b87d56ad8a70&amp;width=414 414w,https:\/\/imagenes.elpais.com\/resizer\/v2\/VDWGJI3TSZMANEXDXX6LNI27MY.jpg?auth=2138e28bb3489dfd6e9bc1110d24289a1e4bc0af03af13c09251b87d56ad8a70&amp;width=828 640w,https:\/\/imagenes.elpais.com\/resizer\/v2\/VDWGJI3TSZMANEXDXX6LNI27MY.jpg?auth=2138e28bb3489dfd6e9bc1110d24289a1e4bc0af03af13c09251b87d56ad8a70&amp;width=980 1000w,https:\/\/imagenes.elpais.com\/resizer\/v2\/VDWGJI3TSZMANEXDXX6LNI27MY.jpg?auth=2138e28bb3489dfd6e9bc1110d24289a1e4bc0af03af13c09251b87d56ad8a70&amp;width=1960 1960w\" alt=\"\" width=\"414\" height=\"276\" \/><p class=\"wp-caption-text\">Congresistas y senadores durante una conferencia de prensa, en Washington. Foto WILL OLIVER (EFE)<\/p><\/div><figcaption class=\"a_m_p\" aria-hidden=\"true\"><\/figcaption><\/figure>\n<p>&nbsp;<\/p>\n<p class=\"\">Preguntado si hubo alg\u00fan acuerdo con otros miembros del r\u00e9gimen para destituir a Maduro, Trump ha replicado: \u201cs\u00ed, bueno, porque mucha gente quer\u00eda hacer un trato, pero decidimos hacerlo de este modo\u201d. Y ha asegurado que la operaci\u00f3n se desarroll\u00f3 sin ayuda del c\u00edrculo de personas m\u00e1s cercanas al l\u00edder chavista.<\/p>\n<p class=\"\">El inquilino de la Casa Blanca, que este fin de semana ha advertido a Rodr\u00edguez en diversas declaraciones p\u00fablicas con represalias \u201cpeores que las de Maduro\u201d si no ejecuta las directrices estadounidenses, ha vuelto a apuntar que, de darse esa situaci\u00f3n, Estados Unidos podr\u00eda lanzar una nueva incursi\u00f3n militar en Venezuela, aunque de momento piensa que no va a ser necesario.<\/p>\n<p class=\"\">En un primer momento, ha comentado, \u00e9l y su equipo pensaron que ser\u00eda necesaria una segunda oleada de ataques. \u201cEst\u00e1bamos dispuestos a hacerlo\u201d, ha dicho, \u201cde hecho, pens\u00e1bamos que \u00edbamos a hacerlo\u201d.<\/p>\n<p class=\"\">Pero Trump niega que Estados Unidos est\u00e9 en guerra con Venezuela: \u201cestamos en guerra con la gente que vende drogas. Estamos en guerra con la gente que vac\u00eda sus prisiones (lo cual es falso), en nuestro pa\u00eds y que manda sus drogadictos y sus pacientes de instituciones mentales a nuestro pa\u00eds\u201d.(Otra falsedad).<\/p>\n<p class=\"\">Tambi\u00e9n insiste en que, pese a que \u00e9l bas\u00f3 su campa\u00f1a electoral en parte en la promesa de evitar que Estados Unidos se implicara en guerras en el extranjero, y pese a cr\u00edticas aisladas -las de su antigua aliada en la C\u00e1mara de Representantes Marjorie Taylor-Greene, por ejemplo, que denuncia que los votantes ultraconservadores le votaron para que pusiera fin a guerras, no para que iniciara conflictos- sus simpatizantes le apoyan sin fisuras.<\/p>\n<p class=\"\">\u201cA MAGA (su movimiento Make America Great Again, Hacer a Estados Unidos Grande de Nuevo) le encanta. A MAGA le encanta lo que hago. A MAGA le encanta todo lo que yo hago\u201d, declara. Y, como un moderno Luis XIV de Francia, proclama: \u201cMAGA soy yo\u201d. \u201cMAGA ama todo lo que yo hago, y yo tambi\u00e9n amo todo lo que hago\u201d.<\/p>\n<p class=\"\">Sus cr\u00edticos, tanto entre los republicanos como entre los dem\u00f3cratas, han apuntado que el presidente no solicit\u00f3 la autorizaci\u00f3n del Congreso estadounidense, como es preceptivo para actos de guerra, antes de dar luz verde a la operaci\u00f3n en Venezuela. Su Administraci\u00f3n alega que no era necesaria porque no se trata -en su opini\u00f3n- de una acci\u00f3n militar, sino de una operaci\u00f3n policial para detener a un narcotraficante: Washington considera que Maduro no es el presidente leg\u00edtimo de Venezuela y le acusa de ser el cabecilla del Cartel de los Soles.<\/p>\n<p class=\"\">La explicaci\u00f3n de Trump es distinta. \u201cTenemos un buen apoyo en el Congreso\u201d, ha declarado, \u201cy el Congreso sab\u00eda todo el tiempo lo que est\u00e1bamos haciendo, pero tenemos un buen apoyo del Congreso. \u00bfPor qu\u00e9 no ir\u00edan a apoyarnos?\u201d Preguntado qu\u00e9 es lo que el Congreso sab\u00eda, y si los legisladores recibieron notificaci\u00f3n por adelantado de los planes, el mandatario rechaz\u00f3 responder. \u201cNo quiero entrar en eso\u201d, ha apuntado, \u201cpero la gente lo sab\u00eda\u201d.<\/p>\n<p>&nbsp;<\/p>\n","protected":false},"excerpt":{"rendered":"<p>&nbsp; &nbsp; El convicto y racista confirma que no habr\u00e1 elecciones en Venezuela a corto plazo, en una entrevista para NBC &nbsp; Donald Trump ha&hellip;<\/p>\n","protected":false},"author":99,"featured_media":539985,"comment_status":"open","ping_status":"open","sticky":false,"template":"","format":"standard","meta":{"footnotes":""},"categories":[24],"tags":[],"class_list":["post-539984","post","type-post","status-publish","format-standard","has-post-thumbnail","hentry","category-mundo"],"_links":{"self":[{"href":"https:\/\/diarioelpopular.com\/index.php\/wp-json\/wp\/v2\/posts\/539984","targetHints":{"allow":["GET"]}}],"collection":[{"href":"https:\/\/diarioelpopular.com\/index.php\/wp-json\/wp\/v2\/posts"}],"about":[{"href":"https:\/\/diarioelpopular.com\/index.php\/wp-json\/wp\/v2\/types\/post"}],"author":[{"embeddable":true,"href":"https:\/\/diarioelpopular.com\/index.php\/wp-json\/wp\/v2\/users\/99"}],"replies":[{"embeddable":true,"href":"https:\/\/diarioelpopular.com\/index.php\/wp-json\/wp\/v2\/comments?post=539984"}],"version-history":[{"count":1,"href":"https:\/\/diarioelpopular.com\/index.php\/wp-json\/wp\/v2\/posts\/539984\/revisions"}],"predecessor-version":[{"id":539986,"href":"https:\/\/diarioelpopular.com\/index.php\/wp-json\/wp\/v2\/posts\/539984\/revisions\/539986"}],"wp:featuredmedia":[{"embeddable":true,"href":"https:\/\/diarioelpopular.com\/index.php\/wp-json\/wp\/v2\/media\/539985"}],"wp:attachment":[{"href":"https:\/\/diarioelpopular.com\/index.php\/wp-json\/wp\/v2\/media?parent=539984"}],"wp:term":[{"taxonomy":"category","embeddable":true,"href":"https:\/\/diarioelpopular.com\/index.php\/wp-json\/wp\/v2\/categories?post=539984"},{"taxonomy":"post_tag","embeddable":true,"href":"https:\/\/diarioelpopular.com\/index.php\/wp-json\/wp\/v2\/tags?post=539984"}],"curies":[{"name":"wp","href":"https:\/\/api.w.org\/{rel}","templated":true}]}}