{"id":539988,"date":"2026-01-06T11:11:18","date_gmt":"2026-01-06T15:11:18","guid":{"rendered":"https:\/\/diarioelpopular.com\/?p=539988"},"modified":"2026-01-06T11:11:18","modified_gmt":"2026-01-06T15:11:18","slug":"el-asesor-de-trump-stephen-miller-justifica-que-ee-uu-se-haga-con-groenlandia-somos-una-superpotencia","status":"publish","type":"post","link":"https:\/\/diarioelpopular.com\/index.php\/2026\/01\/06\/el-asesor-de-trump-stephen-miller-justifica-que-ee-uu-se-haga-con-groenlandia-somos-una-superpotencia\/","title":{"rendered":"El asesor de Trump Stephen Miller justifica que EE UU se haga con Groenlandia: \u201cSomos una superpotencia\u201d"},"content":{"rendered":"<div id=\"attachment_539989\" style=\"width: 646px\" class=\"wp-caption alignnone\"><img loading=\"lazy\" decoding=\"async\" aria-describedby=\"caption-attachment-539989\" class=\"wp-image-539989 size-custom-full-size\" src=\"https:\/\/diarioelpopular.com\/wp-content\/uploads\/2026\/01\/Screen-Shot-2026-01-06-at-10.10.34-AM-636x484.png\" alt=\"\" width=\"636\" height=\"484\" srcset=\"https:\/\/diarioelpopular.com\/wp-content\/uploads\/2026\/01\/Screen-Shot-2026-01-06-at-10.10.34-AM-636x484.png 636w, https:\/\/diarioelpopular.com\/wp-content\/uploads\/2026\/01\/Screen-Shot-2026-01-06-at-10.10.34-AM-300x228.png 300w, https:\/\/diarioelpopular.com\/wp-content\/uploads\/2026\/01\/Screen-Shot-2026-01-06-at-10.10.34-AM-768x584.png 768w, https:\/\/diarioelpopular.com\/wp-content\/uploads\/2026\/01\/Screen-Shot-2026-01-06-at-10.10.34-AM-1200x913.png 1200w, https:\/\/diarioelpopular.com\/wp-content\/uploads\/2026\/01\/Screen-Shot-2026-01-06-at-10.10.34-AM-96x73.png 96w, https:\/\/diarioelpopular.com\/wp-content\/uploads\/2026\/01\/Screen-Shot-2026-01-06-at-10.10.34-AM.png 1024w\" sizes=\"auto, (max-width: 636px) 100vw, 636px\" \/><p id=\"caption-attachment-539989\" class=\"wp-caption-text\">Stephen Miller hablaba con periodistas sobre Venezuela en la Casa Blanca, en Washington, el pasado lunes. Kevin Lamarque (REUTERS)<\/p><\/div>\n<p>&nbsp;<\/p>\n<ul>\n<li><em><strong>El presidente republicano volvi\u00f3 a amenazar con tomar el control de la isla perteneciente a Dinamarca<\/strong><\/em><\/li>\n<\/ul>\n<p>&nbsp;<\/p>\n<p class=\"\">El\u00a0<a title=\"https:\/\/elpais.com\/internacional\/2026-01-03\/reconstruccion-del-ataque-asi-fue-la-mision-de-estados-unidos-en-venezuela-para-capturar-a-nicolas-maduro.html\" href=\"https:\/\/elpais.com\/internacional\/2026-01-03\/reconstruccion-del-ataque-asi-fue-la-mision-de-estados-unidos-en-venezuela-para-capturar-a-nicolas-maduro.html\" target=\"_self\" rel=\"\" data-link-track-dtm=\"\" data-mrf-link=\"https:\/\/elpais.com\/internacional\/2026-01-03\/reconstruccion-del-ataque-asi-fue-la-mision-de-estados-unidos-en-venezuela-para-capturar-a-nicolas-maduro.html\">ataque de Venezuela y el secuestro de Nicol\u00e1s Maduro<\/a>\u00a0son solo el inicio de los planes de la Administraci\u00f3n Trump. En una entrevista a la cadena estadounidense CNN, este lunes, Stephen Miller, uno de los asesores de m\u00e1s larga trayectoria del republicano, ha respaldado las intenciones del presidente de\u00a0<a title=\"https:\/\/elpais.com\/internacional\/2025-01-12\/groenlandia-la-isla-helada-que-quiere-trump.html\" href=\"https:\/\/elpais.com\/internacional\/2025-01-12\/groenlandia-la-isla-helada-que-quiere-trump.html\" target=\"_self\" rel=\"\" data-link-track-dtm=\"\" data-mrf-link=\"https:\/\/elpais.com\/internacional\/2025-01-12\/groenlandia-la-isla-helada-que-quiere-trump.html\">EE UU para hacerse con Groenlandia<\/a>, incluso si debe recurrir al uso de la fuerza. \u201cSomos una superpotencia. Y con el presidente Trump, nos comportaremos como tal\u201d, subray\u00f3. Este fin de semana, el republicano ya reiter\u00f3 su inter\u00e9s en la isla, perteneciente a Dinamarca.<\/p>\n<p class=\"\">\u201cVivimos en un mundo donde se puede hablar todo lo que se quiera sobre sutilezas internacionales y todo lo dem\u00e1s, pero vivimos en un mundo, en el mundo real&#8230; que se rige por la fuerza, que se rige por la fuerza, que se rige por el poder\u201d, advirti\u00f3 el\u00a0<a title=\"https:\/\/elpais.com\/ideas\/2025-04-29\/stephen-miller-el-general-de-la-guerra-de-trump-contra-los-migrantes.html\" href=\"https:\/\/elpais.com\/ideas\/2025-04-29\/stephen-miller-el-general-de-la-guerra-de-trump-contra-los-migrantes.html\" target=\"_self\" rel=\"\" data-link-track-dtm=\"\" data-mrf-link=\"https:\/\/elpais.com\/ideas\/2025-04-29\/stephen-miller-el-general-de-la-guerra-de-trump-contra-los-migrantes.html\">jefe adjunto de gabinete de la Casa Blanca<\/a> al presentador de CNN Jake Tapper. \u201cEstas son las leyes de hierro del mundo\u201d, a\u00f1adi\u00f3.<\/p>\n<p class=\"\">Los comentarios de Miller, uno de los asesores m\u00e1s entusiastas de la pol\u00edtica expansionista de Trump, llegan en un momento de gran incertidumbre respecto al\u00a0<a title=\"https:\/\/elpais.com\/opinion\/2026-01-06\/politicas-de-nuevo-orden.html\" href=\"https:\/\/elpais.com\/opinion\/2026-01-06\/politicas-de-nuevo-orden.html\" target=\"_self\" rel=\"\" data-link-track-dtm=\"\" data-mrf-link=\"https:\/\/elpais.com\/opinion\/2026-01-06\/politicas-de-nuevo-orden.html\">papel que busca ejercer el gigante norteamericano<\/a>\u00a0en el hemisferio occidental y en el nuevo orden del mundo. El republicano, a su vez, ya dej\u00f3 claro que iba a\u00a0<a title=\"https:\/\/elpais.com\/america\/2026-01-06\/trump-yo-estoy-al-mando-en-venezuela.html\" href=\"https:\/\/elpais.com\/america\/2026-01-06\/trump-yo-estoy-al-mando-en-venezuela.html\" target=\"_self\" rel=\"\" data-link-track-dtm=\"\" data-mrf-link=\"https:\/\/elpais.com\/america\/2026-01-06\/trump-yo-estoy-al-mando-en-venezuela.html\">gobernar Venezuela<\/a>\u00a0\u201chasta que haya una transici\u00f3n fiable\u201d.<\/p>\n<p>&nbsp;<\/p>\n<figure class=\"a_m a_m-h \">\n<p><div style=\"width: 424px\" class=\"wp-caption alignnone\"><img loading=\"lazy\" decoding=\"async\" class=\"_re lazyload a_m-h\" src=\"https:\/\/imagenes.elpais.com\/resizer\/v2\/YYUBPCTC6JJZ7APHUDDSEO7NNM.jpg?auth=ad54a1e9202adcbe2279bbc99aa9022c9ba99c7bf6e4e7b398eb871cd56c4b93&amp;width=414\" sizes=\"auto, (min-width:1199px) 1155px,(min-width:1001px) calc(100vw - 44px),(min-width:768px) 767px, 100vw\" srcset=\"https:\/\/imagenes.elpais.com\/resizer\/v2\/YYUBPCTC6JJZ7APHUDDSEO7NNM.jpg?auth=ad54a1e9202adcbe2279bbc99aa9022c9ba99c7bf6e4e7b398eb871cd56c4b93&amp;width=414 414w,https:\/\/imagenes.elpais.com\/resizer\/v2\/YYUBPCTC6JJZ7APHUDDSEO7NNM.jpg?auth=ad54a1e9202adcbe2279bbc99aa9022c9ba99c7bf6e4e7b398eb871cd56c4b93&amp;width=828 640w,https:\/\/imagenes.elpais.com\/resizer\/v2\/YYUBPCTC6JJZ7APHUDDSEO7NNM.jpg?auth=ad54a1e9202adcbe2279bbc99aa9022c9ba99c7bf6e4e7b398eb871cd56c4b93&amp;width=980 1000w,https:\/\/imagenes.elpais.com\/resizer\/v2\/YYUBPCTC6JJZ7APHUDDSEO7NNM.jpg?auth=ad54a1e9202adcbe2279bbc99aa9022c9ba99c7bf6e4e7b398eb871cd56c4b93&amp;width=1960 1960w\" alt=\"Groenlandia\" width=\"414\" height=\"276\" \/><p class=\"wp-caption-text\">Nuuk, Groenlandia, el 20 de marzo de 2020. Foto archivo CONTACTO v\u00eda Europa Press (CONTACTO v\u00eda Europa Press)<\/p><\/div><figcaption class=\"a_m_p\" aria-hidden=\"true\"><\/figcaption><\/figure>\n<p>&nbsp;<\/p>\n<p class=\"\">Este domingo,\u00a0<a title=\"https:\/\/elpais.com\/internacional\/2026-01-04\/el-ataque-de-trump-en-venezuela-dispara-los-temores-sobre-una-futura-incursion-en-groenlandia.html\" href=\"https:\/\/elpais.com\/internacional\/2026-01-04\/el-ataque-de-trump-en-venezuela-dispara-los-temores-sobre-una-futura-incursion-en-groenlandia.html\" target=\"_self\" rel=\"\" data-link-track-dtm=\"\" data-mrf-link=\"https:\/\/elpais.com\/internacional\/2026-01-04\/el-ataque-de-trump-en-venezuela-dispara-los-temores-sobre-una-futura-incursion-en-groenlandia.html\">Trump adelant\u00f3 nuevas advertencias<\/a>. Entre las naciones que se ven amenazadas est\u00e1 Colombia, cuyo l\u00edder, Gustavo Petro, ha sido entre los primeros en\u00a0<a title=\"https:\/\/elpais.com\/america-colombia\/2026-01-03\/gustavo-petro-rechaza-la-agresion-a-la-soberania-de-venezuela-y-ordena-desplegar-a-los-militares-en-la-frontera.html\" href=\"https:\/\/elpais.com\/america-colombia\/2026-01-03\/gustavo-petro-rechaza-la-agresion-a-la-soberania-de-venezuela-y-ordena-desplegar-a-los-militares-en-la-frontera.html\" target=\"_self\" rel=\"\" data-link-track-dtm=\"\" data-mrf-link=\"https:\/\/elpais.com\/america-colombia\/2026-01-03\/gustavo-petro-rechaza-la-agresion-a-la-soberania-de-venezuela-y-ordena-desplegar-a-los-militares-en-la-frontera.html\">condenar el ataque a Venezuela<\/a>; M\u00e9xico, donde el presidente dijo que \u201calgo va a tener que hacerse\u201d; Cuba, que sostiene que \u201cest\u00e1 a punto de caer\u201d; y Groenlandia. La semana pasada, tambi\u00e9n avis\u00f3 de que <a title=\"https:\/\/elpais.com\/internacional\/2026-01-02\/trump-avisa-de-que-esta-preparado-para-atacar-iran-si-sigue-la-represion-de-las-protestas-y-teheran-amenaza-con-caos-en-toda-la-region.html\" href=\"https:\/\/elpais.com\/internacional\/2026-01-02\/trump-avisa-de-que-esta-preparado-para-atacar-iran-si-sigue-la-represion-de-las-protestas-y-teheran-amenaza-con-caos-en-toda-la-region.html\" target=\"_self\" rel=\"\" data-link-track-dtm=\"\" data-mrf-link=\"https:\/\/elpais.com\/internacional\/2026-01-02\/trump-avisa-de-que-esta-preparado-para-atacar-iran-si-sigue-la-represion-de-las-protestas-y-teheran-amenaza-con-caos-en-toda-la-region.html\">intervendr\u00eda en Ir\u00e1n<\/a>\u00a0en caso de que sus gobernantes repriman con sangre las protestas en el pa\u00eds.<\/p>\n<p class=\"\">\u201c<a title=\"https:\/\/elpais.com\/internacional\/2026-01-06\/europa-se-queda-fuera-de-juego-con-venezuela-mientras-crece-la-presion-de-trump-para-tomar-groenlandia.html\" href=\"https:\/\/elpais.com\/internacional\/2026-01-06\/europa-se-queda-fuera-de-juego-con-venezuela-mientras-crece-la-presion-de-trump-para-tomar-groenlandia.html\" target=\"_self\" rel=\"\" data-link-track-dtm=\"\" data-mrf-link=\"https:\/\/elpais.com\/internacional\/2026-01-06\/europa-se-queda-fuera-de-juego-con-venezuela-mientras-crece-la-presion-de-trump-para-tomar-groenlandia.html\">Necesitamos a Groenlandia<\/a>\u00a0desde el punto de vista de la seguridad nacional\u201d, lanz\u00f3 Trump en el\u00a0<i>Air Force One\u00a0<\/i>este lunes, rumbo a Washington. Aunque no est\u00e1 claro si las amenazas de Trump hacia la enorme isla aut\u00f3noma deben tomarse en serio, tanto el Gobierno groenland\u00e9s como el dan\u00e9s han reiterado con firmeza que no permitir\u00e1n que EE. UU. se lleve ese territorio.<\/p>\n<p class=\"\">En un comunicado publicado en la red social Facebook, Jens-Frederik Nielsen,\u00a0<a title=\"https:\/\/elpais.com\/internacional\/2026-01-05\/el-lider-de-groenlandia-a-trump-ya-basta-de-fantasias-sobre-la-anexion.html\" href=\"https:\/\/elpais.com\/internacional\/2026-01-05\/el-lider-de-groenlandia-a-trump-ya-basta-de-fantasias-sobre-la-anexion.html\" target=\"_self\" rel=\"\" data-link-track-dtm=\"\" data-mrf-link=\"https:\/\/elpais.com\/internacional\/2026-01-05\/el-lider-de-groenlandia-a-trump-ya-basta-de-fantasias-sobre-la-anexion.html\">el primer ministro de Groenlandia<\/a>, exigi\u00f3: \u201cBasta de presiones. Basta de insinuaciones. Basta de fantas\u00edas sobre la anexi\u00f3n\u201d. La primera ministra danesa, Mette Frederiksen, subray\u00f3: \u201cDejar\u00e9 claro que si Estados Unidos elige atacar militarmente a otro pa\u00eds de la OTAN, entonces todo se detiene, incluida la OTAN y, por lo tanto, la seguridad que se ha establecido desde el final de la Segunda Guerra Mundial\u201d, en una entrevista con la emisora danesa TV2, en la que tambi\u00e9n reconoci\u00f3 que \u201cuno deber\u00eda tomar en serio al presidente estadounidense cuando dice que quiere a Groenlandia\u201d.<\/p>\n<p class=\"\">Las inquietantes palabras de Miller, sin embargo, hacen temer que el mandatario estadounidense interprete de otra forma que sus aliados el\u00a0<a title=\"https:\/\/elpais.com\/opinion\/2025-12-28\/el-ano-de-la-gran-reversion-de-alianzas.html\" href=\"https:\/\/elpais.com\/opinion\/2025-12-28\/el-ano-de-la-gran-reversion-de-alianzas.html\" target=\"_self\" rel=\"\" data-link-track-dtm=\"\" data-mrf-link=\"https:\/\/elpais.com\/opinion\/2025-12-28\/el-ano-de-la-gran-reversion-de-alianzas.html\">papel de EE UU en la OTAN<\/a>. \u201cEstados Unidos es la potencia de la OTAN. Para que Estados Unidos asegure la regi\u00f3n \u00e1rtica, proteja y defienda los intereses de la OTAN, obviamente, Groenlandia deber\u00eda formar parte de Estados Unidos\u201d, declar\u00f3 el asesor en la entrevista.<\/p>\n<h3 class=\"\">Presencia estadounidense<\/h3>\n<p class=\"\">La gran isla \u00e1rtica es\u00a0<a href=\"https:\/\/elpais.com\/internacional\/2025-01-13\/mapas-por-que-trump-quiere-comprar-groenlandia.html\" target=\"_blank\" rel=\"noopener\">uno de los objetivos de Trump<\/a> desde antes de que regresara por segunda vez a la Casa Blanca, hace ya casi un a\u00f1o. Su ubicaci\u00f3n estrat\u00e9gica, junto a la riqueza del territorio en recursos naturales, como minerales \u2014litio, n\u00edquel, cobalto y cobre\u2014 y tierras raras, la perfilan como una especie de joya en los ojos del republicano.<\/p>\n<p>&nbsp;<\/p>\n<figure class=\"a_m a_m-h \">\n<p><div style=\"width: 424px\" class=\"wp-caption alignnone\"><img loading=\"lazy\" decoding=\"async\" class=\"_re lazyload a_m-h\" src=\"https:\/\/imagenes.elpais.com\/resizer\/v2\/ZD2AGQ3MG5AHFHFXTU7QUJM4NA.jpg?auth=26044090f66382ea8c17d03de9797b8e8c9e9d830532394df70a223ff443789c&amp;width=414\" sizes=\"auto, (min-width:1199px) 1155px,(min-width:1001px) calc(100vw - 44px),(min-width:768px) 767px, 100vw\" srcset=\"https:\/\/imagenes.elpais.com\/resizer\/v2\/ZD2AGQ3MG5AHFHFXTU7QUJM4NA.jpg?auth=26044090f66382ea8c17d03de9797b8e8c9e9d830532394df70a223ff443789c&amp;width=414 414w,https:\/\/imagenes.elpais.com\/resizer\/v2\/ZD2AGQ3MG5AHFHFXTU7QUJM4NA.jpg?auth=26044090f66382ea8c17d03de9797b8e8c9e9d830532394df70a223ff443789c&amp;width=828 640w,https:\/\/imagenes.elpais.com\/resizer\/v2\/ZD2AGQ3MG5AHFHFXTU7QUJM4NA.jpg?auth=26044090f66382ea8c17d03de9797b8e8c9e9d830532394df70a223ff443789c&amp;width=980 1000w,https:\/\/imagenes.elpais.com\/resizer\/v2\/ZD2AGQ3MG5AHFHFXTU7QUJM4NA.jpg?auth=26044090f66382ea8c17d03de9797b8e8c9e9d830532394df70a223ff443789c&amp;width=1960 1960w\" alt=\"\" width=\"414\" height=\"261\" \/><p class=\"wp-caption-text\">El vicepresidente de EE UU, J.D. Vance, en su visita a Groenlandia, el 28 de marzo de 2025. Foto Associated Press\/LaPresse (APN)<\/p><\/div><figcaption class=\"a_m_p\" aria-hidden=\"true\"><\/figcaption><\/figure>\n<p>&nbsp;<\/p>\n<p class=\"\">Washington ya cuenta con presencia en Groenlandia, con una base militar que Estados Unidos mantiene en el noroeste de la isla, la base espacial Pituffik. En marzo del a\u00f1o pasado, el vicepresidente de Trump, J. D. Vance,\u00a0<a title=\"https:\/\/elpais.com\/internacional\/2025-03-28\/j-d-vance-llega-a-groenlandia-para-reiterar-el-interes-de-ee-uu-en-controlar-la-isla-artica.html\" href=\"https:\/\/elpais.com\/internacional\/2025-03-28\/j-d-vance-llega-a-groenlandia-para-reiterar-el-interes-de-ee-uu-en-controlar-la-isla-artica.html\" target=\"_self\" rel=\"\" data-link-track-dtm=\"\" data-mrf-link=\"https:\/\/elpais.com\/internacional\/2025-03-28\/j-d-vance-llega-a-groenlandia-para-reiterar-el-interes-de-ee-uu-en-controlar-la-isla-artica.html\">visit\u00f3 la isla en un pol\u00e9mico viaje<\/a>, acompa\u00f1ado de su esposa, Usha, y del consejero de Seguridad Nacional de la Casa Blanca, Mike Waltz.<\/p>\n","protected":false},"excerpt":{"rendered":"<p>&nbsp; El presidente republicano volvi\u00f3 a amenazar con tomar el control de la isla perteneciente a Dinamarca &nbsp; El\u00a0ataque de Venezuela y el secuestro de&hellip;<\/p>\n","protected":false},"author":99,"featured_media":539989,"comment_status":"open","ping_status":"open","sticky":false,"template":"","format":"standard","meta":{"footnotes":""},"categories":[24],"tags":[],"class_list":["post-539988","post","type-post","status-publish","format-standard","has-post-thumbnail","hentry","category-mundo"],"_links":{"self":[{"href":"https:\/\/diarioelpopular.com\/index.php\/wp-json\/wp\/v2\/posts\/539988","targetHints":{"allow":["GET"]}}],"collection":[{"href":"https:\/\/diarioelpopular.com\/index.php\/wp-json\/wp\/v2\/posts"}],"about":[{"href":"https:\/\/diarioelpopular.com\/index.php\/wp-json\/wp\/v2\/types\/post"}],"author":[{"embeddable":true,"href":"https:\/\/diarioelpopular.com\/index.php\/wp-json\/wp\/v2\/users\/99"}],"replies":[{"embeddable":true,"href":"https:\/\/diarioelpopular.com\/index.php\/wp-json\/wp\/v2\/comments?post=539988"}],"version-history":[{"count":1,"href":"https:\/\/diarioelpopular.com\/index.php\/wp-json\/wp\/v2\/posts\/539988\/revisions"}],"predecessor-version":[{"id":539990,"href":"https:\/\/diarioelpopular.com\/index.php\/wp-json\/wp\/v2\/posts\/539988\/revisions\/539990"}],"wp:featuredmedia":[{"embeddable":true,"href":"https:\/\/diarioelpopular.com\/index.php\/wp-json\/wp\/v2\/media\/539989"}],"wp:attachment":[{"href":"https:\/\/diarioelpopular.com\/index.php\/wp-json\/wp\/v2\/media?parent=539988"}],"wp:term":[{"taxonomy":"category","embeddable":true,"href":"https:\/\/diarioelpopular.com\/index.php\/wp-json\/wp\/v2\/categories?post=539988"},{"taxonomy":"post_tag","embeddable":true,"href":"https:\/\/diarioelpopular.com\/index.php\/wp-json\/wp\/v2\/tags?post=539988"}],"curies":[{"name":"wp","href":"https:\/\/api.w.org\/{rel}","templated":true}]}}