{"id":539992,"date":"2026-01-06T11:32:19","date_gmt":"2026-01-06T15:32:19","guid":{"rendered":"https:\/\/diarioelpopular.com\/?p=539992"},"modified":"2026-01-06T11:32:19","modified_gmt":"2026-01-06T15:32:19","slug":"no-tiene-el-respeto-ni-el-apoyo-en-que-lugar-quedan-maria-corina-machado-y-la-oposicion-de-venezuela-tras-la-captura-de-maduro","status":"publish","type":"post","link":"https:\/\/diarioelpopular.com\/index.php\/2026\/01\/06\/no-tiene-el-respeto-ni-el-apoyo-en-que-lugar-quedan-maria-corina-machado-y-la-oposicion-de-venezuela-tras-la-captura-de-maduro\/","title":{"rendered":"&#8220;No tiene el respeto ni el apoyo&#8221;: en qu\u00e9 lugar quedan Mar\u00eda Corina Machado y la oposici\u00f3n de Venezuela tras la captura de Maduro"},"content":{"rendered":"<div id=\"attachment_539993\" style=\"width: 646px\" class=\"wp-caption alignnone\"><img loading=\"lazy\" decoding=\"async\" aria-describedby=\"caption-attachment-539993\" class=\"wp-image-539993 size-custom-full-size\" src=\"https:\/\/diarioelpopular.com\/wp-content\/uploads\/2026\/01\/Screen-Shot-2026-01-06-at-10.31.06-AM-636x358.png\" alt=\"\" width=\"636\" height=\"358\" srcset=\"https:\/\/diarioelpopular.com\/wp-content\/uploads\/2026\/01\/Screen-Shot-2026-01-06-at-10.31.06-AM-636x358.png 636w, https:\/\/diarioelpopular.com\/wp-content\/uploads\/2026\/01\/Screen-Shot-2026-01-06-at-10.31.06-AM-300x169.png 300w, https:\/\/diarioelpopular.com\/wp-content\/uploads\/2026\/01\/Screen-Shot-2026-01-06-at-10.31.06-AM-768x432.png 768w, https:\/\/diarioelpopular.com\/wp-content\/uploads\/2026\/01\/Screen-Shot-2026-01-06-at-10.31.06-AM-130x73.png 130w, https:\/\/diarioelpopular.com\/wp-content\/uploads\/2026\/01\/Screen-Shot-2026-01-06-at-10.31.06-AM.png 864w\" sizes=\"auto, (max-width: 636px) 100vw, 636px\" \/><p id=\"caption-attachment-539993\" class=\"wp-caption-text\">Mar\u00eda Corina Machado recibi\u00f3 el Premio Nobel de la Paz 2025.<\/p><\/div>\n<p>&nbsp;<\/p>\n<p>&nbsp;<\/p>\n<div class=\"css-1k9op6x e17x9cvu0\" dir=\"ltr\">\n<p class=\"css-s4cjt0 e1yuyadm0\" dir=\"ltr\"><em><b>&#8220;Es una mujer muy agradable. Pero no cuenta con el apoyo ni el respeto del pa\u00eds&#8221;, dijo Trump, ante lo que muchos especulan que es su envidia por no haber recibido el Nobel que le fue otorgado a Mar\u00eda Corina Machado.<\/b><\/em><\/p>\n<\/div>\n<div class=\"css-1k9op6x e17x9cvu0\" dir=\"ltr\">\n<p dir=\"ltr\">\n<p class=\"css-s4cjt0 e1yuyadm0\" dir=\"ltr\">Lo que dijo Donald Trump, el pasado s\u00e1bado, sobre la l\u00edder de la oposici\u00f3n venezolana Mar\u00eda Corina Machado sorprendi\u00f3 y, en muchos c\u00edrculos opositores, no gust\u00f3.<\/p>\n<\/div>\n<div class=\"css-1k9op6x e17x9cvu0\" dir=\"ltr\">\n<p class=\"css-s4cjt0 e1yuyadm0\" dir=\"ltr\">Tras dar detalles sobre la detenci\u00f3n de Nicol\u00e1s Maduro, Trump dijo que Estados Unidos supervisar\u00eda Venezuela.<\/p>\n<\/div>\n<div class=\"css-1k9op6x e17x9cvu0\" dir=\"ltr\">\n<p class=\"css-s4cjt0 e1yuyadm0\" dir=\"ltr\">Apareci\u00f3 la palabra &#8220;transici\u00f3n&#8221;, pero no se habl\u00f3 de elecciones.<\/p>\n<\/div>\n<div class=\"css-1k9op6x e17x9cvu0\" dir=\"ltr\">\n<p class=\"css-s4cjt0 e1yuyadm0\" dir=\"ltr\">Menos a\u00fan del liderazgo opositor, encarnado principalmente en el premio Nobel de la paz y en Edmundo Gonz\u00e1lez Urrutia, a quienes muchos consideran el presidente electo de Venezuela tras los comicios del 28 de julio de 2024.<\/p>\n<\/div>\n<div class=\"css-1k9op6x e17x9cvu0\" dir=\"ltr\">\n<p class=\"css-s4cjt0 e1yuyadm0\" dir=\"ltr\">En esas elecciones, la oposici\u00f3n present\u00f3 el 85% de las actas de votaci\u00f3n que validaban su triunfo y denunci\u00f3 fraude electoral despu\u00e9s de que el Consejo Nacional Electoral proclamara a Nicol\u00e1s Maduro como ganador sin presentar actas oficiales. A d\u00eda de hoy, el ente electoral no ha presentado esos documentos.<\/p>\n<\/div>\n<div class=\"css-1k9op6x e17x9cvu0\" dir=\"ltr\">\n<p class=\"css-s4cjt0 e1yuyadm0\" dir=\"ltr\">Y si con el ataque de Estados Unidos en territorio soberano venezolano se esperaba un cambio de gobierno, tampoco lo ha habido.<\/p>\n<\/div>\n<div class=\"css-1k9op6x e17x9cvu0\" dir=\"ltr\">\n<p class=\"css-s4cjt0 e1yuyadm0\" dir=\"ltr\">Este lunes, la hasta ahora vicepresidente, Delcy Rodr\u00edguez, asumi\u00f3 la presidencia interina, tal y como se recoge en la Constituci\u00f3n del pa\u00eds en caso de ausencia del presidente.<\/p>\n<\/div>\n<div class=\"css-1k9op6x e17x9cvu0\" dir=\"ltr\">\n<p class=\"css-s4cjt0 e1yuyadm0\" dir=\"ltr\">Rodr\u00edguez est\u00e1 considerada como una persona leal a Maduro y dentro de su c\u00edrculo de poder.<\/p>\n<\/div>\n<div class=\"css-1k9op6x e17x9cvu0\" dir=\"ltr\">\n<p class=\"css-s4cjt0 e1yuyadm0\" dir=\"ltr\">&#8220;Es una de las principales art\u00edfices de la tortura, la persecuci\u00f3n, la corrupci\u00f3n y el narcotr\u00e1fico&#8221;, la describi\u00f3 Machado este lunes en una entrevista con la cadena estadounidense Fox News, la primera que ha ofrecido desde la captura de Maduro.<\/p>\n<\/div>\n<div class=\"css-1k9op6x e17x9cvu0\" dir=\"ltr\">\n<p class=\"css-s4cjt0 e1yuyadm0\" dir=\"ltr\">&#8220;Es la principal aliada y enlace con Rusia, China e Ir\u00e1n; ciertamente no es una persona en la que puedan confiar los inversores internacionales y es realmente rechazada por el pueblo venezolano&#8221;, sentenci\u00f3.<\/p>\n<\/div>\n<div class=\"css-1k9op6x e17x9cvu0\" dir=\"ltr\">\n<p class=\"css-s4cjt0 e1yuyadm0\" dir=\"ltr\">Tambi\u00e9n alab\u00f3 a Trump por sus &#8220;valientes acciones&#8221;, record\u00f3 que el Premio Nobel de la Paz que le otorgaron en octubre se lo dedic\u00f3 al presidente estadounidense, y, al ser preguntada por su eventual vuelta a Venezuela, respondi\u00f3: &#8220;Quiero regresar lo antes posible&#8221;.<\/p>\n<\/div>\n<div class=\"css-1k9op6x e17x9cvu0\" dir=\"ltr\">\n<p class=\"css-s4cjt0 e1yuyadm0\" dir=\"ltr\">Machado sostuvo que la oposici\u00f3n que encabeza convertir\u00eda a Venezuela en un centro energ\u00e9tico para las Am\u00e9ricas, que restablecer\u00eda el Estado de derecho para garantizar la seguridad de la inversi\u00f3n extranjera y que facilitar\u00eda el regreso de los venezolanos que, dijo, huyeron del pa\u00eds durante el gobierno de Maduro.<\/p>\n<\/div>\n<div class=\"css-1k9op6x e17x9cvu0\" dir=\"ltr\">\n<p class=\"css-s4cjt0 e1yuyadm0\" dir=\"ltr\">&#8220;La transici\u00f3n debe avanzar&#8221;.<\/p>\n<\/div>\n<div class=\"css-1k9op6x e17x9cvu0\" dir=\"ltr\">\n<p class=\"css-s4cjt0 e1yuyadm0\" dir=\"ltr\">Pero \u00bfen qu\u00e9 situaci\u00f3n quedan Machado y la oposici\u00f3n?<\/p>\n<\/div>\n<div class=\"css-1k9op6x e17x9cvu0\" dir=\"ltr\">\n<h2 id=\"El-verdadero-aliado-de-Machado\" class=\"css-jtxtr9 emoh99e1\" tabindex=\"-1\">El verdadero aliado de Machado<\/h2>\n<\/div>\n<div class=\"css-1k9op6x e17x9cvu0\" dir=\"ltr\">\n<p class=\"css-s4cjt0 e1yuyadm0\" dir=\"ltr\">Antes de las declaraciones de Trump el s\u00e1bado, &#8220;entre los escenarios posibles estaba que Edmundo Gonz\u00e1lez regresara a Venezuela y que Machado fuera su vicepresidente&#8221;, dijo la analista venezolana y profesora de la Universidad de Navarra, en Espa\u00f1a, Carmen Beatriz Fern\u00e1ndez.<\/p>\n<\/div>\n<div class=\"css-1k9op6x e17x9cvu0\" dir=\"ltr\">\n<p class=\"css-s4cjt0 e1yuyadm0\" dir=\"ltr\">De hecho, Machado emiti\u00f3 un comunicado en sus redes: &#8220;Permanezcamos vigilantes, activos y organizados hasta que se concrete la Transici\u00f3n Democr\u00e1tica. Una transici\u00f3n que nos necesita a TODOS&#8221;.<\/p>\n<\/div>\n<div class=\"css-1k9op6x e17x9cvu0\" dir=\"ltr\">\n<p class=\"css-s4cjt0 e1yuyadm0\" dir=\"ltr\">&#8220;Hoy estamos preparados para hacer valer nuestro mandato y tomar el poder&#8221;, a\u00f1adi\u00f3.<\/p>\n<\/div>\n<div class=\"css-1k9op6x e17x9cvu0\" dir=\"ltr\">\n<p class=\"css-s4cjt0 e1yuyadm0\" dir=\"ltr\">Pero, ahora, dice Fern\u00e1ndez, &#8220;ese escenario parece haber disminuido&#8221;.<\/p>\n<\/div>\n<div class=\"css-1k9op6x e17x9cvu0\" dir=\"ltr\">\n<p class=\"css-s4cjt0 e1yuyadm0\" dir=\"ltr\">En los \u00faltimos meses, Machado se aline\u00f3 con el discurso del gobierno de Trump y, cuando recibi\u00f3 el Premio Nobel de la Paz, dijo: &#8220;Hoy m\u00e1s que nunca contamos con el presidente Trump&#8221;.<\/p>\n<\/div>\n<div class=\"css-1k9op6x e17x9cvu0\" dir=\"ltr\">\n<p class=\"css-s4cjt0 e1yuyadm0\" dir=\"ltr\">En ese contexto, Machado dijo estar agradecida con lo que Trump est\u00e1 haciendo &#8220;en todo el mundo por la paz&#8221;.<\/p>\n<p dir=\"ltr\">\n<\/div>\n<figure class=\"css-1qn0xuy\">\n<div class=\"css-1jir9cx\">\n<div style=\"width: 1034px\" class=\"wp-caption alignnone\"><img loading=\"lazy\" decoding=\"async\" class=\"css-1seqhu9\" src=\"https:\/\/ichef.bbci.co.uk\/ace\/ws\/640\/cpsprodpb\/8e91\/live\/600ddd50-ea50-11f0-b5f7-49f0357294ff.jpg.webp\" alt=\"El secretario de Estado de EE. UU., Marco Rubio, habla durante una conferencia de prensa mientras el presidente estadounidense Donald Trump y el secretario de Guerra Pete Hegseth escuchan. Los tres van vestidos con traje y corbata. El fondo es una gran cortina de color azul y una bandera con el escudo de Estados Unidos. \" width=\"1024\" height=\"683\" \/><p class=\"wp-caption-text\">Fuente de la imagen, Joe Raedle\/Getty Images. El secretario de Estado de EE.UU., Marco Rubio, tambi\u00e9n particip\u00f3 en la rueda de prensa del pasado 3 de enero donde se ofrecieron detalles de la captura de Maduro.<\/p><\/div>\n<p class=\"css-by8ykd\" role=\"text\">\n<\/div>\n<\/figure>\n<div class=\"css-1k9op6x e17x9cvu0\" dir=\"ltr\">\n<p dir=\"ltr\">\n<p class=\"css-s4cjt0 e1yuyadm0\" dir=\"ltr\">Sin embargo, el verdadero v\u00ednculo no es entre \u00e9l y Machado.<\/p>\n<\/div>\n<div class=\"css-1k9op6x e17x9cvu0\" dir=\"ltr\">\n<p class=\"css-s4cjt0 e1yuyadm0\" dir=\"ltr\">&#8220;Trump y Machado nunca han sido aliados. Eso es un espejismo. \u00c9l nunca ha reconocido el liderazgo de ella. El aliado all\u00ed, el interlocutor, es Marco Rubio&#8221;, dice Santiago (nombre ficticio), un analista venezolano que pidi\u00f3 no ser identificado.<\/p>\n<\/div>\n<div class=\"css-1k9op6x e17x9cvu0\" dir=\"ltr\">\n<p class=\"css-s4cjt0 e1yuyadm0\" dir=\"ltr\">&#8220;El liderazgo opositor venezolano es consciente de eso, sabe c\u00f3mo tratar con eso&#8221;, a\u00f1ade.<\/p>\n<\/div>\n<div class=\"css-1k9op6x e17x9cvu0\" dir=\"ltr\">\n<p class=\"css-s4cjt0 e1yuyadm0\" dir=\"ltr\">Marco Rubio, como secretario de Estado de EE.UU., es una figura clave en la pol\u00edtica exterior y el gobierno del pa\u00eds norteamericano.<\/p>\n<\/div>\n<div class=\"css-1k9op6x e17x9cvu0\" dir=\"ltr\">\n<p class=\"css-s4cjt0 e1yuyadm0\" dir=\"ltr\">Pero, por ahora, parece que la alianza entre \u00e9l y Machado tampoco se ha materializado.<\/p>\n<\/div>\n<div class=\"css-1k9op6x e17x9cvu0\" dir=\"ltr\">\n<p class=\"css-s4cjt0 e1yuyadm0\" dir=\"ltr\">&#8220;Mar\u00eda Corina Machado es fant\u00e1stica y es alguien a quien conozco desde hace mucho tiempo. Pero estamos lidiando con realidades inmediatas&#8221;, dijo Rubio al ser preguntado durante una entrevista en la cadena CBS por la raz\u00f3n de no trabajar con ella.<\/p>\n<\/div>\n<div class=\"css-1k9op6x e17x9cvu0\" dir=\"ltr\">\n<p class=\"css-s4cjt0 e1yuyadm0\" dir=\"ltr\">&#8220;La realidad inmediata es que, desgraciadamente, la mayor\u00eda de la oposici\u00f3n ya no est\u00e1 presente dentro de Venezuela&#8221;, observ\u00f3.<\/p>\n<p dir=\"ltr\">\n<\/div>\n<figure class=\"css-1qn0xuy\">\n<div class=\"css-1jir9cx\">\n<div style=\"width: 1034px\" class=\"wp-caption alignnone\"><img loading=\"lazy\" decoding=\"async\" class=\"css-1seqhu9\" src=\"https:\/\/ichef.bbci.co.uk\/ace\/ws\/640\/cpsprodpb\/5e31\/live\/c11e0a20-ea50-11f0-b5f7-49f0357294ff.jpg.webp\" alt=\"Manifestantes sostienen carteles en apoyo del l\u00edder opositor venezolano Edmundo Gonz\u00e1lez Urrutia y en contra de la presidenta interina de Venezuela, Delcy Rodr\u00edguez, durante una manifestaci\u00f3n para exigir libertad para Venezuela, tras la operaci\u00f3n militar estadounidense en Venezuela para capturar al presidente venezolano, en Madrid el 4 de enero de 2026.\" width=\"1024\" height=\"683\" \/><p class=\"wp-caption-text\">Fuente de la imagen,Thomas COEX \/ AFP via Getty Image. Uno de los reclamos de la oposici\u00f3n es el reconocimiento a los resultados electorales del 28 de julio de 2024.<\/p><\/div>\n<p class=\"css-by8ykd\" role=\"text\">\n<\/div>\n<\/figure>\n<div class=\"css-1k9op6x e17x9cvu0\" dir=\"ltr\">\n<p dir=\"ltr\">\n<p class=\"css-s4cjt0 e1yuyadm0\" dir=\"ltr\">&#8220;Tenemos cosas a largo plazo que deben abordarse en alg\u00fan momento (\u2026) Pero de lo que estamos hablando es de qu\u00e9 pasa en los pr\u00f3ximos dos o tres meses&#8221;, a\u00f1adi\u00f3 Rubio.<\/p>\n<\/div>\n<div class=\"css-1k9op6x e17x9cvu0\" dir=\"ltr\">\n<p class=\"css-s4cjt0 e1yuyadm0\" dir=\"ltr\">&#8220;Lo de Rubio es\u00a0<i class=\"css-6whwaq e1vymu7d0\">realpolitik<\/i>&#8220;, sostiene Santiago.<\/p>\n<\/div>\n<div class=\"css-1k9op6x e17x9cvu0\" dir=\"ltr\">\n<p class=\"css-s4cjt0 e1yuyadm0\" dir=\"ltr\">El analista se refiere a un enfoque donde priman los intereses nacionales pragm\u00e1ticos y objetivos, en este caso, de Estados Unidos.<\/p>\n<\/div>\n<div class=\"css-1k9op6x e17x9cvu0\" dir=\"ltr\">\n<p class=\"css-s4cjt0 e1yuyadm0\" dir=\"ltr\">De esta manera, expone, Trump asegura una transici\u00f3n ordenada y estable con el objetivo de evitar una mayor migraci\u00f3n venezolana.<\/p>\n<\/div>\n<div class=\"css-1k9op6x e17x9cvu0\" dir=\"ltr\">\n<p class=\"css-s4cjt0 e1yuyadm0\" dir=\"ltr\">Probablemente exigir\u00e1 contratos petroleros para empresas estadounidenses, algo que podr\u00eda facilitarse mediante la legislaci\u00f3n de la nueva Asamblea Nacional que tom\u00f3 posesi\u00f3n este lunes 5 de enero y que est\u00e1 controlada por el Partido Socialista Unido de Venezuela (PSUV); es decir, el partido de Maduro y Delcy Rodr\u00edguez.<\/p>\n<\/div>\n<div class=\"css-1k9op6x e17x9cvu0\" dir=\"ltr\">\n<h2 id=\"Es-un-proceso-inc\u00f3modo\" class=\"css-jtxtr9 emoh99e1\" tabindex=\"-1\">&#8220;Es un proceso inc\u00f3modo&#8221;<\/h2>\n<\/div>\n<div class=\"css-1k9op6x e17x9cvu0\" dir=\"ltr\">\n<p class=\"css-s4cjt0 e1yuyadm0\" dir=\"ltr\">Tras 26 a\u00f1os en el poder, primero con Hugo Ch\u00e1vez y despu\u00e9s con Nicol\u00e1s Maduro, el chavismo tiene sus ra\u00edces profundamente insertadas en las instituciones venezolanas y las Fuerzas Armadas.<\/p>\n<\/div>\n<div class=\"css-1k9op6x e17x9cvu0\" dir=\"ltr\">\n<p class=\"css-s4cjt0 e1yuyadm0\" dir=\"ltr\">&#8220;Las fuerzas democr\u00e1ticas venezolanas tienen un poder limitado para crear realidad. Son conscientes de eso&#8221;, remarca Santiago.<\/p>\n<\/div>\n<div class=\"css-1k9op6x e17x9cvu0\" dir=\"ltr\">\n<p class=\"css-s4cjt0 e1yuyadm0\" dir=\"ltr\">Tratar de desmantelar esa estructura o, como m\u00ednimo, tratar de tomar las riendas del Estado, podr\u00eda ser una labor m\u00e1s que tit\u00e1nica para cualquier persona de la oposici\u00f3n, por mucho apoyo electoral que tuviera.<\/p>\n<\/div>\n<div class=\"css-1k9op6x e17x9cvu0\" dir=\"ltr\">\n<p class=\"css-s4cjt0 e1yuyadm0\" dir=\"ltr\">&#8220;No existe una transici\u00f3n en la que ellos (la oposici\u00f3n) comanden. Deber\u00eda ser un cambio, en todo caso, porque ellos son los depositarios de la legitimidad democr\u00e1tica y, en este pensamiento, la oposici\u00f3n est\u00e1 unida. Pero en este contexto, una transici\u00f3n solo la lleva un operador interno. Es algo que debe estar tutelado por los operadores propios del pa\u00eds&#8221;, a\u00f1ade Santiago.<\/p>\n<\/div>\n<div class=\"css-1k9op6x e17x9cvu0\" dir=\"ltr\">\n<p class=\"css-s4cjt0 e1yuyadm0\" dir=\"ltr\">Pone como ejemplos los casos de las transiciones de Chile o Espa\u00f1a, donde elementos del orden saliente fueron quienes tomaron las principales riendas de una transici\u00f3n.<\/p>\n<p dir=\"ltr\">\n<\/div>\n<figure class=\"css-1qn0xuy\">\n<div class=\"css-1jir9cx\">\n<div style=\"width: 4556px\" class=\"wp-caption alignnone\"><img loading=\"lazy\" decoding=\"async\" class=\"css-1seqhu9\" src=\"https:\/\/ichef.bbci.co.uk\/ace\/ws\/640\/cpsprodpb\/96ca\/live\/fdee9500-ea50-11f0-b385-5f48925de19a.jpg.webp\" alt=\"El l\u00edder opositor venezolano Edmundo Gonz\u00e1lez Urrutia llega al banquete del Premio Nobel de la Paz en el Grand Hotel de Oslo, Noruega, el 10 de diciembre de 2025, va vestido con esmoquin. \" width=\"4546\" height=\"3031\" \/><p class=\"wp-caption-text\">Fuente de la imagen, Lise \u00c5serud \/ NTB \/ AFP via Getty Images. Edmundo Gonz\u00e1lez Urrutia fue el candidato de la oposici\u00f3n en julio de 2024 y fue reconocido por EE.UU. y otros pa\u00edses como presidente electo de Venezuela.<\/p><\/div>\n<p class=\"css-by8ykd\" role=\"text\">\n<\/div>\n<\/figure>\n<div class=\"css-1k9op6x e17x9cvu0\" dir=\"ltr\">\n<p dir=\"ltr\">\n<p class=\"css-s4cjt0 e1yuyadm0\" dir=\"ltr\">&#8220;Esto es inc\u00f3modo para el liderazgo opositor venezolano. Pero conocen los procesos. Ahora mismo est\u00e1n actuando con prudencia y paciencia. No tiene urgencia. Aunque s\u00ed hay cosas que est\u00e1n pidiendo ya, como que haya apertura inmediata en temas como los presos pol\u00edticos&#8221;, detalla Santiago.<\/p>\n<\/div>\n<div class=\"css-1k9op6x e17x9cvu0\" dir=\"ltr\">\n<p class=\"css-s4cjt0 e1yuyadm0\" dir=\"ltr\">Precisamente en esa l\u00ednea habl\u00f3 el domingo Edmundo Gonz\u00e1lez.<\/p>\n<\/div>\n<div class=\"css-1k9op6x e17x9cvu0\" dir=\"ltr\">\n<p class=\"css-s4cjt0 e1yuyadm0\" dir=\"ltr\">En un comunicado grabado en video y emitido en sus redes sociales, dijo que &#8220;este momento es un paso importante, pero no suficiente&#8221;.<\/p>\n<\/div>\n<div class=\"css-1k9op6x e17x9cvu0\" dir=\"ltr\">\n<p class=\"css-s4cjt0 e1yuyadm0\" dir=\"ltr\">Sostuvo que un &#8220;verdadero proceso de transici\u00f3n democr\u00e1tica&#8221; y una &#8220;normalizaci\u00f3n real del pa\u00eds&#8221; solo pueden ser posibles con la &#8220;liberaci\u00f3n inmediata y condicional de los presos pol\u00edticos, civiles y militares, secuestrados por pensar distinto, por exigir derechos o cumplir con su deber constitucional&#8221;.<\/p>\n<\/div>\n<div class=\"css-1k9op6x e17x9cvu0\" dir=\"ltr\">\n<p class=\"css-s4cjt0 e1yuyadm0\" dir=\"ltr\">&#8220;Ninguna transici\u00f3n democr\u00e1tica es posible mientras haya un solo venezolano encarcelado de manera injusta&#8221;, a\u00f1adi\u00f3 Gonz\u00e1lez.<\/p>\n<\/div>\n<div class=\"css-1k9op6x e17x9cvu0\" dir=\"ltr\">\n<p class=\"css-s4cjt0 e1yuyadm0\" dir=\"ltr\">A su vez, llam\u00f3 a las Fuerzas Armadas a &#8220;hacer cumplir el mandato soberano del 28 de julio&#8221; y les pidi\u00f3 ser &#8220;leales con la Constituci\u00f3n, el pueblo y la Rep\u00fablica&#8221;.<\/p>\n<\/div>\n<div class=\"css-1k9op6x e17x9cvu0\" dir=\"ltr\">\n<h2 id=\"El-costo-pol\u00edtico-de-las-acciones-de-Estados-Unidos\" class=\"css-jtxtr9 emoh99e1\" tabindex=\"-1\">El costo pol\u00edtico de las acciones de Estados Unidos<\/h2>\n<\/div>\n<div class=\"css-1k9op6x e17x9cvu0\" dir=\"ltr\">\n<p class=\"css-s4cjt0 e1yuyadm0\" dir=\"ltr\">Carmen Beatriz Fern\u00e1ndez se\u00f1ala que, descartado en principio el marco donde Gonz\u00e1lez y Machado se ponen al frente de una transici\u00f3n, &#8220;el segundo escenario es aquel en el que Delcy Rodr\u00edguez asume la transici\u00f3n; y pareciera que Estados Unidos est\u00e1 apostando a esto y a que se haga una junta directiva llevada por el propio Trump, junto con Rubio y el secretario de Defensa, Pete Hegseth&#8221;.<\/p>\n<\/div>\n<div class=\"css-1k9op6x e17x9cvu0\" dir=\"ltr\">\n<p class=\"css-s4cjt0 e1yuyadm0\" dir=\"ltr\">Aunque Fern\u00e1ndez tambi\u00e9n destaca otro hecho ocurrido estos d\u00edas: que Emmanuel Macron, presidente de Francia, publicara en sus redes que &#8220;Francia apoya la soberan\u00eda popular, y esta soberan\u00eda se expres\u00f3 en 2024&#8221;. Y que Trump lo retuiteara en sus redes.<\/p>\n<\/div>\n<div class=\"css-1k9op6x e17x9cvu0\" dir=\"ltr\">\n<p class=\"css-s4cjt0 e1yuyadm0\" dir=\"ltr\">&#8220;As\u00ed que, aunque es algo que ha perdido importancia relativa, no es una opci\u00f3n que est\u00e9 totalmente anulada. En ese estilo tan particular que tiene Trump que se mueve permanente en la ambig\u00fcedad, a veces por dise\u00f1o y otras veces por car\u00e1cter o estilo, sigue estando ah\u00ed&#8221;, puntualiza.<\/p>\n<p dir=\"ltr\">\n<\/div>\n<figure class=\"css-1qn0xuy\">\n<div class=\"css-1jir9cx\">\n<div style=\"width: 1033px\" class=\"wp-caption alignnone\"><img loading=\"lazy\" decoding=\"async\" class=\"css-1seqhu9\" src=\"https:\/\/ichef.bbci.co.uk\/ace\/ws\/640\/cpsprodpb\/2dfe\/live\/fef9e150-ea8e-11f0-ae37-0d6058fbfea1.jpg.webp\" alt=\"La l\u00edder opositora venezolana, Mar\u00eda Corina Machado, saluda con la mano al candidato presidencial opositor, Edmundo Gonz\u00e1lez Urrutia, en Caracas el 29 de julio de 2024, un d\u00eda despu\u00e9s de las elecciones presidenciales venezolanas.\" width=\"1023\" height=\"575\" \/><p class=\"wp-caption-text\">Fuente de la imagen,JUAN BARRETO\/AFP via Getty Images. Mar\u00eda Corina Machado y Edmundo Gonz\u00e1lez en Caracas el 29 de julio de 2024, un d\u00eda despu\u00e9s de las elecciones presidenciales venezolanas.<\/p><\/div>\n<p class=\"css-by8ykd\" role=\"text\">\n<\/div>\n<\/figure>\n<div class=\"css-1k9op6x e17x9cvu0\" dir=\"ltr\">\n<p dir=\"ltr\">\n<p class=\"css-s4cjt0 e1yuyadm0\" dir=\"ltr\">Para Fern\u00e1ndez, el costo de las acciones de los \u00faltimos d\u00edas a manos de Estados Unidos no afecta al liderazgo de Machado<\/p>\n<\/div>\n<div class=\"css-1k9op6x e17x9cvu0\" dir=\"ltr\">\n<p class=\"css-s4cjt0 e1yuyadm0\" dir=\"ltr\">&#8220;Es la l\u00edder pol\u00edtica indiscutible de Venezuela, con niveles de aprobaci\u00f3n y de afecto muy superiores a los de pol\u00edticos que fueron en su momento muy populares, como Carlos Andr\u00e9s P\u00e9rez o el propio Hugo Ch\u00e1vez. Eso no ha cambiado&#8221;, dice.<\/p>\n<\/div>\n<div class=\"css-1k9op6x e17x9cvu0\" dir=\"ltr\">\n<p class=\"css-s4cjt0 e1yuyadm0\" dir=\"ltr\">Por el contrario, apunta que &#8220;los costos que puedan estarse dando por la extracci\u00f3n de Maduro, costos en t\u00e9rminos de da\u00f1os f\u00edsicos, muertes de militares que hay, mutilaciones, etc., ese costo lo va a pagar Trump. Qued\u00f3 claro (con las declaraciones de Trump el s\u00e1bado) que ni Machado ni Gonz\u00e1lez estuvieron al tanto de lo que iba a pasar&#8221;.<\/p>\n<\/div>\n<div class=\"css-1k9op6x e17x9cvu0\" dir=\"ltr\">\n<p class=\"css-s4cjt0 e1yuyadm0\" dir=\"ltr\">&#8220;Machado, como l\u00edder pol\u00edtica, est\u00e1 m\u00e1s protegida hoy que anteayer, en este sentido. Y, eventualmente, si tiene \u00e9xito esta puerta de Estados Unidos donde Delcy dirija la transici\u00f3n tutelada, habr\u00e1 una nueva elecci\u00f3n y en ella correr\u00e1 Machado&#8221;, sostiene Fern\u00e1ndez.<\/p>\n<\/div>\n<div class=\"css-1k9op6x e17x9cvu0\" dir=\"ltr\">\n<p class=\"css-s4cjt0 e1yuyadm0\" dir=\"ltr\">Maduro ya no est\u00e1 en el poder, pero el cambio de gobierno tan buscado por la oposici\u00f3n por a\u00f1os no ha llegado.<\/p>\n<\/div>\n<div class=\"css-1k9op6x e17x9cvu0\" dir=\"ltr\">\n<p class=\"css-s4cjt0 e1yuyadm0\" dir=\"ltr\">Y tanto Machado como Gonz\u00e1lez, as\u00ed como gran parte de la oposici\u00f3n venezolana, siguen en el exilio, perseguidos, inhabilitados o encarcelados, y tendr\u00e1n que mantener tanto su liderazgo como el \u00e1nimo de los venezolanos que los apoyan a trav\u00e9s de su presencia en redes sociales. Por ahora.<\/p>\n<\/div>\n","protected":false},"excerpt":{"rendered":"<p>&nbsp; &nbsp; &#8220;Es una mujer muy agradable. Pero no cuenta con el apoyo ni el respeto del pa\u00eds&#8221;, dijo Trump, ante lo que muchos especulan&hellip;<\/p>\n","protected":false},"author":99,"featured_media":539993,"comment_status":"open","ping_status":"open","sticky":false,"template":"","format":"standard","meta":{"footnotes":""},"categories":[23],"tags":[],"class_list":["post-539992","post","type-post","status-publish","format-standard","has-post-thumbnail","hentry","category-latinoamerica"],"_links":{"self":[{"href":"https:\/\/diarioelpopular.com\/index.php\/wp-json\/wp\/v2\/posts\/539992","targetHints":{"allow":["GET"]}}],"collection":[{"href":"https:\/\/diarioelpopular.com\/index.php\/wp-json\/wp\/v2\/posts"}],"about":[{"href":"https:\/\/diarioelpopular.com\/index.php\/wp-json\/wp\/v2\/types\/post"}],"author":[{"embeddable":true,"href":"https:\/\/diarioelpopular.com\/index.php\/wp-json\/wp\/v2\/users\/99"}],"replies":[{"embeddable":true,"href":"https:\/\/diarioelpopular.com\/index.php\/wp-json\/wp\/v2\/comments?post=539992"}],"version-history":[{"count":1,"href":"https:\/\/diarioelpopular.com\/index.php\/wp-json\/wp\/v2\/posts\/539992\/revisions"}],"predecessor-version":[{"id":539994,"href":"https:\/\/diarioelpopular.com\/index.php\/wp-json\/wp\/v2\/posts\/539992\/revisions\/539994"}],"wp:featuredmedia":[{"embeddable":true,"href":"https:\/\/diarioelpopular.com\/index.php\/wp-json\/wp\/v2\/media\/539993"}],"wp:attachment":[{"href":"https:\/\/diarioelpopular.com\/index.php\/wp-json\/wp\/v2\/media?parent=539992"}],"wp:term":[{"taxonomy":"category","embeddable":true,"href":"https:\/\/diarioelpopular.com\/index.php\/wp-json\/wp\/v2\/categories?post=539992"},{"taxonomy":"post_tag","embeddable":true,"href":"https:\/\/diarioelpopular.com\/index.php\/wp-json\/wp\/v2\/tags?post=539992"}],"curies":[{"name":"wp","href":"https:\/\/api.w.org\/{rel}","templated":true}]}}