{"id":539996,"date":"2026-01-06T11:44:32","date_gmt":"2026-01-06T15:44:32","guid":{"rendered":"https:\/\/diarioelpopular.com\/?p=539996"},"modified":"2026-01-06T11:44:32","modified_gmt":"2026-01-06T15:44:32","slug":"5-paises-a-los-que-trump-ha-lanzado-advertencias-despues-de-la-detencion-de-maduro","status":"publish","type":"post","link":"https:\/\/diarioelpopular.com\/index.php\/2026\/01\/06\/5-paises-a-los-que-trump-ha-lanzado-advertencias-despues-de-la-detencion-de-maduro\/","title":{"rendered":"5 pa\u00edses a los que Trump ha lanzado advertencias despu\u00e9s de la detenci\u00f3n de Maduro"},"content":{"rendered":"<div id=\"attachment_539997\" style=\"width: 646px\" class=\"wp-caption alignnone\"><img loading=\"lazy\" decoding=\"async\" aria-describedby=\"caption-attachment-539997\" class=\"wp-image-539997 size-custom-full-size\" src=\"https:\/\/diarioelpopular.com\/wp-content\/uploads\/2026\/01\/Screen-Shot-2026-01-06-at-10.43.53-AM-636x353.png\" alt=\"\" width=\"636\" height=\"353\" srcset=\"https:\/\/diarioelpopular.com\/wp-content\/uploads\/2026\/01\/Screen-Shot-2026-01-06-at-10.43.53-AM-636x353.png 636w, https:\/\/diarioelpopular.com\/wp-content\/uploads\/2026\/01\/Screen-Shot-2026-01-06-at-10.43.53-AM-300x166.png 300w, https:\/\/diarioelpopular.com\/wp-content\/uploads\/2026\/01\/Screen-Shot-2026-01-06-at-10.43.53-AM-768x426.png 768w, https:\/\/diarioelpopular.com\/wp-content\/uploads\/2026\/01\/Screen-Shot-2026-01-06-at-10.43.53-AM-132x73.png 132w, https:\/\/diarioelpopular.com\/wp-content\/uploads\/2026\/01\/Screen-Shot-2026-01-06-at-10.43.53-AM.png 866w\" sizes=\"auto, (max-width: 636px) 100vw, 636px\" \/><p id=\"caption-attachment-539997\" class=\"wp-caption-text\">Trump habl\u00f3 con la prensa en el Air Force One despu\u00e9s de la detenci\u00f3n de Maduro.<\/p><\/div>\n<p>&nbsp;<\/p>\n<p>&nbsp;<\/p>\n<div class=\"css-1k9op6x e17x9cvu0\" dir=\"ltr\">\n<ul>\n<li class=\"css-s4cjt0 e1yuyadm0\" dir=\"ltr\"><em><b>El segundo mandato de Donald Trump, est\u00e1 siendo moldeado por sus ambiciones en pol\u00edtica exterior.<\/b><\/em><\/li>\n<\/ul>\n<\/div>\n<div class=\"css-1k9op6x e17x9cvu0\" dir=\"ltr\">\n<p dir=\"ltr\">\n<p class=\"css-s4cjt0 e1yuyadm0\" dir=\"ltr\">Trump cumpli\u00f3 con sus amenazas contra Venezuela, capturando a su presidente y a su esposa, en la residencia de ambos fuertemente fortificada en Caracas, en una dram\u00e1tica redada nocturna en la madrugada del s\u00e1bado.<\/p>\n<\/div>\n<div class=\"css-1k9op6x e17x9cvu0\" dir=\"ltr\">\n<p class=\"css-s4cjt0 e1yuyadm0\" dir=\"ltr\">Al describir la operaci\u00f3n, Trump desempolv\u00f3 la Doctrina Monroe de 1823 y su promesa de supremac\u00eda estadounidense en el Hemisferio Occidental, rebautiz\u00e1ndola como la &#8220;Doctrina Donroe&#8221;.<\/p>\n<\/div>\n<div class=\"css-1k9op6x e17x9cvu0\" dir=\"ltr\">\n<p class=\"css-s4cjt0 e1yuyadm0\" dir=\"ltr\">Estas son algunas de las advertencias que ha lanzado en los \u00faltimos d\u00edas contra otros pa\u00edses que est\u00e1n en la \u00f3rbita de Washington.<\/p>\n<\/div>\n<div class=\"css-1k9op6x e17x9cvu0\" dir=\"ltr\">\n<h2 id=\"DinamarcaGroenlandia\" class=\"css-jtxtr9 emoh99e1\" tabindex=\"-1\">Dinamarca\/Groenlandia<\/h2>\n<\/div>\n<figure class=\"css-1qn0xuy\">\n<div class=\"css-1jir9cx\">\n<div style=\"width: 1661px\" class=\"wp-caption alignnone\"><img loading=\"lazy\" decoding=\"async\" class=\"css-1seqhu9\" src=\"https:\/\/ichef.bbci.co.uk\/ace\/ws\/640\/cpsprodpb\/3981\/live\/a0794af0-ea8c-11f0-ae37-0d6058fbfea1.jpg.webp\" alt=\"El jefe de gobierno de Groenlandia, Jens-Frederik Nielsen, en una rueda de prensa en Nuuk, Groenlandia, el 5 de enero de 2026.\" width=\"1651\" height=\"929\" \/><p class=\"wp-caption-text\">Fuente de la imagen,Getty Images. El primer ministro de Groenlandia le respondi\u00f3 a Trump que su idea de controlar la isla es una &#8220;fantas\u00eda&#8221;.<\/p><\/div>\n<p class=\"css-by8ykd\" role=\"text\">\n<\/div>\n<\/figure>\n<div class=\"css-1k9op6x e17x9cvu0\" dir=\"ltr\">\n<p dir=\"ltr\">\n<p class=\"css-s4cjt0 e1yuyadm0\" dir=\"ltr\">Estados Unidos ya cuenta con una base militar en Groenlandia, la Base Espacial Pituffik, pero Trump quiere la isla entera.<\/p>\n<\/div>\n<div class=\"css-1k9op6x e17x9cvu0\" dir=\"ltr\">\n<p class=\"css-s4cjt0 e1yuyadm0\" dir=\"ltr\">&#8220;Necesitamos Groenlandia por motivos de seguridad nacional&#8221;, sostuvo el presidente ante los periodistas, asegurando que la regi\u00f3n estaba &#8220;plagada de barcos rusos y chinos por todas partes&#8221;.<\/p>\n<\/div>\n<div class=\"css-1k9op6x e17x9cvu0\" dir=\"ltr\">\n<p class=\"css-s4cjt0 e1yuyadm0\" dir=\"ltr\">Esta vasta isla \u00e1rtica, que forma parte del Reino de Dinamarca, se encuentra a unos 3.200 kil\u00f3metros al noreste de Estados Unidos.<\/p>\n<\/div>\n<div class=\"css-1k9op6x e17x9cvu0\" dir=\"ltr\">\n<p class=\"css-s4cjt0 e1yuyadm0\" dir=\"ltr\">Es rica en minerales de tierras raras, que son cruciales para la producci\u00f3n de tel\u00e9fonos inteligentes, veh\u00edculos el\u00e9ctricos y equipos militares. Actualmente, la producci\u00f3n de tierras raras de China supera con creces la de Estados Unidos.<\/p>\n<\/div>\n<div class=\"css-1k9op6x e17x9cvu0\" dir=\"ltr\">\n<p class=\"css-s4cjt0 e1yuyadm0\" dir=\"ltr\">Groenlandia tambi\u00e9n ocupa una posici\u00f3n estrat\u00e9gica clave en el Atl\u00e1ntico Norte, lo que le da acceso al cada vez m\u00e1s importante C\u00edrculo Polar \u00c1rtico. Por eso, se prev\u00e9 que, a medida que los hielos polares se derritan en los pr\u00f3ximos a\u00f1os, se abran nuevas rutas mar\u00edtimas.<\/p>\n<\/div>\n<div class=\"css-1k9op6x e17x9cvu0\" dir=\"ltr\">\n<p class=\"css-s4cjt0 e1yuyadm0\" dir=\"ltr\">El primer ministro de Groenlandia, Jens Frederik Nielsen, respondi\u00f3 a Trump calificando la idea del control estadounidense sobre la isla de &#8220;fantas\u00eda&#8221;.<\/p>\n<\/div>\n<div class=\"css-1k9op6x e17x9cvu0\" dir=\"ltr\">\n<p class=\"css-s4cjt0 e1yuyadm0\" dir=\"ltr\">&#8220;No m\u00e1s presiones. No m\u00e1s insinuaciones. No m\u00e1s fantas\u00edas de anexi\u00f3n. Estamos abiertos al di\u00e1logo. Estamos abiertos a las conversaciones. Pero esto debe hacerse a trav\u00e9s de los canales adecuados y con respeto al derecho internacional&#8221;, declar\u00f3 Nielsen.<\/p>\n<\/div>\n<div class=\"css-1k9op6x e17x9cvu0\" dir=\"ltr\">\n<h2 id=\"Colombia\" class=\"css-jtxtr9 emoh99e1\" tabindex=\"-1\">Colombia<\/h2>\n<\/div>\n<figure class=\"css-1qn0xuy\">\n<div class=\"css-1jir9cx\">\n<div style=\"width: 2170px\" class=\"wp-caption alignnone\"><img loading=\"lazy\" decoding=\"async\" class=\"css-1seqhu9\" src=\"https:\/\/ichef.bbci.co.uk\/ace\/ws\/640\/cpsprodpb\/605f\/live\/ccfe0320-ea8e-11f0-ae37-0d6058fbfea1.jpg.webp\" alt=\"El presidente de Colombia, Gustavo Petro, en Bogot\u00e1, el 13 de noviembre de 2025. \" width=\"2160\" height=\"1215\" \/><p class=\"wp-caption-text\">Fuente de la imagen, Getty Images. Trump le advirti\u00f3 al presidente colombiano Gustavo Petro que &#8220;cuide su trasero&#8221;.<\/p><\/div>\n<p class=\"css-by8ykd\" role=\"text\">\n<\/div>\n<\/figure>\n<div class=\"css-1k9op6x e17x9cvu0\" dir=\"ltr\">\n<p class=\"css-s4cjt0 e1yuyadm0\" dir=\"ltr\">Horas despu\u00e9s de la operaci\u00f3n militar en Venezuela, Trump le advirti\u00f3 al presidente colombiano Gustavo Petro que &#8220;cuide su trasero&#8221;.<\/p>\n<\/div>\n<div class=\"css-1k9op6x e17x9cvu0\" dir=\"ltr\">\n<p class=\"css-s4cjt0 e1yuyadm0\" dir=\"ltr\">Colombia, pa\u00eds vecino de Venezuela al oeste, cuenta con importantes reservas de petr\u00f3leo y es un importante productor de oro, plata, esmeraldas, platino y carb\u00f3n.<\/p>\n<\/div>\n<div class=\"css-1k9op6x e17x9cvu0\" dir=\"ltr\">\n<p class=\"css-s4cjt0 e1yuyadm0\" dir=\"ltr\">Tambi\u00e9n, desde hace muchos a\u00f1os, es un centro clave para el narcotr\u00e1fico en la regi\u00f3n, especialmente de coca\u00edna.<\/p>\n<\/div>\n<div class=\"css-1k9op6x e17x9cvu0\" dir=\"ltr\">\n<p class=\"css-s4cjt0 e1yuyadm0\" dir=\"ltr\">Desde que Estados Unidos comenz\u00f3 a atacar embarcaciones en el Caribe y el Pac\u00edfico en septiembre, alegando sin pruebas que transportaban drogas, Trump se ha visto envuelto en una creciente disputa con el presidente de izquierda del pa\u00eds.<\/p>\n<\/div>\n<div class=\"css-1k9op6x e17x9cvu0\" dir=\"ltr\">\n<p class=\"css-s4cjt0 e1yuyadm0\" dir=\"ltr\">Estados Unidos impuso sanciones a Petro en octubre, alegando que estaba permitiendo que los c\u00e1rteles &#8220;prosperaran&#8221;.<\/p>\n<\/div>\n<div class=\"css-1k9op6x e17x9cvu0\" dir=\"ltr\">\n<p class=\"css-s4cjt0 e1yuyadm0\" dir=\"ltr\">Hablando a bordo del Air Force One el domingo, Trump dijo que Colombia estaba siendo &#8220;gobernada por un hombre enfermo al que le gusta producir coca\u00edna y venderla a Estados Unidos&#8221;.<\/p>\n<\/div>\n<div class=\"css-1k9op6x e17x9cvu0\" dir=\"ltr\">\n<p class=\"css-s4cjt0 e1yuyadm0\" dir=\"ltr\">&#8220;No va a seguir haci\u00e9ndolo por mucho tiempo&#8221;, a\u00f1adi\u00f3. Cuando se le pregunt\u00f3 si Estados Unidos llevar\u00eda a cabo una operaci\u00f3n contra Colombia, Trump respondi\u00f3: &#8220;Me parece una buena idea&#8221;.<\/p>\n<\/div>\n<div class=\"css-1k9op6x e17x9cvu0\" dir=\"ltr\">\n<p class=\"css-s4cjt0 e1yuyadm0\" dir=\"ltr\">Hist\u00f3ricamente, Colombia ha sido un aliado cercano de Washington en la guerra contra las drogas, recibiendo cientos de millones de d\u00f3lares anualmente en asistencia militar para combatir a los c\u00e1rteles.<\/p>\n<\/div>\n<div class=\"css-1k9op6x e17x9cvu0\" dir=\"ltr\">\n<h2 id=\"Ir\u00e1n\" class=\"css-jtxtr9 emoh99e1\" tabindex=\"-1\">Ir\u00e1n<\/h2>\n<\/div>\n<figure class=\"css-1qn0xuy\">\n<div class=\"css-1jir9cx\">\n<div style=\"width: 810px\" class=\"wp-caption alignnone\"><img loading=\"lazy\" decoding=\"async\" class=\"css-1seqhu9\" src=\"https:\/\/ichef.bbci.co.uk\/ace\/ws\/640\/cpsprodpb\/286c\/live\/be348020-ea8f-11f0-a422-4ba8a094a8fa.jpg.webp\" alt=\"Un manifestante en medio de dos coches. \" width=\"800\" height=\"450\" \/><p class=\"wp-caption-text\">Fuente de la imagen, Getty Images. Muchos iran\u00edes salieron a la calle los pasados d\u00edas para protestar por la situaci\u00f3n del pa\u00eds.<\/p><\/div>\n<p class=\"css-by8ykd\" role=\"text\">\n<\/div>\n<\/figure>\n<div class=\"css-1k9op6x e17x9cvu0\" dir=\"ltr\">\n<p dir=\"ltr\">\n<p class=\"css-s4cjt0 e1yuyadm0\" dir=\"ltr\">Ir\u00e1n se enfrenta en este momento a protestas masivas contra el gobierno y Trump advirti\u00f3 que las autoridades iran\u00edes ser\u00e1n &#8220;duramente castigadas&#8221; si pierden la vida de m\u00e1s manifestantes.<\/p>\n<\/div>\n<div class=\"css-1k9op6x e17x9cvu0\" dir=\"ltr\">\n<p class=\"css-s4cjt0 e1yuyadm0\" dir=\"ltr\">&#8220;Lo estamos observando muy de cerca. Si empiezan a matar gente como lo han hecho en el pasado, creo que Estados Unidos los castigar\u00e1 con dureza&#8221;, declar\u00f3 Trump a los periodistas a bordo del Air Force One.<\/p>\n<\/div>\n<div class=\"css-1k9op6x e17x9cvu0\" dir=\"ltr\">\n<p class=\"css-s4cjt0 e1yuyadm0\" dir=\"ltr\">Aunque Ir\u00e1n queda en teor\u00eda fuera del alcance definido por la &#8220;Doctrina Donroe&#8221;, Trump, no obstante, ya hab\u00eda amenazado al r\u00e9gimen iran\u00ed con nuevas acciones tras atacar sus instalaciones nucleares el a\u00f1o pasado.<\/p>\n<\/div>\n<div class=\"css-1k9op6x e17x9cvu0\" dir=\"ltr\">\n<p class=\"css-s4cjt0 e1yuyadm0\" dir=\"ltr\">Esos ataques se produjeron despu\u00e9s de que Israel lanzara una operaci\u00f3n a gran escala con el objetivo de neutralizar la capacidad de Ir\u00e1n para desarrollar un arma nuclear, lo que culmin\u00f3 en el conflicto entre Israel e Ir\u00e1n de 12 d\u00edas.<\/p>\n<\/div>\n<div class=\"css-1k9op6x e17x9cvu0\" dir=\"ltr\">\n<p class=\"css-s4cjt0 e1yuyadm0\" dir=\"ltr\">En una reuni\u00f3n, celebrada la semana pasada en Mar-a-Lago, en Florida, entre Trump y el primer ministro israel\u00ed, Benjamin Netanyahu, se inform\u00f3 que Ir\u00e1n fue el tema principal de la agenda. Los medios estadounidenses informaron que Netanyahu plante\u00f3 la posibilidad de nuevos ataques contra Ir\u00e1n en 2026.<\/p>\n<\/div>\n<div class=\"css-1k9op6x e17x9cvu0\" dir=\"ltr\">\n<h2 id=\"M\u00e9xico\" class=\"css-jtxtr9 emoh99e1\" tabindex=\"-1\">M\u00e9xico<\/h2>\n<\/div>\n<figure class=\"css-1qn0xuy\">\n<div class=\"css-1jir9cx\">\n<div style=\"width: 1034px\" class=\"wp-caption alignnone\"><img loading=\"lazy\" decoding=\"async\" class=\"css-1seqhu9\" src=\"https:\/\/ichef.bbci.co.uk\/ace\/ws\/640\/cpsprodpb\/c248\/live\/235664a0-ea90-11f0-ae37-0d6058fbfea1.jpg.webp\" alt=\"La presidenta de M\u00e9xico, Claudia Sheinbaum, habla durante la sesi\u00f3n informativa matutina diaria en el Palacio Nacional el 30 de diciembre de 2025 en Ciudad de M\u00e9xico, M\u00e9xico.\" width=\"1024\" height=\"576\" \/><p class=\"wp-caption-text\">Fuente de la imagen, Getty Images. Claudia Sheinbaum le responde a las amenazas de Trump.<\/p><\/div>\n<p class=\"css-by8ykd\" role=\"text\">\n<\/div>\n<\/figure>\n<div class=\"css-1k9op6x e17x9cvu0\" dir=\"ltr\">\n<p dir=\"ltr\">\n<p class=\"css-s4cjt0 e1yuyadm0\" dir=\"ltr\">El ascenso de Trump al poder en 2016 estuvo marcado por sus promesas de &#8220;construir el muro&#8221; a lo largo de la frontera sur con M\u00e9xico.<\/p>\n<\/div>\n<div class=\"css-1k9op6x e17x9cvu0\" dir=\"ltr\">\n<p class=\"css-s4cjt0 e1yuyadm0\" dir=\"ltr\">En su primer d\u00eda de regreso en el cargo en 2025, firm\u00f3 una orden ejecutiva para renombrar el Golfo de M\u00e9xico como &#8220;Golfo de Am\u00e9rica&#8221;.<\/p>\n<\/div>\n<div class=\"css-1k9op6x e17x9cvu0\" dir=\"ltr\">\n<p class=\"css-s4cjt0 e1yuyadm0\" dir=\"ltr\">Ha afirmado con frecuencia que las autoridades mexicanas no est\u00e1n haciendo lo suficiente para detener el flujo de drogas o inmigrantes indocumentados hacia Estados Unidos.<\/p>\n<\/div>\n<div class=\"css-1k9op6x e17x9cvu0\" dir=\"ltr\">\n<p class=\"css-s4cjt0 e1yuyadm0\" dir=\"ltr\">En declaraciones el domingo, Trump dijo que las drogas estaban &#8220;entrando a raudales&#8221; a trav\u00e9s de M\u00e9xico y que &#8220;tendremos que hacer algo&#8221;, a\u00f1adiendo que los c\u00e1rteles all\u00ed eran &#8220;muy poderosos&#8221;.<\/p>\n<\/div>\n<div class=\"css-1k9op6x e17x9cvu0\" dir=\"ltr\">\n<p class=\"css-s4cjt0 e1yuyadm0\" dir=\"ltr\">La mandataria de M\u00e9xico, Claudia Sheinbaum, ha rechazado p\u00fablicamente cualquier acci\u00f3n militar estadounidense en territorio mexicano.<\/p>\n<\/div>\n<div class=\"css-1k9op6x e17x9cvu0\" dir=\"ltr\">\n<h2 id=\"Cuba\" class=\"css-jtxtr9 emoh99e1\" tabindex=\"-1\">Cuba<\/h2>\n<\/div>\n<figure class=\"css-1qn0xuy\">\n<div class=\"css-1jir9cx\">\n<div style=\"width: 830px\" class=\"wp-caption alignnone\"><img loading=\"lazy\" decoding=\"async\" class=\"css-1seqhu9\" src=\"https:\/\/ichef.bbci.co.uk\/ace\/ws\/640\/cpsprodpb\/e213\/live\/ac797b20-ea93-11f0-b06f-23f946420666.jpg.webp\" alt=\"Cuba depende desde hace d\u00e9cadas del apoyo de Venezuela.\" width=\"820\" height=\"461\" \/><p class=\"wp-caption-text\">Fuente de la imagen,Getty Images. Cuba manten\u00eda estrechas relaciones con la Venezuela de Nicol\u00e1s Maduro.<\/p><\/div>\n<p class=\"css-by8ykd\" role=\"text\">\n<\/div>\n<\/figure>\n<div class=\"css-1k9op6x e17x9cvu0\" dir=\"ltr\">\n<p dir=\"ltr\">\n<p class=\"css-s4cjt0 e1yuyadm0\" dir=\"ltr\">Cuba, ubicada a solo 145 kil\u00f3metros al sur de Florida, ha estado bajo sanciones estadounidenses desde principios de la d\u00e9cada de 1960 y manten\u00eda estrechas relaciones con la Venezuela de Nicol\u00e1s Maduro.<\/p>\n<\/div>\n<div class=\"css-1k9op6x e17x9cvu0\" dir=\"ltr\">\n<p class=\"css-s4cjt0 e1yuyadm0\" dir=\"ltr\">Trump sugiri\u00f3 el domingo que no era necesaria una intervenci\u00f3n militar estadounidense, porque Cuba est\u00e1 &#8220;a punto de colapsar&#8221;. Otros aseguran que esto se debe a que la isla no cuenta con ricos recursos minerales que tiene Venezuela.<\/p>\n<\/div>\n<div class=\"css-1k9op6x e17x9cvu0\" dir=\"ltr\">\n<p class=\"css-s4cjt0 e1yuyadm0\" dir=\"ltr\">&#8220;No creo que necesitemos ninguna acci\u00f3n&#8221;, dijo. &#8220;Parece que se est\u00e1 desmoronando&#8221;.<\/p>\n<\/div>\n<div class=\"css-1k9op6x e17x9cvu0\" dir=\"ltr\">\n<p class=\"css-s4cjt0 e1yuyadm0\" dir=\"ltr\">&#8220;No s\u00e9 si van a resistir, pero Cuba ahora no tiene ingresos&#8221;, a\u00f1adi\u00f3. &#8220;Todos sus ingresos ven\u00edan de Venezuela, del petr\u00f3leo venezolano&#8221;.<\/p>\n<\/div>\n<div class=\"css-1k9op6x e17x9cvu0\" dir=\"ltr\">\n<p class=\"css-s4cjt0 e1yuyadm0\" dir=\"ltr\">Seg\u00fan algunos informes, Venezuela suministra aproximadamente el 30% del petr\u00f3leo de Cuba, lo que deja a La Habana en una situaci\u00f3n vulnerable si el suministro cae tras la salida de Maduro.<\/p>\n<\/div>\n<div class=\"css-1k9op6x e17x9cvu0\" dir=\"ltr\">\n<p class=\"css-s4cjt0 e1yuyadm0\" dir=\"ltr\">El senador estadounidense Marco Rubio, hijo de inmigrantes cubanos, ha pedido durante mucho tiempo un cambio de r\u00e9gimen en Cuba, y dijo ante un grupo de periodistas este s\u00e1bado: &#8220;Si viviera en La Habana y estuviera en el gobierno, estar\u00eda preocupado, al menos un poco&#8221;.<\/p>\n<\/div>\n<div class=\"css-1k9op6x e17x9cvu0\" dir=\"ltr\">\n<p class=\"css-s4cjt0 e1yuyadm0\" dir=\"ltr\">&#8220;Cuando el presidente (Trump) habla, hay que tomarlo en serio&#8221;, agreg\u00f3.<\/p>\n<\/div>\n","protected":false},"excerpt":{"rendered":"<p>&nbsp; &nbsp; El segundo mandato de Donald Trump, est\u00e1 siendo moldeado por sus ambiciones en pol\u00edtica exterior. Trump cumpli\u00f3 con sus amenazas contra Venezuela, capturando&hellip;<\/p>\n","protected":false},"author":99,"featured_media":539997,"comment_status":"open","ping_status":"open","sticky":false,"template":"","format":"standard","meta":{"footnotes":""},"categories":[24],"tags":[],"class_list":["post-539996","post","type-post","status-publish","format-standard","has-post-thumbnail","hentry","category-mundo"],"_links":{"self":[{"href":"https:\/\/diarioelpopular.com\/index.php\/wp-json\/wp\/v2\/posts\/539996","targetHints":{"allow":["GET"]}}],"collection":[{"href":"https:\/\/diarioelpopular.com\/index.php\/wp-json\/wp\/v2\/posts"}],"about":[{"href":"https:\/\/diarioelpopular.com\/index.php\/wp-json\/wp\/v2\/types\/post"}],"author":[{"embeddable":true,"href":"https:\/\/diarioelpopular.com\/index.php\/wp-json\/wp\/v2\/users\/99"}],"replies":[{"embeddable":true,"href":"https:\/\/diarioelpopular.com\/index.php\/wp-json\/wp\/v2\/comments?post=539996"}],"version-history":[{"count":1,"href":"https:\/\/diarioelpopular.com\/index.php\/wp-json\/wp\/v2\/posts\/539996\/revisions"}],"predecessor-version":[{"id":539998,"href":"https:\/\/diarioelpopular.com\/index.php\/wp-json\/wp\/v2\/posts\/539996\/revisions\/539998"}],"wp:featuredmedia":[{"embeddable":true,"href":"https:\/\/diarioelpopular.com\/index.php\/wp-json\/wp\/v2\/media\/539997"}],"wp:attachment":[{"href":"https:\/\/diarioelpopular.com\/index.php\/wp-json\/wp\/v2\/media?parent=539996"}],"wp:term":[{"taxonomy":"category","embeddable":true,"href":"https:\/\/diarioelpopular.com\/index.php\/wp-json\/wp\/v2\/categories?post=539996"},{"taxonomy":"post_tag","embeddable":true,"href":"https:\/\/diarioelpopular.com\/index.php\/wp-json\/wp\/v2\/tags?post=539996"}],"curies":[{"name":"wp","href":"https:\/\/api.w.org\/{rel}","templated":true}]}}