{"id":540024,"date":"2026-01-07T11:37:11","date_gmt":"2026-01-07T15:37:11","guid":{"rendered":"https:\/\/diarioelpopular.com\/?p=540024"},"modified":"2026-01-07T11:37:11","modified_gmt":"2026-01-07T15:37:11","slug":"el-fiscal-general-de-peru-desmantela-los-equipos-especiales-que-investigaban-grandes-casos-de-corrupcion","status":"publish","type":"post","link":"https:\/\/diarioelpopular.com\/index.php\/2026\/01\/07\/el-fiscal-general-de-peru-desmantela-los-equipos-especiales-que-investigaban-grandes-casos-de-corrupcion\/","title":{"rendered":"El fiscal general de Per\u00fa desmantela los equipos especiales que investigaban grandes casos de corrupci\u00f3n"},"content":{"rendered":"<div id=\"attachment_540025\" style=\"width: 1210px\" class=\"wp-caption alignnone\"><img loading=\"lazy\" decoding=\"async\" aria-describedby=\"caption-attachment-540025\" class=\"wp-image-540025 size-custom-big-size\" src=\"https:\/\/diarioelpopular.com\/wp-content\/uploads\/2026\/01\/Screen-Shot-2026-01-07-at-10.36.32-AM-1200x773.png\" alt=\"\" width=\"1200\" height=\"773\" srcset=\"https:\/\/diarioelpopular.com\/wp-content\/uploads\/2026\/01\/Screen-Shot-2026-01-07-at-10.36.32-AM-1200x773.png 1200w, https:\/\/diarioelpopular.com\/wp-content\/uploads\/2026\/01\/Screen-Shot-2026-01-07-at-10.36.32-AM-300x193.png 300w, https:\/\/diarioelpopular.com\/wp-content\/uploads\/2026\/01\/Screen-Shot-2026-01-07-at-10.36.32-AM-768x495.png 768w, https:\/\/diarioelpopular.com\/wp-content\/uploads\/2026\/01\/Screen-Shot-2026-01-07-at-10.36.32-AM-85x55.png 85w, https:\/\/diarioelpopular.com\/wp-content\/uploads\/2026\/01\/Screen-Shot-2026-01-07-at-10.36.32-AM-636x410.png 636w, https:\/\/diarioelpopular.com\/wp-content\/uploads\/2026\/01\/Screen-Shot-2026-01-07-at-10.36.32-AM-113x73.png 113w, https:\/\/diarioelpopular.com\/wp-content\/uploads\/2026\/01\/Screen-Shot-2026-01-07-at-10.36.32-AM.png 1024w\" sizes=\"auto, (max-width: 1200px) 100vw, 1200px\" \/><p id=\"caption-attachment-540025\" class=\"wp-caption-text\">Tom\u00e1s G\u00e1lvez Villegas en una conferencia de prensa, este martes. Foto Fiscal\u00eda de Per\u00fa<\/p><\/div>\n<p>&nbsp;<\/p>\n<p>&nbsp;<\/p>\n<ul>\n<li><em><strong>Las unidades que revelaron el pago de sobornos por parte de Odebrecht y fundamentaron la condena a tres expresidentes, entre otros hechos, son desactivadas por el fiscal Tom\u00e1s G\u00e1lvez<\/strong><\/em><\/li>\n<\/ul>\n<p>&nbsp;<\/p>\n<p class=\"\">Entre la Navidad y el A\u00f1o Nuevo,\u00a0<a title=\"https:\/\/elpais.com\/america\/2025-10-11\/jose-jeri-un-presidente-de-transicion-en-peru-acusado-de-violencia-sexual.html\" href=\"https:\/\/elpais.com\/america\/2025-10-11\/jose-jeri-un-presidente-de-transicion-en-peru-acusado-de-violencia-sexual.html\" target=\"_self\" rel=\"\" data-link-track-dtm=\"\" data-mrf-link=\"https:\/\/elpais.com\/america\/2025-10-11\/jose-jeri-un-presidente-de-transicion-en-peru-acusado-de-violencia-sexual.html\">Tom\u00e1s Aladino G\u00e1lvez Villegas<\/a>, el fiscal nacional interino de Per\u00fa, hizo un anuncio que son\u00f3 a amenaza en un programa de televisi\u00f3n: \u201cComo estos se han considerado reyes, vamos a hacerlo el D\u00eda de la Bajada de Reyes, pero no por bajada de reyes a Jesucristo, sino porque nos bajamos a los\u00a0<i>reyes<\/i>\u201d, dijo.<\/p>\n<p class=\"\">Su alusi\u00f3n apuntaba a los fiscales Rafael Vela y Jos\u00e9 Domingo P\u00e9rez, quienes lideraron el equipo que desde hace una d\u00e9cada se encarg\u00f3 de investigar la mara\u00f1a de sobornos millonarios de\u00a0<a title=\"https:\/\/elpais.com\/internacional\/2017\/09\/29\/actualidad\/1506703470_585468.html\" href=\"https:\/\/elpais.com\/internacional\/2017\/09\/29\/actualidad\/1506703470_585468.html\" target=\"_self\" rel=\"\" data-link-track-dtm=\"\" data-mrf-link=\"https:\/\/elpais.com\/internacional\/2017\/09\/29\/actualidad\/1506703470_585468.html\">la constructora brasile\u00f1a Odebrecht<\/a>\u00a0a altos funcionarios del Ejecutivo y aspirantes al trono en el pa\u00eds.<\/p>\n<p class=\"\">Este martes 6 de enero, fecha en que los cat\u00f3licos evocan la llegada de los Reyes Magos y desarman sus pesebres, se promulgaron las resoluciones que disponen la desactivaci\u00f3n definitiva de los equipos especiales del Ministerio P\u00fablico que segu\u00edan las huellas de la corrupci\u00f3n y, adem\u00e1s, pon\u00edan la lupa en las violaciones de derechos humanos cometidas durante\u00a0<a title=\"https:\/\/elpais.com\/internacional\/2023-01-22\/la-mecha-que-incendio-peru-contra-el-gobierno-contada-por-testigos-incomodos.html\" href=\"https:\/\/elpais.com\/internacional\/2023-01-22\/la-mecha-que-incendio-peru-contra-el-gobierno-contada-por-testigos-incomodos.html\" target=\"_self\" rel=\"\" data-link-track-dtm=\"\" data-mrf-link=\"https:\/\/elpais.com\/internacional\/2023-01-22\/la-mecha-que-incendio-peru-contra-el-gobierno-contada-por-testigos-incomodos.html\">la represi\u00f3n a manifestaciones en 2022 y 2023<\/a>.<\/p>\n<p class=\"\">Se trata del Equipo Especial Lava Jato, el Equipo Especial contra la Corrupci\u00f3n del Poder (Eficcop), el grupo que investiga a la mafia Los Cuellos Blancos del Puerto y el equipo enfocado en las protestas sociales (Eficavip).<\/p>\n<p class=\"\">El desmantelamiento de estas unidades ha remecido la escena pol\u00edtica peruana con interrogantes sobre el trasfondo de la medida y dudas acerca de c\u00f3mo continuar\u00e1n los procesos que involucran a expresidentes, pol\u00edticos, magistrados y empresarios.<\/p>\n<p class=\"\">G\u00e1lvez Villegas, quien en septiembre asumi\u00f3 transitoriamente como fiscal de la Naci\u00f3n, aduce que su decisi\u00f3n se sustenta en que estos grupos \u201cno han dado los resultados esperados\u201d, han generado \u201cencubrimiento, impunidad e incluso persecuci\u00f3n\u201d y, adem\u00e1s, porque se pretende unificar esfuerzos en las estrategias de persecuci\u00f3n penal.<\/p>\n<p class=\"\">Las verdaderas motivaciones de G\u00e1lvez se han puesto en tela de juicio, porque \u00e9l mismo fue investigado por uno de esos grupos especiales. Estuvo implicado en una presunta red ilegal conocida como\u00a0<i>Cuellos blancos<\/i>\u00a0y que designaba irregularmente a magistrados a cambio de favores.<\/p>\n<p class=\"\">G\u00e1lvez ha negado en reiteradas ocasiones cualquier vinculaci\u00f3n con esta mafia. En 2021 fue destituido de la Junta Nacional de Justicia por interferir en las investigaciones e incurrir en \u201cactos incompatibles con la funci\u00f3n fiscal\u201d. A mediados de 2025, en medio de irregularidades, se orden\u00f3 su restituci\u00f3n como fiscal supremo y poco meses despu\u00e9s se le design\u00f3 como reemplazante de Delia Espinoza al frente del Ministerio P\u00fablico.<\/p>\n<p class=\"\">El fiscal Jos\u00e9 Domingo P\u00e9rez \u2014apartado de la Fiscal\u00eda en 2025 por presuntas faltas administrativas\u2014 esgrimi\u00f3 una defensa de los equipos desmantelados. En un art\u00edculo publicado en el portal jur\u00eddico LP Pasi\u00f3n por el Derecho, titulado\u00a0<i>La bajada de reyes de Tom\u00e1s<\/i>, sostiene que la \u201cmagnitud de las revelaciones y las investigaciones del Equipo Especial Lava Jato\u201d despertaron el rechazo de adversarios pol\u00edticos, quienes se propusieron \u201ctumbarse el caso\u201d y \u201crestituir el menoscabado privilegio de la impunidad para los pol\u00edticos y grandes empresarios\u201d. Con ese fin, plante\u00f3, \u201cdesplegaron campa\u00f1as sumamente agresivas y voraces de falsas narrativas\u201d que estigmatizaron a los fiscales con \u201cetiquetas de terroristas y traidores a la patria\u201d.<\/p>\n<p class=\"\">\u201cEn buena cuenta, hoy por hoy, la m\u00e1s alta autoridad de los fiscales en el Per\u00fa, el hombre fuerte del Ministerio P\u00fablico, ostenta su poder y cual emperador alardea de c\u00f3mo el Equipo Especial del caso Lava Jato depende de su voluntad, arrog\u00e1ndose la prerrogativa de decidir si merece caer o sobrevivir; envolviendo el preg\u00f3n con expresiones de hostilidad y revancha contra los fiscales del caso\u201d, expresa el destituido fiscal.<\/p>\n<p class=\"\">P\u00e9rez tambi\u00e9n destaca los logros de dicha unidad: la condena de tres expresidentes del Per\u00fa: Alejandro Toledo (2001-2006),\u00a0<a title=\"https:\/\/elpais.com\/america\/2025-04-15\/condenado-a-15-anos-el-expresidente-peruano-ollanta-humala-por-recibir-aportes-ilicitos-de-odebrecht-y-el-chavismo.html\" href=\"https:\/\/elpais.com\/america\/2025-04-15\/condenado-a-15-anos-el-expresidente-peruano-ollanta-humala-por-recibir-aportes-ilicitos-de-odebrecht-y-el-chavismo.html\" target=\"_self\" rel=\"\" data-link-track-dtm=\"\" data-mrf-link=\"https:\/\/elpais.com\/america\/2025-04-15\/condenado-a-15-anos-el-expresidente-peruano-ollanta-humala-por-recibir-aportes-ilicitos-de-odebrecht-y-el-chavismo.html\">Ollanta Humala (2011-2016)<\/a>\u00a0y Mart\u00edn Vizcarra (2018-2021), 62 sentencias por procesos de colaboraci\u00f3n eficaz y multas por conceptos de reparaci\u00f3n civil por encima de los 4 mil millones de soles (1.400 millones de d\u00f3lares).<\/p>\n<p class=\"\">Con la desactivaci\u00f3n de los equipos especiales, las investigaciones se trasladar\u00e1n a fiscal\u00edas ordinarias. El gran temor es que signifique un retroceso en la b\u00fasqueda de justicia. La Coordinadora Nacional de Derechos Humanos considera que lo sucedido \u201cconstituye un quiebre institucional que debilita gravemente la lucha contra la impunidad al poner en riesgo las investigaciones en curso\u201d.<\/p>\n<p class=\"\">Este 9 de enero se cumplir\u00e1n tres a\u00f1os de la masacre de Juliaca, donde dieciocho manifestantes fueron asesinados por las fuerzas del orden. El abogado de familiares de las v\u00edctimas Juan Jos\u00e9 Quispe ha calificado esta fecha como \u201cun d\u00eda negro para la justicia y el Ministerio P\u00fablico\u201d y ha remarcado que se ha desplegado \u201cun manto de impunidad, haci\u00e9ndole creer a la poblaci\u00f3n que estos equipos se hab\u00edan politizado y no funcionaban\u201d.<\/p>\n<p class=\"\">Amnist\u00eda Internacional subraya que la creaci\u00f3n del Equipo de fiscales para casos con v\u00edctimas durante protestas sociales (Eficavip) \u201crespondi\u00f3 a la necesidad de contar con fiscales especializados en derechos humanos a dedicaci\u00f3n exclusiva\u201d. \u201cA tres a\u00f1os de los asesinatos, instamos a las autoridades a fortalecer y no debilitar las investigaciones\u201d, manifiesta.<\/p>\n<p class=\"\">Por otro lado, el presidente del Congreso, Fernando Rospigliosi, felicit\u00f3 a Tom\u00e1s G\u00e1lvez Villegas por disolver a los equipos especiales pues, a su juicio, \u201cfueron un instrumento de la mafia caviar para la persecuci\u00f3n pol\u00edtica de sus adversarios\u201d. En tanto, la abogada Elizabeth Zea sostuvo que \u201cla desactivaci\u00f3n es correcta porque los equipos especiales son de naturaleza temporal, se crean para la etapa preliminar de la investigaci\u00f3n y obedecen a una finalidad, la cual claramente no han cumplido\u201d.<\/p>\n","protected":false},"excerpt":{"rendered":"<p>&nbsp; &nbsp; Las unidades que revelaron el pago de sobornos por parte de Odebrecht y fundamentaron la condena a tres expresidentes, entre otros hechos, son&hellip;<\/p>\n","protected":false},"author":99,"featured_media":540025,"comment_status":"open","ping_status":"open","sticky":false,"template":"","format":"standard","meta":{"footnotes":""},"categories":[23],"tags":[],"class_list":["post-540024","post","type-post","status-publish","format-standard","has-post-thumbnail","hentry","category-latinoamerica"],"_links":{"self":[{"href":"https:\/\/diarioelpopular.com\/index.php\/wp-json\/wp\/v2\/posts\/540024","targetHints":{"allow":["GET"]}}],"collection":[{"href":"https:\/\/diarioelpopular.com\/index.php\/wp-json\/wp\/v2\/posts"}],"about":[{"href":"https:\/\/diarioelpopular.com\/index.php\/wp-json\/wp\/v2\/types\/post"}],"author":[{"embeddable":true,"href":"https:\/\/diarioelpopular.com\/index.php\/wp-json\/wp\/v2\/users\/99"}],"replies":[{"embeddable":true,"href":"https:\/\/diarioelpopular.com\/index.php\/wp-json\/wp\/v2\/comments?post=540024"}],"version-history":[{"count":1,"href":"https:\/\/diarioelpopular.com\/index.php\/wp-json\/wp\/v2\/posts\/540024\/revisions"}],"predecessor-version":[{"id":540026,"href":"https:\/\/diarioelpopular.com\/index.php\/wp-json\/wp\/v2\/posts\/540024\/revisions\/540026"}],"wp:featuredmedia":[{"embeddable":true,"href":"https:\/\/diarioelpopular.com\/index.php\/wp-json\/wp\/v2\/media\/540025"}],"wp:attachment":[{"href":"https:\/\/diarioelpopular.com\/index.php\/wp-json\/wp\/v2\/media?parent=540024"}],"wp:term":[{"taxonomy":"category","embeddable":true,"href":"https:\/\/diarioelpopular.com\/index.php\/wp-json\/wp\/v2\/categories?post=540024"},{"taxonomy":"post_tag","embeddable":true,"href":"https:\/\/diarioelpopular.com\/index.php\/wp-json\/wp\/v2\/tags?post=540024"}],"curies":[{"name":"wp","href":"https:\/\/api.w.org\/{rel}","templated":true}]}}