{"id":540032,"date":"2026-01-07T11:59:43","date_gmt":"2026-01-07T15:59:43","guid":{"rendered":"https:\/\/diarioelpopular.com\/?p=540032"},"modified":"2026-01-07T11:59:43","modified_gmt":"2026-01-07T15:59:43","slug":"ee-uu-esta-considera-opciones-para-adquirir-groenlandia-incluido-el-uso-del-ejercito-canada-guarda-silencio","status":"publish","type":"post","link":"https:\/\/diarioelpopular.com\/index.php\/2026\/01\/07\/ee-uu-esta-considera-opciones-para-adquirir-groenlandia-incluido-el-uso-del-ejercito-canada-guarda-silencio\/","title":{"rendered":"EE.UU. est\u00e1 considera opciones para adquirir Groenlandia, incluido el uso del ej\u00e9rcito. Canad\u00e1 guarda silencio"},"content":{"rendered":"<p><img loading=\"lazy\" decoding=\"async\" class=\"alignnone size-custom-full-size wp-image-540033\" src=\"https:\/\/diarioelpopular.com\/wp-content\/uploads\/2026\/01\/Screen-Shot-2026-01-07-at-10.59.09-AM-636x406.png\" alt=\"\" width=\"636\" height=\"406\" srcset=\"https:\/\/diarioelpopular.com\/wp-content\/uploads\/2026\/01\/Screen-Shot-2026-01-07-at-10.59.09-AM-636x406.png 636w, https:\/\/diarioelpopular.com\/wp-content\/uploads\/2026\/01\/Screen-Shot-2026-01-07-at-10.59.09-AM-300x192.png 300w, https:\/\/diarioelpopular.com\/wp-content\/uploads\/2026\/01\/Screen-Shot-2026-01-07-at-10.59.09-AM-768x491.png 768w, https:\/\/diarioelpopular.com\/wp-content\/uploads\/2026\/01\/Screen-Shot-2026-01-07-at-10.59.09-AM-85x55.png 85w, https:\/\/diarioelpopular.com\/wp-content\/uploads\/2026\/01\/Screen-Shot-2026-01-07-at-10.59.09-AM-114x73.png 114w, https:\/\/diarioelpopular.com\/wp-content\/uploads\/2026\/01\/Screen-Shot-2026-01-07-at-10.59.09-AM.png 864w\" sizes=\"auto, (max-width: 636px) 100vw, 636px\" \/><\/p>\n<p>&nbsp;<\/p>\n<div class=\"css-1k9op6x e17x9cvu0\" dir=\"ltr\">\n<ul>\n<li class=\"css-s4cjt0 e1yuyadm0\" dir=\"ltr\"><em><b>Donald Trump ha estado considerando &#8220;diversas opciones&#8221; para adquirir Groenlandia, incluido el uso de las fuerzas armadas, seg\u00fan inform\u00f3 la Casa Blanca.<\/b><\/em><\/li>\n<\/ul>\n<\/div>\n<div class=\"css-1k9op6x e17x9cvu0\" dir=\"ltr\">\n<p dir=\"ltr\">\n<p class=\"css-s4cjt0 e1yuyadm0\" dir=\"ltr\">En un comunicado, la Casa Blanca declar\u00f3 que la adquisici\u00f3n de Groenlandia era una &#8220;prioridad de seguridad nacional&#8221;.<\/p>\n<\/div>\n<div class=\"css-1k9op6x e17x9cvu0\" dir=\"ltr\">\n<p class=\"css-s4cjt0 e1yuyadm0\" dir=\"ltr\">Esto ocurre despu\u00e9s de que Trump reiterara durante el fin de semana que Estados Unidos &#8220;necesitaba&#8221; Groenlandia, una regi\u00f3n semiaut\u00f3noma de Dinamarca, pa\u00eds miembro de la OTAN, por motivos de seguridad.<\/p>\n<\/div>\n<div class=\"css-1k9op6x e17x9cvu0\" dir=\"ltr\">\n<p class=\"css-s4cjt0 e1yuyadm0\" dir=\"ltr\">El comunicado de la Casa Blanca se emiti\u00f3 horas despu\u00e9s de que los l\u00edderes europeos mostraran su total apoyo a Dinamarca, cuya primera ministra, Mette Frederiksen, advirti\u00f3 a Trump que cualquier ataque por parte de Estados Unidos supondr\u00eda el fin de la OTAN y por consiguiente una guerra.<\/p>\n<\/div>\n<div class=\"css-1k9op6x e17x9cvu0\" dir=\"ltr\">\n<p class=\"css-s4cjt0 e1yuyadm0\" dir=\"ltr\">La Casa Blanca declar\u00f3 el martes: &#8220;El presidente y su equipo est\u00e1n analizando diversas opciones para alcanzar este importante objetivo de pol\u00edtica exterior y, por supuesto, el uso de las fuerzas armadas estadounidenses siempre es una opci\u00f3n a disposici\u00f3n del Comandante en Jefe&#8221;.<\/p>\n<\/div>\n<section class=\"css-1s6hekm\" role=\"region\" aria-label=\"Publicidad 2\" aria-hidden=\"true\" data-e2e=\"advertisement\">\n<div id=\"dotcom-mpu\" class=\"dotcom-ad active\" aria-hidden=\"true\">\n<div class=\"dotcom-ad-inner\"><\/div>\n<\/div>\n<\/section>\n<div class=\"css-1k9op6x e17x9cvu0\" dir=\"ltr\">\n<p class=\"css-s4cjt0 e1yuyadm0\" dir=\"ltr\">Horas antes, seis aliados europeos se hab\u00edan unido para apoyar a Dinamarca.<\/p>\n<\/div>\n<div class=\"css-1k9op6x e17x9cvu0\" dir=\"ltr\">\n<p class=\"css-s4cjt0 e1yuyadm0\" dir=\"ltr\">&#8220;Groenlandia pertenece a su pueblo, y solo Dinamarca y Groenlandia pueden decidir sobre los asuntos que conciernen a sus relaciones&#8221;, afirmaron los l\u00edderes del Reino Unido, Francia, Alemania, Italia, Polonia, Espa\u00f1a y Dinamarca en un comunicado conjunto.<\/p>\n<\/div>\n<div class=\"css-1k9op6x e17x9cvu0\" dir=\"ltr\">\n<p class=\"css-s4cjt0 e1yuyadm0\" dir=\"ltr\">La cuesti\u00f3n del futuro de Groenlandia resurgi\u00f3 a ra\u00edz de la intervenci\u00f3n militar de Estados Unidos en Venezuela, en la que tropas estadounidenses capturaron al presidente del pa\u00eds, Nicol\u00e1s Maduro, y lo llevaron a Nueva York para enfrentar cargos por drogas y armas.<\/p>\n<\/div>\n<div class=\"css-1k9op6x e17x9cvu0\" dir=\"ltr\">\n<p class=\"css-s4cjt0 e1yuyadm0\" dir=\"ltr\">Tras la incursi\u00f3n del pasado 3 de enero, Trump dijo que Estados Unidos &#8220;gobernar\u00e1&#8221; Venezuela por un periodo de tiempo que no especific\u00f3.<\/p>\n<\/div>\n<div class=\"css-1k9op6x e17x9cvu0\" dir=\"ltr\">\n<p class=\"css-s4cjt0 e1yuyadm0\" dir=\"ltr\">Tambi\u00e9n afirm\u00f3 que Estados Unidos regresar\u00eda a una pol\u00edtica de 1823 de supremac\u00eda estadounidense en su esfera de influencia en el hemisferio occidental, y advirti\u00f3 a varios pa\u00edses que Washington podr\u00eda centrar su atenci\u00f3n en ellos.<\/p>\n<p dir=\"ltr\">\n<\/div>\n<figure class=\"css-1qn0xuy\">\n<div class=\"css-1jir9cx\">\n<div style=\"width: 986px\" class=\"wp-caption alignnone\"><img loading=\"lazy\" decoding=\"async\" class=\"css-1seqhu9\" src=\"https:\/\/ichef.bbci.co.uk\/ace\/ws\/640\/cpsprodpb\/f4d0\/live\/365ad2f0-eb23-11f0-b5f7-49f0357294ff.png.webp\" alt=\"Una estatua sobre un monumento cubierto por el hielo en Nuuk, Groenlandia. Sobre ella ondea la bandera de Dinamarca. \" width=\"976\" height=\"511\" \/><p class=\"wp-caption-text\">Fuente de la imagen,Marko Djurica \/ Reuters. Groenlandia es un territorio semiaut\u00f3nomo de Dinamarca.<\/p><\/div>\n<p class=\"css-by8ykd\" role=\"text\">\n<\/div>\n<\/figure>\n<div class=\"css-1k9op6x e17x9cvu0\" dir=\"ltr\">\n<h2 id=\"PRONTO\" class=\"css-jtxtr9 emoh99e1\" tabindex=\"-1\">&#8220;PRONTO&#8221;<\/h2>\n<\/div>\n<div class=\"css-1k9op6x e17x9cvu0\" dir=\"ltr\">\n<p class=\"css-s4cjt0 e1yuyadm0\" dir=\"ltr\">La incursi\u00f3n militar de EE.UU. en Venezuela ha reavivado los temores de que Washington pueda considerar el uso de la fuerza para asegurar el control de Groenlandia.<\/p>\n<\/div>\n<div class=\"css-1k9op6x e17x9cvu0\" dir=\"ltr\">\n<p class=\"css-s4cjt0 e1yuyadm0\" dir=\"ltr\">Un d\u00eda despu\u00e9s del operativo, Katie Miller, esposa de uno de los asesores principales de Trump, public\u00f3 en redes sociales un mapa de Groenlandia con los colores de la bandera estadounidense, junto a la palabra &#8220;PRONTO&#8221;.<\/p>\n<\/div>\n<div class=\"css-1k9op6x e17x9cvu0\" dir=\"ltr\">\n<p class=\"css-s4cjt0 e1yuyadm0\" dir=\"ltr\">El lunes, su esposo, Stephen Miller, afirm\u00f3 que es &#8220;la posici\u00f3n formal del gobierno de EE.UU. que Groenlandia deber\u00eda ser parte de Estados Unidos&#8221;.<\/p>\n<\/div>\n<div class=\"css-1k9op6x e17x9cvu0\" dir=\"ltr\">\n<p class=\"css-s4cjt0 e1yuyadm0\" dir=\"ltr\">En una entrevista con CNN, Miller se\u00f1al\u00f3 que Estados Unidos &#8220;es la potencia de la OTAN&#8221;.<\/p>\n<\/div>\n<div class=\"css-1k9op6x e17x9cvu0\" dir=\"ltr\">\n<p class=\"css-s4cjt0 e1yuyadm0\" dir=\"ltr\">&#8220;Para que EE.UU. asegure la regi\u00f3n del \u00c1rtico, para proteger y defender a la OTAN y los intereses de la OTAN, obviamente Groenlandia deber\u00eda ser parte de EE.UU.&#8221;, dijo.<\/p>\n<\/div>\n<div class=\"css-1k9op6x e17x9cvu0\" dir=\"ltr\">\n<p class=\"css-s4cjt0 e1yuyadm0\" dir=\"ltr\">Al ser consultado repetidamente sobre si Estados Unidos descartar\u00eda el uso de la fuerza para anexarla, Miller respondi\u00f3: &#8220;Nadie va a atrever a pelear contra Estados Unidos por el futuro de Groenlandia&#8221;.<\/p>\n<\/div>\n<div class=\"css-1k9op6x e17x9cvu0\" dir=\"ltr\">\n<p class=\"css-s4cjt0 e1yuyadm0\" dir=\"ltr\">Subrayando que est\u00e1n tan interesados como EE.UU. en la seguridad del \u00c1rtico, los siete firmantes europeos de la declaraci\u00f3n conjunta del martes dijeron que esto debe lograrse por los aliados de la OTAN, incluyendo a EE.UU., de manera &#8220;colectiva&#8221;, mientras se &#8220;mantienen los principios de la Carta de la ONU, incluyendo la soberan\u00eda, la integridad territorial y la inviolabilidad de las fronteras&#8221;. Canad\u00e1, el principal involucrado, no ha emitido declaraciones.<\/p>\n<\/div>\n<div class=\"css-1k9op6x e17x9cvu0\" dir=\"ltr\">\n<p class=\"css-s4cjt0 e1yuyadm0\" dir=\"ltr\">El primer ministro de Groenlandia, Jens-Frederik Nielsen, celebr\u00f3 la declaraci\u00f3n europea y pidi\u00f3 un &#8220;di\u00e1logo respetuoso&#8221;.<\/p>\n<\/div>\n<div class=\"css-1k9op6x e17x9cvu0\" dir=\"ltr\">\n<p class=\"css-s4cjt0 e1yuyadm0\" dir=\"ltr\">&#8220;El di\u00e1logo debe llevarse a cabo respetando el hecho de que el estatus de Groenlandia est\u00e1 arraigado en el derecho internacional y en el principio de integridad territorial&#8221;, afirm\u00f3 Nielsen.<\/p>\n<\/div>\n<div class=\"css-1k9op6x e17x9cvu0\" dir=\"ltr\">\n<h2 id=\"Oposici\u00f3n-en-Groenlandia\" class=\"css-jtxtr9 emoh99e1\" tabindex=\"-1\">Oposici\u00f3n en Groenlandia<\/h2>\n<\/div>\n<figure class=\"css-1qn0xuy\">\n<div class=\"css-1jir9cx\">\n<div style=\"width: 874px\" class=\"wp-caption alignnone\"><img loading=\"lazy\" decoding=\"async\" class=\"css-1seqhu9\" src=\"https:\/\/ichef.bbci.co.uk\/ace\/ws\/640\/cpsprodpb\/6772\/live\/ee624f70-eb1b-11f0-a935-e16fc33d91b4.jpg.webp\" alt=\"Un hombre sentado sobre un trineo en una superficie helada come con una cuchara. \" width=\"864\" height=\"486\" \/><p class=\"wp-caption-text\">Morgan Angaju es uno de los groenlandeses que no quiere que la isla pase a pertenecer a Estados Unidos.<\/p><\/div>\n<\/div><figcaption class=\"css-15f1ujd\" dir=\"ltr\"><\/figcaption><\/figure>\n<div class=\"css-1k9op6x e17x9cvu0\" dir=\"ltr\">\n<p dir=\"ltr\">\n<p class=\"css-s4cjt0 e1yuyadm0\" dir=\"ltr\">Trump ha afirmado que integrar a Groenlandia en Estados Unidos servir\u00eda a los intereses de seguridad estadounidenses debido a su ubicaci\u00f3n estrat\u00e9gica y a su abundancia de minerales fundamentales para los sectores de alta tecnolog\u00eda.<\/p>\n<\/div>\n<div class=\"css-1k9op6x e17x9cvu0\" dir=\"ltr\">\n<p class=\"css-s4cjt0 e1yuyadm0\" dir=\"ltr\">La reciente decisi\u00f3n del gobierno de Trump de nombrar un enviado especial para Groenlandia provoc\u00f3 indignaci\u00f3n en Dinamarca.<\/p>\n<\/div>\n<div class=\"css-1k9op6x e17x9cvu0\" dir=\"ltr\">\n<p class=\"css-s4cjt0 e1yuyadm0\" dir=\"ltr\">Con una poblaci\u00f3n de 57.000 personas, Groenlandia cuenta con un amplio autogobierno desde 1979, aunque la defensa y la pol\u00edtica exterior permanecen en manos danesas.<\/p>\n<\/div>\n<div class=\"css-1k9op6x e17x9cvu0\" dir=\"ltr\">\n<p class=\"css-s4cjt0 e1yuyadm0\" dir=\"ltr\">Si bien las encuestas muestran que una mayor\u00eda de los groenlandeses abogan por una eventual independencia de Dinamarca, tambi\u00e9n reflejan una oposici\u00f3n abrumadora a convertirse en parte de Estados Unidos.<\/p>\n<\/div>\n<div class=\"css-1k9op6x e17x9cvu0\" dir=\"ltr\">\n<p class=\"css-s4cjt0 e1yuyadm0\" dir=\"ltr\">Morgan Angaju, un inuit de 27 a\u00f1os que vive en Ilulissat, en el oeste del territorio, dijo a que fue &#8220;aterrador escuchar al l\u00edder del mundo libre ri\u00e9ndose y burl\u00e1ndose de Dinamarca y Groenlandia, y simplemente hablando de nosotros como si fu\u00e9ramos algo que reclamar&#8221;.<\/p>\n<\/div>\n<div class=\"css-1k9op6x e17x9cvu0\" dir=\"ltr\">\n<p class=\"css-s4cjt0 e1yuyadm0\" dir=\"ltr\">&#8220;Ya somos reclamados por el pueblo groenland\u00e9s.\u00a0<i class=\"css-6whwaq e1vymu7d0\">Kalaallit Nunaat<\/i>\u00a0significa la tierra del pueblo groenland\u00e9s&#8221;, dijo Morgan.<\/p>\n<\/div>\n<div class=\"css-1k9op6x e17x9cvu0\" dir=\"ltr\">\n<p class=\"css-s4cjt0 e1yuyadm0\" dir=\"ltr\">A\u00f1adi\u00f3 que est\u00e1 preocupado por lo que pueda suceder despu\u00e9s, pregunt\u00e1ndose si el primer ministro de Groenlandia podr\u00eda correr la misma suerte que Maduro, o incluso plante\u00e1ndose la posibilidad de que EE.UU. &#8220;invada nuestro pa\u00eds&#8221;.<\/p>\n<\/div>\n","protected":false},"excerpt":{"rendered":"<p>&nbsp; Donald Trump ha estado considerando &#8220;diversas opciones&#8221; para adquirir Groenlandia, incluido el uso de las fuerzas armadas, seg\u00fan inform\u00f3 la Casa Blanca. En un&hellip;<\/p>\n","protected":false},"author":99,"featured_media":540033,"comment_status":"open","ping_status":"open","sticky":false,"template":"","format":"standard","meta":{"footnotes":""},"categories":[24],"tags":[],"class_list":["post-540032","post","type-post","status-publish","format-standard","has-post-thumbnail","hentry","category-mundo"],"_links":{"self":[{"href":"https:\/\/diarioelpopular.com\/index.php\/wp-json\/wp\/v2\/posts\/540032","targetHints":{"allow":["GET"]}}],"collection":[{"href":"https:\/\/diarioelpopular.com\/index.php\/wp-json\/wp\/v2\/posts"}],"about":[{"href":"https:\/\/diarioelpopular.com\/index.php\/wp-json\/wp\/v2\/types\/post"}],"author":[{"embeddable":true,"href":"https:\/\/diarioelpopular.com\/index.php\/wp-json\/wp\/v2\/users\/99"}],"replies":[{"embeddable":true,"href":"https:\/\/diarioelpopular.com\/index.php\/wp-json\/wp\/v2\/comments?post=540032"}],"version-history":[{"count":1,"href":"https:\/\/diarioelpopular.com\/index.php\/wp-json\/wp\/v2\/posts\/540032\/revisions"}],"predecessor-version":[{"id":540034,"href":"https:\/\/diarioelpopular.com\/index.php\/wp-json\/wp\/v2\/posts\/540032\/revisions\/540034"}],"wp:featuredmedia":[{"embeddable":true,"href":"https:\/\/diarioelpopular.com\/index.php\/wp-json\/wp\/v2\/media\/540033"}],"wp:attachment":[{"href":"https:\/\/diarioelpopular.com\/index.php\/wp-json\/wp\/v2\/media?parent=540032"}],"wp:term":[{"taxonomy":"category","embeddable":true,"href":"https:\/\/diarioelpopular.com\/index.php\/wp-json\/wp\/v2\/categories?post=540032"},{"taxonomy":"post_tag","embeddable":true,"href":"https:\/\/diarioelpopular.com\/index.php\/wp-json\/wp\/v2\/tags?post=540032"}],"curies":[{"name":"wp","href":"https:\/\/api.w.org\/{rel}","templated":true}]}}