{"id":540051,"date":"2026-01-08T10:47:04","date_gmt":"2026-01-08T14:47:04","guid":{"rendered":"https:\/\/diarioelpopular.com\/?p=540051"},"modified":"2026-01-08T10:47:04","modified_gmt":"2026-01-08T14:47:04","slug":"un-agente-del-ice-mata-a-una-mujer-durante-el-enorme-despliegue-migratorio-en-minneapolis","status":"publish","type":"post","link":"https:\/\/diarioelpopular.com\/index.php\/2026\/01\/08\/un-agente-del-ice-mata-a-una-mujer-durante-el-enorme-despliegue-migratorio-en-minneapolis\/","title":{"rendered":"Un agente del ICE mata a una mujer durante el enorme despliegue migratorio en Minneapolis"},"content":{"rendered":"<div id=\"attachment_540052\" style=\"width: 1210px\" class=\"wp-caption alignnone\"><img loading=\"lazy\" decoding=\"async\" aria-describedby=\"caption-attachment-540052\" class=\"wp-image-540052 size-custom-big-size\" src=\"https:\/\/diarioelpopular.com\/wp-content\/uploads\/2026\/01\/Screen-Shot-2026-01-08-at-9.45.17-AM-1200x668.png\" alt=\"\" width=\"1200\" height=\"668\" srcset=\"https:\/\/diarioelpopular.com\/wp-content\/uploads\/2026\/01\/Screen-Shot-2026-01-08-at-9.45.17-AM-1200x668.png 1200w, https:\/\/diarioelpopular.com\/wp-content\/uploads\/2026\/01\/Screen-Shot-2026-01-08-at-9.45.17-AM-300x167.png 300w, https:\/\/diarioelpopular.com\/wp-content\/uploads\/2026\/01\/Screen-Shot-2026-01-08-at-9.45.17-AM-768x428.png 768w, https:\/\/diarioelpopular.com\/wp-content\/uploads\/2026\/01\/Screen-Shot-2026-01-08-at-9.45.17-AM-636x354.png 636w, https:\/\/diarioelpopular.com\/wp-content\/uploads\/2026\/01\/Screen-Shot-2026-01-08-at-9.45.17-AM-131x73.png 131w, https:\/\/diarioelpopular.com\/wp-content\/uploads\/2026\/01\/Screen-Shot-2026-01-08-at-9.45.17-AM.png 1024w\" sizes=\"auto, (max-width: 1200px) 100vw, 1200px\" \/><p id=\"caption-attachment-540052\" class=\"wp-caption-text\">Zona del asesinato en Minneapolis, este mi\u00e9rcoles. Foto: Tim Evans (Reuters) | V\u00eddeo: AP<\/p><\/div>\n<p>&nbsp;<\/p>\n<p>&nbsp;<\/p>\n<ul>\n<li><em><strong>Contrario a los v\u00eddeos publicados en redes sociales, Trump y el DHS mienten, acusando a la mujer de intentar atropellar a oficiales antes de ser tiroteada, mientras las protestas contra las redadas dan paso a una vigilia por la v\u00edctima despu\u00e9s de que el gobernador declarara el estado de emergencia<\/strong><\/em><\/li>\n<\/ul>\n<p>&nbsp;<\/p>\n<p class=\"\">Un enmascarado agente del ICE ha matado a una mujer durante <a title=\"https:\/\/elpais.com\/us\/migracion\/2026-01-05\/la-administracion-trump-envia-unos-2000-agentes-federales-a-las-ciudades-gemelas-de-\" href=\"https:\/\/elpais.com\/us\/migracion\/2026-01-05\/la-administracion-trump-envia-unos-2000-agentes-federales-a-las-ciudades-gemelas-de-\" target=\"_self\" rel=\"\" data-link-track-dtm=\"\" data-mrf-link=\"https:\/\/elpais.com\/us\/migracion\/2026-01-05\/la-administracion-trump-envia-unos-2000-agentes-federales-a-las-ciudades-gemelas-de-\">el enorme despliegue migratorio en Minneapolis<\/a>\u00a0este mi\u00e9rcoles.<\/p>\n<p class=\"\">El Departamento de Seguridad Nacional (DHS) ha confirmado el tiroteo y la muerte de la mujer, a quien, para justificar el asesinato, ha acusado de \u201cterrorismo dom\u00e9stico\u201d e intentar atropellar a oficiales que participaban en una redada. La mujer, seg\u00fan reportes iniciales, era una observadora civil ciudadana estadounidense de 37 a\u00f1os, parte de<a title=\"https:\/\/elpais.com\/us\/migracion\/2025-12-08\/estados-unidos-se-entrena-para-enfrentar-al-ice-se-ha-pasado-del-miedo-a-la-accion.html\" href=\"https:\/\/elpais.com\/us\/migracion\/2025-12-08\/estados-unidos-se-entrena-para-enfrentar-al-ice-se-ha-pasado-del-miedo-a-la-accion.html\" target=\"_self\" rel=\"\" data-link-track-dtm=\"\" data-mrf-link=\"https:\/\/elpais.com\/us\/migracion\/2025-12-08\/estados-unidos-se-entrena-para-enfrentar-al-ice-se-ha-pasado-del-miedo-a-la-accion.html\">\u00a0los esfuerzos de la comunidad para vigilar el comportamiento de los agentes federales<\/a>\u00a0durante los operativos migratorios. Las protestas crecientes tras esta muerte han llevado al Estado a declarar el estado de emergencia.<\/p>\n<p class=\"\">El gobernador de Minnesota, Tim Walz, que fue el candidato vicepresidencial que acompa\u00f1\u00f3 a Kamala Harris en las \u00adelecciones de 2024, ha declarado la emergencia y anunciado medidas para \u201cestar listos\u201d tras la agitaci\u00f3n y la escalada de las protestas en las calles; adem\u00e1s del recuerdo de las movilizaciones masivas en el verano de 2020 despu\u00e9s de la muerte del afroamericano George Floyd a manos de la Polic\u00eda.<\/p>\n<p class=\"\">\u201cHemos activado el Centro de Operaciones de Emergencia Estatal y alistado a la Guardia Nacional, que est\u00e1 en contacto con el Departamento de Polic\u00eda de Minneapolis\u201d, afirm\u00f3 Walz. Pasadas las 6 de la tarde, hora local, las protestas se disiparon y dieron paso a una vigila multitudinaria por la v\u00edctima en el lugar donde ocurri\u00f3 el suceso.<\/p>\n<p class=\"\">Trump se pronunci\u00f3 al respecto varias horas m\u00e1s tarde a trav\u00e9s de una publicaci\u00f3n en su red social, Truth. \u201cAcabo de ver el v\u00eddeo del suceso que tuvo lugar en Minneapolis, Minnesota. Es horrible verlo. La mujer que gritaba era, obviamente, una agitadora profesional, y la mujer que conduc\u00eda el veh\u00f3culo se comport\u00f3 de forma muy desordenada, obstruyendo y resisti\u00e9ndose, y luego atropell\u00f3 de forma violenta, deliberada y cruel al agente del ICE, que parece haberle disparado en defensa propia. Seg\u00fan el v\u00eddeo adjunto, cuesta creer que est\u00e9 vivo, pero ahora se est\u00e1 recuperando en el hospital\u201d, ha asegurado el presidente. Es la primera vez que se menciona que un agente supuestamente result\u00f3 herido y en los v\u00eddeos distribuidos por redes sociales no se ve que ning\u00fan oficial haya sido lastimado. Por el contrario, se ve al agresor caminando tranquilamente. Toda una mentira desde lo m\u00e1s alto del gobierno.<\/p>\n<p class=\"\">\u201cSe est\u00e1 estudiando la situaci\u00f3n en su totalidad, pero la raz\u00f3n por la que se producen estos incidentes es porque la izquierda radical amenaza, agrede y ataca a nuestros agentes del orden y agentes del ICE a diario. Solo est\u00e1n tratando de hacer su trabajo de MANTENER LA SEGURIDAD EN ESTADOS UNIDOS. \u00a1Debemos apoyar y proteger a nuestros agentes del orden frente a este movimiento radical de izquierda que promueve la violencia y el odio!\u201c, contin\u00faa la odiosa publicaci\u00f3n, en consonancia con <a title=\"https:\/\/elpais.com\/us\/migracion\/2025-09-25\/la-victimizacion-de-los-agentes-del-ice-la-nueva-bandera-de-trump-para-promover-el-terror-migratorio.html\" href=\"https:\/\/elpais.com\/us\/migracion\/2025-09-25\/la-victimizacion-de-los-agentes-del-ice-la-nueva-bandera-de-trump-para-promover-el-terror-migratorio.html\" target=\"_self\" rel=\"\" data-link-track-dtm=\"\" data-mrf-link=\"https:\/\/elpais.com\/us\/migracion\/2025-09-25\/la-victimizacion-de-los-agentes-del-ice-la-nueva-bandera-de-trump-para-promover-el-terror-migratorio.html\">las acusaciones reiteradas del DHS de que los agentes del ICE est\u00e1n siendo sujetos a ataques reiterados.<\/a><\/p>\n<p class=\"\">La secretaria de Seguridad Nacional, Kristi Noem, se traslad\u00f3 a Minneapolis en la tarde del mi\u00e9rcoles y ofreci\u00f3 una rueda de prensa en la que mantuvo la misma l\u00ednea oficial del Gobierno y acus\u00f3 a la v\u00edctima de haber estado \u201cacosando\u201d a los agentes migratorios. Asimismo, defendi\u00f3 el uso de la fuerza letal y asegur\u00f3 que los agentes tienen permitido disparar si est\u00e1n siendo amenazados por un arma, lo cual incluye un veh\u00edculo. En esa l\u00ednea, asegur\u00f3 que instar\u00eda al Departamento de Justicia a fiscalizar este tipo de incidentes como casos de terrorismo dom\u00e9stico. Una t\u00e1ctica para intentar asustar a la poblaci\u00f3n.<\/p>\n<p class=\"\">Tim Walz ha llamado a la poblaci\u00f3n a \u201cno creer esta m\u00e1quina de propaganda\u201d, en respuesta a las acusaciones del DHS. \u201cEl Estado garantizar\u00e1 que se lleve a cabo una investigaci\u00f3n completa, imparcial y r\u00e1pida para garantizar la rendici\u00f3n de cuentas y la justicia\u201d, ha agregado.<\/p>\n<p class=\"\">En v\u00eddeos compartidos en redes sociales, se puede ver claramente que la mujer estaba tras el volante de una camioneta que estaba obstruyendo el paso de los veh\u00edculos de los agentes. Cuando un oficial se acerca al veh\u00edculo, que tiene la ventana abierta, e intenta abrir la puerta, la camioneta primero retrocede un poco y luego intenta avanzar en direcci\u00f3n opuesta. En ese momento, otro oficial, que estaba parado enfrente del carro, dispara tres veces a la conductora. La camioneta avanza unos metros m\u00e1s antes de estrellarse contra otros veh\u00edculos que estaban estacionados.<\/p>\n<p class=\"\">Seg\u00fan m\u00faltiples testigos citados por medios locales, la mujer luego fue sacada de su veh\u00edculo y se vio a los param\u00e9dicos practic\u00e1ndole la reanimaci\u00f3n cardiopulmonar. Finalmente, fue trasladada del lugar del suceso. El tiroteo est\u00e1 siendo investigado por el FBI y la Oficina de Detenci\u00f3n Criminal de Minnesota.<\/p>\n<figure class=\"a_m\">\n<div class=\"videoTop videoTop-v\">\n<div id=\"video_20260107211046931\" class=\" core_player_container \">\n<div id=\"player_alfa_inner\" class=\"core_inner\">\n<div class=\"core_cover_container\">\n<div id=\"alfa_player_image_cover\" class=\"core_cover\"><\/div>\n<div class=\"core_cover\">\n<div id=\"ph_video_20260107211046931\" class=\"videoTop videoTop-ph\">\n<div class=\"posicionador\" role=\"button\" aria-label=\"Reproducir v\u00eddeo\" data-link-track-dtm=\"\">\n<div style=\"width: 424px\" class=\"wp-caption alignnone\"><img loading=\"lazy\" decoding=\"async\" class=\"_re lazyload a_m-h\" src=\"https:\/\/imagenes.elpais.com\/resizer\/v2\/33GY2ETNNVAATKLOBJ2FBN5KQM.JPG?auth=7944206cad7b624cdaefcc8d9ac1bb18fd71fd0409679450a30f889414f1681d&amp;width=414&amp;height=233&amp;smart=true\" sizes=\"auto, (min-width:1199px) 661px, (min-width: 1001px) calc((100vw - 385px)\/12*7 + 186px), (min-width:767px) 767px, 100vw\" srcset=\"https:\/\/imagenes.elpais.com\/resizer\/v2\/33GY2ETNNVAATKLOBJ2FBN5KQM.JPG?auth=7944206cad7b624cdaefcc8d9ac1bb18fd71fd0409679450a30f889414f1681d&amp;width=414&amp;height=233&amp;smart=true 414w,https:\/\/imagenes.elpais.com\/resizer\/v2\/33GY2ETNNVAATKLOBJ2FBN5KQM.JPG?auth=7944206cad7b624cdaefcc8d9ac1bb18fd71fd0409679450a30f889414f1681d&amp;width=828&amp;height=466&amp;smart=true 640w,https:\/\/imagenes.elpais.com\/resizer\/v2\/33GY2ETNNVAATKLOBJ2FBN5KQM.JPG?auth=7944206cad7b624cdaefcc8d9ac1bb18fd71fd0409679450a30f889414f1681d&amp;width=980&amp;height=551&amp;smart=true 1000w,https:\/\/imagenes.elpais.com\/resizer\/v2\/33GY2ETNNVAATKLOBJ2FBN5KQM.JPG?auth=7944206cad7b624cdaefcc8d9ac1bb18fd71fd0409679450a30f889414f1681d&amp;width=1200&amp;height=675&amp;smart=true 1200w\" alt=\"\" width=\"414\" height=\"233\" \/><p class=\"wp-caption-text\">&#8220;Largo de aqu\u00ed&#8221;, ha sido el mensaje del alcalde al ICE. El alcalde de Minneapolis, Jacob Frey, en una foto de archivo. Foto: Tim Evans \/ Reuters | V\u00eddeo: Reuters<\/p><\/div>\n<div class=\"_pa _df ph-v_b ph-v_b-lg\">\n<div class=\"_df ph-v_c\"><\/div>\n<\/div>\n<\/div>\n<\/div>\n<\/div>\n<\/div>\n<\/div>\n<\/div>\n<\/div><figcaption class=\"a_m_p\"><\/figcaption><\/figure>\n<p>&nbsp;<\/p>\n<p class=\"\">El tiroteo representa un importante escalamiento en medio de la m\u00e1s reciente serie de\u00a0<a title=\"https:\/\/elpais.com\/us\/migracion\/2025-12-31\/el-ascenso-meteorico-del-ice-bajo-trump.html\" href=\"https:\/\/elpais.com\/us\/migracion\/2025-12-31\/el-ascenso-meteorico-del-ice-bajo-trump.html\" target=\"_self\" rel=\"\" data-link-track-dtm=\"\" data-mrf-link=\"https:\/\/elpais.com\/us\/migracion\/2025-12-31\/el-ascenso-meteorico-del-ice-bajo-trump.html\">operativos de control migratorio<\/a>\u00a0llevados a cabo en grandes ciudades de Estados Unidos durante la Administraci\u00f3n Trump. La secretaria de Seguridad Nacional, Kristi Noem, lo ha descrito como \u201cel m\u00e1s grande de la historia\u201d.<\/p>\n<p class=\"\">Las Ciudades Gemelas de Minnesota, Minneapolis y St. Paul, han vivido un clima de tensi\u00f3n desde que el lunes se anunci\u00f3 que se iban a enviar 2.000 agentes federales para un nuevo operativo.\u00a0<span style=\"box-sizing: border-box; margin: 0px; padding: 0px;\">La ofensiva est\u00e1 relacionada en parte con\u00a0<a href=\"https:\/\/elpais.com\/internacional\/2025-12-30\/trump-convierte-una-acusacion-de-fraude-en-minnesota-en-municion-para-su-ejercito-maga-contra-los-democratas.html\" target=\"_blank\" rel=\"noopener\">las acusaciones, sin fundamento, de fraude que involucran a residentes somal\u00edes en el Estado, a los que Trump quiere como de lugar, sacar del pa\u00eds.<\/a><\/span><\/p>\n<p class=\"\">Tras el tiroteo del mi\u00e9rcoles, una multitud de manifestantes se ha concentrado en el lugar para expresar su enojo contra los agentes locales y federales presentes. Entre ellos est\u00e1\u00a0<a title=\"https:\/\/elpais.com\/us\/migracion\/2025-10-30\/gregory-bovino-el-tipo-duro-de-la-ofensiva-migratoria-de-trump.html\" href=\"https:\/\/elpais.com\/us\/migracion\/2025-10-30\/gregory-bovino-el-tipo-duro-de-la-ofensiva-migratoria-de-trump.html\" target=\"_self\" rel=\"\" data-link-track-dtm=\"\" data-mrf-link=\"https:\/\/elpais.com\/us\/migracion\/2025-10-30\/gregory-bovino-el-tipo-duro-de-la-ofensiva-migratoria-de-trump.html\">Gregory Bovino<\/a>, alto funcionario de la Oficina de Aduanas y Protecci\u00f3n Fronteriza, quien ha dirigido los agresivos operativos en Los \u00c1ngeles, Chicago y otras ciudades.<\/p>\n<p class=\"\">En un tenso ambiente, similar al observado en esas otras ciudades cuando han visto grandes redadas en sus calles, las personas presentes increparon a los oficiales enmascarados y tocaron silbatos que se han vuelto habituales en este tipo de acciones. \u201c\u00a1Verg\u00fcenza! \u00a1Verg\u00fcenza! \u00a1Verg\u00fcenza!\u201d y \u201c\u00a1ICE fuera de Minnesota!\u201d, gritaban desde detr\u00e1s del cord\u00f3n policial. Los agentes federales han disparado gases lacrim\u00f3genos para despejar a la multitud.<\/p>\n<p class=\"\">El alcalde Jacob Frey afirm\u00f3 que los agentes de inmigraci\u00f3n estaban \u201cprovocando caos en nuestra ciudad\u201d. \u201cL\u00e1rguense de Minneapolis. No los queremos aqu\u00ed. Su raz\u00f3n citada para estar en esta ciudad es crear alg\u00fan tipo de seguridad y est\u00e1 exactamente lo contrario. Hay personas que est\u00e1n siendo lastimadas, familias hechas trizas. Residentes de larga data de Minneapolis, que han contribuido tanto a nuestra ciudad, a nuestra cultura, a nuestra econom\u00eda, est\u00e1n siendo aterrorizados. Y ahora, alguien est\u00e1 muerto. Ustedes cargan con eso. Y tambi\u00e9n es responsabilidad de ustedes irse\u201d, ha dicho en una rueda de prensa a primeras horas de la tarde.<\/p>\n<p>&nbsp;<\/p>\n<div id=\"gallery-summary-15\" class=\"gallery-summary-container\">\n<div class=\"gal__figs-scl\">\n<div class=\"a_gl\">\n<figure class=\"a_m _pr gallery-photo-1 gallery-slider__photo a_m-h\">\n<p><div style=\"width: 424px\" class=\"wp-caption alignnone\"><img loading=\"lazy\" decoding=\"async\" class=\"_re  a_m-h\" src=\"https:\/\/imagenes.elpais.com\/resizer\/v2\/PHQQYXNOWNPQHGI7AONKNR3RSQ.jpg?auth=e852dd5f2db6e587c534d144efbd95db5e790537592940b778f76a91139f04b5&amp;width=414\" srcset=\"https:\/\/imagenes.elpais.com\/resizer\/v2\/PHQQYXNOWNPQHGI7AONKNR3RSQ.jpg?auth=e852dd5f2db6e587c534d144efbd95db5e790537592940b778f76a91139f04b5&amp;width=414 414w,https:\/\/imagenes.elpais.com\/resizer\/v2\/PHQQYXNOWNPQHGI7AONKNR3RSQ.jpg?auth=e852dd5f2db6e587c534d144efbd95db5e790537592940b778f76a91139f04b5&amp;width=828 828w\" alt=\"\" width=\"414\" height=\"276\" data-src=\"https:\/\/imagenes.elpais.com\/resizer\/v2\/PHQQYXNOWNPQHGI7AONKNR3RSQ.jpg?auth=e852dd5f2db6e587c534d144efbd95db5e790537592940b778f76a91139f04b5&amp;width=414\" \/><p class=\"wp-caption-text\">Veh\u00edculo tiroteado en Minneapolis, el 7 de enero. Fotos Tim Evans (REUTERS)<\/p><\/div><figcaption class=\"a_m_p\" aria-hidden=\"true\"><\/figcaption><\/figure>\n<figure class=\"a_m _pr gallery-photo-2 gallery-slider__photo _dn a_m-h \"><span class=\"a_m_w _db\"><img loading=\"lazy\" decoding=\"async\" class=\"_re lazyload a_m-h\" src=\"https:\/\/imagenes.elpais.com\/resizer\/v2\/UN62BEXU7VLUTMBU3YXJHJD774.jpg?auth=0d838229c38e26fab712d150201364b79735dd4d6a55a9a1ec823e9dc6781492&amp;width=414\" srcset=\"https:\/\/imagenes.elpais.com\/resizer\/v2\/UN62BEXU7VLUTMBU3YXJHJD774.jpg?auth=0d838229c38e26fab712d150201364b79735dd4d6a55a9a1ec823e9dc6781492&amp;width=414 414w,https:\/\/imagenes.elpais.com\/resizer\/v2\/UN62BEXU7VLUTMBU3YXJHJD774.jpg?auth=0d838229c38e26fab712d150201364b79735dd4d6a55a9a1ec823e9dc6781492&amp;width=828 828w\" width=\"414\" height=\"277\" data-src=\"https:\/\/imagenes.elpais.com\/resizer\/v2\/UN62BEXU7VLUTMBU3YXJHJD774.jpg?auth=0d838229c38e26fab712d150201364b79735dd4d6a55a9a1ec823e9dc6781492&amp;width=414\" \/><\/span><figcaption class=\"a_m_p\" aria-hidden=\"true\"><\/figcaption><\/figure>\n<figure class=\"a_m _pr gallery-photo-3 gallery-slider__photo _dn a_m-h \"><span class=\"a_m_w _db\"><img loading=\"lazy\" decoding=\"async\" class=\"_re lazyload a_m-h\" src=\"https:\/\/imagenes.elpais.com\/resizer\/v2\/UMWFMO5SOJKCVPOPAQWFOHTKZI.jpg?auth=cb660860879ea1c3d6f69a2d408361093e875bc3aa8a97672bc5fdcdd6e2c8bc&amp;width=414\" srcset=\"https:\/\/imagenes.elpais.com\/resizer\/v2\/UMWFMO5SOJKCVPOPAQWFOHTKZI.jpg?auth=cb660860879ea1c3d6f69a2d408361093e875bc3aa8a97672bc5fdcdd6e2c8bc&amp;width=414 414w,https:\/\/imagenes.elpais.com\/resizer\/v2\/UMWFMO5SOJKCVPOPAQWFOHTKZI.jpg?auth=cb660860879ea1c3d6f69a2d408361093e875bc3aa8a97672bc5fdcdd6e2c8bc&amp;width=828 828w\" width=\"414\" height=\"276\" data-src=\"https:\/\/imagenes.elpais.com\/resizer\/v2\/UMWFMO5SOJKCVPOPAQWFOHTKZI.jpg?auth=cb660860879ea1c3d6f69a2d408361093e875bc3aa8a97672bc5fdcdd6e2c8bc&amp;width=414\" \/><\/span><figcaption class=\"a_m_p\" aria-hidden=\"true\"><\/figcaption><\/figure>\n<figure class=\"a_m _pr gallery-photo-4 gallery-slider__photo _dn a_m-h \"><span class=\"a_m_w _db\"><img loading=\"lazy\" decoding=\"async\" class=\"_re lazyload a_m-h\" src=\"https:\/\/imagenes.elpais.com\/resizer\/v2\/ZXK4PUDSAZKWXG5OGVG2LE756U.jpg?auth=6a3d26c5fe36d83faf21db46cc129bc01c20b797d84f0a598991d6462c77a076&amp;width=414\" srcset=\"https:\/\/imagenes.elpais.com\/resizer\/v2\/ZXK4PUDSAZKWXG5OGVG2LE756U.jpg?auth=6a3d26c5fe36d83faf21db46cc129bc01c20b797d84f0a598991d6462c77a076&amp;width=414 414w,https:\/\/imagenes.elpais.com\/resizer\/v2\/ZXK4PUDSAZKWXG5OGVG2LE756U.jpg?auth=6a3d26c5fe36d83faf21db46cc129bc01c20b797d84f0a598991d6462c77a076&amp;width=828 828w\" width=\"414\" height=\"276\" data-src=\"https:\/\/imagenes.elpais.com\/resizer\/v2\/ZXK4PUDSAZKWXG5OGVG2LE756U.jpg?auth=6a3d26c5fe36d83faf21db46cc129bc01c20b797d84f0a598991d6462c77a076&amp;width=414\" \/><\/span><figcaption class=\"a_m_p\" aria-hidden=\"true\"><\/figcaption><\/figure>\n<figure class=\"a_m _pr gallery-photo-5 gallery-slider__photo _dn a_m-h \"><span class=\"a_m_w _db\"><img loading=\"lazy\" decoding=\"async\" class=\"_re lazyload a_m-h\" src=\"https:\/\/imagenes.elpais.com\/resizer\/v2\/RVWUY3PEEZIX5OXKU5NMCUX444.jpg?auth=457a3258d53c47dd14fe450367c6ad2cc00645e21a3f99db94533a579e5ce379&amp;width=414\" srcset=\"https:\/\/imagenes.elpais.com\/resizer\/v2\/RVWUY3PEEZIX5OXKU5NMCUX444.jpg?auth=457a3258d53c47dd14fe450367c6ad2cc00645e21a3f99db94533a579e5ce379&amp;width=414 414w,https:\/\/imagenes.elpais.com\/resizer\/v2\/RVWUY3PEEZIX5OXKU5NMCUX444.jpg?auth=457a3258d53c47dd14fe450367c6ad2cc00645e21a3f99db94533a579e5ce379&amp;width=828 828w\" width=\"414\" height=\"277\" data-src=\"https:\/\/imagenes.elpais.com\/resizer\/v2\/RVWUY3PEEZIX5OXKU5NMCUX444.jpg?auth=457a3258d53c47dd14fe450367c6ad2cc00645e21a3f99db94533a579e5ce379&amp;width=414\" \/><\/span><figcaption class=\"a_m_p\" aria-hidden=\"true\"><\/figcaption><\/figure>\n<figure class=\"a_m _pr gallery-photo-6 gallery-slider__photo _dn a_m-h \"><span class=\"a_m_w _db\"><img loading=\"lazy\" decoding=\"async\" class=\"_re lazyload a_m-h\" src=\"https:\/\/imagenes.elpais.com\/resizer\/v2\/VRR5ENVUY5KDRAVQKTPR4DS4X4.jpg?auth=940c12bf8b2e420820c2c4b0811329fc296e82e1827c19e3306cd25230fb4d05&amp;width=414\" srcset=\"https:\/\/imagenes.elpais.com\/resizer\/v2\/VRR5ENVUY5KDRAVQKTPR4DS4X4.jpg?auth=940c12bf8b2e420820c2c4b0811329fc296e82e1827c19e3306cd25230fb4d05&amp;width=414 414w,https:\/\/imagenes.elpais.com\/resizer\/v2\/VRR5ENVUY5KDRAVQKTPR4DS4X4.jpg?auth=940c12bf8b2e420820c2c4b0811329fc296e82e1827c19e3306cd25230fb4d05&amp;width=828 828w\" width=\"414\" height=\"277\" data-src=\"https:\/\/imagenes.elpais.com\/resizer\/v2\/VRR5ENVUY5KDRAVQKTPR4DS4X4.jpg?auth=940c12bf8b2e420820c2c4b0811329fc296e82e1827c19e3306cd25230fb4d05&amp;width=414\" \/><\/span><figcaption class=\"a_m_p\" aria-hidden=\"true\"><\/figcaption><\/figure>\n<div id=\"gallery-slider-controls\" class=\"_btn a_gl_nav gallery-slider__controls \"><\/div>\n<div id=\"fullscreen-icon\" class=\"a_gl_pl\"><\/div>\n<div id=\"summary-dots\" class=\"a_gl_n _df\"><\/div>\n<\/div>\n<\/div>\n<\/div>\n<p class=\"\">En una l\u00ednea similar, el fiscal general de Minnesota, Keith Ellison, dijo que la decisi\u00f3n de Donald Trump de enviar miles de agentes federales al Estado est\u00e1 \u201ccausando un grave da\u00f1o y sembrando el terror\u201d en la comunidad. \u201cSu imprudente decisi\u00f3n de intensificar la agresividad y aumentar el n\u00famero de agentes de inmigraci\u00f3n es un factor causal, independientemente del resultado de la investigaci\u00f3n sobre esta tr\u00e1gica muerte. Har\u00e9 todo lo que est\u00e9 en mi mano para cambiar el terrible camino que estamos siguiendo\u201d, escribi\u00f3. Y a\u00f1adi\u00f3: \u201cSi alguien ha infringido la ley en el acto de violencia de hoy, har\u00e9 todo lo posible para garantizar que rinda cuentas\u201d.<\/p>\n<p class=\"\">El \u00e1rea donde ocurri\u00f3 el tiroteo es un barrio suburbano modesto al sur del centro de Minneapolis, a solo unas cuadras de algunos de los mercados de inmigrantes m\u00e1s antiguos de la zona y a una milla (1.6 kil\u00f3metros) del lugar donde George Floyd fue asesinado por la polic\u00eda en 2020. Ese asesinato desat\u00f3 protestas y disturbios masivos en todo Estados Unidos. En aquel momento, el gobernador Walz despleg\u00f3 a la Guardia Nacional para contener los disturbios en Minneapolis.<\/p>\n<p class=\"\">Ante el convulso clima y el historial de agitaci\u00f3n social en la ciudad, las autoridades locales han hecho un llamamiento a la paz para las pr\u00f3ximas horas y d\u00edas. \u201cLa gente va a estar molesta por lo que ha ocurrido\u201d, dijo el jefe de la polic\u00eda, Brian O\u2019Hara, \u201cy va a querer ejercer sus derechos [de libertad de expresi\u00f3n] recogidos en la Primera Enmienda. Pero, por favor, h\u00e1ganlo de forma segura y respetuosa con la ley, para garantizar que no se produzcan m\u00e1s tragedias ni destrozos en la ciudad\u201d.<\/p>\n","protected":false},"excerpt":{"rendered":"<p>&nbsp; &nbsp; Contrario a los v\u00eddeos publicados en redes sociales, Trump y el DHS mienten, acusando a la mujer de intentar atropellar a oficiales antes&hellip;<\/p>\n","protected":false},"author":99,"featured_media":540052,"comment_status":"open","ping_status":"open","sticky":false,"template":"","format":"standard","meta":{"footnotes":""},"categories":[24],"tags":[],"class_list":["post-540051","post","type-post","status-publish","format-standard","has-post-thumbnail","hentry","category-mundo"],"_links":{"self":[{"href":"https:\/\/diarioelpopular.com\/index.php\/wp-json\/wp\/v2\/posts\/540051","targetHints":{"allow":["GET"]}}],"collection":[{"href":"https:\/\/diarioelpopular.com\/index.php\/wp-json\/wp\/v2\/posts"}],"about":[{"href":"https:\/\/diarioelpopular.com\/index.php\/wp-json\/wp\/v2\/types\/post"}],"author":[{"embeddable":true,"href":"https:\/\/diarioelpopular.com\/index.php\/wp-json\/wp\/v2\/users\/99"}],"replies":[{"embeddable":true,"href":"https:\/\/diarioelpopular.com\/index.php\/wp-json\/wp\/v2\/comments?post=540051"}],"version-history":[{"count":1,"href":"https:\/\/diarioelpopular.com\/index.php\/wp-json\/wp\/v2\/posts\/540051\/revisions"}],"predecessor-version":[{"id":540053,"href":"https:\/\/diarioelpopular.com\/index.php\/wp-json\/wp\/v2\/posts\/540051\/revisions\/540053"}],"wp:featuredmedia":[{"embeddable":true,"href":"https:\/\/diarioelpopular.com\/index.php\/wp-json\/wp\/v2\/media\/540052"}],"wp:attachment":[{"href":"https:\/\/diarioelpopular.com\/index.php\/wp-json\/wp\/v2\/media?parent=540051"}],"wp:term":[{"taxonomy":"category","embeddable":true,"href":"https:\/\/diarioelpopular.com\/index.php\/wp-json\/wp\/v2\/categories?post=540051"},{"taxonomy":"post_tag","embeddable":true,"href":"https:\/\/diarioelpopular.com\/index.php\/wp-json\/wp\/v2\/tags?post=540051"}],"curies":[{"name":"wp","href":"https:\/\/api.w.org\/{rel}","templated":true}]}}