{"id":540055,"date":"2026-01-08T10:50:55","date_gmt":"2026-01-08T14:50:55","guid":{"rendered":"https:\/\/diarioelpopular.com\/?p=540055"},"modified":"2026-01-08T10:50:55","modified_gmt":"2026-01-08T14:50:55","slug":"las-llamas-arrasan-bosques-de-la-patagonia-argentina-y-reavivan-criticas-por-la-falta-de-recursos","status":"publish","type":"post","link":"https:\/\/diarioelpopular.com\/index.php\/2026\/01\/08\/las-llamas-arrasan-bosques-de-la-patagonia-argentina-y-reavivan-criticas-por-la-falta-de-recursos\/","title":{"rendered":"Las llamas arrasan bosques de la Patagonia argentina y reavivan cr\u00edticas por la falta de recursos"},"content":{"rendered":"<div id=\"attachment_540056\" style=\"width: 1210px\" class=\"wp-caption alignnone\"><img loading=\"lazy\" decoding=\"async\" aria-describedby=\"caption-attachment-540056\" class=\"wp-image-540056 size-custom-big-size\" src=\"https:\/\/diarioelpopular.com\/wp-content\/uploads\/2026\/01\/Screen-Shot-2026-01-08-at-9.50.14-AM-1200x802.png\" alt=\"\" width=\"1200\" height=\"802\" srcset=\"https:\/\/diarioelpopular.com\/wp-content\/uploads\/2026\/01\/Screen-Shot-2026-01-08-at-9.50.14-AM-1200x802.png 1200w, https:\/\/diarioelpopular.com\/wp-content\/uploads\/2026\/01\/Screen-Shot-2026-01-08-at-9.50.14-AM-300x201.png 300w, https:\/\/diarioelpopular.com\/wp-content\/uploads\/2026\/01\/Screen-Shot-2026-01-08-at-9.50.14-AM-768x513.png 768w, https:\/\/diarioelpopular.com\/wp-content\/uploads\/2026\/01\/Screen-Shot-2026-01-08-at-9.50.14-AM-636x425.png 636w, https:\/\/diarioelpopular.com\/wp-content\/uploads\/2026\/01\/Screen-Shot-2026-01-08-at-9.50.14-AM-109x73.png 109w, https:\/\/diarioelpopular.com\/wp-content\/uploads\/2026\/01\/Screen-Shot-2026-01-08-at-9.50.14-AM.png 1024w\" sizes=\"auto, (max-width: 1200px) 100vw, 1200px\" \/><p id=\"caption-attachment-540056\" class=\"wp-caption-text\">El incendio forestal en El Hoyo, Argentina, este mi\u00e9rcoles. Foto Mat\u00edas Garay (EFE)<\/p><\/div>\n<p>&nbsp;<\/p>\n<p>&nbsp;<\/p>\n<div class=\"a_e_txt _df\">\n<ul>\n<li class=\"a_st\"><em><strong>Los incendios han afectado bosques nativos protegidos, pastizales y viviendas y amenazan con llegar hasta el Abuelo, un alerce de 2.600 a\u00f1os<\/strong><\/em><\/li>\n<\/ul>\n<\/div>\n<div class=\"a_e_m\"><\/div>\n<div><\/div>\n<div>\n<p class=\"\">La Comarca Andina es una regi\u00f3n paradis\u00edaca de la Patagonia argentina que atrae cada a\u00f1o a miles de turistas por sus paisajes de monta\u00f1as, lagos y bosques. Pero\u00a0<a title=\"https:\/\/elpais.com\/argentina\/2025-02-11\/las-llamas-arrasan-mas-de-15000-hectareas-de-bosques-nativos-de-la-patagonia-argentina.html\" href=\"https:\/\/elpais.com\/argentina\/2025-02-11\/las-llamas-arrasan-mas-de-15000-hectareas-de-bosques-nativos-de-la-patagonia-argentina.html\" target=\"_blank\" rel=\"noopener noreferrer\" data-link-track-dtm=\"\" data-mrf-link=\"https:\/\/elpais.com\/argentina\/2025-02-11\/las-llamas-arrasan-mas-de-15000-hectareas-de-bosques-nativos-de-la-patagonia-argentina.html\">estos d\u00edas vuelve a ser noticia por las llamas<\/a>\u00a0que arrasan bosques nativos protegidos, pastizales y viviendas de la zona. M\u00e1s de 4.000 hect\u00e1reas ya han sido arrasadas y la cifra aumentar\u00e1 en las pr\u00f3ximas horas porque varios focos se mantienen fuera de control. La provincia m\u00e1s complicada es Chubut. Casi la mitad de las hect\u00e1reas afectadas se encuentran en los alrededores de la localidad de El Hoyo y el fuego causa estragos tambi\u00e9n en\u00a0<a title=\"https:\/\/elpais.com\/internacional\/2008\/02\/28\/actualidad\/1204153217_850215.html\" href=\"https:\/\/elpais.com\/internacional\/2008\/02\/28\/actualidad\/1204153217_850215.html\" target=\"_blank\" rel=\"noopener noreferrer\" data-link-track-dtm=\"\" data-mrf-link=\"https:\/\/elpais.com\/internacional\/2008\/02\/28\/actualidad\/1204153217_850215.html\">el Parque Nacional de los Alerces<\/a>. All\u00ed, amenaza con llegar incluso al \u00e1rbol m\u00e1s longevo del lugar, El Abuelo, de unos 2.600 a\u00f1os de antig\u00fcedad. Este mi\u00e9rcoles, las llamas estaban a cinco kil\u00f3metros de distancia y los vecinos criticaban la falta de recursos para la prevenci\u00f3n y el control de los incendios.<\/p>\n<p class=\"\">\u201cEl panorama es desolador\u201d, \u201cSe quema la Patagonia\u201d, alertan residentes de la zona en las redes sociales desde el lunes, junto a v\u00eddeos que muestran el avance del fuego. M\u00e1s de 700 residentes y unos 3.000 turistas han tenido que ser evacuados de forma preventiva.<\/p>\n<p class=\"\">El gobernador provincial, Ignacio Torres, inform\u00f3 el mi\u00e9rcoles en rueda de prensa que alrededor de 300 personas trabajan en el combate contra el fuego en Chubut, con apoyo de maquinaria pesada, cinco aviones hidrantes y un helic\u00f3ptero. Junto al ministro de Interior nacional, Diego Santilli, prometi\u00f3 mano dura contra los responsables de los incendios. Seg\u00fan Torres, en la zona de Puerto Patriada, al menos dos de los focos tuvieron un origen intencional ya que se encontraron evidencias del uso de un acelerante o nafta en el lugar. \u201cLos miserables que prendieron fuego van a terminar presos\u201d, anticip\u00f3 el gobernador chubutense, que prometi\u00f3 una recompensa de 50 millones de pesos (unos 33.000 d\u00f3lares) a quien aporte datos precisos que permitan identificar y capturar a los responsables.<\/p>\n<p class=\"\">Desde Epuy\u00e9n, otra de las localidades de la Comarca Andina, la activista y polit\u00f3loga Flavia Broffoni matiza el despliegue oficial. Seg\u00fan su testimonio, el martes algunos pobladores locales combatieron solos el descenso de las llamas desde el cerro Pirque hasta el margen suroeste del lago, moviliz\u00e1ndose con lanchas y arrojando agua hacia las casas. \u201cNormalmente, defensa civil, los servicios nacionales y provinciales y los bomberos voluntarios coordinan las acciones, con apoyo de cuadrillas de vecinos que cuentan con algo de equipamiento. Pero ayer no ocurri\u00f3, no hubo asistencia del Estado y las casas estaban totalmente desprotegidas\u201d, subraya, \u201cEstuvimos en la chacra m\u00e1s comprometida, dando una mano durante todo el d\u00eda y la noche. Estamos muy cansados\u201d. Los primeros equipos de combate al fuego comenzaron a llegar a la zona este mi\u00e9rcoles, seg\u00fan Broffoni.<\/p>\n<p>&nbsp;<\/p>\n<figure class=\"a_m a_m-h \">\n<p><div style=\"width: 424px\" class=\"wp-caption alignnone\"><img loading=\"lazy\" decoding=\"async\" class=\"_re lazyload a_m-h\" src=\"https:\/\/imagenes.elpais.com\/resizer\/v2\/YQ3WVLXAUBLURNL34K26SYF77I.jpg?auth=89df02e5e65262b87009fb1e53b48cbbe06ea39c689b949aa53b5cbaddc28e2a&amp;width=414\" sizes=\"auto, (min-width:1199px) 1155px,(min-width:1001px) calc(100vw - 44px),(min-width:768px) 767px, 100vw\" srcset=\"https:\/\/imagenes.elpais.com\/resizer\/v2\/YQ3WVLXAUBLURNL34K26SYF77I.jpg?auth=89df02e5e65262b87009fb1e53b48cbbe06ea39c689b949aa53b5cbaddc28e2a&amp;width=414 414w,https:\/\/imagenes.elpais.com\/resizer\/v2\/YQ3WVLXAUBLURNL34K26SYF77I.jpg?auth=89df02e5e65262b87009fb1e53b48cbbe06ea39c689b949aa53b5cbaddc28e2a&amp;width=828 640w,https:\/\/imagenes.elpais.com\/resizer\/v2\/YQ3WVLXAUBLURNL34K26SYF77I.jpg?auth=89df02e5e65262b87009fb1e53b48cbbe06ea39c689b949aa53b5cbaddc28e2a&amp;width=980 1000w,https:\/\/imagenes.elpais.com\/resizer\/v2\/YQ3WVLXAUBLURNL34K26SYF77I.jpg?auth=89df02e5e65262b87009fb1e53b48cbbe06ea39c689b949aa53b5cbaddc28e2a&amp;width=1960 1960w\" alt=\"\" width=\"414\" height=\"276\" \/><p class=\"wp-caption-text\">Una mujer observa el incendio forestal en El Hoyo, Argentina. Foto Mat\u00edas Garay (EFE)<\/p><\/div><figcaption class=\"a_m_p\" aria-hidden=\"true\"><\/figcaption><\/figure>\n<p>&nbsp;<\/p>\n<p class=\"\">La Comarca Andina registra desde 2020 incendios cada vez m\u00e1s extensos y extremos, que se expanden muy r\u00e1pido y afectan grandes superficies. La sequ\u00eda que atraviesa la regi\u00f3n por la escasez de lluvias y la forestaci\u00f3n con pino ex\u00f3tico, muy inflamable, favorece la propagaci\u00f3n del fuego, seg\u00fan ambientalistas. La negligencia de turistas y locales en el manejo del fuego y la falta de recursos para prevenci\u00f3n y respuesta inmediata suponen un c\u00f3ctel explosivo. \u201cSabiendo que el contexto es de fragilidad extrema, no hay una red de contenci\u00f3n proporcional a la dimensi\u00f3n de la amenaza. Hay que preguntarse por qu\u00e9 desde las instituciones se piensa que no es un tema importante\u201d, cuestiona Broffoni.<\/p>\n<p class=\"\">En el Congreso, legisladores patag\u00f3nicos impulsan la declaraci\u00f3n de una Emergencia \u00edgnea, ambiental y socioecon\u00f3mica por 180 d\u00edas, con pedidos de fondos extraordinarios, beneficios fiscales y cr\u00e9ditos blandos.<\/p>\n<p>&nbsp;<\/p>\n<figure class=\"a_m a_m-h \">\n<p><div style=\"width: 424px\" class=\"wp-caption alignnone\"><img loading=\"lazy\" decoding=\"async\" class=\"_re lazyload a_m-h\" src=\"https:\/\/imagenes.elpais.com\/resizer\/v2\/BXLUQECX7NPJBJVYJH2EJV54UQ.jpg?auth=4c41b0b8a9010e3a605d7de76837043592ded1b12b4fd969b4b8fb05b474b4cc&amp;width=414\" sizes=\"auto, (min-width:1199px) 1155px,(min-width:1001px) calc(100vw - 44px),(min-width:768px) 767px, 100vw\" srcset=\"https:\/\/imagenes.elpais.com\/resizer\/v2\/BXLUQECX7NPJBJVYJH2EJV54UQ.jpg?auth=4c41b0b8a9010e3a605d7de76837043592ded1b12b4fd969b4b8fb05b474b4cc&amp;width=414 414w,https:\/\/imagenes.elpais.com\/resizer\/v2\/BXLUQECX7NPJBJVYJH2EJV54UQ.jpg?auth=4c41b0b8a9010e3a605d7de76837043592ded1b12b4fd969b4b8fb05b474b4cc&amp;width=828 640w,https:\/\/imagenes.elpais.com\/resizer\/v2\/BXLUQECX7NPJBJVYJH2EJV54UQ.jpg?auth=4c41b0b8a9010e3a605d7de76837043592ded1b12b4fd969b4b8fb05b474b4cc&amp;width=980 1000w,https:\/\/imagenes.elpais.com\/resizer\/v2\/BXLUQECX7NPJBJVYJH2EJV54UQ.jpg?auth=4c41b0b8a9010e3a605d7de76837043592ded1b12b4fd969b4b8fb05b474b4cc&amp;width=1960 1960w\" alt=\"\" width=\"414\" height=\"269\" \/><p class=\"wp-caption-text\">Brigadistas atienden el incendio forestal, en La Patagonia.\u00a0 \u00a0 \u00a0 \u00a0 \u00a0Foto Maxi Jonas (REUTERS)<\/p><\/div><figcaption class=\"a_m_p\" aria-hidden=\"true\"><\/figcaption><\/figure>\n<p>&nbsp;<\/p>\n<p class=\"\">Los nuevos incendios han reavivado las cr\u00edticas por el recorte y subejecuci\u00f3n de fondos destinados a pol\u00edticas de prevenci\u00f3n y manejo del fuego desde el inicio del mandato de Javier Milei, hace dos a\u00f1os. Frente a las promesas de castigo penal que ofrece el Gobierno, los ambientalistas reclaman medidas urgentes para prevenir la expansi\u00f3n de incendios que son cada vez m\u00e1s frecuentes.<\/p>\n<\/div>\n","protected":false},"excerpt":{"rendered":"<p>&nbsp; &nbsp; Los incendios han afectado bosques nativos protegidos, pastizales y viviendas y amenazan con llegar hasta el Abuelo, un alerce de 2.600 a\u00f1os La&hellip;<\/p>\n","protected":false},"author":99,"featured_media":540056,"comment_status":"open","ping_status":"open","sticky":false,"template":"","format":"standard","meta":{"footnotes":""},"categories":[23],"tags":[],"class_list":["post-540055","post","type-post","status-publish","format-standard","has-post-thumbnail","hentry","category-latinoamerica"],"_links":{"self":[{"href":"https:\/\/diarioelpopular.com\/index.php\/wp-json\/wp\/v2\/posts\/540055","targetHints":{"allow":["GET"]}}],"collection":[{"href":"https:\/\/diarioelpopular.com\/index.php\/wp-json\/wp\/v2\/posts"}],"about":[{"href":"https:\/\/diarioelpopular.com\/index.php\/wp-json\/wp\/v2\/types\/post"}],"author":[{"embeddable":true,"href":"https:\/\/diarioelpopular.com\/index.php\/wp-json\/wp\/v2\/users\/99"}],"replies":[{"embeddable":true,"href":"https:\/\/diarioelpopular.com\/index.php\/wp-json\/wp\/v2\/comments?post=540055"}],"version-history":[{"count":1,"href":"https:\/\/diarioelpopular.com\/index.php\/wp-json\/wp\/v2\/posts\/540055\/revisions"}],"predecessor-version":[{"id":540057,"href":"https:\/\/diarioelpopular.com\/index.php\/wp-json\/wp\/v2\/posts\/540055\/revisions\/540057"}],"wp:featuredmedia":[{"embeddable":true,"href":"https:\/\/diarioelpopular.com\/index.php\/wp-json\/wp\/v2\/media\/540056"}],"wp:attachment":[{"href":"https:\/\/diarioelpopular.com\/index.php\/wp-json\/wp\/v2\/media?parent=540055"}],"wp:term":[{"taxonomy":"category","embeddable":true,"href":"https:\/\/diarioelpopular.com\/index.php\/wp-json\/wp\/v2\/categories?post=540055"},{"taxonomy":"post_tag","embeddable":true,"href":"https:\/\/diarioelpopular.com\/index.php\/wp-json\/wp\/v2\/tags?post=540055"}],"curies":[{"name":"wp","href":"https:\/\/api.w.org\/{rel}","templated":true}]}}