{"id":540059,"date":"2026-01-08T11:03:35","date_gmt":"2026-01-08T15:03:35","guid":{"rendered":"https:\/\/diarioelpopular.com\/?p=540059"},"modified":"2026-01-08T11:03:35","modified_gmt":"2026-01-08T15:03:35","slug":"es-como-si-un-villano-te-salvara-de-otro-peor-villano-el-conflicto-de-los-venezolanos-que-no-querian-a-maduro-pero-tampoco-aceptan-a-trump","status":"publish","type":"post","link":"https:\/\/diarioelpopular.com\/index.php\/2026\/01\/08\/es-como-si-un-villano-te-salvara-de-otro-peor-villano-el-conflicto-de-los-venezolanos-que-no-querian-a-maduro-pero-tampoco-aceptan-a-trump\/","title":{"rendered":"&#8220;Es como si un villano te salvara de otro peor villano&#8221;: el conflicto de los venezolanos que no quer\u00edan a Maduro pero tampoco aceptan a Trump"},"content":{"rendered":"<p><img loading=\"lazy\" decoding=\"async\" class=\"alignnone size-custom-full-size wp-image-540060\" src=\"https:\/\/diarioelpopular.com\/wp-content\/uploads\/2026\/01\/Screen-Shot-2026-01-08-at-10.02.46-AM-636x362.png\" alt=\"\" width=\"636\" height=\"362\" srcset=\"https:\/\/diarioelpopular.com\/wp-content\/uploads\/2026\/01\/Screen-Shot-2026-01-08-at-10.02.46-AM-636x362.png 636w, https:\/\/diarioelpopular.com\/wp-content\/uploads\/2026\/01\/Screen-Shot-2026-01-08-at-10.02.46-AM-300x171.png 300w, https:\/\/diarioelpopular.com\/wp-content\/uploads\/2026\/01\/Screen-Shot-2026-01-08-at-10.02.46-AM-768x437.png 768w, https:\/\/diarioelpopular.com\/wp-content\/uploads\/2026\/01\/Screen-Shot-2026-01-08-at-10.02.46-AM-128x73.png 128w, https:\/\/diarioelpopular.com\/wp-content\/uploads\/2026\/01\/Screen-Shot-2026-01-08-at-10.02.46-AM.png 864w\" sizes=\"auto, (max-width: 636px) 100vw, 636px\" \/><\/p>\n<p>&nbsp;<\/p>\n<p>&nbsp;<\/p>\n<div class=\"css-1k9op6x e17x9cvu0\" dir=\"ltr\">\n<ul>\n<li class=\"css-s4cjt0 e1yuyadm0\" dir=\"ltr\"><em><b>&#8220;Esto es como si un villano te estuviera salvando de otro peor villano&#8221;.<\/b><\/em><\/li>\n<\/ul>\n<\/div>\n<div class=\"css-1k9op6x e17x9cvu0\" dir=\"ltr\">\n<p dir=\"ltr\">\n<p class=\"css-s4cjt0 e1yuyadm0\" dir=\"ltr\">As\u00ed describe Gabriel* su sentir ante lo que ha pasado en los \u00faltimos d\u00edas en su pa\u00eds, Venezuela.<\/p>\n<\/div>\n<div class=\"css-1k9op6x e17x9cvu0\" dir=\"ltr\">\n<p class=\"css-s4cjt0 e1yuyadm0\" dir=\"ltr\">Gabriel es migrante, latino y parte de la comunidad LGTBIQ+. Como dice, \u00e9l representa &#8220;todo en lo que (Donald) Trump est\u00e1 en contra&#8221;.<\/p>\n<\/div>\n<div class=\"css-1k9op6x e17x9cvu0\" dir=\"ltr\">\n<p class=\"css-s4cjt0 e1yuyadm0\" dir=\"ltr\">Por ello es cr\u00edtico de las pol\u00edticas del presidente de Estados Unidos.<\/p>\n<\/div>\n<div class=\"css-1k9op6x e17x9cvu0\" dir=\"ltr\">\n<p class=\"css-s4cjt0 e1yuyadm0\" dir=\"ltr\">Pero tambi\u00e9n fue firme opositor a Nicol\u00e1s Maduro: &#8220;El chavismo hizo que tuviera que emigrar de Venezuela de la noche a la ma\u00f1ana con US$250 en el bolsillo, tuve que empezar de cero en otro pa\u00eds y me neg\u00f3 la posibilidad de ver a mi familia durante 10 a\u00f1os&#8221;.<\/p>\n<\/div>\n<div class=\"css-1k9op6x e17x9cvu0\" dir=\"ltr\">\n<p class=\"css-s4cjt0 e1yuyadm0\" dir=\"ltr\">Ahora, dice, se siente en un limbo.<\/p>\n<\/div>\n<div class=\"css-1k9op6x e17x9cvu0\" dir=\"ltr\">\n<p class=\"css-s4cjt0 e1yuyadm0\" dir=\"ltr\">&#8220;Parece que las personas no pueden comprender el estar en contra de ambas posturas, es dif\u00edcil hacer entender este punto medio&#8221;, me cuenta.<\/p>\n<\/div>\n<div class=\"css-1k9op6x e17x9cvu0\" dir=\"ltr\">\n<p class=\"css-s4cjt0 e1yuyadm0\" dir=\"ltr\">&#8220;En mi c\u00edrculo cercano nos manejamos en esa batalla interna. Sin duda me da fresquito (alegr\u00eda) ver a Maduro esposado. Pero por otro lado, \u00bfle tengo que agradecer esto a Trump?&#8221;, matiza.<\/p>\n<\/div>\n<div class=\"css-1k9op6x e17x9cvu0\" dir=\"ltr\">\n<p class=\"css-s4cjt0 e1yuyadm0\" dir=\"ltr\">En la narrativa actual mundial, donde pareciera que todo es blanco o negro, Gabriel, as\u00ed como el resto de personas entrevistadas para este art\u00edculo, forma parte de esa amplia gama de grises que es Venezuela.<\/p>\n<\/div>\n<div class=\"css-1k9op6x e17x9cvu0\" dir=\"ltr\">\n<p class=\"css-s4cjt0 e1yuyadm0\" dir=\"ltr\">Son aquellas personas que, siendo opositoras a Nicol\u00e1s Maduro y al chavismo, tambi\u00e9n lo son de Donald Trump y de las ilegales acciones tomadas por el gobierno de Estados Unidos en los \u00faltimos d\u00edas.<\/p>\n<\/div>\n<div class=\"css-1k9op6x e17x9cvu0\" dir=\"ltr\">\n<p class=\"css-s4cjt0 e1yuyadm0\" dir=\"ltr\">Todas hablaron con la condici\u00f3n de que no revel\u00e1ramos sus identidades.<\/p>\n<\/div>\n<div class=\"css-1k9op6x e17x9cvu0\" dir=\"ltr\">\n<h2 id=\"Nos-invadieron-los-gringos\" class=\"css-jtxtr9 emoh99e1\" tabindex=\"-1\">&#8220;Nos invadieron los gringos&#8221;<\/h2>\n<\/div>\n<div class=\"css-1k9op6x e17x9cvu0\" dir=\"ltr\">\n<p class=\"css-s4cjt0 e1yuyadm0\" dir=\"ltr\">&#8220;Me despert\u00e9 con los bombardeos. Estoy cerca de Fuerte Tiuna (uno de los puntos atacados) y pens\u00e9: &#8216;Nos invadieron los gringos, co\u00f1o'&#8221;, me cuenta Ana* desde su casa en Caracas.<\/p>\n<\/div>\n<div class=\"css-1k9op6x e17x9cvu0\" dir=\"ltr\">\n<p class=\"css-s4cjt0 e1yuyadm0\" dir=\"ltr\">&#8220;Esto es tr\u00e1gico, muy doloroso. Cuando veo las fotos (de los destrozos), me siento mal. El primer d\u00eda de la invasi\u00f3n termin\u00e9 llorando de ansiedad. Es demasiado fuerte&#8221;, me dice.<\/p>\n<\/div>\n<div class=\"css-1k9op6x e17x9cvu0\" dir=\"ltr\">\n<p class=\"css-s4cjt0 e1yuyadm0\" dir=\"ltr\">Por la educaci\u00f3n que recibi\u00f3, Ana est\u00e1 en contra de todo lo que huela a intervencionismo estadounidense.<\/p>\n<\/div>\n<div class=\"css-1k9op6x e17x9cvu0\" dir=\"ltr\">\n<p class=\"css-s4cjt0 e1yuyadm0\" dir=\"ltr\">&#8220;Am\u00e9rica Latina tiene un historial terrible cada vez que a Estados Unidos se le antoja algo o cada vez que cree que un presidente no deber\u00eda gobernar, como el caso de (Salvador) Allende, por ejemplo&#8221;.<\/p>\n<p dir=\"ltr\">\n<\/div>\n<figure class=\"css-1qn0xuy\">\n<div class=\"css-1jir9cx\">\n<div style=\"width: 1034px\" class=\"wp-caption alignnone\"><img loading=\"lazy\" decoding=\"async\" class=\"css-1seqhu9\" src=\"https:\/\/ichef.bbci.co.uk\/ace\/ws\/640\/cpsprodpb\/7f49\/live\/31e99b40-ebd5-11f0-a422-4ba8a094a8fa.jpg.webp\" alt=\"Incendio en Fuerte Tiuna, el mayor complejo militar de Venezuela, visto a distancia tras una serie de explosiones en Caracas el 3 de enero de 2026.\" width=\"1024\" height=\"702\" \/><p class=\"wp-caption-text\">Fuente de la imagen,AFP via Getty Images. Ana vive cerca de Fuerte Tiuna y la despertaron los bombardeos del pasado 3 de enero.<\/p><\/div>\n<p class=\"css-by8ykd\" role=\"text\">\n<\/div>\n<\/figure>\n<div class=\"css-1k9op6x e17x9cvu0\" dir=\"ltr\">\n<p class=\"css-s4cjt0 e1yuyadm0\" dir=\"ltr\">&#8220;As\u00ed que, cada vez que escuchaba asomar la idea de que Trump pod\u00eda invadir Venezuela, trataba de explicar que eso iba a ser contraproducente para nosotros. Que un pol\u00edtico pida la invasi\u00f3n es lo contrario a la pol\u00edtica, porque quiere decir que t\u00fa eres incapaz de lograr nada&#8221;.<\/p>\n<\/div>\n<div class=\"css-1k9op6x e17x9cvu0\" dir=\"ltr\">\n<p class=\"css-s4cjt0 e1yuyadm0\" dir=\"ltr\">En este sentido, critica a la l\u00edder opositora Mar\u00eda Corina Machado por haber dicho &#8220;que solos no podemos (salir del chavismo) y haber invocado al TIAR (Tratado Interamericano de Asistencia Rec\u00edproca) para intervenir el pa\u00eds. Ella lo que quer\u00eda era que sacaran a Maduro y ponerse a gobernar pero no le result\u00f3&#8221;.<\/p>\n<\/div>\n<div class=\"css-1k9op6x e17x9cvu0\" dir=\"ltr\">\n<p class=\"css-s4cjt0 e1yuyadm0\" dir=\"ltr\">Tal vez un ojo poco entrenado a los grises de Venezuela pudiera decir que Ana es chavista. Pero es una ac\u00e9rrima opositora.<\/p>\n<\/div>\n<div class=\"css-1k9op6x e17x9cvu0\" dir=\"ltr\">\n<p class=\"css-s4cjt0 e1yuyadm0\" dir=\"ltr\">&#8220;Jam\u00e1s los he apoyado (a los chavistas). Siempre me ech\u00f3 para atr\u00e1s que (Hugo Ch\u00e1vez) fuera militar. Y luego se puso m\u00e1s autoritario y logr\u00f3 manipular m\u00e1s el sistema para quedarse en el poder. Y dec\u00edamos como un chiste que no hab\u00eda nada peor que Ch\u00e1vez. Y nos dejaron a Maduro: cero carisma y total brutalidad. La represi\u00f3n es el signo caracter\u00edstico de su gobierno, junto a la crisis econ\u00f3mica, que le explot\u00f3 a \u00e9l y fue terrible&#8221;.<\/p>\n<p dir=\"ltr\">\n<\/div>\n<figure class=\"css-1qn0xuy\">\n<div class=\"css-1jir9cx\">\n<div style=\"width: 1034px\" class=\"wp-caption alignnone\"><img loading=\"lazy\" decoding=\"async\" class=\"css-1seqhu9\" src=\"https:\/\/ichef.bbci.co.uk\/ace\/ws\/640\/cpsprodpb\/fe64\/live\/9a541b10-ebd5-11f0-b385-5f48925de19a.jpg.webp\" alt=\"Un mont\u00f3nd de gente agrupada, ondenado banderas venezolanas y en un claro ambiente festivo en Santiago de Chile. \" width=\"1024\" height=\"684\" \/><p class=\"wp-caption-text\">Fuente de la imagen,Bloomberg v\u00eda Getty Images. Personas celebrando en Santiago de Chile, el s\u00e1bado 3 de enero de 2026.<\/p><\/div>\n<p class=\"css-by8ykd\" role=\"text\">\n<\/div>\n<\/figure>\n<div class=\"css-1k9op6x e17x9cvu0\" dir=\"ltr\">\n<p dir=\"ltr\">\n<p class=\"css-s4cjt0 e1yuyadm0\" dir=\"ltr\">Con esta postura, a Ana la han atacado infinidad de veces.<\/p>\n<\/div>\n<div class=\"css-1k9op6x e17x9cvu0\" dir=\"ltr\">\n<p class=\"css-s4cjt0 e1yuyadm0\" dir=\"ltr\">En estos d\u00edas, esos ataques a todo aquel que se sale de la l\u00ednea que se considera &#8220;el deber ser&#8221; dentro de una &#8220;postura chavista&#8221; o dentro de una &#8220;postura opositora&#8221;, se han intensificado.<\/p>\n<\/div>\n<div class=\"css-1k9op6x e17x9cvu0\" dir=\"ltr\">\n<p class=\"css-s4cjt0 e1yuyadm0\" dir=\"ltr\">Gabriel dice que ha sido abrumadora la cantidad de comentarios y ataques, as\u00ed como la xenofobia exacerbada que ha visto sobre todo en redes.<\/p>\n<\/div>\n<div class=\"css-1k9op6x e17x9cvu0\" dir=\"ltr\">\n<h2 id=\"Sin-celebraciones\" class=\"css-jtxtr9 emoh99e1\" tabindex=\"-1\">Sin celebraciones<\/h2>\n<\/div>\n<div class=\"css-1k9op6x e17x9cvu0\" dir=\"ltr\">\n<p class=\"css-s4cjt0 e1yuyadm0\" dir=\"ltr\">Hoy, ser venezolano es habitar muchas emociones a la vez.<\/p>\n<\/div>\n<div class=\"css-1k9op6x e17x9cvu0\" dir=\"ltr\">\n<p class=\"css-s4cjt0 e1yuyadm0\" dir=\"ltr\">Y aunque las im\u00e1genes de venezolanos celebrando la foto de un Maduro &#8220;con los ganchos puestos&#8221; han dado la vuelta al mundo, gente como Gabriel no pens\u00f3 ni siquiera en festejar.<\/p>\n<\/div>\n<div class=\"css-1k9op6x e17x9cvu0\" dir=\"ltr\">\n<p class=\"css-s4cjt0 e1yuyadm0\" dir=\"ltr\">&#8220;Es muy complejo. Eso que tanto so\u00f1\u00e1bamos est\u00e1 pasando, pero te sientes un poco culpable. Y adem\u00e1s eres cauteloso en redes sociales, porque la primera lectura que hacen es &#8216;aqu\u00ed est\u00e1 el venezolano celebrando el imperialismo&#8217;, explica.<\/p>\n<\/div>\n<div class=\"css-1k9op6x e17x9cvu0\" dir=\"ltr\">\n<p class=\"css-s4cjt0 e1yuyadm0\" dir=\"ltr\">Igual le pasa a Laura*, quien como Gabriel debi\u00f3 migrar del pa\u00eds. Ella tampoco celebr\u00f3 lo ocurrido en la madrugada del 3 de enero y vive consternada por el intervencionismo, &#8220;tanto este de Trump como la clara intervenci\u00f3n de Rusia y China en mi pa\u00eds&#8221;.<\/p>\n<\/div>\n<div class=\"css-1k9op6x e17x9cvu0\" dir=\"ltr\">\n<p class=\"css-s4cjt0 e1yuyadm0\" dir=\"ltr\">&#8220;A la vez estoy abrumada de todo lo que est\u00e1 pasando y habito una especie de alivio, un resquicio de esperanza por ver a este hombre y a su esposa ante la justicia. Esto es habitar un mont\u00f3n de cosas a la vez&#8221;.<\/p>\n<p dir=\"ltr\">\n<\/div>\n<figure class=\"css-1qn0xuy\">\n<div class=\"css-1jir9cx\">\n<div style=\"width: 1034px\" class=\"wp-caption alignnone\"><img loading=\"lazy\" decoding=\"async\" class=\"css-1seqhu9\" src=\"https:\/\/ichef.bbci.co.uk\/ace\/ws\/640\/cpsprodpb\/f680\/live\/0f7770e0-ebd6-11f0-b5f7-49f0357294ff.jpg.webp\" alt=\"Un mont\u00f1on de mujeres, de pie o sentadas, con camisetas de color blanco, ataviadas con banderas venezolanas, cascos de motorizados, y llevando carteles de protesta, en medio de una de las principales v\u00edas de Caracas. \" width=\"1024\" height=\"682\" \/><p class=\"wp-caption-text\">Fuente de la imagen, AFP v\u00eda Getty Images. Manifestaci\u00f3n de mujeres contra Nicol\u00e1s Maduro en mayo de 2017.<\/p><\/div>\n<p class=\"css-by8ykd\" role=\"text\">\n<\/div>\n<\/figure>\n<div class=\"css-1k9op6x e17x9cvu0\" dir=\"ltr\">\n<p dir=\"ltr\">\n<p class=\"css-s4cjt0 e1yuyadm0\" dir=\"ltr\">Desde cada espacio en que Laura trabaja, trata de &#8220;hacer de puente&#8221; entre dos posturas que parecen insalvables para que &#8220;la narrativa de Venezuela se construya de forma compleja&#8221; y no solo en una dicotom\u00eda blanco y negro.<\/p>\n<\/div>\n<div class=\"css-1k9op6x e17x9cvu0\" dir=\"ltr\">\n<p class=\"css-s4cjt0 e1yuyadm0\" dir=\"ltr\">&#8220;Me dicen tibia. Y esto viene de la parte radical de izquierda y de la parte radical pro-Trump. No se trata de que yo quiera estar bien con todo el mundo, sino de habitar realidades complejas. Y esto no me resta rectitud moral ni \u00e9tica, sino todo lo contrario&#8221;.<\/p>\n<\/div>\n<div class=\"css-1k9op6x e17x9cvu0\" dir=\"ltr\">\n<p class=\"css-s4cjt0 e1yuyadm0\" dir=\"ltr\">Reconoce que es dif\u00edcil &#8220;mantener la ecuanimidad, porque la experiencia de la dictadura est\u00e1 atravesada en el cuerpo. En carne propia, en lo que nos ha tocado vivir y ver&#8221;, pero que como venezolana ha vivido tambi\u00e9n en &#8220;la polarizaci\u00f3n y c\u00f3mo se ha capitalizado por el poder y las fuerzas pol\u00edticas para avivar un odio que al largo plazo nos har\u00e1 da\u00f1o a todos&#8221;.<\/p>\n<\/div>\n<div class=\"css-1k9op6x e17x9cvu0\" dir=\"ltr\">\n<h2 id=\"Venezuela-a-trav\u00e9s-de-dos-cristales\" class=\"css-jtxtr9 emoh99e1\" tabindex=\"-1\">Venezuela a trav\u00e9s de dos cristales<\/h2>\n<\/div>\n<div class=\"css-1k9op6x e17x9cvu0\" dir=\"ltr\">\n<p class=\"css-s4cjt0 e1yuyadm0\" dir=\"ltr\">A la vez, tanto Gabriel como Laura reconocen que ha sido frustrante ver que en estos \u00faltimos d\u00edas se ha buscado simplificar la cuesti\u00f3n venezolana seg\u00fan el cristal ideol\u00f3gico con el que se mire.<\/p>\n<\/div>\n<div class=\"css-1k9op6x e17x9cvu0\" dir=\"ltr\">\n<p class=\"css-s4cjt0 e1yuyadm0\" dir=\"ltr\">&#8220;El \u00e9xodo migratorio, las protestas de 2016, de 2017, las lecciones robadas de 2024, la problem\u00e1tica de los presos pol\u00edticos durante los \u00faltimos a\u00f1os, sentir que en repetidas ocasiones hemos levantado la voz, pedido que nos ayuden a difundir, a sumarnos a la causa\u2026 En los \u00faltimos d\u00edas he sentido que a pesar de todo lo que hemos denunciado tantas veces en Venezuela pareciera que nadie lo ha escuchado o no lo ha le\u00eddo o nadie lo ha visto&#8221;, narra Gabriel.<\/p>\n<\/div>\n<div class=\"css-1k9op6x e17x9cvu0\" dir=\"ltr\">\n<p class=\"css-s4cjt0 e1yuyadm0\" dir=\"ltr\">Laura hace hincapi\u00e9 en lo que siente m\u00e1s profundo: la soledad del venezolano.<\/p>\n<\/div>\n<div class=\"css-1k9op6x e17x9cvu0\" dir=\"ltr\">\n<p class=\"css-s4cjt0 e1yuyadm0\" dir=\"ltr\">&#8220;Nadie puede decir que no lo hemos intentado todo. Hemos estado abandonados por a\u00f1os por la opini\u00f3n p\u00fablica y la izquierda internacional. Abandonados por el mismo Estado para el que no hemos sido prioridad y tampoco lo hemos sido para Estados Unidos. Es desolador&#8221;.<\/p>\n<p dir=\"ltr\">\n<\/div>\n<figure class=\"css-1qn0xuy\">\n<div class=\"css-1jir9cx\">\n<div style=\"width: 1034px\" class=\"wp-caption alignnone\"><img loading=\"lazy\" decoding=\"async\" class=\"css-1seqhu9\" src=\"https:\/\/ichef.bbci.co.uk\/ace\/ws\/640\/cpsprodpb\/a184\/live\/1fc9a4d0-ebd7-11f0-b385-5f48925de19a.jpg.webp\" alt=\"En primer plano, bandera venezolana, de fondo, personas manifest\u00e1ndose con pancartas donde se puede leer en ingl\u00e9s &quot;Hands off Venezuela&quot; - manos fuera de Venezuela. \" width=\"1024\" height=\"681\" \/><p class=\"wp-caption-text\">Fuente de la imagen,Getty Images. Frente a la Embajada de Estados Unidos en una manifestaci\u00f3n organizada por grupos activistas locales liderados por Acci\u00f3n Antiimperialista (AIA), compuesta principalmente por activistas irlandeses cr\u00edticos con la pol\u00edtica exterior estadounidense y la destituci\u00f3n del presidente Nicol\u00e1s Maduro.<\/p><\/div>\n<p class=\"css-by8ykd\" role=\"text\">\n<\/div>\n<\/figure>\n<div class=\"css-1k9op6x e17x9cvu0\" dir=\"ltr\">\n<p dir=\"ltr\">\n<p class=\"css-s4cjt0 e1yuyadm0\" dir=\"ltr\">Y Gabriel a\u00f1ade que los ataques y la incomprensi\u00f3n no llegan solo en redes, sino tambi\u00e9n con conocidos o compa\u00f1eros de trabajo. &#8220;Pareciera que los \u00faltimos d\u00edas se resumen en &#8216;los venezolanos est\u00e1n celebrando la invasi\u00f3n norteamericana porque ellos sencillamente odian el chavismo&#8217; y es m\u00e1s complejo que eso&#8221;.<\/p>\n<\/div>\n<div class=\"css-1k9op6x e17x9cvu0\" dir=\"ltr\">\n<p class=\"css-s4cjt0 e1yuyadm0\" dir=\"ltr\">Ana hace balance de toda la situaci\u00f3n: &#8220;\u00bfQu\u00e9 nos dej\u00f3 la invasi\u00f3n? \u00bfVali\u00f3 la pena? Todas las vidas que se perdieron, todo lo que destruyeron. \u00bfQu\u00e9 de bueno se logr\u00f3? Se llevaron a Maduro y a Cilia Flores. Yo los detesto. Pero seg\u00fan los tratados internacionales, ning\u00fan pa\u00eds tiene derecho a meterse en otro para secuestrar a un presidente. Y ahora vamos a ser el feudo neocolonial de Estados Unidos, con Delcy mandando, pero neoliberalmente&#8221;.<\/p>\n<\/div>\n<div class=\"css-1k9op6x e17x9cvu0\" dir=\"ltr\">\n<p class=\"css-s4cjt0 e1yuyadm0\" dir=\"ltr\">Y Laura concluye que muchas veces, en el debate sobre la situaci\u00f3n venezolana, &#8220;se pierde de vista que en Venezuela la prioridad es la vida, que hay gente sufriendo y cosas que muchos dan por sentadas, como tener luz, agua o hablar por tel\u00e9fono por la calle, que son dif\u00edciles de tener&#8221;.<\/p>\n<\/div>\n<div class=\"css-1k9op6x e17x9cvu0\" dir=\"ltr\">\n<p class=\"css-s4cjt0 e1yuyadm0\" dir=\"ltr\">&#8220;Se nos olvida que hablamos de personas&#8221;, termina.<\/p>\n<\/div>\n<div class=\"css-1k9op6x e17x9cvu0\" dir=\"ltr\">\n<p class=\"css-s4cjt0 e1yuyadm0\" dir=\"ltr\"><i class=\"css-6whwaq e1vymu7d0\"><b>*Los nombres de todos los entrevistados han sido modificados para proteger su identidad. Por esa misma raz\u00f3n no se especific\u00f3 d\u00f3nde se encuentran los dos entrevistados que dejaron Venezuela.<\/b><\/i><\/p>\n<\/div>\n","protected":false},"excerpt":{"rendered":"<p>&nbsp; &nbsp; &#8220;Esto es como si un villano te estuviera salvando de otro peor villano&#8221;. As\u00ed describe Gabriel* su sentir ante lo que ha pasado&hellip;<\/p>\n","protected":false},"author":99,"featured_media":540060,"comment_status":"open","ping_status":"open","sticky":false,"template":"","format":"standard","meta":{"footnotes":""},"categories":[23],"tags":[],"class_list":["post-540059","post","type-post","status-publish","format-standard","has-post-thumbnail","hentry","category-latinoamerica"],"_links":{"self":[{"href":"https:\/\/diarioelpopular.com\/index.php\/wp-json\/wp\/v2\/posts\/540059","targetHints":{"allow":["GET"]}}],"collection":[{"href":"https:\/\/diarioelpopular.com\/index.php\/wp-json\/wp\/v2\/posts"}],"about":[{"href":"https:\/\/diarioelpopular.com\/index.php\/wp-json\/wp\/v2\/types\/post"}],"author":[{"embeddable":true,"href":"https:\/\/diarioelpopular.com\/index.php\/wp-json\/wp\/v2\/users\/99"}],"replies":[{"embeddable":true,"href":"https:\/\/diarioelpopular.com\/index.php\/wp-json\/wp\/v2\/comments?post=540059"}],"version-history":[{"count":1,"href":"https:\/\/diarioelpopular.com\/index.php\/wp-json\/wp\/v2\/posts\/540059\/revisions"}],"predecessor-version":[{"id":540061,"href":"https:\/\/diarioelpopular.com\/index.php\/wp-json\/wp\/v2\/posts\/540059\/revisions\/540061"}],"wp:featuredmedia":[{"embeddable":true,"href":"https:\/\/diarioelpopular.com\/index.php\/wp-json\/wp\/v2\/media\/540060"}],"wp:attachment":[{"href":"https:\/\/diarioelpopular.com\/index.php\/wp-json\/wp\/v2\/media?parent=540059"}],"wp:term":[{"taxonomy":"category","embeddable":true,"href":"https:\/\/diarioelpopular.com\/index.php\/wp-json\/wp\/v2\/categories?post=540059"},{"taxonomy":"post_tag","embeddable":true,"href":"https:\/\/diarioelpopular.com\/index.php\/wp-json\/wp\/v2\/tags?post=540059"}],"curies":[{"name":"wp","href":"https:\/\/api.w.org\/{rel}","templated":true}]}}