{"id":540096,"date":"2026-01-09T12:26:55","date_gmt":"2026-01-09T16:26:55","guid":{"rendered":"https:\/\/diarioelpopular.com\/?p=540096"},"modified":"2026-01-09T12:26:55","modified_gmt":"2026-01-09T16:26:55","slug":"es-una-amenaza-real-gustavo-petro-habla-sobre-la-posibilidad-de-una-accion-militar-de-ee-uu-en-colombia-y-sobre-su-llamada-con-trump","status":"publish","type":"post","link":"https:\/\/diarioelpopular.com\/index.php\/2026\/01\/09\/es-una-amenaza-real-gustavo-petro-habla-sobre-la-posibilidad-de-una-accion-militar-de-ee-uu-en-colombia-y-sobre-su-llamada-con-trump\/","title":{"rendered":"&#8220;Es una amenaza real&#8221;: Gustavo Petro habla sobre la posibilidad de una acci\u00f3n militar de EE.UU. en Colombia y sobre su llamada con Trump"},"content":{"rendered":"<p><img loading=\"lazy\" decoding=\"async\" class=\"alignnone size-custom-full-size wp-image-540097\" src=\"https:\/\/diarioelpopular.com\/wp-content\/uploads\/2026\/01\/Screen-Shot-2026-01-09-at-11.26.16-AM-636x357.png\" alt=\"\" width=\"636\" height=\"357\" srcset=\"https:\/\/diarioelpopular.com\/wp-content\/uploads\/2026\/01\/Screen-Shot-2026-01-09-at-11.26.16-AM-636x357.png 636w, https:\/\/diarioelpopular.com\/wp-content\/uploads\/2026\/01\/Screen-Shot-2026-01-09-at-11.26.16-AM-300x168.png 300w, https:\/\/diarioelpopular.com\/wp-content\/uploads\/2026\/01\/Screen-Shot-2026-01-09-at-11.26.16-AM-768x431.png 768w, https:\/\/diarioelpopular.com\/wp-content\/uploads\/2026\/01\/Screen-Shot-2026-01-09-at-11.26.16-AM-130x73.png 130w, https:\/\/diarioelpopular.com\/wp-content\/uploads\/2026\/01\/Screen-Shot-2026-01-09-at-11.26.16-AM.png 862w\" sizes=\"auto, (max-width: 636px) 100vw, 636px\" \/><\/p>\n<p>&nbsp;<\/p>\n<div class=\"css-1k9op6x e17x9cvu0\" dir=\"ltr\">\n<ul>\n<li class=\"css-s4cjt0 e1yuyadm0\" dir=\"ltr\"><em><b>Colombia tambi\u00e9n fue recientemente amenazada por Donald Trump, quien dijo que una incursi\u00f3n militar en el pa\u00eds sudamericano &#8220;le suena bien&#8221;.<\/b><\/em><\/li>\n<\/ul>\n<\/div>\n<div class=\"css-1k9op6x e17x9cvu0\" dir=\"ltr\">\n<p dir=\"ltr\">\n<p class=\"css-s4cjt0 e1yuyadm0\" dir=\"ltr\">Trump acus\u00f3 a la naci\u00f3n sudamericana de contribuir al narcotr\u00e1fico que afecta a su pa\u00eds, una ret\u00f3rica que tambi\u00e9n le ha servido para realizar un amplio despliegue militar en el Caribe, impulsar detenciones y redadas contra migrantes irregulares en territorio estadounidense y, m\u00e1s recientemente, atacar Venezuela.<\/p>\n<\/div>\n<div class=\"css-1k9op6x e17x9cvu0\" dir=\"ltr\">\n<p class=\"css-s4cjt0 e1yuyadm0\" dir=\"ltr\">Esta \u00faltima acci\u00f3n de su ej\u00e9rcito culmin\u00f3 con la captura del mandatario Nicol\u00e1s Maduro y su esposa, la diputada Cilia Flores, quienes se encuentran detenidos en una penitenciar\u00eda de Nueva York y enfrentan cargos por tr\u00e1fico de drogas, entre otras acusaciones.<\/p>\n<\/div>\n<div class=\"css-1k9op6x e17x9cvu0\" dir=\"ltr\">\n<p class=\"css-s4cjt0 e1yuyadm0\" dir=\"ltr\">En los \u00faltimos d\u00edas, Trump no descart\u00f3 llevar a cabo una operaci\u00f3n similar en Colombia y lleg\u00f3 a decir que Petro deb\u00eda &#8220;cuidarse el trasero&#8221;.<\/p>\n<\/div>\n<div class=\"css-1k9op6x e17x9cvu0\" dir=\"ltr\">\n<p class=\"css-s4cjt0 e1yuyadm0\" dir=\"ltr\">Tambi\u00e9n lo acus\u00f3 de tener f\u00e1bricas de coca\u00edna, algo que el l\u00edder colombiano neg\u00f3.<\/p>\n<\/div>\n<div class=\"css-1k9op6x e17x9cvu0\" dir=\"ltr\">\n<p class=\"css-s4cjt0 e1yuyadm0\" dir=\"ltr\">Este mi\u00e9rcoles, sin embargo, el tono cambi\u00f3 radicalmente.<\/p>\n<\/div>\n<div class=\"css-1k9op6x e17x9cvu0\" dir=\"ltr\">\n<p class=\"css-s4cjt0 e1yuyadm0\" dir=\"ltr\">Ambos mandatarios, adversarios hist\u00f3ricos que en m\u00faltiples ocasiones hab\u00edan expresado p\u00fablicamente sus desacuerdos en redes sociales, dijeron haber sostenido una llamada telef\u00f3nica y acordado reunirse personalmente.<\/p>\n<\/div>\n<div class=\"css-1k9op6x e17x9cvu0\" dir=\"ltr\">\n<p class=\"css-s4cjt0 e1yuyadm0\" dir=\"ltr\">Trump afirm\u00f3, en su habitual hipocres\u00eda, que hab\u00eda sido un &#8220;honor&#8221; hablar con Petro y que este lo llam\u00f3 para explicarle &#8220;la situaci\u00f3n relacionada con las drogas y otros desacuerdos&#8221;.<\/p>\n<\/div>\n<div class=\"css-1k9op6x e17x9cvu0\" dir=\"ltr\">\n<p class=\"css-s4cjt0 e1yuyadm0\" dir=\"ltr\">Petro tambi\u00e9n calific\u00f3 la comunicaci\u00f3n como positiva.<\/p>\n<\/div>\n<div class=\"css-1k9op6x e17x9cvu0\" dir=\"ltr\">\n<p class=\"css-s4cjt0 e1yuyadm0\" dir=\"ltr\">De esa llamada, de la situaci\u00f3n que se vivi\u00f3 en Venezuela y de la tensa relaci\u00f3n de EE.UU. con el resto de Am\u00e9rica Latina convers\u00f3 el presidente colombiano con la corresponsal en Sudam\u00e9rica de la BBC de Londres, Ione Wells.<\/p>\n<\/div>\n<div class=\"css-1k9op6x e17x9cvu0\" dir=\"ltr\">\n<p class=\"css-s4cjt0 e1yuyadm0\" dir=\"ltr\">Compartimos la entrevista que, para prop\u00f3sitos de mejor comprensi\u00f3n, ha sido editada.<\/p>\n<\/div>\n<figure class=\"css-1qn0xuy\">\n<div class=\"css-1jir9cx\"><img loading=\"lazy\" decoding=\"async\" class=\"css-1seqhu9\" src=\"https:\/\/ichef.bbci.co.uk\/ace\/ws\/640\/cpsprodpb\/a0cd\/live\/81a1b990-ed58-11f0-a422-4ba8a094a8fa.png.webp\" sizes=\"auto, (min-width: 1008px) 760px, 100vw\" srcset=\"https:\/\/ichef.bbci.co.uk\/ace\/ws\/240\/cpsprodpb\/a0cd\/live\/81a1b990-ed58-11f0-a422-4ba8a094a8fa.png.webp 240w, https:\/\/ichef.bbci.co.uk\/ace\/ws\/320\/cpsprodpb\/a0cd\/live\/81a1b990-ed58-11f0-a422-4ba8a094a8fa.png.webp 320w, https:\/\/ichef.bbci.co.uk\/ace\/ws\/480\/cpsprodpb\/a0cd\/live\/81a1b990-ed58-11f0-a422-4ba8a094a8fa.png.webp 480w, https:\/\/ichef.bbci.co.uk\/ace\/ws\/624\/cpsprodpb\/a0cd\/live\/81a1b990-ed58-11f0-a422-4ba8a094a8fa.png.webp 624w, https:\/\/ichef.bbci.co.uk\/ace\/ws\/800\/cpsprodpb\/a0cd\/live\/81a1b990-ed58-11f0-a422-4ba8a094a8fa.png.webp 800w\" alt=\"l\u00ednea gris que separa el texto \" width=\"800\" height=\"100\" \/><\/div>\n<\/figure>\n<div class=\"css-13c4x68 e11b6abi0\" dir=\"ltr\" data-e2e=\"podcast-promo\">\n<section class=\"e11b6abi1 css-12e4ke4 e1306b2b0\" role=\"region\" aria-labelledby=\"podcast-promo\">\n<div class=\"css-79elbk e175zld10\"><\/div>\n<\/section>\n<\/div>\n<div class=\"css-1k9op6x e17x9cvu0\" dir=\"ltr\">\n<p class=\"css-s4cjt0 e1yuyadm0\" dir=\"ltr\"><b>\u00bfResolvieron sus diferencias usted y Trump cuando hablaron? \u00bfQui\u00e9n llam\u00f3 a qui\u00e9n? \u00bfHubo disculpas?<\/b><\/p>\n<\/div>\n<div class=\"css-1k9op6x e17x9cvu0\" dir=\"ltr\">\n<p class=\"css-s4cjt0 e1yuyadm0\" dir=\"ltr\">Quien logra la conversaci\u00f3n fue el senador Rand Paul, un republicano m\u00e9dico del estado de Kentucky que no conozco personalmente, pero que a trav\u00e9s de nuestros servicios diplom\u00e1ticos, y tras interesarse por el asunto, logr\u00f3 mediar.<\/p>\n<\/div>\n<div class=\"css-1k9op6x e17x9cvu0\" dir=\"ltr\">\n<p class=\"css-s4cjt0 e1yuyadm0\" dir=\"ltr\">Le pareci\u00f3 que ser\u00eda un inconveniente una acci\u00f3n militar, cualquiera que sea, en Colombia.<\/p>\n<\/div>\n<div class=\"css-1k9op6x e17x9cvu0\" dir=\"ltr\">\n<p class=\"css-s4cjt0 e1yuyadm0\" dir=\"ltr\">La llamada en realidad dur\u00f3 55 minutos y la mayor parte la ocup\u00e9 yo, habl\u00e9 de dos temas: uno de ellos fue el tema del narcotr\u00e1fico en Colombia y la falsedad de las cifras que le hicieron llegar al gobierno de EE.UU., el segundo fue Venezuela y nuestra visi\u00f3n de la tensi\u00f3n creada por EE.UU. con Am\u00e9rica Latina.<\/p>\n<\/div>\n<div class=\"css-1k9op6x e17x9cvu0\" dir=\"ltr\">\n<p class=\"css-s4cjt0 e1yuyadm0\" dir=\"ltr\">A Donald Trump, como dijo en el trino, le gust\u00f3 nuestra conversaci\u00f3n y nos vamos a ver en persona, pues creemos que es el mecanismo correcto.<\/p>\n<\/div>\n<div class=\"css-1k9op6x e17x9cvu0\" dir=\"ltr\">\n<p class=\"css-s4cjt0 e1yuyadm0\" dir=\"ltr\"><b>\u00bfC\u00f3mo describir\u00eda a Donald Trump?<\/b><\/p>\n<\/div>\n<div class=\"css-1k9op6x e17x9cvu0\" dir=\"ltr\">\n<p class=\"css-s4cjt0 e1yuyadm0\" dir=\"ltr\">No lo conozco personalmente, as\u00ed que no puedo.<\/p>\n<\/div>\n<div class=\"css-1k9op6x e17x9cvu0\" dir=\"ltr\">\n<p class=\"css-s4cjt0 e1yuyadm0\" dir=\"ltr\">Pero me parece que hay un problema en EE.UU. que data de d\u00e9cadas, incluso parece que sobrepasa el siglo. Lo estaba leyendo en un estudio acad\u00e9mico de dos mujeres, y es que se posiciona para sus relaciones internacionales como si fuera un imperio sin tener en cuenta el derecho de las naciones, sobre todo Am\u00e9rica Latina.<\/p>\n<\/div>\n<div class=\"css-1k9op6x e17x9cvu0\" dir=\"ltr\">\n<p class=\"css-s4cjt0 e1yuyadm0\" dir=\"ltr\">[En el estudio] aparece un cuadro en el que se se\u00f1ala que el 33% de sus intervenciones violentas han sido en Am\u00e9rica Latina.<\/p>\n<\/div>\n<div class=\"css-1k9op6x e17x9cvu0\" dir=\"ltr\">\n<p class=\"css-s4cjt0 e1yuyadm0\" dir=\"ltr\">Lo dije en la conversaci\u00f3n, siempre que la econom\u00eda de EE.UU. se base en petr\u00f3leo y carb\u00f3n, 70% de su matriz energ\u00e9tica, tender\u00e1 a buscar guerras por ambos recursos.<\/p>\n<\/div>\n<div class=\"css-1k9op6x e17x9cvu0\" dir=\"ltr\">\n<p class=\"css-s4cjt0 e1yuyadm0\" dir=\"ltr\">El tema de Venezuela es eso.<\/p>\n<\/div>\n<div class=\"css-1k9op6x e17x9cvu0\" dir=\"ltr\">\n<p class=\"css-s4cjt0 e1yuyadm0\" dir=\"ltr\">Si la sociedad de EE.UU. estuviera inscrita en los acuerdos de Par\u00eds, en reemplazar ese 70% por energ\u00eda limpia, no habr\u00eda guerras, habr\u00eda una sociedad mucho m\u00e1s democr\u00e1tica en el mundo.<\/p>\n<p dir=\"ltr\">\n<\/div>\n<figure class=\"css-1qn0xuy\">\n<div class=\"css-1jir9cx\">\n<div style=\"width: 1034px\" class=\"wp-caption alignnone\"><img loading=\"lazy\" decoding=\"async\" class=\"css-1seqhu9\" src=\"https:\/\/ichef.bbci.co.uk\/ace\/ws\/640\/cpsprodpb\/d78e\/live\/a36489c0-ed5a-11f0-8755-0f7da9fafd0b.jpg.webp\" alt=\"Gustavo Petro de pie en un podio mientras le habla a varios militares. Viste un saco gris y una corbata del mismo color. Su camisa es azul. \" width=\"1024\" height=\"576\" \/><p class=\"wp-caption-text\">Fuente de la imagen, Getty Images. Gustavo Petro afirm\u00f3 en entrevista con la BBC de Londres que las ofensivas militares de EE.UU. est\u00e1n relacionadas con el petr\u00f3leo y el gas.<\/p><\/div>\n<p class=\"css-by8ykd\" role=\"text\">\n<\/div>\n<\/figure>\n<div class=\"css-1k9op6x e17x9cvu0\" dir=\"ltr\">\n<p dir=\"ltr\">\n<p class=\"css-s4cjt0 e1yuyadm0\" dir=\"ltr\"><b>El presidente de EE.UU. ha dicho que una acci\u00f3n militar en Colombia &#8220;le suena bien&#8221;. \u00bfQu\u00e9 tan en serio se toma eso?<\/b><\/p>\n<\/div>\n<div class=\"css-1k9op6x e17x9cvu0\" dir=\"ltr\">\n<p class=\"css-s4cjt0 e1yuyadm0\" dir=\"ltr\">S\u00ed, creo que es una amenaza real con la perspectiva de que pueda retirarla, pero depende de las conversaciones siguientes. Colombia ha recibido violencia militar desde EE.UU. La \u00faltima vez fue a principios del siglo XX. Por eso Panam\u00e1 hoy no es parte de Colombia.<\/p>\n<\/div>\n<div class=\"css-1k9op6x e17x9cvu0\" dir=\"ltr\">\n<p class=\"css-s4cjt0 e1yuyadm0\" dir=\"ltr\">Colombia ha perdido territorio muchas veces, as\u00ed que no pensemos que se habla por hablar y menos Trump.<\/p>\n<\/div>\n<div class=\"css-1k9op6x e17x9cvu0\" dir=\"ltr\">\n<p class=\"css-s4cjt0 e1yuyadm0\" dir=\"ltr\"><b>El presidente Trump ha dicho que usted debe vigilar sus espaldas (su trasero). \u00bfCu\u00e1nto le preocupa su seguridad personal? \u00bfHa reforzado su esquema de seguridad?<\/b><\/p>\n<\/div>\n<div class=\"css-1k9op6x e17x9cvu0\" dir=\"ltr\">\n<p class=\"css-s4cjt0 e1yuyadm0\" dir=\"ltr\">S\u00ed, pero ante una amenaza de la magnitud de un ej\u00e9rcito tan poderoso, unas fuerzas militares tan poderosas, en Colombia no se responder\u00eda exactamente como intentaron en Venezuela.<\/p>\n<\/div>\n<div class=\"css-1k9op6x e17x9cvu0\" dir=\"ltr\">\n<p class=\"css-s4cjt0 e1yuyadm0\" dir=\"ltr\">Nuestras defensas no son los cuarteles, son las monta\u00f1as, las selvas, y por eso hay 75 a\u00f1os de violencia en Colombia.<\/p>\n<\/div>\n<div class=\"css-1k9op6x e17x9cvu0\" dir=\"ltr\">\n<p class=\"css-s4cjt0 e1yuyadm0\" dir=\"ltr\">Son 700.000 muertos entre nosotros mismos, algo relacionado al tipo de dirigencia pol\u00edtica que hemos tenido, que es la misma que fue a ensombrecer las relaciones entre Colombia y Estados Unidos, que siempre han sido de colaboraci\u00f3n.<\/p>\n<\/div>\n<div class=\"css-1k9op6x e17x9cvu0\" dir=\"ltr\">\n<p class=\"css-s4cjt0 e1yuyadm0\" dir=\"ltr\">Yo nunca retir\u00e9 la colaboraci\u00f3n que existe en la lucha contra el narcotr\u00e1fico. La inteligencia colombiana participa del 63% de las operaciones de incautaci\u00f3n, y los datos de tres a\u00f1os de mi gobierno dicen que logramos incautar 2.800 toneladas de drogas.<\/p>\n<\/div>\n<div class=\"css-1k9op6x e17x9cvu0\" dir=\"ltr\">\n<p class=\"css-s4cjt0 e1yuyadm0\" dir=\"ltr\">El presidente Trump ha recibido datos completamente contrarios.<\/p>\n<\/div>\n<div class=\"css-1k9op6x e17x9cvu0\" dir=\"ltr\">\n<p class=\"css-s4cjt0 e1yuyadm0\" dir=\"ltr\"><b>\u00bfEst\u00e1 seguro de que EE.UU. no podr\u00eda hacerle a usted lo que le hizo a Nicol\u00e1s Maduro en Venezuela?<\/b><\/p>\n<\/div>\n<div class=\"css-1k9op6x e17x9cvu0\" dir=\"ltr\">\n<p class=\"css-s4cjt0 e1yuyadm0\" dir=\"ltr\">Hab\u00eda una debilidad grande en Nicol\u00e1s Maduro, una, digamos, propia de la pol\u00edtica venezolana. Y es que hubo una etapa de degradaci\u00f3n del proceso que inici\u00f3 Ch\u00e1vez, que llev\u00f3 a que la sociedad venezolana retirara su apoyo al oficialismo.<\/p>\n<\/div>\n<div class=\"css-1k9op6x e17x9cvu0\" dir=\"ltr\">\n<p class=\"css-s4cjt0 e1yuyadm0\" dir=\"ltr\">Yo medi\u00e9 entre el gobierno de Venezuela y el pasado presidente estadounidense Joe Biden, y lo que busqu\u00e9 fueron elecciones libres.<\/p>\n<\/div>\n<div class=\"css-1k9op6x e17x9cvu0\" dir=\"ltr\">\n<p class=\"css-s4cjt0 e1yuyadm0\" dir=\"ltr\">Esto implicaba un desbloqueo de EE.UU. sobre Venezuela -porque ninguna naci\u00f3n hace elecciones libres bajo bloqueo- y terminar la persecuci\u00f3n contra grupos de oposici\u00f3n en suelo venezolano por parte de Maduro, y que el lado venezolano tambi\u00e9n garantizara las elecciones.<\/p>\n<\/div>\n<div class=\"css-1k9op6x e17x9cvu0\" dir=\"ltr\">\n<p class=\"css-s4cjt0 e1yuyadm0\" dir=\"ltr\">Eran dos carriles y yo debo decir que me equivoqu\u00e9, porque lo que se hab\u00eda prometido de lado a lado no se cumpli\u00f3.<\/p>\n<\/div>\n<div class=\"css-1k9op6x e17x9cvu0\" dir=\"ltr\">\n<p class=\"css-s4cjt0 e1yuyadm0\" dir=\"ltr\">No hubo ni desbloqueo en las elecciones ni hubo persecuci\u00f3n a los grupos; todo eso fracas\u00f3 y termin\u00f3 en esa etapa en la que yo no reconoc\u00ed las elecciones que se hicieron en Venezuela.<\/p>\n<\/div>\n<div class=\"css-1k9op6x e17x9cvu0\" dir=\"ltr\">\n<p class=\"css-s4cjt0 e1yuyadm0\" dir=\"ltr\">\u00bfQu\u00e9 pienso? Acabo de hablar con Delcy, que conozco hace mucho tiempo. Debe haber una negociaci\u00f3n entre fuerzas venezolanas que debe llevar a lo que pas\u00f3 en Colombia antes de la \u00e9poca de la violencia, que es tener gobiernos compartidos. Esa misma expresi\u00f3n la ha usado Marco Rubio.<\/p>\n<p dir=\"ltr\">\n<\/div>\n<figure class=\"css-1qn0xuy\">\n<div class=\"css-1jir9cx\">\n<div style=\"width: 1034px\" class=\"wp-caption alignnone\"><img loading=\"lazy\" decoding=\"async\" class=\"css-1seqhu9\" src=\"https:\/\/ichef.bbci.co.uk\/ace\/ws\/640\/cpsprodpb\/7eb5\/live\/ebb7b490-ed5a-11f0-8755-0f7da9fafd0b.jpg.webp\" alt=\"Una composici\u00f3n de dos fotos con los rostros de donald trump y gustavo petro en primer plano. Ambos tienen su boca abierta, pues est\u00e1n hablando. \" width=\"1024\" height=\"576\" \/><p class=\"wp-caption-text\">Fuente de la imagen,Getty Images. Gustavo Petro dijo que cree que la amenaza de Trump de intervenir en Colombia es real, pero que, tras comenzar un proceso de conversaciones, puede ser retirada.<\/p><\/div>\n<p class=\"css-by8ykd\" role=\"text\">\n<\/div>\n<\/figure>\n<div class=\"css-1k9op6x e17x9cvu0\" dir=\"ltr\">\n<p class=\"css-s4cjt0 e1yuyadm0\" dir=\"ltr\"><b>\u00bfCu\u00e1ndo recibir\u00e1 usted en Colombia a Delcy Rodr\u00edguez?<\/b><\/p>\n<\/div>\n<div class=\"css-1k9op6x e17x9cvu0\" dir=\"ltr\">\n<p class=\"css-s4cjt0 e1yuyadm0\" dir=\"ltr\">La invit\u00e9, no s\u00e9 si se produzca, pero creo que ser\u00eda importante.<\/p>\n<\/div>\n<div class=\"css-1k9op6x e17x9cvu0\" dir=\"ltr\">\n<p class=\"css-s4cjt0 e1yuyadm0\" dir=\"ltr\"><b>\u00bfSabe si la CIA ten\u00eda un informante dentro del gobierno de Nicol\u00e1s Maduro? \u00bfPuede usted tener la certeza de que nadie en su gobierno, incluso en esta casa, est\u00e1 compartiendo informaci\u00f3n con el gobierno de EE.UU.?<\/b><\/p>\n<\/div>\n<div class=\"css-1k9op6x e17x9cvu0\" dir=\"ltr\">\n<p class=\"css-s4cjt0 e1yuyadm0\" dir=\"ltr\">Venezuela desde hace mucho tiempo es interferida por diversas agencias de inteligencia, no solo estadounidenses.<\/p>\n<\/div>\n<div class=\"css-1k9op6x e17x9cvu0\" dir=\"ltr\">\n<p class=\"css-s4cjt0 e1yuyadm0\" dir=\"ltr\">En el caso nuestro, aqu\u00ed se les dio tambi\u00e9n desde hace 50 a\u00f1os m\u00e1s o menos, permiso en relaci\u00f3n a estar aqu\u00ed, pero para atacar el narcotr\u00e1fico.<\/p>\n<\/div>\n<div class=\"css-1k9op6x e17x9cvu0\" dir=\"ltr\">\n<p class=\"css-s4cjt0 e1yuyadm0\" dir=\"ltr\">Yo mantuve esa invitaci\u00f3n.<\/p>\n<\/div>\n<div class=\"css-1k9op6x e17x9cvu0\" dir=\"ltr\">\n<p class=\"css-s4cjt0 e1yuyadm0\" dir=\"ltr\"><b>\u00bfC\u00f3mo se prepara Colombia para defenderse? \u00bfY c\u00f3mo responder\u00eda usted ante un ataque de EE.UU.<\/b><\/p>\n<\/div>\n<div class=\"css-1k9op6x e17x9cvu0\" dir=\"ltr\">\n<p class=\"css-s4cjt0 e1yuyadm0\" dir=\"ltr\">Yo prefiero que se d\u00e9 el di\u00e1logo, como se prometi\u00f3, se est\u00e1 trabajando en eso.<\/p>\n<\/div>\n<div class=\"css-1k9op6x e17x9cvu0\" dir=\"ltr\">\n<p class=\"css-s4cjt0 e1yuyadm0\" dir=\"ltr\">Yo fui del M19, la primera guerrilla insurgente. Nosotros nos llam\u00e1bamos Ej\u00e9rcito de Bol\u00edvar. Nuestro \u00faltimo grado era oficiales de Bol\u00edvar. Nuestra primera acci\u00f3n fue recuperar la espada de Bol\u00edvar, que siempre dije que estar\u00eda desenvainada mientras no hubiera justicia en Colombia.<\/p>\n<\/div>\n<div class=\"css-1k9op6x e17x9cvu0\" dir=\"ltr\">\n<p class=\"css-s4cjt0 e1yuyadm0\" dir=\"ltr\">Ahora la tengo en el primer piso, y coment\u00e9 que iba a dormir al lado de la espada de Bol\u00edvar y que mi protecci\u00f3n ser\u00eda fundamentalmente el pueblo. No porque el pueblo desarmado pueda resistir un helic\u00f3ptero Blackhawk, pero el pueblo desarmado derrot\u00f3 al imperio espa\u00f1ol, que era el ej\u00e9rcito m\u00e1s grande, y sabe qu\u00e9 hacer cada vez que se le amenaza. Y no es enfrentar al gran ej\u00e9rcito con armas que no tenemos.<\/p>\n<\/div>\n<div class=\"css-1k9op6x e17x9cvu0\" dir=\"ltr\">\n<p class=\"css-s4cjt0 e1yuyadm0\" dir=\"ltr\">Porque no tenemos ni siquiera defensa antia\u00e9rea, otro fue el destino de nuestras armas, sino el de las multitudes, nuestras monta\u00f1as y nuestras selvas, como siempre lo hemos hecho.<\/p>\n<p dir=\"ltr\">\n<\/div>\n<figure class=\"css-1qn0xuy\">\n<div class=\"css-1jir9cx\"><img loading=\"lazy\" decoding=\"async\" class=\"css-1seqhu9\" src=\"https:\/\/ichef.bbci.co.uk\/ace\/ws\/640\/cpsprodpb\/098a\/live\/54a68a20-ed5c-11f0-9afe-032419c395ec.jpg.webp\" sizes=\"auto, (min-width: 1008px) 760px, 100vw\" srcset=\"https:\/\/ichef.bbci.co.uk\/ace\/ws\/240\/cpsprodpb\/098a\/live\/54a68a20-ed5c-11f0-9afe-032419c395ec.jpg.webp 240w, https:\/\/ichef.bbci.co.uk\/ace\/ws\/320\/cpsprodpb\/098a\/live\/54a68a20-ed5c-11f0-9afe-032419c395ec.jpg.webp 320w, https:\/\/ichef.bbci.co.uk\/ace\/ws\/480\/cpsprodpb\/098a\/live\/54a68a20-ed5c-11f0-9afe-032419c395ec.jpg.webp 480w, https:\/\/ichef.bbci.co.uk\/ace\/ws\/624\/cpsprodpb\/098a\/live\/54a68a20-ed5c-11f0-9afe-032419c395ec.jpg.webp 624w, https:\/\/ichef.bbci.co.uk\/ace\/ws\/800\/cpsprodpb\/098a\/live\/54a68a20-ed5c-11f0-9afe-032419c395ec.jpg.webp 800w\" alt=\"primer plano del rostro de gustavo petro. Lleva anteojos y tiene la boca abierta mientras habla. \" width=\"1020\" height=\"574\" \/><\/p>\n<p class=\"css-by8ykd\" role=\"text\">\n<\/div>\n<\/figure>\n<div class=\"css-1k9op6x e17x9cvu0\" dir=\"ltr\">\n<p class=\"css-s4cjt0 e1yuyadm0\" dir=\"ltr\"><b>El presidente Trump lo acus\u00f3 personalmente de traficar coca\u00edna. \u00bfCu\u00e1l es su respuesta a esto?<\/b><\/p>\n<\/div>\n<div class=\"css-1k9op6x e17x9cvu0\" dir=\"ltr\">\n<p class=\"css-s4cjt0 e1yuyadm0\" dir=\"ltr\">Pues creo que era lo que le contaba la extrema derecha colombiana al gobierno de EE.UU. Pero yo saqu\u00e9 aqu\u00ed p\u00fablicamente mis extractos bancarios. No tengo sino una cuenta en un banco.<\/p>\n<\/div>\n<div class=\"css-1k9op6x e17x9cvu0\" dir=\"ltr\">\n<p class=\"css-s4cjt0 e1yuyadm0\" dir=\"ltr\">En 2020 me examinaron, nunca encontraron nada an\u00f3malo. Solo poseo mi casa, que a\u00fan pago al banco, porque la constru\u00ed con deuda hipotecaria y casi la pierdo una vez. Eso es todo lo que tengo, no tengo ni carro. Seguramente buscaron en todo el mundo a ver si hab\u00eda propiedades m\u00edas bajo testaferro, pero no han encontrado nunca nada.<\/p>\n<\/div>\n<div class=\"css-1k9op6x e17x9cvu0\" dir=\"ltr\">\n<p class=\"css-s4cjt0 e1yuyadm0\" dir=\"ltr\"><b>La producci\u00f3n de coca\u00edna en Colombia alcanz\u00f3 niveles r\u00e9cords. \u00bfAsume usted responsabilidad?<\/b><\/p>\n<\/div>\n<div class=\"css-1k9op6x e17x9cvu0\" dir=\"ltr\">\n<p class=\"css-s4cjt0 e1yuyadm0\" dir=\"ltr\">Yo le dije a Trump las cifras. \u00bfD\u00f3nde est\u00e1 la falla? Le dije que bajo el gobierno de Iv\u00e1n Duque se duplicaron los cultivos de hoja de coca y en todo mi gobierno los cultivos solo han crecido 6%; en la administraci\u00f3n de \u00e9l 100%. \u00bfA qu\u00e9 se debe? Hemos tenido \u00e9xito en detener el crecimiento, pero hay dos pol\u00edticas: una ha servido para bajar incluso los cultivos y otra no, los dispar\u00f3.<\/p>\n<\/div>\n<div class=\"css-1k9op6x e17x9cvu0\" dir=\"ltr\">\n<p class=\"css-s4cjt0 e1yuyadm0\" dir=\"ltr\">La pol\u00edtica que dispar\u00f3 los cultivos de hoja de coca en el gobierno de Duque fundamentalmente fue hacer trizas la paz y pasar de lo que se hab\u00eda acordado en la paz, que era sustituir voluntariamente los cultivos de los campesinos, a erradicarlos forzosamente. Los campesinos reaccionaron sembrando m\u00e1s hoja de coca.<\/p>\n<\/div>\n<div class=\"css-1k9op6x e17x9cvu0\" dir=\"ltr\">\n<p class=\"css-s4cjt0 e1yuyadm0\" dir=\"ltr\">T\u00fa ves descensos donde hubo una pol\u00edtica de sustituci\u00f3n de cultivos; la inici\u00f3 el presidente Juan Manuel Santos, peque\u00f1a, pero lo hizo, y bajaron.<\/p>\n<p dir=\"ltr\">\n<\/div>\n<figure class=\"css-1qn0xuy\">\n<div class=\"css-1jir9cx\">\n<div style=\"width: 1034px\" class=\"wp-caption alignnone\"><img loading=\"lazy\" decoding=\"async\" class=\"css-1seqhu9\" src=\"https:\/\/ichef.bbci.co.uk\/ace\/ws\/640\/cpsprodpb\/e753\/live\/8305e0a0-ed5c-11f0-9afe-032419c395ec.jpg.webp\" alt=\"Gustavo petro de pie entre varios militares que realizan un saludo oficial. \" width=\"1024\" height=\"576\" \/><p class=\"wp-caption-text\">Fuente de la imagen,Getty Images. Gustavo Petro afirm\u00f3 que Colombia no se plantear\u00eda una defensa frente a EE.UU. parecida a la que intent\u00f3 Venezuela, sino que utilizar\u00eda la geograf\u00eda del pa\u00eds para su beneficio.<\/p><\/div>\n<p class=\"css-by8ykd\" role=\"text\">\n<\/div>\n<\/figure>\n<div class=\"css-1k9op6x e17x9cvu0\" dir=\"ltr\">\n<p class=\"css-s4cjt0 e1yuyadm0\" dir=\"ltr\"><b>\u00bfDebi\u00f3 usted apostar por una postura militar m\u00e1s dura frente al narcotr\u00e1fico en lugar de priorizar el di\u00e1logo?<\/b><\/p>\n<\/div>\n<div class=\"css-1k9op6x e17x9cvu0\" dir=\"ltr\">\n<p class=\"css-s4cjt0 e1yuyadm0\" dir=\"ltr\">Toda esa es la narrativa de la extrema derecha colombiana. Los grupos que hoy est\u00e1n en armas, excepto el ELN, que viene desde 1964, como insurgencia que ahora es consumida por el tr\u00e1fico de la coca\u00edna, se crearon en el gobierno de Duque. Yo los recib\u00ed con armas y con violencia.<\/p>\n<\/div>\n<div class=\"css-1k9op6x e17x9cvu0\" dir=\"ltr\">\n<p class=\"css-s4cjt0 e1yuyadm0\" dir=\"ltr\">Hemos desarrollado dos carriles: uno es hablar de paz con grupos que son bandidos, ya no son grupos pol\u00edticos, y desarrollar una ofensiva militar contra los que no quieran la paz.<\/p>\n<\/div>\n<div class=\"css-1k9op6x e17x9cvu0\" dir=\"ltr\">\n<p class=\"css-s4cjt0 e1yuyadm0\" dir=\"ltr\">Hay todav\u00eda negociaciones en el sur del pa\u00eds, donde m\u00e1s se ha sustituido la hoja de coca, y donde m\u00e1s han bajado la tasa de homicidios en Colombia.<\/p>\n<\/div>\n<div class=\"css-1k9op6x e17x9cvu0\" dir=\"ltr\">\n<p class=\"css-s4cjt0 e1yuyadm0\" dir=\"ltr\">La pol\u00edtica de di\u00e1logo, lo acabo de demostrar, sirve para desescalar violencias, pero no somos bobos, sabemos con qui\u00e9nes negociamos, ya esto no es un problema de pol\u00edtica, es un problema de codicia.<\/p>\n<\/div>\n<div class=\"css-1k9op6x e17x9cvu0\" dir=\"ltr\">\n<p class=\"css-s4cjt0 e1yuyadm0\" dir=\"ltr\">Y en esa medida, hemos realizado 1.440 combates, con la captura de 14.000 miembros de ese tipo de estructuras. Lo que ocurre es que se reponen r\u00e1pido porque es plata. Hemos logrado 12 bombardeos que yo he ordenado dentro del Derecho Internacional Humanitario.<\/p>\n<\/div>\n<div class=\"css-1k9op6x e17x9cvu0\" dir=\"ltr\">\n<p class=\"css-s4cjt0 e1yuyadm0\" dir=\"ltr\">Ahora, el resultado final es la incautaci\u00f3n, que es mi prioridad, no golpear a los campesinos, como hizo Duque. Necesito al campesinado como aliado del Estado para poder acabar realmente con las plantaciones. Las incautaciones que hemos realizado son las m\u00e1s altas de la historia del mundo en coca\u00edna.<\/p>\n<\/div>\n<div class=\"css-1k9op6x e17x9cvu0\" dir=\"ltr\">\n<p class=\"css-s4cjt0 e1yuyadm0\" dir=\"ltr\"><b>\u00bfQu\u00e9 espera de EE.UU. y cu\u00e1l es su mensaje al pueblo estadounidense?<\/b><\/p>\n<\/div>\n<div class=\"css-1k9op6x e17x9cvu0\" dir=\"ltr\">\n<p class=\"css-s4cjt0 e1yuyadm0\" dir=\"ltr\">Creo que ellos deben reflexionar, en primer lugar.<\/p>\n<\/div>\n<div class=\"css-1k9op6x e17x9cvu0\" dir=\"ltr\">\n<p class=\"css-s4cjt0 e1yuyadm0\" dir=\"ltr\">Latinoam\u00e9rica tambi\u00e9n debe reunirse. Ayer fue un d\u00eda muy especial, porque por coincidencias sali\u00f3 mucha gente a las calles en las ciudades venezolanas, much\u00edsima gente en las ciudades colombianas, en una \u00e9poca que no es usual, y hubo un estallido social en algunas ciudades de Estados Unidos por un hecho ajeno, que fue el asesinato de una ciudadana por ICE, que para nosotros funciona igual que las brigadas nazis y que las brigadas italianas fascistas. Ya no solo persigue latinoamericanos por las calles, que para nosotros es una afrenta, sino que mata a ciudadanos de Estados Unidos.<\/p>\n<\/div>\n<div class=\"css-1k9op6x e17x9cvu0\" dir=\"ltr\">\n<p class=\"css-s4cjt0 e1yuyadm0\" dir=\"ltr\">Entonces es un momento de reflexi\u00f3n, porque si se ve todo esto junto, m\u00e1s lo que puede seguir desarroll\u00e1ndose, pues, en lugar de un Estados Unidos dominando el mundo, su sue\u00f1o imperial, es un Estados Unidos aislado del mundo.<\/p>\n<\/div>\n<div class=\"css-1k9op6x e17x9cvu0\" dir=\"ltr\">\n<p class=\"css-s4cjt0 e1yuyadm0\" dir=\"ltr\">Y un imperio no se construy\u00f3 aislado del mundo; le pas\u00f3 a Roma. Un Estados Unidos vigente en el mundo se da a trav\u00e9s del di\u00e1logo democr\u00e1tico y de la construcci\u00f3n de reglas democr\u00e1ticas.<\/p>\n<\/div>\n","protected":false},"excerpt":{"rendered":"<p>&nbsp; Colombia tambi\u00e9n fue recientemente amenazada por Donald Trump, quien dijo que una incursi\u00f3n militar en el pa\u00eds sudamericano &#8220;le suena bien&#8221;. Trump acus\u00f3 a&hellip;<\/p>\n","protected":false},"author":99,"featured_media":540097,"comment_status":"open","ping_status":"open","sticky":false,"template":"","format":"standard","meta":{"footnotes":""},"categories":[23],"tags":[],"class_list":["post-540096","post","type-post","status-publish","format-standard","has-post-thumbnail","hentry","category-latinoamerica"],"_links":{"self":[{"href":"https:\/\/diarioelpopular.com\/index.php\/wp-json\/wp\/v2\/posts\/540096","targetHints":{"allow":["GET"]}}],"collection":[{"href":"https:\/\/diarioelpopular.com\/index.php\/wp-json\/wp\/v2\/posts"}],"about":[{"href":"https:\/\/diarioelpopular.com\/index.php\/wp-json\/wp\/v2\/types\/post"}],"author":[{"embeddable":true,"href":"https:\/\/diarioelpopular.com\/index.php\/wp-json\/wp\/v2\/users\/99"}],"replies":[{"embeddable":true,"href":"https:\/\/diarioelpopular.com\/index.php\/wp-json\/wp\/v2\/comments?post=540096"}],"version-history":[{"count":1,"href":"https:\/\/diarioelpopular.com\/index.php\/wp-json\/wp\/v2\/posts\/540096\/revisions"}],"predecessor-version":[{"id":540098,"href":"https:\/\/diarioelpopular.com\/index.php\/wp-json\/wp\/v2\/posts\/540096\/revisions\/540098"}],"wp:featuredmedia":[{"embeddable":true,"href":"https:\/\/diarioelpopular.com\/index.php\/wp-json\/wp\/v2\/media\/540097"}],"wp:attachment":[{"href":"https:\/\/diarioelpopular.com\/index.php\/wp-json\/wp\/v2\/media?parent=540096"}],"wp:term":[{"taxonomy":"category","embeddable":true,"href":"https:\/\/diarioelpopular.com\/index.php\/wp-json\/wp\/v2\/categories?post=540096"},{"taxonomy":"post_tag","embeddable":true,"href":"https:\/\/diarioelpopular.com\/index.php\/wp-json\/wp\/v2\/tags?post=540096"}],"curies":[{"name":"wp","href":"https:\/\/api.w.org\/{rel}","templated":true}]}}