{"id":540103,"date":"2026-01-10T11:23:02","date_gmt":"2026-01-10T15:23:02","guid":{"rendered":"https:\/\/diarioelpopular.com\/?p=540103"},"modified":"2026-01-10T11:23:02","modified_gmt":"2026-01-10T15:23:02","slug":"mientras-carney-viaja-a-china-una-pequena-mayoria-de-canadienses-desea-comercio-con-ese-pais","status":"publish","type":"post","link":"https:\/\/diarioelpopular.com\/index.php\/2026\/01\/10\/mientras-carney-viaja-a-china-una-pequena-mayoria-de-canadienses-desea-comercio-con-ese-pais\/","title":{"rendered":"Mientras Carney viaja a China, una peque\u00f1a mayor\u00eda de canadienses desea comercio con ese pa\u00eds"},"content":{"rendered":"<div id=\"attachment_540104\" style=\"width: 646px\" class=\"wp-caption alignnone\"><img loading=\"lazy\" decoding=\"async\" aria-describedby=\"caption-attachment-540104\" class=\"wp-image-540104 size-custom-full-size\" src=\"https:\/\/diarioelpopular.com\/wp-content\/uploads\/2026\/01\/Screen-Shot-2026-01-10-at-10.21.20-AM-636x513.png\" alt=\"\" width=\"636\" height=\"513\" srcset=\"https:\/\/diarioelpopular.com\/wp-content\/uploads\/2026\/01\/Screen-Shot-2026-01-10-at-10.21.20-AM-636x513.png 636w, https:\/\/diarioelpopular.com\/wp-content\/uploads\/2026\/01\/Screen-Shot-2026-01-10-at-10.21.20-AM-300x242.png 300w, https:\/\/diarioelpopular.com\/wp-content\/uploads\/2026\/01\/Screen-Shot-2026-01-10-at-10.21.20-AM-768x620.png 768w, https:\/\/diarioelpopular.com\/wp-content\/uploads\/2026\/01\/Screen-Shot-2026-01-10-at-10.21.20-AM-90x73.png 90w, https:\/\/diarioelpopular.com\/wp-content\/uploads\/2026\/01\/Screen-Shot-2026-01-10-at-10.21.20-AM.png 1024w\" sizes=\"auto, (max-width: 636px) 100vw, 636px\" \/><p id=\"caption-attachment-540104\" class=\"wp-caption-text\">El primer ministro Mark Carney y el presidente chino, Xi Jinping, hacen un gesto hacia sus asientos al comienzo de una reuni\u00f3n en Gyeongju el 31 de octubre de 2025.\u00a0 \u00a0 \u00a0 \u00a0 \u00a0 \u00a0 \u00a0 \u00a0 \u00a0 \u00a0 \u00a0 \u00a0 \u00a0 \u00a0 \u00a0 \u00a0 \u00a0 \u00a0 \u00a0 \u00a0 \u00a0 \u00a0 \u00a0 \u00a0 \u00a0 \u00a0 \u00a0 \u00a0 \u00a0 \u00a0 \u00a0 \u00a0 Foto archicvo THE CANADIAN PRESS\/Adrian Wyld<\/p><\/div>\n<p>&nbsp;<\/p>\n<p>&nbsp;<\/p>\n<ul>\n<li><em><strong>Mientras el primer ministro Mark Carney viaja a China y busca restablecer las relaciones comerciales y diplom\u00e1ticas, una peque\u00f1a mayor\u00eda se muestra a favor de un mejor comercio con Pek\u00edn, seg\u00fan sugiere una nueva encuesta.<\/strong><\/em><\/li>\n<\/ul>\n<p>&nbsp;<\/p>\n<p>La encuesta de Ipsos, realizada en exclusiva para Global News y publicada este s\u00e1bado, revel\u00f3 que el 54 % expres\u00f3 su apoyo a estrechar los lazos comerciales y los acuerdos econ\u00f3micos con China.<\/p>\n<p>Los resultados marcan un cambio de rumbo respecto a 2020, cuando ocho de cada diez canadienses quer\u00edan que el pa\u00eds dependiera menos del mercado chino en medio de un punto \u00e1lgido en las relaciones provocado por las acusaciones de interferencia extranjera contra Pek\u00edn y la detenci\u00f3n arbitraria de los &#8220;dos Michaels&#8221;.<\/p>\n<p>Darrell Bricker, director ejecutivo de Asuntos P\u00fablicos de Ipsos, afirma que los resultados de la nueva encuesta &#8220;se centran menos en China y m\u00e1s en Estados Unidos&#8221; y en las realidades econ\u00f3micas de la guerra comercial de Donald Trump.<\/p>\n<p>\u201cLa raz\u00f3n de su recuperaci\u00f3n no es que la gente se haya enamorado repentinamente de China, raz\u00f3n por la cual las cifras son bajas\u201d, dijo Bricker en una entrevista.<\/p>\n<p>\u201cLa raz\u00f3n de su recuperaci\u00f3n es que la gente est\u00e1 pensando en con qui\u00e9n vamos a comerciar. Y la segunda poblaci\u00f3n m\u00e1s grande del mundo, y la segunda econom\u00eda m\u00e1s grande, es probablemente un lugar con el que necesitamos tener alg\u00fan tipo de relaci\u00f3n\u201d.<\/p>\n<p>Ipsos contact\u00f3 a 2.001 adultos a principios de diciembre de 2025 para la encuesta.<\/p>\n<p>Carney estar\u00e1 en China durante cinco d\u00edas a partir del martes, lo que marca el primer viaje oficial al pa\u00eds de un primer ministro canadiense desde 2017.<\/p>\n<p>Se reunir\u00e1 con el presidente chino, Xi Jinping, durante el viaje, que, seg\u00fan la Oficina del Primer Ministro, se basar\u00e1 en la primera reuni\u00f3n de ambos l\u00edderes en el foro de Cooperaci\u00f3n Econ\u00f3mica Asia-Pac\u00edfico en Corea del Sur en octubre pasado.<\/p>\n<p>Las relaciones con Pek\u00edn se deterioraron dr\u00e1sticamente en 2018 despu\u00e9s de que China encarcelara a los canadienses Michael Kovrig y Michael Spavor durante casi tres a\u00f1os, una medida considerada ampliamente como una represalia por el arresto en Canad\u00e1 de la ejecutiva de Huawei, Meng Wanzhou, por cargos de fraude en Estados Unidos.<\/p>\n<p>Si bien esa fuente de tensi\u00f3n se resolvi\u00f3 tras la liberaci\u00f3n de los tres en 2021, las relaciones comerciales han seguido deterior\u00e1ndose. Canad\u00e1 ha impuesto un arancel del 100 % a los veh\u00edculos el\u00e9ctricos chinos, que gozan de la falta de infraestructura, servicio, partes, mantenimiento y un impuesto de importaci\u00f3n del 25 % al acero y al aluminio en los \u00faltimos dos a\u00f1os, medidas que igualaron a las de Estados Unidos.<\/p>\n<p>China respondi\u00f3 con un arancel del 100 % a varios productos agr\u00edcolas canadienses en marzo pasado, incluyendo la canola y los guisantes, adem\u00e1s de un impuesto del 25 % a la carne de cerdo y los productos del mar.<\/p>\n<p>El embajador de China en Canad\u00e1 ha declarado que los aranceles chinos se eliminar\u00edan si Canad\u00e1 eliminara sus aranceles a los veh\u00edculos el\u00e9ctricos. Los l\u00edderes pol\u00edticos de las provincias afectadas por los aranceles, como Saskatchewan, han instado a Ottawa a hacer todo lo posible para que se eliminen los aranceles agr\u00edcolas.<\/p>\n<p>Desde que asumi\u00f3 como primer ministro, Carney ha afirmado la importancia de reanudar la relaci\u00f3n con China y &#8220;reiniciarla&#8221; ante los aranceles de Trump. Posteriormente, la pol\u00edtica exterior de Canad\u00e1 ha evolucionado: de buscar aislar a China a buscar una &#8220;relaci\u00f3n estrat\u00e9gica&#8221; que equilibre la cooperaci\u00f3n con la competencia.<\/p>\n<p>Carney declar\u00f3 en septiembre de 2025 que Ottawa deber\u00eda ser m\u00e1s clara sobre d\u00f3nde nos relacionamos con China: que Canad\u00e1 podr\u00eda colaborar profundamente con Pek\u00edn en materia de energ\u00eda, cambio clim\u00e1tico y manufactura b\u00e1sica, manteniendo al mismo tiempo ciertas restricciones en materia de seguridad nacional.<\/p>\n<p>&#8220;Debemos ser muy cuidadosos con nuestras relaciones con China, para no intentar ampliarlas ni profundizarlas, exponi\u00e9ndonos en el futuro a a\u00fan m\u00e1s problemas&#8221;, declar\u00f3 Margaret McCuaig-Johnston, investigadora principal de la Universidad de Ottawa que estudia las relaciones entre Canad\u00e1 y China.<\/p>\n<p>&#8220;Debemos preocuparnos por las restricciones que se establecer\u00e1n a medio y largo plazo y no ser utilizados por China como una cu\u00f1a con Estados Unidos&#8221;.<\/p>\n<p>A\u00f1adi\u00f3 que Carney debe garantizar que las empresas canadienses no sean perjudicadas al entrar en el mercado chino y que &#8220;no podemos permitirles acercarse del todo a nuestras tecnolog\u00edas avanzadas, inteligencia artificial ni minerales cr\u00edticos&#8221;.<\/p>\n<p>McCuaig-Johnston y Kovrig, ahora asesor principal del International Crisis Group, afirmaron que Carney tambi\u00e9n debe evitar la reducci\u00f3n de los aranceles canadienses a los veh\u00edculos el\u00e9ctricos a cambio de una reducci\u00f3n arancelaria china.<\/p>\n<p>&#8220;Si Canad\u00e1 hace eso, vaciar\u00e1 su sector de fabricaci\u00f3n de autom\u00f3viles en una d\u00e9cada&#8221;, declar\u00f3 Kovrig en una entrevista.<\/p>\n<p>Cr\u00edticos de China y Xi, como activistas prodemocracia de Hong Kong, han declarado a Global News que Canad\u00e1 deber\u00eda ser muy cauteloso al profundizar los lazos econ\u00f3micos con Pek\u00edn. Afirman que las detenciones de Kovrig, Spavor y otros canadienses en los \u00faltimos a\u00f1os demuestran que China y Hong Kong no son lugares seguros ni confiables para los negocios y el comercio.<\/p>\n<p>&#8220;\u00bfVamos a recompensar a China por lo que hace [al hacer negocios con ellos]? No me parece bien&#8221;, dijo Andy Wong, presidente de la organizaci\u00f3n sin fines de lucro de Ontario Canada-Hong Kong Link.<\/p>\n<p><em><strong>\u00bfBeneficios econ\u00f3micos vs. &#8220;valores compartidos&#8221;?<\/strong><\/em><br \/>\nEsta encuesta de Ipsos indica que los canadienses est\u00e1n m\u00e1s interesados \u200b\u200ben acuerdos comerciales que priorizan los beneficios directos para la econom\u00eda canadiense y el costo de vida que en cuestiones como la seguridad nacional, el medio ambiente y los derechos humanos.<\/p>\n<p>El 71% de los encuestados afirm\u00f3 que los beneficios para los canadienses son muy importantes o cruciales para las relaciones comerciales, y el 26% los considera un factor decisivo.<\/p>\n<p>Dos tercios de los encuestados afirmaron que se deben priorizar las oportunidades econ\u00f3micas para las empresas canadienses.<\/p>\n<p>Esa cifra se reduce al 60% que prioriza los derechos humanos, el 52% la seguridad nacional y el 46% las normas ambientales y los &#8220;valores compartidos&#8221; entre Canad\u00e1 y sus socios comerciales.<\/p>\n<p>Adem\u00e1s, la encuesta revel\u00f3 que solo el 25% estuvo de acuerdo en que Canad\u00e1 solo deber\u00eda buscar acuerdos comerciales &#8220;basados \u200b\u200ben valores&#8221; con pa\u00edses que compartan sus valores en materia de democracia y derechos humanos, &#8220;incluso si eso implica un crecimiento econ\u00f3mico m\u00e1s lento&#8221;.<\/p>\n<p>\u201cEl otro 75% dice: \u2018Miren, s\u00e9 que hay problemas aqu\u00ed, pero lo m\u00e1s importante para m\u00ed es que esto beneficia a Canad\u00e1 en t\u00e9rminos de nuestros intereses econ\u00f3micos, y va a beneficiar a personas como yo personalmente\u2019\u201d, dijo Bricker.<br \/>\n\u201cCreo que en tiempos de bonanza, cuando la gente no se siente amenazada, los argumentos sobre valores cobran mayor importancia en la conversaci\u00f3n. Pero\u2026 Donald Trump ha llevado esta conversaci\u00f3n a un punto diferente, donde la gente se ha vuelto m\u00e1s ego\u00edsta\u201d.<\/p>\n<p>Aun as\u00ed, Kovrig advirti\u00f3 que esos valores no deben ignorarse al buscar el comercio con China.<\/p>\n<p>\u201cLa interacci\u00f3n econ\u00f3mica con China ahora conlleva un costo mucho mayor en cuanto a las medidas que se deben tomar para proteger la democracia, los derechos humanos, la seguridad y la independencia soberana\u201d, afirm\u00f3.<\/p>\n<p>Algo menos del 20% de los encuestados por Ipsos afirm\u00f3 que Canad\u00e1 deber\u00eda comerciar con pa\u00edses con valores diferentes para utilizar el comercio como palanca para mejorar la situaci\u00f3n de los derechos humanos.<\/p>\n<p>Un n\u00famero casi igual, el 18%, afirm\u00f3 que Canad\u00e1 deber\u00eda promover un &#8220;comercio pragm\u00e1tico&#8221; que ignore el historial de derechos humanos y las pol\u00edticas internas de sus socios comerciales, siempre que los acuerdos ofrezcan beneficios econ\u00f3micos mutuos.<\/p>\n<p>Solo el 16% afirm\u00f3 apoyar pol\u00edticas proteccionistas que permitir\u00edan a Canad\u00e1 centrarse en la producci\u00f3n nacional y reducir la dependencia del comercio internacional.<\/p>\n","protected":false},"excerpt":{"rendered":"<p>&nbsp; &nbsp; Mientras el primer ministro Mark Carney viaja a China y busca restablecer las relaciones comerciales y diplom\u00e1ticas, una peque\u00f1a mayor\u00eda se muestra a&hellip;<\/p>\n","protected":false},"author":99,"featured_media":540104,"comment_status":"open","ping_status":"open","sticky":false,"template":"","format":"standard","meta":{"footnotes":""},"categories":[21,11365,11191],"tags":[],"class_list":["post-540103","post","type-post","status-publish","format-standard","has-post-thumbnail","hentry","category-canada","category-economia","category-top-news"],"_links":{"self":[{"href":"https:\/\/diarioelpopular.com\/index.php\/wp-json\/wp\/v2\/posts\/540103","targetHints":{"allow":["GET"]}}],"collection":[{"href":"https:\/\/diarioelpopular.com\/index.php\/wp-json\/wp\/v2\/posts"}],"about":[{"href":"https:\/\/diarioelpopular.com\/index.php\/wp-json\/wp\/v2\/types\/post"}],"author":[{"embeddable":true,"href":"https:\/\/diarioelpopular.com\/index.php\/wp-json\/wp\/v2\/users\/99"}],"replies":[{"embeddable":true,"href":"https:\/\/diarioelpopular.com\/index.php\/wp-json\/wp\/v2\/comments?post=540103"}],"version-history":[{"count":1,"href":"https:\/\/diarioelpopular.com\/index.php\/wp-json\/wp\/v2\/posts\/540103\/revisions"}],"predecessor-version":[{"id":540105,"href":"https:\/\/diarioelpopular.com\/index.php\/wp-json\/wp\/v2\/posts\/540103\/revisions\/540105"}],"wp:featuredmedia":[{"embeddable":true,"href":"https:\/\/diarioelpopular.com\/index.php\/wp-json\/wp\/v2\/media\/540104"}],"wp:attachment":[{"href":"https:\/\/diarioelpopular.com\/index.php\/wp-json\/wp\/v2\/media?parent=540103"}],"wp:term":[{"taxonomy":"category","embeddable":true,"href":"https:\/\/diarioelpopular.com\/index.php\/wp-json\/wp\/v2\/categories?post=540103"},{"taxonomy":"post_tag","embeddable":true,"href":"https:\/\/diarioelpopular.com\/index.php\/wp-json\/wp\/v2\/tags?post=540103"}],"curies":[{"name":"wp","href":"https:\/\/api.w.org\/{rel}","templated":true}]}}