{"id":540123,"date":"2026-01-10T12:43:33","date_gmt":"2026-01-10T16:43:33","guid":{"rendered":"https:\/\/diarioelpopular.com\/?p=540123"},"modified":"2026-01-10T12:43:33","modified_gmt":"2026-01-10T16:43:33","slug":"mexico-defiende-su-soberania-ante-el-vendaval-y-las-amenazas-de-trump","status":"publish","type":"post","link":"https:\/\/diarioelpopular.com\/index.php\/2026\/01\/10\/mexico-defiende-su-soberania-ante-el-vendaval-y-las-amenazas-de-trump\/","title":{"rendered":"M\u00e9xico defiende su soberan\u00eda ante el vendaval y las amenazas de Trump"},"content":{"rendered":"<div id=\"attachment_540124\" style=\"width: 646px\" class=\"wp-caption alignnone\"><img loading=\"lazy\" decoding=\"async\" aria-describedby=\"caption-attachment-540124\" class=\"wp-image-540124 size-custom-full-size\" src=\"https:\/\/diarioelpopular.com\/wp-content\/uploads\/2026\/01\/Screen-Shot-2026-01-10-at-11.42.26-AM-636x296.png\" alt=\"\" width=\"636\" height=\"296\" srcset=\"https:\/\/diarioelpopular.com\/wp-content\/uploads\/2026\/01\/Screen-Shot-2026-01-10-at-11.42.26-AM-636x296.png 636w, https:\/\/diarioelpopular.com\/wp-content\/uploads\/2026\/01\/Screen-Shot-2026-01-10-at-11.42.26-AM-300x140.png 300w, https:\/\/diarioelpopular.com\/wp-content\/uploads\/2026\/01\/Screen-Shot-2026-01-10-at-11.42.26-AM-768x357.png 768w, https:\/\/diarioelpopular.com\/wp-content\/uploads\/2026\/01\/Screen-Shot-2026-01-10-at-11.42.26-AM-1536x714.png 1536w, https:\/\/diarioelpopular.com\/wp-content\/uploads\/2026\/01\/Screen-Shot-2026-01-10-at-11.42.26-AM-1200x558.png 1200w, https:\/\/diarioelpopular.com\/wp-content\/uploads\/2026\/01\/Screen-Shot-2026-01-10-at-11.42.26-AM-146x68.png 146w, https:\/\/diarioelpopular.com\/wp-content\/uploads\/2026\/01\/Screen-Shot-2026-01-10-at-11.42.26-AM.png 1024w\" sizes=\"auto, (max-width: 636px) 100vw, 636px\" \/><p id=\"caption-attachment-540124\" class=\"wp-caption-text\">Claudia Sheinbaum y Donald Trump, en Washington, el 5 de diciembre de 2025.\u00a0 \u00a0 \u00a0 \u00a0 \u00a0 \u00a0 \u00a0 \u00a0 \u00a0 \u00a0 \u00a0 \u00a0 \u00a0 \u00a0 \u00a0 \u00a0 \u00a0 Foto archivo : Presidencia de M\u00e9xico<\/p><\/div>\n<p>&nbsp;<\/p>\n<p>&nbsp;<\/p>\n<ul>\n<li><em><strong>El Gobierno de Sheinbaum mostrando diplomacia y respeto, algo que de lo que Trump, carece, intensifica una campa\u00f1a a puerta cerrada para subrayar que la colaboraci\u00f3n bilateral en materia de seguridad ha dado frutos concretos<\/strong><\/em><\/li>\n<\/ul>\n<p>&nbsp;<\/p>\n<p class=\"\">M\u00e9xico cierra una semana de defensa diaria de su soberan\u00eda. Una m\u00e1s. El ataque de Estados Unidos sobre Caracas que dio con la captura de Nicol\u00e1s Maduro ha encendido las alarmas entre los mexicanos, cuyo territorio es constantemente mencionado por Donald Trump como candidato a recibir una operaci\u00f3n especial de seguridad.<\/p>\n<p class=\"\">Estos d\u00edas han dejado claro que\u00a0<a title=\"https:\/\/elpais.com\/mexico\/2026-01-06\/mexico-busca-elevar-los-diques-de-contencion-ante-la-crisis-por-el-ataque-a-venezuela.html\" href=\"https:\/\/elpais.com\/mexico\/2026-01-06\/mexico-busca-elevar-los-diques-de-contencion-ante-la-crisis-por-el-ataque-a-venezuela.html\" target=\"_self\" rel=\"\" data-link-track-dtm=\"\" data-mrf-link=\"https:\/\/elpais.com\/mexico\/2026-01-06\/mexico-busca-elevar-los-diques-de-contencion-ante-la-crisis-por-el-ataque-a-venezuela.html\">la posibilidad no puede descartarse del todo<\/a> mientras el republicano se mantenga en la Casa Blanca. Sin embargo, funcionarios mexicanos de alto nivel tratan de mostrar calma ante el vendaval Trump: \u201cNosotros no hemos cometido ni un solo error\u201d. En el equipo de la mandataria Claudia Sheinbaum conf\u00edan en que cada resultado en seguridad, cada captura, decomiso y desmantelamiento de laboratorio de fentanilo aleja el fantasma de una intervenci\u00f3n estadounidense.<\/p>\n<p class=\"\">La mandataria ha utilizado sus \u00faltimas comparecencias matutinas para argumentar por qu\u00e9\u00a0<a title=\"https:\/\/elpais.com\/mexico\/2026-01-03\/sheinbaum-asegura-tras-la-captura-de-maduro-que-la-relacion-de-estados-unidos-y-mexico-en-seguridad-es-muy-buena.html\" href=\"https:\/\/elpais.com\/mexico\/2026-01-03\/sheinbaum-asegura-tras-la-captura-de-maduro-que-la-relacion-de-estados-unidos-y-mexico-en-seguridad-es-muy-buena.html\" target=\"_self\" rel=\"\" data-link-track-dtm=\"\" data-mrf-link=\"https:\/\/elpais.com\/mexico\/2026-01-03\/sheinbaum-asegura-tras-la-captura-de-maduro-que-la-relacion-de-estados-unidos-y-mexico-en-seguridad-es-muy-buena.html\">es improbable que suceda en M\u00e9xico<\/a>\u00a0una operaci\u00f3n militar como la del 3 de enero en Venezuela. \u201cEllos [el Gobierno de Estados Unidos] han manifestado en varias ocasiones que es un muy buen momento de la relaci\u00f3n con M\u00e9xico\u201d, asegur\u00f3 Sheinbaum el lunes, o \u201cel secretario de Estado, Marco Rubio, ha hablado de la buena coordinaci\u00f3n que hay entre nosotros\u201d, insisti\u00f3 el viernes, tras la \u00faltima amenaza de Trump de lanzar un ataque por tierra para acabar con los grupos del narcotr\u00e1fico. \u201c<a title=\"https:\/\/elpais.com\/internacional\/2026-01-09\/trump-anuncia-ataques-por-tierra-contra-el-narcotrafico-y-asegura-que-los-carteles-gobiernan-mexico.html\" href=\"https:\/\/elpais.com\/internacional\/2026-01-09\/trump-anuncia-ataques-por-tierra-contra-el-narcotrafico-y-asegura-que-los-carteles-gobiernan-mexico.html\" target=\"_self\" rel=\"\" data-link-track-dtm=\"\" data-mrf-link=\"https:\/\/elpais.com\/internacional\/2026-01-09\/trump-anuncia-ataques-por-tierra-contra-el-narcotrafico-y-asegura-que-los-carteles-gobiernan-mexico.html\">Los carteles controlan M\u00e9xico<\/a>, es muy triste ver lo que ha pasado en ese pa\u00eds\u201d, dijo el republicano en Fox News, en una idea que repite cada cierto tiempo, pero que cobra otro peso despu\u00e9s del ataque a Venezuela.<\/p>\n<p class=\"\">P\u00fablicamente, Sheinbaum ha tratado de minimizar las palabras de Trump: \u201c<a title=\"https:\/\/elpais.com\/mexico\/2026-01-09\/sheinbaum-responde-a-la-ultima-insinuacion-de-trump-es-parte-de-su-manera-de-comunicar-vamos-a-estrechar-la-relacion.html\" href=\"https:\/\/elpais.com\/mexico\/2026-01-09\/sheinbaum-responde-a-la-ultima-insinuacion-de-trump-es-parte-de-su-manera-de-comunicar-vamos-a-estrechar-la-relacion.html\" target=\"_self\" rel=\"\" data-link-track-dtm=\"\" data-mrf-link=\"https:\/\/elpais.com\/mexico\/2026-01-09\/sheinbaum-responde-a-la-ultima-insinuacion-de-trump-es-parte-de-su-manera-de-comunicar-vamos-a-estrechar-la-relacion.html\">Es parte de su manera de comunicar<\/a>\u201d, pero de forma interna, la presidente tiene a su equipo volcado en el tema por la \u201csensibilidad\u201d del escenario. Existe una campa\u00f1a constante a puerta cerrada que tiene como objetivo convencer al c\u00edrculo m\u00e1s cercano de Trump de por qu\u00e9 no conviene bombardear al pa\u00eds vecino. Entre los interlocutores estadounidenses hay algunos perfiles con acceso al Despacho Oval que est\u00e1n \u201cacelerad\u00edsimos\u201d, mencionan las fuentes consultadas, y que insisten en ejecutar \u201cacciones directas\u201d en territorio mexicano. El trabajo de los alfiles de Sheinbaum consiste, por un lado, en frenarlos y, por otro, en demostrarles que todos salen ganando si trabajan juntos, cada uno desde su trinchera.<\/p>\n<p class=\"\">Esto supone explicar que no se puede lanzar un misil en Culiac\u00e1n, la capital de Sinaloa, como se ha lanzado sobre una treintena de embarcaciones en los \u00faltimos meses, o que a los sospechosos de narcotr\u00e1fico hay que detenerlos conforme marca la ley, no ejecutarlos. En definitiva, insistir en que M\u00e9xico no es el salvaje Oeste: \u201cIgual que hay operaciones que ellos no pueden hacer en Estados Unidos, pues tampoco se pueden hacer aqu\u00ed\u201d, resume una fuente mexicana, que defiende los resultados que est\u00e1n consiguiendo.<\/p>\n<p class=\"\">Uno de los \u00faltimos ejemplos\u00a0<a title=\"https:\/\/elpais.com\/mexico\/2026-01-04\/el-arresto-de-pedro-inzunza-noriega-cierra-un-ano-de-cooperacion-en-seguridad-entre-mexico-y-estados-unidos.html\" href=\"https:\/\/elpais.com\/mexico\/2026-01-04\/el-arresto-de-pedro-inzunza-noriega-cierra-un-ano-de-cooperacion-en-seguridad-entre-mexico-y-estados-unidos.html\" target=\"_self\" rel=\"\" data-link-track-dtm=\"\" data-mrf-link=\"https:\/\/elpais.com\/mexico\/2026-01-04\/el-arresto-de-pedro-inzunza-noriega-cierra-un-ano-de-cooperacion-en-seguridad-entre-mexico-y-estados-unidos.html\">es la neutralizaci\u00f3n de los Inzunza<\/a>, hijo y padre, en Sinaloa. Los dos hombres fueron<a title=\"https:\/\/elpais.com\/mexico\/2025-05-13\/ee-uu-presenta-su-primera-acusacion-de-terrorismo-contra-un-narco-mexicano.html\" href=\"https:\/\/elpais.com\/mexico\/2025-05-13\/ee-uu-presenta-su-primera-acusacion-de-terrorismo-contra-un-narco-mexicano.html\" target=\"_self\" rel=\"\" data-link-track-dtm=\"\" data-mrf-link=\"https:\/\/elpais.com\/mexico\/2025-05-13\/ee-uu-presenta-su-primera-acusacion-de-terrorismo-contra-un-narco-mexicano.html\">\u00a0los primeros mexicanos acusados por Trump de narcoterrorismo<\/a>. \u201cJuntos dirigen una de las m\u00e1s grandes y sofisticadas redes de producci\u00f3n de fentanilo en todo el mundo\u201d, asegur\u00f3 el fiscal Adam Gordon en mayo. Unos meses despu\u00e9s, Pedro Inzunza Coronel, conocido como\u00a0<a title=\"https:\/\/elpais.com\/mexico\/2025-12-01\/golpe-al-cartel-de-sinaloa-abatido-pedro-n-alias-el-pichon-tras-enfrentamientos-con-la-marina-durante-un-cateo-en-guasave-y-ahome.html\" href=\"https:\/\/elpais.com\/mexico\/2025-12-01\/golpe-al-cartel-de-sinaloa-abatido-pedro-n-alias-el-pichon-tras-enfrentamientos-con-la-marina-durante-un-cateo-en-guasave-y-ahome.html\" target=\"_self\" rel=\"\" data-link-track-dtm=\"\" data-mrf-link=\"https:\/\/elpais.com\/mexico\/2025-12-01\/golpe-al-cartel-de-sinaloa-abatido-pedro-n-alias-el-pichon-tras-enfrentamientos-con-la-marina-durante-un-cateo-en-guasave-y-ahome.html\"><i>El Pich\u00f3n<\/i><\/a>, fue abatido en un operativo de la Marina mexicana, y Pedro Inzunza Noriega, llamado\u00a0<a title=\"https:\/\/elpais.com\/mexico\/2026-01-01\/detenido-en-sinaloa-pedro-inzunza-noriega-uno-de-los-presuntos-narcoterroristas-buscados-por-estados-unidos.html\" href=\"https:\/\/elpais.com\/mexico\/2026-01-01\/detenido-en-sinaloa-pedro-inzunza-noriega-uno-de-los-presuntos-narcoterroristas-buscados-por-estados-unidos.html\" target=\"_self\" rel=\"\" data-link-track-dtm=\"\" data-mrf-link=\"https:\/\/elpais.com\/mexico\/2026-01-01\/detenido-en-sinaloa-pedro-inzunza-noriega-uno-de-los-presuntos-narcoterroristas-buscados-por-estados-unidos.html\"><i>El Sagitario<\/i><\/a>, detenido en un cateo.<\/p>\n<p class=\"\">Ambos eran una prioridad para el Gobierno estadounidense, que los se\u00f1alaba como los responsables de haber inundado con fentanilo las calles de Chicago, Boston y, especialmente, Filadelfia. Aunque el Gobierno de Trump ha guardado, de momento, silencio ante la \u00faltima detenci\u00f3n, fuentes mexicanas confirman que la noticia fue muy celebrada al otro lado de la frontera. La extradici\u00f3n a Estados Unidos de El Sagitario, un hombre de 62 a\u00f1os en silla de ruedas, sigue todav\u00eda pendiente. Ah\u00ed le aguarda lo que la Administraci\u00f3n republicana promete como un juicio hist\u00f3rico.<\/p>\n<p>&nbsp;<\/p>\n<figure class=\"a_m a_m-h \">\n<p><div style=\"width: 424px\" class=\"wp-caption alignnone\"><img loading=\"lazy\" decoding=\"async\" class=\"_re lazyload a_m-h\" src=\"https:\/\/imagenes.elpais.com\/resizer\/v2\/FSDUFLZRN5DJ7HT4CIKJJP5KOQ.jpg?auth=a8dc90a0de2036af1ee381e367df2b64a4a0f7f801378986116c987ed6af221f&amp;width=414\" sizes=\"auto, (min-width:1199px) 1155px,(min-width:1001px) calc(100vw - 44px),(min-width:768px) 767px, 100vw\" srcset=\"https:\/\/imagenes.elpais.com\/resizer\/v2\/FSDUFLZRN5DJ7HT4CIKJJP5KOQ.jpg?auth=a8dc90a0de2036af1ee381e367df2b64a4a0f7f801378986116c987ed6af221f&amp;width=414 414w,https:\/\/imagenes.elpais.com\/resizer\/v2\/FSDUFLZRN5DJ7HT4CIKJJP5KOQ.jpg?auth=a8dc90a0de2036af1ee381e367df2b64a4a0f7f801378986116c987ed6af221f&amp;width=828 640w,https:\/\/imagenes.elpais.com\/resizer\/v2\/FSDUFLZRN5DJ7HT4CIKJJP5KOQ.jpg?auth=a8dc90a0de2036af1ee381e367df2b64a4a0f7f801378986116c987ed6af221f&amp;width=980 1000w,https:\/\/imagenes.elpais.com\/resizer\/v2\/FSDUFLZRN5DJ7HT4CIKJJP5KOQ.jpg?auth=a8dc90a0de2036af1ee381e367df2b64a4a0f7f801378986116c987ed6af221f&amp;width=1960 1960w\" alt=\"\" width=\"414\" height=\"276\" \/><p class=\"wp-caption-text\">Marco Rubio y Omar Garc\u00eda Harfuch en Washington, en febrero 2025. Foto Kevin Wolf (AP)<\/p><\/div><figcaption class=\"a_m_p\" aria-hidden=\"true\"><\/figcaption><\/figure>\n<p>&nbsp;<\/p>\n<p class=\"\">Estos casos, unidos a los decomisos de toneladas de drogas y armas, a la bajada hist\u00f3rica de la migraci\u00f3n irregular y a las 40.000 detenciones en solo 14 meses de Gobierno, se han convertido en el mejor parapeto de M\u00e9xico ante los ataques verbales de Trump. Las fuentes del Gobierno de Sheinbaum consultadas aseguran que\u00a0<a title=\"https:\/\/elpais.com\/mexico\/2025-12-19\/marco-rubio-el-gobierno-de-mexico-esta-haciendo-mas-en-este-momento-en-el-tema-de-seguridad-que-jamas-en-su-historia.html\" href=\"https:\/\/elpais.com\/mexico\/2025-12-19\/marco-rubio-el-gobierno-de-mexico-esta-haciendo-mas-en-este-momento-en-el-tema-de-seguridad-que-jamas-en-su-historia.html\" target=\"_self\" rel=\"\" data-link-track-dtm=\"\" data-mrf-link=\"https:\/\/elpais.com\/mexico\/2025-12-19\/marco-rubio-el-gobierno-de-mexico-esta-haciendo-mas-en-este-momento-en-el-tema-de-seguridad-que-jamas-en-su-historia.html\">Washington se beneficia de la cooperaci\u00f3n de seguridad actual<\/a>. Incluso la mano dura que los republicanos presumen ante la opini\u00f3n p\u00fablica estadounidense en ocasiones requiere de la ayuda de autoridades mexicanas.<\/p>\n<p class=\"\">Es el caso del FBI de Kash Patel, uno de los m\u00e1s fervientes funcionarios adheridos al credo\u00a0<i>Make America Great Again<\/i>\u00a0(MAGA). Patel presumi\u00f3 en septiembre en una sesi\u00f3n de control del Congreso sobre c\u00f3mo su agencia logr\u00f3 capturar en solo siete meses a cuatro de los diez criminales m\u00e1s buscados. Lo que Patel obvi\u00f3 en su comparecencia en la C\u00e1mara de Representantes es que dos de esas cuatro capturas fueron hechas por agentes de la Fiscal\u00eda mexicana. La primera,\u00a0<a title=\"https:\/\/www.fbi.gov\/contact-us\/field-offices\/chicago\/news\/fbi-chicago-announces-capture-of-ten-most-wanted-fugitive-arnoldo-jimenez\" href=\"https:\/\/www.fbi.gov\/contact-us\/field-offices\/chicago\/news\/fbi-chicago-announces-capture-of-ten-most-wanted-fugitive-arnoldo-jimenez\" target=\"_blank\" rel=\"noopener\" data-link-track-dtm=\"\" data-mrf-link=\"https:\/\/www.fbi.gov\/contact-us\/field-offices\/chicago\/news\/fbi-chicago-announces-capture-of-ten-most-wanted-fugitive-arnoldo-jimenez\">de Arnoldo Jim\u00e9nez<\/a>, un fugitivo buscado por homicidio, se llev\u00f3 a cabo en enero de 2025 en Monterrey, Nuevo Le\u00f3n, al norte de M\u00e9xico. La segunda, registrada en marzo, ocurri\u00f3 en Veracruz, cuando cay\u00f3 Francisco Javier Roman Bardales,\u00a0<a title=\"https:\/\/www.whitehouse.gov\/articles\/2025\/03\/another-most-wanted-criminal-captured-by-the-trump-administration\/\" href=\"https:\/\/www.whitehouse.gov\/articles\/2025\/03\/another-most-wanted-criminal-captured-by-the-trump-administration\/\" target=\"_blank\" rel=\"noopener\" data-link-track-dtm=\"\" data-mrf-link=\"https:\/\/www.whitehouse.gov\/articles\/2025\/03\/another-most-wanted-criminal-captured-by-the-trump-administration\/\">un l\u00edder \u201cclave\u201d de la Mara Salvatrucha<\/a>\u00a0y uno de los v\u00ednculos de la pandilla centroamericana con los carteles mexicanos. El presunto criminal fue extraditado a Estados Unidos horas despu\u00e9s de haber sido arrestado.<\/p>\n<p class=\"\">Tambi\u00e9n M\u00e9xico ha sacado provecho de esta cooperaci\u00f3n. Por ejemplo, fuentes cercanas a la mandataria sit\u00faan l<a title=\"https:\/\/elpais.com\/mexico\/2025-03-02\/el-extraordinario-envio-de-29-capos-criminales-de-mexico-a-estados-unidos-reformula-la-relacion-entre-ambos-paises.html\" href=\"https:\/\/elpais.com\/mexico\/2025-03-02\/el-extraordinario-envio-de-29-capos-criminales-de-mexico-a-estados-unidos-reformula-la-relacion-entre-ambos-paises.html\" target=\"_self\" rel=\"\" data-link-track-dtm=\"\" data-mrf-link=\"https:\/\/elpais.com\/mexico\/2025-03-02\/el-extraordinario-envio-de-29-capos-criminales-de-mexico-a-estados-unidos-reformula-la-relacion-entre-ambos-paises.html\">a entrega de decenas de capos del narcotr\u00e1fico a Estados Unidos<\/a>\u00a0como un factor clave en la bajada de homicidios en el pa\u00eds. Los asesinatos, seg\u00fan el Gobierno, han disminuido un 40% desde que la mandataria tom\u00f3 posesi\u00f3n en octubre de 2024 hasta ahora. Sheinbaum afirma p\u00fablicamente que es gracias a su estrategia de cuatro ejes (atenci\u00f3n a las causas, apoyo en la Guardia Nacional, colaboraci\u00f3n entre los gobiernos y la apuesta por la inteligencia en seguridad), pero los funcionarios consultados incluyen como causa tambi\u00e9n el env\u00edo de 57 altos capos a las c\u00e1rceles estadounidenses.<\/p>\n<p class=\"\">Entre los entregados, en febrero y agosto, est\u00e1n los sanguinarios Z-40 y Z-42, los hermanos Trevi\u00f1o Morales\u00a0<a title=\"https:\/\/elpais.com\/mexico\/2025-03-02\/hablan-las-victimas-de-los-narcos-entregados-el-dano-lo-hicieron-aqui-y-aqui-deberian-pagar.html\" href=\"https:\/\/elpais.com\/mexico\/2025-03-02\/hablan-las-victimas-de-los-narcos-entregados-el-dano-lo-hicieron-aqui-y-aqui-deberian-pagar.html\" target=\"_self\" rel=\"\" data-link-track-dtm=\"\" data-mrf-link=\"https:\/\/elpais.com\/mexico\/2025-03-02\/hablan-las-victimas-de-los-narcos-entregados-el-dano-lo-hicieron-aqui-y-aqui-deberian-pagar.html\">que aterrorizaron durante a\u00f1os al norte de M\u00e9xico<\/a>;\u00a0<a title=\"https:\/\/elpais.com\/mexico\/2025-02-28\/caro-quintero-el-narco-de-narcos-el-codiciado-trofeo-que-estados-unidos-perseguia-desde-hace-40-anos.html#?rel=mas\" href=\"https:\/\/elpais.com\/mexico\/2025-02-28\/caro-quintero-el-narco-de-narcos-el-codiciado-trofeo-que-estados-unidos-perseguia-desde-hace-40-anos.html#?rel=mas\" target=\"_self\" rel=\"\" data-link-track-dtm=\"\" data-mrf-link=\"https:\/\/elpais.com\/mexico\/2025-02-28\/caro-quintero-el-narco-de-narcos-el-codiciado-trofeo-que-estados-unidos-perseguia-desde-hace-40-anos.html\">Rafael Caro Quintero<\/a>, acusado de torturar y asesinar al agente de la DEA Enrique\u00a0<i>Kiki<\/i>\u00a0Camarena, o\u00a0<a title=\"https:\/\/elpais.com\/mexico\/2025-08-12\/mexico-extradita-a-estados-unidos-a-otros-26-narcos-bajo-la-promesa-de-que-no-se-les-impondra-la-pena-de-muerte.html\" href=\"https:\/\/elpais.com\/mexico\/2025-08-12\/mexico-extradita-a-estados-unidos-a-otros-26-narcos-bajo-la-promesa-de-que-no-se-les-impondra-la-pena-de-muerte.html\" target=\"_self\" rel=\"\" data-link-track-dtm=\"\" data-mrf-link=\"https:\/\/elpais.com\/mexico\/2025-08-12\/mexico-extradita-a-estados-unidos-a-otros-26-narcos-bajo-la-promesa-de-que-no-se-les-impondra-la-pena-de-muerte.html\">Abigael Gonz\u00e1lez Valencia,\u00a0<i>El Cuini<\/i><\/a>, mano derecha y cu\u00f1ado de\u00a0<i>El Mencho<\/i>, el fundador del Cartel Jalisco Nueva Generaci\u00f3n. Todos ellos, mencionan estas fuentes, segu\u00edan ordenando ejecuciones y extorsionando desde las prisiones. Ahora est\u00e1n en aislamiento al otro lado de la frontera.<\/p>\n<p class=\"\">El trabajo entre ambos equipos contin\u00faa en el nuevo escenario. El mismo Mencho, los hijos mayores de Joaqu\u00edn Guzm\u00e1n,\u00a0<i>El Chapo<\/i>\u00a0\u2014Iv\u00e1n Archivaldo y Jes\u00fas Alfredo Guzm\u00e1n Salazar\u2014\u00a0<a title=\"https:\/\/elpais.com\/mexico\/2025-02-05\/el-fbi-coloca-entre-los-mas-buscados-a-el-chapo-isidro-senor-de-la-guerra-en-sinaloa-y-viejo-enemigo-de-el-chapo-guzman.html\" href=\"https:\/\/elpais.com\/mexico\/2025-02-05\/el-fbi-coloca-entre-los-mas-buscados-a-el-chapo-isidro-senor-de-la-guerra-en-sinaloa-y-viejo-enemigo-de-el-chapo-guzman.html\" target=\"_self\" rel=\"\" data-link-track-dtm=\"\" data-mrf-link=\"https:\/\/elpais.com\/mexico\/2025-02-05\/el-fbi-coloca-entre-los-mas-buscados-a-el-chapo-isidro-senor-de-la-guerra-en-sinaloa-y-viejo-enemigo-de-el-chapo-guzman.html\">o\u00a0<\/a>Fausto Isidro Meza,<a title=\"https:\/\/elpais.com\/mexico\/2025-02-05\/el-fbi-coloca-entre-los-mas-buscados-a-el-chapo-isidro-senor-de-la-guerra-en-sinaloa-y-viejo-enemigo-de-el-chapo-guzman.html\" href=\"https:\/\/elpais.com\/mexico\/2025-02-05\/el-fbi-coloca-entre-los-mas-buscados-a-el-chapo-isidro-senor-de-la-guerra-en-sinaloa-y-viejo-enemigo-de-el-chapo-guzman.html\" target=\"_self\" rel=\"\" data-link-track-dtm=\"\" data-mrf-link=\"https:\/\/elpais.com\/mexico\/2025-02-05\/el-fbi-coloca-entre-los-mas-buscados-a-el-chapo-isidro-senor-de-la-guerra-en-sinaloa-y-viejo-enemigo-de-el-chapo-guzman.html\"><i>\u00a0El Chapo Isidro<\/i><\/a><i>,<\/i>\u00a0son los grandes objetivos ahora a un lado y otro de la frontera. Sin embargo, tal y como recuerda un alto funcionario mexicano, es un esfuerzo de los dos pa\u00edses: \u201cNo olviden que los estamos buscando juntos\u201d<\/p>\n","protected":false},"excerpt":{"rendered":"<p>&nbsp; &nbsp; El Gobierno de Sheinbaum mostrando diplomacia y respeto, algo que de lo que Trump, carece, intensifica una campa\u00f1a a puerta cerrada para subrayar&hellip;<\/p>\n","protected":false},"author":99,"featured_media":540124,"comment_status":"open","ping_status":"open","sticky":false,"template":"","format":"standard","meta":{"footnotes":""},"categories":[23],"tags":[],"class_list":["post-540123","post","type-post","status-publish","format-standard","has-post-thumbnail","hentry","category-latinoamerica"],"_links":{"self":[{"href":"https:\/\/diarioelpopular.com\/index.php\/wp-json\/wp\/v2\/posts\/540123","targetHints":{"allow":["GET"]}}],"collection":[{"href":"https:\/\/diarioelpopular.com\/index.php\/wp-json\/wp\/v2\/posts"}],"about":[{"href":"https:\/\/diarioelpopular.com\/index.php\/wp-json\/wp\/v2\/types\/post"}],"author":[{"embeddable":true,"href":"https:\/\/diarioelpopular.com\/index.php\/wp-json\/wp\/v2\/users\/99"}],"replies":[{"embeddable":true,"href":"https:\/\/diarioelpopular.com\/index.php\/wp-json\/wp\/v2\/comments?post=540123"}],"version-history":[{"count":1,"href":"https:\/\/diarioelpopular.com\/index.php\/wp-json\/wp\/v2\/posts\/540123\/revisions"}],"predecessor-version":[{"id":540125,"href":"https:\/\/diarioelpopular.com\/index.php\/wp-json\/wp\/v2\/posts\/540123\/revisions\/540125"}],"wp:featuredmedia":[{"embeddable":true,"href":"https:\/\/diarioelpopular.com\/index.php\/wp-json\/wp\/v2\/media\/540124"}],"wp:attachment":[{"href":"https:\/\/diarioelpopular.com\/index.php\/wp-json\/wp\/v2\/media?parent=540123"}],"wp:term":[{"taxonomy":"category","embeddable":true,"href":"https:\/\/diarioelpopular.com\/index.php\/wp-json\/wp\/v2\/categories?post=540123"},{"taxonomy":"post_tag","embeddable":true,"href":"https:\/\/diarioelpopular.com\/index.php\/wp-json\/wp\/v2\/tags?post=540123"}],"curies":[{"name":"wp","href":"https:\/\/api.w.org\/{rel}","templated":true}]}}