{"id":540141,"date":"2026-01-11T13:40:15","date_gmt":"2026-01-11T17:40:15","guid":{"rendered":"https:\/\/diarioelpopular.com\/?p=540141"},"modified":"2026-01-11T13:40:15","modified_gmt":"2026-01-11T17:40:15","slug":"el-asesinato-a-tiros-de-renee-good-en-minneapolis-lleva-a-estados-unidos-a-un-nuevo-punto-de-ebullicion","status":"publish","type":"post","link":"https:\/\/diarioelpopular.com\/index.php\/2026\/01\/11\/el-asesinato-a-tiros-de-renee-good-en-minneapolis-lleva-a-estados-unidos-a-un-nuevo-punto-de-ebullicion\/","title":{"rendered":"El asesinato a tiros de Renee Good en Minneapolis lleva a Estados Unidos a un nuevo punto de ebullici\u00f3n"},"content":{"rendered":"<div id=\"attachment_540142\" style=\"width: 1210px\" class=\"wp-caption alignnone\"><img loading=\"lazy\" decoding=\"async\" aria-describedby=\"caption-attachment-540142\" class=\"wp-image-540142 size-custom-big-size\" src=\"https:\/\/diarioelpopular.com\/wp-content\/uploads\/2026\/01\/Screen-Shot-2026-01-11-at-12.39.26-PM-1200x560.png\" alt=\"\" width=\"1200\" height=\"560\" srcset=\"https:\/\/diarioelpopular.com\/wp-content\/uploads\/2026\/01\/Screen-Shot-2026-01-11-at-12.39.26-PM-1200x560.png 1200w, https:\/\/diarioelpopular.com\/wp-content\/uploads\/2026\/01\/Screen-Shot-2026-01-11-at-12.39.26-PM-300x140.png 300w, https:\/\/diarioelpopular.com\/wp-content\/uploads\/2026\/01\/Screen-Shot-2026-01-11-at-12.39.26-PM-768x358.png 768w, https:\/\/diarioelpopular.com\/wp-content\/uploads\/2026\/01\/Screen-Shot-2026-01-11-at-12.39.26-PM-1536x716.png 1536w, https:\/\/diarioelpopular.com\/wp-content\/uploads\/2026\/01\/Screen-Shot-2026-01-11-at-12.39.26-PM-636x297.png 636w, https:\/\/diarioelpopular.com\/wp-content\/uploads\/2026\/01\/Screen-Shot-2026-01-11-at-12.39.26-PM-146x68.png 146w, https:\/\/diarioelpopular.com\/wp-content\/uploads\/2026\/01\/Screen-Shot-2026-01-11-at-12.39.26-PM.png 1024w\" sizes=\"auto, (max-width: 1200px) 100vw, 1200px\" \/><p id=\"caption-attachment-540142\" class=\"wp-caption-text\">Manifestantes en Washington, el 8 de enero de 2026.<\/p><\/div>\n<p>&nbsp;<\/p>\n<ul>\n<li><em><strong>En medio de acusaciones cruzadas, las autoridades alertan del riesgo de una escalada de la violencia en las protestas contra los constantes abusos en la ofensiva de Trump contra los inmigrantes<\/strong><\/em><\/li>\n<\/ul>\n<p>&nbsp;<\/p>\n<p class=\"\">El asesinato de la ciudadana estadounidense <a title=\"https:\/\/elpais.com\/us\/migracion\/2026-01-07\/un-agente-del-ice-mata-a-una-mujer-durante-el-enorme-despliegue-migratorio-en-minneapolis.html\" href=\"https:\/\/elpais.com\/us\/migracion\/2026-01-07\/un-agente-del-ice-mata-a-una-mujer-durante-el-enorme-despliegue-migratorio-en-minneapolis.html\" target=\"_self\" rel=\"\" data-link-track-dtm=\"\" data-mrf-link=\"https:\/\/elpais.com\/us\/migracion\/2026-01-07\/un-agente-del-ice-mata-a-una-mujer-durante-el-enorme-despliegue-migratorio-en-minneapolis.html\">Renee Good, de 37 a\u00f1os, a manos de un agente del Servicio de Inmigraci\u00f3n y Control de Aduanas<\/a> (ICE, por las siglas en ingl\u00e9s) en la ciudad de Minneapolis el pasado mi\u00e9rcoles ha llevado a un punto \u00e1lgido la creciente indignaci\u00f3n de una gran parte de la poblaci\u00f3n, que asiste con frustraci\u00f3n a la campa\u00f1a antiinmigraci\u00f3n de Trump.<\/p>\n<p class=\"\"><a title=\"https:\/\/elpais.com\/us\/migracion\/2026-01-09\/escala-la-crisis-en-estados-unidos-tras-dos-dias-sacudidos-por-la-muerte-de-una-mujer-a-manos-del-ice.html\" href=\"https:\/\/elpais.com\/us\/migracion\/2026-01-09\/escala-la-crisis-en-estados-unidos-tras-dos-dias-sacudidos-por-la-muerte-de-una-mujer-a-manos-del-ice.html\" target=\"_self\" rel=\"\" data-link-track-dtm=\"\" data-mrf-link=\"https:\/\/elpais.com\/us\/migracion\/2026-01-09\/escala-la-crisis-en-estados-unidos-tras-dos-dias-sacudidos-por-la-muerte-de-una-mujer-a-manos-del-ice.html\">Manifestaciones y vigilias se han multiplicado\u00a0<\/a>por todo el pa\u00eds desde el desmedido suceso, la gota que ha colmado el vaso de la paciencia de tantos ciudadanos que se oponen a las abusivas pol\u00edticas de una Administraci\u00f3n que justifica los abusos del ICE.<\/p>\n<p class=\"\">Las autoridades, principalmente las dem\u00f3cratas, han llamado a la calma y a protestar de forma pac\u00edfica ante el temor de que las demostraciones se conviertan en violentas y sean excusa de los enmascarados para atacar a la gente. El gobernador de Minnesota, Tim Walz, ha anunciado que la Guardia Nacional est\u00e1 preparada para intervenir en caso de que sea necesario. \u201cVa a ser un desaf\u00edo porque puedo sentir y palpar su ira. El deseo humano de reaccionar con violencia en este momento es muy real\u201d, dijo Walz el jueves, para a\u00f1adir: \u201cPerdemos si esto deriva en violencia y les permite intensificar la situaci\u00f3n\u201d.<\/p>\n<p class=\"\">La tensi\u00f3n, que se ha ido gestando durante meses por las agresivas pol\u00edticas de la Administraci\u00f3n y la brutalidad e impunidad con la que los agentes migratorios realizan redadas y detienen a inmigrantes, ha llegado a su m\u00e1ximo nivel con la muerte de Good.<\/p>\n<p class=\"\">Pol\u00edticos dem\u00f3cratas exigen una investigaci\u00f3n imparcial de los hechos y la dimisi\u00f3n de la secretaria del Departamento de Seguridad Nacional, Kristi Noem, y, de acuerdo a informaciones en medios nacionales, republicanos admiten en privado bajo anonimato (por temor a Trump) su conmoci\u00f3n por lo sucedido y por la reacci\u00f3n del Gobierno. Nada m\u00e1s suceder el tiroteo que acab\u00f3 con la vida de Good, que estaba presente en una redada como observadora, Noem se apresur\u00f3 a asegurar que el agente hab\u00eda sido herido y actuado en defensa propia y acus\u00f3 a la v\u00edctima de ser una terrorista por usar su autom\u00f3vil para atropellar a los agentes federales. V\u00eddeos difundidos masivamente, publicados en medios de comunicaci\u00f3n y redes sociales, ponen claramente en duda esa versi\u00f3n. No hay evidencia alguna de que el SUV de Good tocara al agente que la mat\u00f3 y ella intenta alejarse de ellos cuando fue disparada.<\/p>\n<p class=\"\">No obstante, la encubridora voz oficial del Gobierno ha sido una sola. Trump respald\u00f3 la versi\u00f3n de Noem el mi\u00e9rcoles y sin pruebas acus\u00f3 a la v\u00edctima de ser \u201cmuy conflictiva, obstruccionista y resistente\u201d. El vicepresidente, J. D. Vance, dijo, sin contar con pruebas, que pertenec\u00eda a un grupo de izquierda radical; cuando se le pregunt\u00f3 cu\u00e1l y que aportara pruebas, se qued\u00f3 callado y no supo contestar. Quienes la conoc\u00edan la definen como una mujer \u201ccari\u00f1osa, comprensiva y afectuosa\u201d y \u201c<a title=\"https:\/\/elpais.com\/internacional\/2026-01-08\/renee-nicole-good-la-poeta-y-madre-de-tres-hijos-que-murio-tiroteada-en-minneapolis-por-un-agente-antinmigracion.html\" href=\"https:\/\/elpais.com\/internacional\/2026-01-08\/renee-nicole-good-la-poeta-y-madre-de-tres-hijos-que-murio-tiroteada-en-minneapolis-por-un-agente-antinmigracion.html\" target=\"_self\" rel=\"\" data-link-track-dtm=\"\" data-mrf-link=\"https:\/\/elpais.com\/internacional\/2026-01-08\/renee-nicole-good-la-poeta-y-madre-de-tres-hijos-que-murio-tiroteada-en-minneapolis-por-un-agente-antinmigracion.html\">un ser humano incre\u00edble\u201d. Good deja tres hijos, de 15, 12 y 6 a\u00f1os<\/a>. El gobierno en su habitual xenofobia la describi\u00f3 como una amargada lesbiana.<\/p>\n<p class=\"\">El viernes se hizo p\u00fablico un nuevo v\u00eddeo grabado desde el celular del agente que la mat\u00f3. En \u00e9l, se escucha a Good decirle: \u201cNo estoy enfadada contigo\u201d, segundos antes de que le disparara tres veces. Vance us\u00f3 el v\u00eddeo para insistir en que el agente actu\u00f3 en defensa propia ante una amenaza de muerte, un argumento que ha usado la Administraci\u00f3n en los \u00faltimos meses para presentar a los agentes como v\u00edctimas de agresiones de los manifestantes cuando la realidad es completamente diferente.<\/p>\n<p class=\"\">Good pertenec\u00eda al grupo de quienes defienden a los migrantes y denuncian una pol\u00edtica sin precedentes que ha propagado el terror en las comunidades extranjeras. La ira que caus\u00f3 su muerte se reflej\u00f3 en la respuesta inmediata de los ciudadanos. \u201cFue incre\u00edble. Llegaban vecinos de todos los lados que mostraban el rechazo a los agentes\u201d, afirma Rico Dur\u00e1n, miembro de la Red de Defensa del Inmigrante (IDN), que se cre\u00f3 el a\u00f1o pasado como resistencia a las redadas. \u00c9l mismo acudi\u00f3 en seguida al lugar de la muerte de Good y sostiene que sufri\u00f3 los ataques con gas lacrim\u00f3geno que lanzaron los agentes contra los ciudadanos que protestaban de forma pac\u00edfica.<\/p>\n<h3 class=\"\">Una investigaci\u00f3n sospechosa<\/h3>\n<p class=\"\">La indignaci\u00f3n tambi\u00e9n ha aumentado porque hay muchas dudas de que las investigaciones sobre lo ocurrido se hagan de forma imparcial. El FBI ha vetado la participaci\u00f3n de los profesionales locales en las pesquisas, elevando m\u00e1s la tensi\u00f3n entre el Estado de Minnesota y la Administraci\u00f3n de Trump. \u201cLa Oficina de Investigaci\u00f3n Criminal de Minnesota dedic\u00f3 el d\u00eda de ayer a intentar lograr esa rendici\u00f3n de cuentas que ahora est\u00e1n omitiendo. Hemos sabido que la Administraci\u00f3n de Trump ha negado al Estado la posibilidad de participar en la investigaci\u00f3n. Y quiero dejar esto lo m\u00e1s claro posible para todos: Minnesota debe formar parte de esta investigaci\u00f3n\u201d, declar\u00f3 Walz.<\/p>\n<p class=\"\">Tambi\u00e9n el alcalde de Minneapolis, Jacob Frey, denunci\u00f3 el viernes en una comparecencia ante la prensa la resistencia federal a compartir las investigaciones con las autoridades locales y puso en duda su transparencia. \u201cEste es el momento de cumplir la ley\u201d, dijo Frey. \u201cEste no es el momento de ocultar los hechos\u201d. El fiscal general de Minnesota, Keith Ellison, anunci\u00f3 que realizar\u00edan sus propias pesquisas.<\/p>\n<p>&nbsp;<\/p>\n<figure class=\"a_m\">\n<div class=\"videoTop videoTop-v\">\n<div id=\"video_20260110184412136\" class=\" core_player_container \">\n<div id=\"player_alfa_inner\" class=\"core_inner\">\n<div class=\"core_cover_container\">\n<div id=\"alfa_player_image_cover\" class=\"core_cover\"><\/div>\n<div class=\"core_cover\">\n<div id=\"ph_video_20260110184412136\" class=\"videoTop videoTop-ph\">\n<div class=\"posicionador\" role=\"button\" aria-label=\"Reproducir v\u00eddeo\" data-link-track-dtm=\"\">\n<div style=\"width: 424px\" class=\"wp-caption alignnone\"><img loading=\"lazy\" decoding=\"async\" class=\"_re lazyload a_m-h\" src=\"https:\/\/imagenes.elpais.com\/resizer\/v2\/G6A5ZWSCTRLOJAQBFD72TQAO5M.jpg?auth=7eafb3993f85d74d461a16d98c51357ae5c64da5766ee8afb6cc417ce6523507&amp;width=414&amp;height=233&amp;smart=true\" sizes=\"auto, (min-width:1199px) 661px, (min-width: 1001px) calc((100vw - 385px)\/12*7 + 186px), (min-width:767px) 767px, 100vw\" srcset=\"https:\/\/imagenes.elpais.com\/resizer\/v2\/G6A5ZWSCTRLOJAQBFD72TQAO5M.jpg?auth=7eafb3993f85d74d461a16d98c51357ae5c64da5766ee8afb6cc417ce6523507&amp;width=414&amp;height=233&amp;smart=true 414w,https:\/\/imagenes.elpais.com\/resizer\/v2\/G6A5ZWSCTRLOJAQBFD72TQAO5M.jpg?auth=7eafb3993f85d74d461a16d98c51357ae5c64da5766ee8afb6cc417ce6523507&amp;width=828&amp;height=466&amp;smart=true 640w,https:\/\/imagenes.elpais.com\/resizer\/v2\/G6A5ZWSCTRLOJAQBFD72TQAO5M.jpg?auth=7eafb3993f85d74d461a16d98c51357ae5c64da5766ee8afb6cc417ce6523507&amp;width=980&amp;height=551&amp;smart=true 1000w,https:\/\/imagenes.elpais.com\/resizer\/v2\/G6A5ZWSCTRLOJAQBFD72TQAO5M.jpg?auth=7eafb3993f85d74d461a16d98c51357ae5c64da5766ee8afb6cc417ce6523507&amp;width=1200&amp;height=675&amp;smart=true 1200w\" alt=\"\" width=\"414\" height=\"233\" \/><p class=\"wp-caption-text\">Un manifestante sostiene una foto de Renee Good, en una protesta en Minnesota, el 8 de enero. Foto: Tassanee Vejpongsa (AP)<\/p><\/div>\n<\/div>\n<\/div>\n<\/div>\n<\/div>\n<\/div>\n<\/div>\n<\/div><figcaption class=\"a_m_p\"><\/figcaption><\/figure>\n<p>&nbsp;<\/p>\n<p class=\"\"><a title=\"https:\/\/elpais.com\/us\/migracion\/2026-01-09\/un-segundo-tiroteo-de-agentes-federales-migratorios-en-dos-dias-en-portland.html\" href=\"https:\/\/elpais.com\/us\/migracion\/2026-01-09\/un-segundo-tiroteo-de-agentes-federales-migratorios-en-dos-dias-en-portland.html\" target=\"_self\" rel=\"\" data-link-track-dtm=\"\" data-mrf-link=\"https:\/\/elpais.com\/us\/migracion\/2026-01-09\/un-segundo-tiroteo-de-agentes-federales-migratorios-en-dos-dias-en-portland.html\">En Portland, los ciudadanos tambi\u00e9n salieron a las calles para reclamar justicia\u00a0<\/a>despu\u00e9s de que otro tiroteo a manos de agentes migratorios dejara dos migrantes venezolanos heridos en esa ciudad el jueves por la noche.<\/p>\n<p class=\"\">El Gobierno afirm\u00f3, nuevamente sin pruebas, que los heridos forman parte de la banda criminal Tren de Aragua y tambi\u00e9n los acus\u00f3 de haber intentado atropellar a los agentes. El alcalde de Portland, Keith Wilson, pidi\u00f3 a la agencia de inmigraci\u00f3n que suspendiera todas sus operaciones en la ciudad hasta que se complete una investigaci\u00f3n exhaustiva.<\/p>\n<p class=\"\">La tensi\u00f3n causada por la campa\u00f1a de Trump para conseguir el mayor n\u00famero de deportaciones de extranjeros de la historia ha profundizado la polarizaci\u00f3n de los ciudadanos entre quienes se creen la versi\u00f3n, desmentida por las estad\u00edsticas, de que los agentes migratorios est\u00e1n retirando de las calles a los criminales y quienes denuncian la brutalidad de los agentes durante las redadas y las injusticias cometidas en las detenciones. M\u00e1s de 600.000 personas han sido deportadas, seg\u00fan datos del Departamento de Seguridad Nacional (DHS), y unas 60.000 se encuentran detenidas en los centros del ICE en todo el pa\u00eds.<\/p>\n<p class=\"\">Minneapolis, como ya lo fue antes otras ciudades como Chicago, Los \u00c1ngeles, Charlotte, Washington D. C. y Nueva Orleans, se convirti\u00f3 en objetivo del Gobierno, que ha enviado a m\u00e1s de 2.000 agentes a las Ciudades Gemelas (Minneapolis y Saint Paul) para lo que ha calificado como la mayor operaci\u00f3n contra la inmigraci\u00f3n. Desde la Administraci\u00f3n se ha justificado el despliegue por un supuesto fraude masivo de desv\u00edo de fondos destinados a guarder\u00edas que denunci\u00f3 un <i>influencer<\/i>\u00a0de extrema derecha en un v\u00eddeo que ha sido desmentido. Varios de los acusados son de origen somal\u00ed, pa\u00eds del cual hay una nutrida comunidad en el Estado de Minnesota y que ha sido v\u00edctima de ataques racistas incentivados por el propio Trump, que los ha insultado en numerosas ocasiones y los ha calificado como \u201cbasura\u201d.<\/p>\n<h3 class=\"\">Protestas y ciudadanos entrenados<\/h3>\n<p class=\"\">La Red de Defensa del Inmigrante (IDN) se encarga de dar entrenamiento a las personas que no quieren quedarse de brazos cruzados ante las detenciones de sus vecinos. La red, que agrupa a m\u00e1s de un centenar de organizaciones, da cursos de entrenamiento para que los voluntarios realicen una labor de alerta y observaci\u00f3n de las operaciones del ICE en todo el pa\u00eds. Les ense\u00f1an a ser testigos y grabar las operaciones, a explicar sus derechos a los detenidos y hacerlo siempre de forma pac\u00edfica.<\/p>\n<p class=\"\">La demanda de las clases se ha multiplicado en Minneapolis con la llegada de los primeros agentes migratorios a finales de diciembre. Cientos de personas acuden a los entrenamientos para hacer frente a los funcionarios del ICE. \u201cLa violencia extrema con la que se han presentado los agentes del ICE ha hecho que la gente responda\u201d, dice Dur\u00e1n.<\/p>\n<p class=\"\">Pero la respuesta no llega solo de quienes defienden a los migrantes. Hay grupos de extrema derecha que les env\u00edan amenazas e incluso publican los nombres de los integrantes de la IDN. Sus miembros, explica, tienen que estar preparados porque espera que en alg\u00fan momento los ataques que hasta ahora son verbales se vuelvan f\u00edsicos.<\/p>\n<p>&nbsp;<\/p>\n<figure class=\"a_m a_m-h \">\n<p><div style=\"width: 424px\" class=\"wp-caption alignnone\"><img loading=\"lazy\" decoding=\"async\" class=\"_re lazyload a_m-h\" src=\"https:\/\/imagenes.elpais.com\/resizer\/v2\/ZKQEY3PON5PGHFD7WLRT6ZDC7U.jpg?auth=d2222ef88dcf2c11dad88331ed22710422be4a49d2109cad5129ffbcecb5cf0c&amp;width=414\" sizes=\"auto, (min-width:1199px) 1155px,(min-width:1001px) calc(100vw - 44px),(min-width:768px) 767px, 100vw\" srcset=\"https:\/\/imagenes.elpais.com\/resizer\/v2\/ZKQEY3PON5PGHFD7WLRT6ZDC7U.jpg?auth=d2222ef88dcf2c11dad88331ed22710422be4a49d2109cad5129ffbcecb5cf0c&amp;width=414 414w,https:\/\/imagenes.elpais.com\/resizer\/v2\/ZKQEY3PON5PGHFD7WLRT6ZDC7U.jpg?auth=d2222ef88dcf2c11dad88331ed22710422be4a49d2109cad5129ffbcecb5cf0c&amp;width=828 640w,https:\/\/imagenes.elpais.com\/resizer\/v2\/ZKQEY3PON5PGHFD7WLRT6ZDC7U.jpg?auth=d2222ef88dcf2c11dad88331ed22710422be4a49d2109cad5129ffbcecb5cf0c&amp;width=980 1000w,https:\/\/imagenes.elpais.com\/resizer\/v2\/ZKQEY3PON5PGHFD7WLRT6ZDC7U.jpg?auth=d2222ef88dcf2c11dad88331ed22710422be4a49d2109cad5129ffbcecb5cf0c&amp;width=1960 1960w\" alt=\"Agentes de ICE en Minneapolis\" width=\"414\" height=\"276\" \/><p class=\"wp-caption-text\">Una persona es detenida en Minnesota, el 8 de enero de 2026. Foto Christopher Katsarov (AP)<\/p><\/div><figcaption class=\"a_m_p\" aria-hidden=\"true\"><\/figcaption><\/figure>\n<p>&nbsp;<\/p>\n<p class=\"\">El miedo a una escalada de violencia es particularmente sensible en Minneapolis, pues suscita recuerdos del pasado, no muy lejano, de las protestas que sacudieron Estados Unidos en 2020 por la ag\u00f3nica muerte de George Floyd a manos de un polic\u00eda, a solo unas cuadras de donde falleci\u00f3 Good esta semana. \u201cSimplemente, fue una coincidencia, pero la gente responde para protegerse a s\u00ed misma y proteger a sus vecinos\u201d, dice Dur\u00e1n.<\/p>\n<p class=\"\">El asesinato de Good ha provocado una masiva respuesta de organizaciones civiles y pol\u00edticas, muchas de ellas alertando sobre el riesgo de que los enfrentamientos sirvan al Gobierno para aumentar la represi\u00f3n. El grupo de legisladores dem\u00f3cratas latinos, reunidos en el Caucus Hispano, lanz\u00f3 un comunicado pidiendo: \u201cLa gente debe mantener la calma. La Administraci\u00f3n Trump busca la violencia para justificar m\u00e1s violencia. No debemos darles lo que quieren\u201d.<\/p>\n<p class=\"\">Las repercusiones pol\u00edticas est\u00e1n por ver, pero los efectos de la muerte de Good llegar\u00e1n al Capitolio. La Uni\u00f3n Americana de Libertades Civiles (ACLU) envi\u00f3 un mensaje en el que sostiene que \u201cel Congreso debe poner freno al ICE antes de que lo sucedido en Minneapolis vuelva a repetirse\u201d y pide a los ciudadanos que soliciten a sus representantes \u201cque se opongan a cualquier nueva financiaci\u00f3n para la aplicaci\u00f3n de las leyes de inmigraci\u00f3n y exijan el fin de estos abusos\u201d.<\/p>\n<p class=\"\">La tragedia de Minneapolis intensificar\u00e1<a title=\"https:\/\/elpais.com\/us\/actualidad\/2026-01-06\/el-ataque-a-venezuela-sacude-la-agenda-en-el-regreso-del-congreso-de-estados-unidos.html\" href=\"https:\/\/elpais.com\/us\/actualidad\/2026-01-06\/el-ataque-a-venezuela-sacude-la-agenda-en-el-regreso-del-congreso-de-estados-unidos.html\" target=\"_self\" rel=\"\" data-link-track-dtm=\"\" data-mrf-link=\"https:\/\/elpais.com\/us\/actualidad\/2026-01-06\/el-ataque-a-venezuela-sacude-la-agenda-en-el-regreso-del-congreso-de-estados-unidos.html\">\u00a0el debate en el Congreso\u00a0<\/a>sobre la financiaci\u00f3n del DHS, que es una de las pocas agencias que solo cuenta con fondos hasta finales de este mes, a falta de un acuerdo bipartidista para renovar el presupuesto. El senador Chris Murphy, dem\u00f3crata por Connecticut, inst\u00f3 a sus compa\u00f1eros de partido a tomar medidas: \u201cLos dem\u00f3cratas no pueden votar a favor de un presupuesto para el DHS que no ponga freno a la creciente ilegalidad de esta agencia\u201d, se\u00f1al\u00f3 en X.<\/p>\n","protected":false},"excerpt":{"rendered":"<p>&nbsp; En medio de acusaciones cruzadas, las autoridades alertan del riesgo de una escalada de la violencia en las protestas contra los constantes abusos en&hellip;<\/p>\n","protected":false},"author":99,"featured_media":540142,"comment_status":"open","ping_status":"open","sticky":false,"template":"","format":"standard","meta":{"footnotes":""},"categories":[24],"tags":[],"class_list":["post-540141","post","type-post","status-publish","format-standard","has-post-thumbnail","hentry","category-mundo"],"_links":{"self":[{"href":"https:\/\/diarioelpopular.com\/index.php\/wp-json\/wp\/v2\/posts\/540141","targetHints":{"allow":["GET"]}}],"collection":[{"href":"https:\/\/diarioelpopular.com\/index.php\/wp-json\/wp\/v2\/posts"}],"about":[{"href":"https:\/\/diarioelpopular.com\/index.php\/wp-json\/wp\/v2\/types\/post"}],"author":[{"embeddable":true,"href":"https:\/\/diarioelpopular.com\/index.php\/wp-json\/wp\/v2\/users\/99"}],"replies":[{"embeddable":true,"href":"https:\/\/diarioelpopular.com\/index.php\/wp-json\/wp\/v2\/comments?post=540141"}],"version-history":[{"count":1,"href":"https:\/\/diarioelpopular.com\/index.php\/wp-json\/wp\/v2\/posts\/540141\/revisions"}],"predecessor-version":[{"id":540143,"href":"https:\/\/diarioelpopular.com\/index.php\/wp-json\/wp\/v2\/posts\/540141\/revisions\/540143"}],"wp:featuredmedia":[{"embeddable":true,"href":"https:\/\/diarioelpopular.com\/index.php\/wp-json\/wp\/v2\/media\/540142"}],"wp:attachment":[{"href":"https:\/\/diarioelpopular.com\/index.php\/wp-json\/wp\/v2\/media?parent=540141"}],"wp:term":[{"taxonomy":"category","embeddable":true,"href":"https:\/\/diarioelpopular.com\/index.php\/wp-json\/wp\/v2\/categories?post=540141"},{"taxonomy":"post_tag","embeddable":true,"href":"https:\/\/diarioelpopular.com\/index.php\/wp-json\/wp\/v2\/tags?post=540141"}],"curies":[{"name":"wp","href":"https:\/\/api.w.org\/{rel}","templated":true}]}}