{"id":540145,"date":"2026-01-11T13:45:33","date_gmt":"2026-01-11T17:45:33","guid":{"rendered":"https:\/\/diarioelpopular.com\/?p=540145"},"modified":"2026-01-11T13:45:33","modified_gmt":"2026-01-11T17:45:33","slug":"desapariciones-el-gran-reto-en-la-estrategia-de-seguridad-de-claudia-sheinbaum","status":"publish","type":"post","link":"https:\/\/diarioelpopular.com\/index.php\/2026\/01\/11\/desapariciones-el-gran-reto-en-la-estrategia-de-seguridad-de-claudia-sheinbaum\/","title":{"rendered":"Desapariciones, el gran reto en la estrategia de seguridad de Claudia Sheinbaum"},"content":{"rendered":"<div id=\"attachment_540146\" style=\"width: 1210px\" class=\"wp-caption alignnone\"><img loading=\"lazy\" decoding=\"async\" aria-describedby=\"caption-attachment-540146\" class=\"wp-image-540146 size-custom-big-size\" src=\"https:\/\/diarioelpopular.com\/wp-content\/uploads\/2026\/01\/Screen-Shot-2026-01-11-at-12.44.52-PM-1200x672.png\" alt=\"\" width=\"1200\" height=\"672\" srcset=\"https:\/\/diarioelpopular.com\/wp-content\/uploads\/2026\/01\/Screen-Shot-2026-01-11-at-12.44.52-PM-1200x672.png 1200w, https:\/\/diarioelpopular.com\/wp-content\/uploads\/2026\/01\/Screen-Shot-2026-01-11-at-12.44.52-PM-300x168.png 300w, https:\/\/diarioelpopular.com\/wp-content\/uploads\/2026\/01\/Screen-Shot-2026-01-11-at-12.44.52-PM-768x430.png 768w, https:\/\/diarioelpopular.com\/wp-content\/uploads\/2026\/01\/Screen-Shot-2026-01-11-at-12.44.52-PM-636x356.png 636w, https:\/\/diarioelpopular.com\/wp-content\/uploads\/2026\/01\/Screen-Shot-2026-01-11-at-12.44.52-PM-130x73.png 130w, https:\/\/diarioelpopular.com\/wp-content\/uploads\/2026\/01\/Screen-Shot-2026-01-11-at-12.44.52-PM.png 1024w\" sizes=\"auto, (max-width: 1200px) 100vw, 1200px\" \/><p id=\"caption-attachment-540146\" class=\"wp-caption-text\">Carteles de personas desaparecidas en M\u00e9xico en la Glorieta de los Desaparecidos, en Ciudad de M\u00e9xico, el 20 de noviembre de 2025. Foto M\u00f3nica Gonz\u00e1lez Islas<\/p><\/div>\n<p>&nbsp;<\/p>\n<p>&nbsp;<\/p>\n<div class=\"a_e_txt _df\">\n<ul>\n<li class=\"a_st\"><em><strong>Analistas, acad\u00e9micos y expertos en seguridad est\u00e1n divididos sobre c\u00f3mo debe ser medida la cifra de desaparecidos, mientras el Gobierno enlista un nuevo registro<\/strong><\/em><\/li>\n<\/ul>\n<\/div>\n<div class=\"a_e_m\"><\/div>\n<div>\n<p class=\"\">El jueves 8 de enero, durante la conferencia de prensa diaria de la mandataria Claudia Sheinbaum, el Gobierno de M\u00e9xico <a title=\"https:\/\/elpais.com\/mexico\/2026-01-08\/mexico-registra-una-reduccion-de-homicidios-dolosos-no-vista-en-una-decada.html \" href=\"https:\/\/elpais.com\/mexico\/2026-01-08\/mexico-registra-una-reduccion-de-homicidios-dolosos-no-vista-en-una-decada.html\" target=\"_self\" rel=\"\" data-link-track-dtm=\"\" data-mrf-link=\"https:\/\/elpais.com\/mexico\/2026-01-08\/mexico-registra-una-reduccion-de-homicidios-dolosos-no-vista-en-una-decada.html\">presumi\u00f3 una reducci\u00f3n hist\u00f3rica de casi todos los cr\u00edmenes en el pa\u00eds<\/a>.<\/p>\n<p class=\"\">En asesinatos, 2025 fue el a\u00f1o con menos v\u00edctimas desde hace una d\u00e9cada, y tambi\u00e9n hubo bajadas de entre un 15% y un 20% en feminicidios y robos con violencia. \u201cEste es el resultado de una estrategia de seguridad que va dando resultados\u201d, declar\u00f3 Sheinbaum, acompa\u00f1ada de su gabinete de seguridad. Y, como cada mes que el Gobierno de M\u00e9xico saca pecho con estos datos, algunas asociaciones de la sociedad civil y de madres buscadoras preguntaron: \u00bfpor qu\u00e9 no se habla de los desaparecidos?<\/p>\n<p class=\"\">Seg\u00fan el Registro Nacional de Personas Desaparecidas y No Localizadas de la Secretar\u00eda de Gobernaci\u00f3n, durante este primer a\u00f1o de Administraci\u00f3n de Sheinbaum se acumularon 14.072<a title=\"https:\/\/elpais.com\/mexico\/2025-03-23\/mexico-el-pais-que-desaparece-sin-rastro-de-125000-personas.html\" href=\"https:\/\/elpais.com\/mexico\/2025-03-23\/mexico-el-pais-que-desaparece-sin-rastro-de-125000-personas.html\" target=\"_self\" rel=\"\" data-link-track-dtm=\"\" data-mrf-link=\"https:\/\/elpais.com\/mexico\/2025-03-23\/mexico-el-pais-que-desaparece-sin-rastro-de-125000-personas.html\">\u00a0personas desaparecidas y no localizadas<\/a>. Es un aumento del 20% sobre las 10.924 del a\u00f1o anterior y m\u00e1s del doble de las 7.802 registradas en 2019, primer a\u00f1o que M\u00e9xico fue administrado por Andr\u00e9s Manuel L\u00f3pez Obrador, mentor de Sheinbaum. Adem\u00e1s, 2025 fue el a\u00f1o terrible para personas buscadoras, con siete asesinatos y cuatro desapariciones. Los analistas, acad\u00e9micos y expertos en seguridad est\u00e1n divididos sobre si esta cifra, junto con otros delitos, puede ocultar asesinatos o, en realidad, es otro tipo de fen\u00f3meno que debe ser considerado aparte.<\/p>\n<p class=\"\">\u201cM\u00e9xico es de los pa\u00edses del mundo que mejor sabe contar los homicidios, pero esto no ocurre con el delito de desaparici\u00f3n\u201d, comienza el acad\u00e9mico Carlos P\u00e9rez Ricart. \u201cLos registros de desaparecidos en M\u00e9xico est\u00e1n hechos para buscar personas, no importa si hay duplicidades o triplicidades, pero no est\u00e1n pensados para medir, entonces, cuando se comparan con los registros de homicidios, es como medir peras con manzanas\u201d, argumenta.<\/p>\n<p class=\"\">El investigador del Centro de Investigaci\u00f3n y Docencia Econ\u00f3micas (CIDE) explica que, como ahora se ha facilitado denunciar una desaparici\u00f3n en muchos de los Estados, esto ha llevado a que crezca el n\u00famero de reportes de desaparecidos y, por lo tanto, su n\u00famero total. \u201cPero un reporte de desaparecido no es necesariamente un desaparecido, ya que estos pueden englobar varios tipos de din\u00e1micas como desaparecidos por la actividad criminal, gente que se fue a Estados Unidos, personas que no quieren ser encontradas&#8230; que\u00a0<a title=\"https:\/\/elpais.com\/mexico\/2025-04-08\/sheinbaum-se-suma-a-la-ofensiva-contra-la-onu-en-mexico-no-hay-desaparicion-forzada-desde-el-estado.html\" href=\"https:\/\/elpais.com\/mexico\/2025-04-08\/sheinbaum-se-suma-a-la-ofensiva-contra-la-onu-en-mexico-no-hay-desaparicion-forzada-desde-el-estado.html\" target=\"_self\" rel=\"\" data-link-track-dtm=\"\" data-mrf-link=\"https:\/\/elpais.com\/mexico\/2025-04-08\/sheinbaum-se-suma-a-la-ofensiva-contra-la-onu-en-mexico-no-hay-desaparicion-forzada-desde-el-estado.html\">algunas tienen que ver con la desaparici\u00f3n forzada y otras no<\/a>\u201d, desarrolla.<\/p>\n<p>&nbsp;<\/p>\n<figure class=\"a_m a_m-h \">\n<p><div style=\"width: 424px\" class=\"wp-caption alignnone\"><img loading=\"lazy\" decoding=\"async\" class=\"_re lazyload a_m-h\" src=\"https:\/\/imagenes.elpais.com\/resizer\/v2\/TOONYNX63JBPFKKNUEI5DO5MCY.jpg?auth=788645f679ec09bae628152fa4a96f5ce9b5da98256293ca54ba11a2ce3a0177&amp;width=414\" sizes=\"auto, (min-width:1199px) 1155px,(min-width:1001px) calc(100vw - 44px),(min-width:768px) 767px, 100vw\" srcset=\"https:\/\/imagenes.elpais.com\/resizer\/v2\/TOONYNX63JBPFKKNUEI5DO5MCY.jpg?auth=788645f679ec09bae628152fa4a96f5ce9b5da98256293ca54ba11a2ce3a0177&amp;width=414 414w,https:\/\/imagenes.elpais.com\/resizer\/v2\/TOONYNX63JBPFKKNUEI5DO5MCY.jpg?auth=788645f679ec09bae628152fa4a96f5ce9b5da98256293ca54ba11a2ce3a0177&amp;width=828 640w,https:\/\/imagenes.elpais.com\/resizer\/v2\/TOONYNX63JBPFKKNUEI5DO5MCY.jpg?auth=788645f679ec09bae628152fa4a96f5ce9b5da98256293ca54ba11a2ce3a0177&amp;width=980 1000w,https:\/\/imagenes.elpais.com\/resizer\/v2\/TOONYNX63JBPFKKNUEI5DO5MCY.jpg?auth=788645f679ec09bae628152fa4a96f5ce9b5da98256293ca54ba11a2ce3a0177&amp;width=1960 1960w\" alt=\"\" width=\"414\" height=\"276\" \/><p class=\"wp-caption-text\">B\u00fasqueda de desaparecidos en el Parque Nacional Cumbres del Ajusco, en Ciudad de M\u00e9xico, el 21 de octubre de 2025.\u00a0 \u00a0 \u00a0 \u00a0 \u00a0 \u00a0 \u00a0 Foto Nayeli Cruz<\/p><\/div><figcaption class=\"a_m_p\" aria-hidden=\"true\"><\/figcaption><\/figure>\n<p>&nbsp;<\/p>\n<p class=\"\">En el lado diametralmente opuesto se encuentra Armando Vargas, coordinador del programa de Seguridad del centro de estudios M\u00e9xico Eval\u00faa. \u201cLos datos de homicidio doloso que reportan las autoridades ya no son v\u00e1lidos\u201d, sentencia. Por un lado, asegura, las fiscal\u00edas y polic\u00edas \u201cno tienen capacidades ni la voluntad para clasificarlos de forma adecuada\u201d. Por otro, el crimen organizado, que marca las reglas en algunos territorios, \u201cinhabilita a las instituciones de justicia\u201d y \u201chace uso de las desapariciones como un mecanismo que pasa desapercibido a la luz p\u00fablica y la luz del Estado\u201d. Asociaciones de madres buscadoras lo resumen en la frase \u201csin cuerpo no hay delito\u201d.<\/p>\n<p class=\"\">\u201cEn este contexto, se explican ciertas anomal\u00edas en los datos que hacen que, mientras se reducen los homicidios, aumentan o se mantienen otros fen\u00f3menos\u201d, dice. Estos son <a title=\"https:\/\/elpais.com\/mexico\/2026-01-06\/sayuri-herrera-la-fiscal-contra-los-feminicidios-que-saltara-a-netflix.html\" href=\"https:\/\/elpais.com\/mexico\/2026-01-06\/sayuri-herrera-la-fiscal-contra-los-feminicidios-que-saltara-a-netflix.html\" target=\"_self\" rel=\"\" data-link-track-dtm=\"\" data-mrf-link=\"https:\/\/elpais.com\/mexico\/2026-01-06\/sayuri-herrera-la-fiscal-contra-los-feminicidios-que-saltara-a-netflix.html\">feminicidio<\/a>, homicidio culposo, otros delitos que atentan contra la vida, y personas desaparecidas y no localizadas. Tambi\u00e9n se mezclan diferentes fuentes de datos como las cifras del Secretariado Ejecutivo del Sistema Nacional de Seguridad P\u00fablica y las del Instituto Nacional de Estad\u00edstica y Geograf\u00eda, y miden periodos no equivalentes. \u201cSi se comparan los mismos periodos y las mismas fuentes, la reducci\u00f3n anual, metodol\u00f3gicamente correcta, es mucho menor\u201d, explica. Seg\u00fan su an\u00e1lisis, si se suman y comparan todos los delitos asociados a la violencia letal en M\u00e9xico, la disminuci\u00f3n respecto a 2024 fue de un 5%.<\/p>\n<p class=\"\">La semana pasada, la presidenta anunci\u00f3 que est\u00e1 listo un nuevo registro para personas desaparecidas en M\u00e9xico y que en breve, probablemente en los pr\u00f3ximos d\u00edas, ser\u00e1 presentado en alguna de las conferencias de prensa. \u201cVamos a informar tanto del registro como de las nuevas normas que se impulsaron el a\u00f1o pasado, c\u00f3mo se est\u00e1n llevando a cabo y c\u00f3mo es el trabajo con los colectivos de personas desaparecidas\u201d, dijo. Fuentes cercanas al Gabinete de Seguridad apuntan a que se ha analizado a fondo los n\u00fameros totales.<\/p>\n<p>&nbsp;<\/p>\n<figure class=\"a_m a_m-h \">\n<p><div style=\"width: 424px\" class=\"wp-caption alignnone\"><img loading=\"lazy\" decoding=\"async\" class=\"_re lazyload a_m-h\" src=\"https:\/\/imagenes.elpais.com\/resizer\/v2\/PXHZF365SBGC5LSI7BT26HU53U.jpg?auth=a7d2b33b4d2d99dcba221445b82e6e8e79b82ac7c0aa3b3dc44db97307905ac8&amp;width=414\" sizes=\"auto, (min-width:1199px) 1155px,(min-width:1001px) calc(100vw - 44px),(min-width:768px) 767px, 100vw\" srcset=\"https:\/\/imagenes.elpais.com\/resizer\/v2\/PXHZF365SBGC5LSI7BT26HU53U.jpg?auth=a7d2b33b4d2d99dcba221445b82e6e8e79b82ac7c0aa3b3dc44db97307905ac8&amp;width=414 414w,https:\/\/imagenes.elpais.com\/resizer\/v2\/PXHZF365SBGC5LSI7BT26HU53U.jpg?auth=a7d2b33b4d2d99dcba221445b82e6e8e79b82ac7c0aa3b3dc44db97307905ac8&amp;width=828 640w,https:\/\/imagenes.elpais.com\/resizer\/v2\/PXHZF365SBGC5LSI7BT26HU53U.jpg?auth=a7d2b33b4d2d99dcba221445b82e6e8e79b82ac7c0aa3b3dc44db97307905ac8&amp;width=980 1000w,https:\/\/imagenes.elpais.com\/resizer\/v2\/PXHZF365SBGC5LSI7BT26HU53U.jpg?auth=a7d2b33b4d2d99dcba221445b82e6e8e79b82ac7c0aa3b3dc44db97307905ac8&amp;width=1960 1960w\" alt=\"\" width=\"414\" height=\"277\" \/><p class=\"wp-caption-text\">Retratos de personas desaparecidas en la Fiscal\u00eda de Irapuato, en Guanajuato, en septiembre 2025.Rodrigo Oropeza<\/p><\/div><figcaption class=\"a_m_p\" aria-hidden=\"true\"><\/figcaption><\/figure>\n<p>&nbsp;<\/p>\n<p class=\"\">El Registro Nacional de Personas Desaparecidas y No Localizadas, que viene de las cifras de las fiscal\u00edas estatales y las comisiones de b\u00fasqueda, tiene actualmente m\u00e1s de 133.000 v\u00edctimas. Durante el sexenio de L\u00f3pez Obrador, que durante sus campa\u00f1as presidenciales hizo de la inseguridad y los desaparecidos una bandera pol\u00edtica, se lanz\u00f3 un proyecto llamado Estrategia Nacional de B\u00fasqueda Generalizada. A medida que crec\u00edan los reportes de personas desaparecidas, se busc\u00f3 tener una certeza sobre la cifra \u201creal\u201d de desapariciones. Algo similar es lo que se va a presentar desde Presidencia la semana que viene.<\/p>\n<p class=\"\">De acuerdo a un reporte del medio especializado<a title=\"https:\/\/adondevanlosdesaparecidos.org\/2026\/01\/08\/abandonan-censo-de-amlo-anuncian-nuevo-computo-de-desapariciones\/\" href=\"https:\/\/adondevanlosdesaparecidos.org\/2026\/01\/08\/abandonan-censo-de-amlo-anuncian-nuevo-computo-de-desapariciones\/\" target=\"_blank\" rel=\"noopener\" data-link-track-dtm=\"\" data-mrf-link=\"https:\/\/adondevanlosdesaparecidos.org\/2026\/01\/08\/abandonan-censo-de-amlo-anuncian-nuevo-computo-de-desapariciones\/\">\u00a0<i>\u00bfA d\u00f3nde van los desaparecidos?<\/i><\/a>, se abandon\u00f3 esta estrategia por \u201cla falsificaci\u00f3n en los formularios de firmas de v\u00edctimas que presuntamente hab\u00edan sido localizadas y de funcionarios que les daban validez, la p\u00e9rdida de centenares de cuestionarios realizados a familias de personas desaparecidas, y el borrado de nombres del registro oficial sin formalizar el proceso\u201d. El tema, simplemente, se dej\u00f3 morir, saliendo de la agenda p\u00fablica.<\/p>\n<p class=\"\">Hace casi dos a\u00f1os, en marzo de 2024, fue el \u00faltimo informe p\u00fablico del Gobierno federal sobre cifras de personas localizadas mediante la estrategia nacional. La \u00faltima cifra hablaba de sobre 20.000 personas localizadas en ese registro de 133.000. Este proceso llev\u00f3 a la renuncia de Karla Quintana como comisionada de B\u00fasqueda de Personas. Respetada por los colectivos de buscadoras, declar\u00f3 entonces que <a title=\"https:\/\/elpais.com\/mexico\/2023-11-08\/karla-quintana-excomisionada-de-busqueda-el-censo-del-gobierno-busca-reducir-el-numero-de-desaparecidos-este-sexenio.html\" href=\"https:\/\/elpais.com\/mexico\/2023-11-08\/karla-quintana-excomisionada-de-busqueda-el-censo-del-gobierno-busca-reducir-el-numero-de-desaparecidos-este-sexenio.html\" target=\"_self\" rel=\"\" data-link-track-dtm=\"\" data-mrf-link=\"https:\/\/elpais.com\/mexico\/2023-11-08\/karla-quintana-excomisionada-de-busqueda-el-censo-del-gobierno-busca-reducir-el-numero-de-desaparecidos-este-sexenio.html\">\u201cla intenci\u00f3n, muy clara y lamentable, es reducir las cifras de personas desaparecidas, principalmente en este gobierno\u201d<\/a>.<\/p>\n<p class=\"\">\u201cCuando uno pone sobre la mesa las desapariciones, los defensores del Gobierno argumentan que, como el registro no es confiable, es irresponsable hablar de esto\u201d, se queja Vargas, de M\u00e9xico Eval\u00faa. \u201cS\u00ed vemos esa reducci\u00f3n de homicidios dolosos, pero tambi\u00e9n un incremento en otros fen\u00f3menos como las desapariciones que en el contexto mexicano hace sentido que sean usados para manipular los datos o como estrategias criminales\u201d. Lo que Vargas pide es una revisi\u00f3n y discusi\u00f3n de todos estos datos con y desde el Gobierno federal.<\/p>\n<p class=\"\">\u201cHay que ser muy cuidadoso con la afirmaci\u00f3n de que disminuyen los homicidios pero aumentan las desapariciones\u201d, pide P\u00e9rez Ricart. \u201cS\u00ed han aumentado los reportes, y tengo la certeza de que tambi\u00e9n el delito, pero no lo podemos saber a ciencia cierta\u201d, y finaliza, \u201cno me parece que sea estad\u00edsticamente significativo como para esconder la gran pintura de las cosas: la reducci\u00f3n de homicidios en un 40% el \u00faltimo a\u00f1o. Aunque la crisis de desaparecidos es real y de enormes proporciones. He ah\u00ed la dificultad de medirla. Los registros que tenemos hoy no pueden hacerlo\u201d.<\/p>\n<p class=\"\">La disminuci\u00f3n hist\u00f3rica en los homicidios, un logro que celebra el Gobierno de M\u00e9xico, levanta sospechas entre los analistas m\u00e1s desconfiados. \u201cSin cuerpo no hay delito\u201d, dicen unos. \u201cNo es central\u201d, contestan otros. Mientras que se espera que el nuevo registro nacional ponga luz sobre un \u00e1rea sombr\u00eda, las madres buscadoras siguen preguntando: \u00bfpor qu\u00e9 no se habla de los desaparecidos?<\/p>\n<\/div>\n","protected":false},"excerpt":{"rendered":"<p>&nbsp; &nbsp; Analistas, acad\u00e9micos y expertos en seguridad est\u00e1n divididos sobre c\u00f3mo debe ser medida la cifra de desaparecidos, mientras el Gobierno enlista un nuevo&hellip;<\/p>\n","protected":false},"author":99,"featured_media":540146,"comment_status":"open","ping_status":"open","sticky":false,"template":"","format":"standard","meta":{"footnotes":""},"categories":[23],"tags":[],"class_list":["post-540145","post","type-post","status-publish","format-standard","has-post-thumbnail","hentry","category-latinoamerica"],"_links":{"self":[{"href":"https:\/\/diarioelpopular.com\/index.php\/wp-json\/wp\/v2\/posts\/540145","targetHints":{"allow":["GET"]}}],"collection":[{"href":"https:\/\/diarioelpopular.com\/index.php\/wp-json\/wp\/v2\/posts"}],"about":[{"href":"https:\/\/diarioelpopular.com\/index.php\/wp-json\/wp\/v2\/types\/post"}],"author":[{"embeddable":true,"href":"https:\/\/diarioelpopular.com\/index.php\/wp-json\/wp\/v2\/users\/99"}],"replies":[{"embeddable":true,"href":"https:\/\/diarioelpopular.com\/index.php\/wp-json\/wp\/v2\/comments?post=540145"}],"version-history":[{"count":1,"href":"https:\/\/diarioelpopular.com\/index.php\/wp-json\/wp\/v2\/posts\/540145\/revisions"}],"predecessor-version":[{"id":540147,"href":"https:\/\/diarioelpopular.com\/index.php\/wp-json\/wp\/v2\/posts\/540145\/revisions\/540147"}],"wp:featuredmedia":[{"embeddable":true,"href":"https:\/\/diarioelpopular.com\/index.php\/wp-json\/wp\/v2\/media\/540146"}],"wp:attachment":[{"href":"https:\/\/diarioelpopular.com\/index.php\/wp-json\/wp\/v2\/media?parent=540145"}],"wp:term":[{"taxonomy":"category","embeddable":true,"href":"https:\/\/diarioelpopular.com\/index.php\/wp-json\/wp\/v2\/categories?post=540145"},{"taxonomy":"post_tag","embeddable":true,"href":"https:\/\/diarioelpopular.com\/index.php\/wp-json\/wp\/v2\/tags?post=540145"}],"curies":[{"name":"wp","href":"https:\/\/api.w.org\/{rel}","templated":true}]}}