{"id":540150,"date":"2026-01-11T19:11:53","date_gmt":"2026-01-11T23:11:53","guid":{"rendered":"https:\/\/diarioelpopular.com\/?p=540150"},"modified":"2026-01-11T19:11:53","modified_gmt":"2026-01-11T23:11:53","slug":"ocho-personas-arrestadas-durante-violentas-protestas-en-toronto-29-cargos-impuestos","status":"publish","type":"post","link":"https:\/\/diarioelpopular.com\/index.php\/2026\/01\/11\/ocho-personas-arrestadas-durante-violentas-protestas-en-toronto-29-cargos-impuestos\/","title":{"rendered":"Ocho personas arrestadas durante violentas protestas en Toronto, 29 cargos impuestos"},"content":{"rendered":"<p><img loading=\"lazy\" decoding=\"async\" class=\"alignnone size-custom-full-size wp-image-540151\" src=\"https:\/\/diarioelpopular.com\/wp-content\/uploads\/2026\/01\/Screen-Shot-2026-01-11-at-6.10.48-PM-636x393.png\" alt=\"\" width=\"636\" height=\"393\" srcset=\"https:\/\/diarioelpopular.com\/wp-content\/uploads\/2026\/01\/Screen-Shot-2026-01-11-at-6.10.48-PM-636x393.png 636w, https:\/\/diarioelpopular.com\/wp-content\/uploads\/2026\/01\/Screen-Shot-2026-01-11-at-6.10.48-PM-300x185.png 300w, https:\/\/diarioelpopular.com\/wp-content\/uploads\/2026\/01\/Screen-Shot-2026-01-11-at-6.10.48-PM-768x474.png 768w, https:\/\/diarioelpopular.com\/wp-content\/uploads\/2026\/01\/Screen-Shot-2026-01-11-at-6.10.48-PM-118x73.png 118w, https:\/\/diarioelpopular.com\/wp-content\/uploads\/2026\/01\/Screen-Shot-2026-01-11-at-6.10.48-PM.png 868w\" sizes=\"auto, (max-width: 636px) 100vw, 636px\" \/><\/p>\n<p>&nbsp;<\/p>\n<p><em><strong>La polic\u00eda de Toronto arrest\u00f3 a ocho personas durante una manifestaci\u00f3n y contraprotesta en el centro de la ciudad<\/strong><\/em><\/p>\n<p>&nbsp;<\/p>\n<p>Los agentes acudieron a la Plaza Nathan Phillips aproximadamente a las 14:00 h.<\/p>\n<p>&#8220;Los participantes realizaron actividades violentas que causaron disturbios en torno a la manifestaci\u00f3n&#8221;, escribieron las autoridades en una actualizaci\u00f3n compartida este domingo.<\/p>\n<p>La polic\u00eda afirma que los participantes se agredieron entre s\u00ed, se volvieron combativos y agredieron a los agentes de polic\u00eda.<\/p>\n<p>&#8220;Se realizaron nueve arrestos en la manifestaci\u00f3n y, tras una investigaci\u00f3n m\u00e1s exhaustiva, unoo de los revolsosos fue puesto en libertad incondicional sin cargos&#8221;, a\u00f1adi\u00f3 la polic\u00eda.<\/p>\n<p>El domingo, la polic\u00eda anunci\u00f3 el arresto de ocho personas. Entre ellas se encuentran Mahnoor Mohyuddin, de 25 a\u00f1os, residente de Milton, y Jennifer Vong, de 35 a\u00f1os, residente de Toronto. Fueron acusadas de siete delitos, entre ellos agredir a un agente de polic\u00eda con un arma, lanzar un explosivo contra una persona con la intenci\u00f3n de causarle lesiones corporales y portar un arma oculta.<\/p>\n<p>La polic\u00eda tambi\u00e9n acus\u00f3 a Kyle Stephens, de 35 a\u00f1os y residente de Toronto, po robo, da\u00f1os a la propiedad y participaci\u00f3n en una protesta ilegal.<\/p>\n<p>Woodrow Fraser-Boychuk, de 31 a\u00f1os y residente de Toronto, y Abe Berglas, de 23 a\u00f1os y residente de Ottawa, fueron acusados \u200b\u200bde obstrucci\u00f3n a la polic\u00eda, disfrazarse con intenci\u00f3n y participaci\u00f3n en una protesta ilegal.<\/p>\n<p>Las autoridades tambi\u00e9n imputaron cargos contra Darcy Belanger, de 50 a\u00f1os y residente de Toronto, por obstrucci\u00f3n a la polic\u00eda y participaci\u00f3n en una protesta ilegal. Bryn Williams, de 24 a\u00f1os y residente de Toronto, y Charles Kaakee, de 27 a\u00f1os, tambi\u00e9n de Toronto, fueron acusados \u200b\u200bde agresi\u00f3n y participaci\u00f3n en una protesta ilegal.<\/p>\n<p>Est\u00e1 previsto que comparezcan ante el tribunal en los pr\u00f3ximos dos meses.<\/p>\n<p>\u201cQuiero agradecer a los agentes de la @TorontoPolice que estuvieron una vez m\u00e1s en primera l\u00ednea durante las manifestaciones, a menudo enfrentando situaciones peligrosas, incluyendo incidentes en los que los agentes fueron agredidos\u201d, escribi\u00f3 el domingo el jefe del TPS, Myron Demkiw, en una publicaci\u00f3n en redes sociales.<\/p>\n<p>\u201cEste tipo de violencia contra los agentes de polic\u00eda, o cualquier persona, es inaceptable, punto. Nuestros agentes est\u00e1n ah\u00ed para garantizar la seguridad de la gente y merecen hacer su trabajo sin ser atacados\u201d, a\u00f1adi\u00f3. \u201cComo hemos dicho en repetidas ocasiones, cuando los agentes tengan motivos legales para hacerlo, se realizar\u00e1n arrestos y se presentar\u00e1n cargos en cualquier lugar de la ciudad, ya sea que se trate de manifestantes o contramanifestantes. Todos deben respetar la ley por igual\u201d.<\/p>\n","protected":false},"excerpt":{"rendered":"<p>&nbsp; La polic\u00eda de Toronto arrest\u00f3 a ocho personas durante una manifestaci\u00f3n y contraprotesta en el centro de la ciudad &nbsp; Los agentes acudieron a&hellip;<\/p>\n","protected":false},"author":99,"featured_media":540151,"comment_status":"open","ping_status":"open","sticky":false,"template":"","format":"standard","meta":{"footnotes":""},"categories":[11364],"tags":[],"class_list":["post-540150","post","type-post","status-publish","format-standard","has-post-thumbnail","hentry","category-toronto-gta"],"_links":{"self":[{"href":"https:\/\/diarioelpopular.com\/index.php\/wp-json\/wp\/v2\/posts\/540150","targetHints":{"allow":["GET"]}}],"collection":[{"href":"https:\/\/diarioelpopular.com\/index.php\/wp-json\/wp\/v2\/posts"}],"about":[{"href":"https:\/\/diarioelpopular.com\/index.php\/wp-json\/wp\/v2\/types\/post"}],"author":[{"embeddable":true,"href":"https:\/\/diarioelpopular.com\/index.php\/wp-json\/wp\/v2\/users\/99"}],"replies":[{"embeddable":true,"href":"https:\/\/diarioelpopular.com\/index.php\/wp-json\/wp\/v2\/comments?post=540150"}],"version-history":[{"count":1,"href":"https:\/\/diarioelpopular.com\/index.php\/wp-json\/wp\/v2\/posts\/540150\/revisions"}],"predecessor-version":[{"id":540152,"href":"https:\/\/diarioelpopular.com\/index.php\/wp-json\/wp\/v2\/posts\/540150\/revisions\/540152"}],"wp:featuredmedia":[{"embeddable":true,"href":"https:\/\/diarioelpopular.com\/index.php\/wp-json\/wp\/v2\/media\/540151"}],"wp:attachment":[{"href":"https:\/\/diarioelpopular.com\/index.php\/wp-json\/wp\/v2\/media?parent=540150"}],"wp:term":[{"taxonomy":"category","embeddable":true,"href":"https:\/\/diarioelpopular.com\/index.php\/wp-json\/wp\/v2\/categories?post=540150"},{"taxonomy":"post_tag","embeddable":true,"href":"https:\/\/diarioelpopular.com\/index.php\/wp-json\/wp\/v2\/tags?post=540150"}],"curies":[{"name":"wp","href":"https:\/\/api.w.org\/{rel}","templated":true}]}}