{"id":540175,"date":"2026-01-12T11:30:11","date_gmt":"2026-01-12T15:30:11","guid":{"rendered":"https:\/\/diarioelpopular.com\/?p=540175"},"modified":"2026-01-12T11:30:11","modified_gmt":"2026-01-12T15:30:11","slug":"washington-enviara-centenares-de-agentes-mas-a-minnesota-tras-las-crecientes-protestas-contra-el-ice","status":"publish","type":"post","link":"https:\/\/diarioelpopular.com\/index.php\/2026\/01\/12\/washington-enviara-centenares-de-agentes-mas-a-minnesota-tras-las-crecientes-protestas-contra-el-ice\/","title":{"rendered":"Washington enviar\u00e1 \u201ccentenares\u201d de agentes m\u00e1s a Minnesota tras las crecientes protestas contra el ICE"},"content":{"rendered":"<div id=\"attachment_540176\" style=\"width: 1210px\" class=\"wp-caption alignnone\"><img loading=\"lazy\" decoding=\"async\" aria-describedby=\"caption-attachment-540176\" class=\"wp-image-540176 size-custom-big-size\" src=\"https:\/\/diarioelpopular.com\/wp-content\/uploads\/2026\/01\/Screen-Shot-2026-01-12-at-10.27.42-AM-1200x813.png\" alt=\"\" width=\"1200\" height=\"813\" srcset=\"https:\/\/diarioelpopular.com\/wp-content\/uploads\/2026\/01\/Screen-Shot-2026-01-12-at-10.27.42-AM-1200x813.png 1200w, https:\/\/diarioelpopular.com\/wp-content\/uploads\/2026\/01\/Screen-Shot-2026-01-12-at-10.27.42-AM-300x203.png 300w, https:\/\/diarioelpopular.com\/wp-content\/uploads\/2026\/01\/Screen-Shot-2026-01-12-at-10.27.42-AM-768x520.png 768w, https:\/\/diarioelpopular.com\/wp-content\/uploads\/2026\/01\/Screen-Shot-2026-01-12-at-10.27.42-AM-636x431.png 636w, https:\/\/diarioelpopular.com\/wp-content\/uploads\/2026\/01\/Screen-Shot-2026-01-12-at-10.27.42-AM-80x55.png 80w, https:\/\/diarioelpopular.com\/wp-content\/uploads\/2026\/01\/Screen-Shot-2026-01-12-at-10.27.42-AM-108x73.png 108w, https:\/\/diarioelpopular.com\/wp-content\/uploads\/2026\/01\/Screen-Shot-2026-01-12-at-10.27.42-AM.png 1024w\" sizes=\"auto, (max-width: 1200px) 100vw, 1200px\" \/><p id=\"caption-attachment-540176\" class=\"wp-caption-text\">Tras el asesinato de la activista Renee Good Brian, las patrullas de ICE se han envalentonado y aumentado sus agresiones contra la poblaci\u00f3n. Foto Snyder (REUTERS)<\/p><\/div>\n<p>&nbsp;<\/p>\n<p>&nbsp;<\/p>\n<ul>\n<li><em><strong>La mentirosa secretaria de Seguridad Nacional, Kristy Noem, sostiene que el despliegue adicional comenzar\u00e1 de inmediato a la luz de las manifestaciones por el asesinato de la activista Renee Good<\/strong><\/em><\/li>\n<\/ul>\n<p>&nbsp;<\/p>\n<p class=\"\">Si no quieres caldo, toma dos tazas. Es la estrategia por la que la Administraci\u00f3n de Donald Trump ha optado por responder a las <a title=\"https:\/\/elpais.com\/internacional\/2026-01-10\/convocadas-cientos-de-protestas-en-ee-uu-despues-de-que-un-agente-del-ice-matara-a-tiros-a-una-mujer.html\" href=\"https:\/\/elpais.com\/internacional\/2026-01-10\/convocadas-cientos-de-protestas-en-ee-uu-despues-de-que-un-agente-del-ice-matara-a-tiros-a-una-mujer.html\" target=\"_self\" rel=\"\" data-link-track-dtm=\"\" data-mrf-link=\"https:\/\/elpais.com\/internacional\/2026-01-10\/convocadas-cientos-de-protestas-en-ee-uu-despues-de-que-un-agente-del-ice-matara-a-tiros-a-una-mujer.html\">protestas en Minnesota<\/a>\u00a0despu\u00e9s de que un agente del servicio de control de inmigraci\u00f3n (<a title=\"https:\/\/elpais.com\/noticias\/ice-servicio-control-inmigracion-aduanas\/\" href=\"https:\/\/elpais.com\/noticias\/ice-servicio-control-inmigracion-aduanas\/\" target=\"_self\" rel=\"\" data-link-track-dtm=\"\" data-mrf-link=\"https:\/\/elpais.com\/noticias\/ice-servicio-control-inmigracion-aduanas\/\">ICE<\/a>)\u00a0<a title=\"https:\/\/elpais.com\/us\/migracion\/2026-01-09\/el-video-grabado-por-el-agente-del-ice-que-mato-a-tiros-a-una-mujer-en-minneapolis-escala-la-crisis-en-estados-unidos.html\" href=\"https:\/\/elpais.com\/us\/migracion\/2026-01-09\/el-video-grabado-por-el-agente-del-ice-que-mato-a-tiros-a-una-mujer-en-minneapolis-escala-la-crisis-en-estados-unidos.html\" target=\"_self\" rel=\"\" data-link-track-dtm=\"\" data-mrf-link=\"https:\/\/elpais.com\/us\/migracion\/2026-01-09\/el-video-grabado-por-el-agente-del-ice-que-mato-a-tiros-a-una-mujer-en-minneapolis-escala-la-crisis-en-estados-unidos.html\">matara de tres disparos a una activista, Renee Good<\/a>, en la ciudad de Minneapolis.<\/p>\n<p class=\"\">La mentirosa secretaria de Seguridad Nacional, Kristy Noem, ha anunciado este domingo que enviar\u00e1 \u201ccentenares\u201d de agentes m\u00e1s para reforzar el despliegue de ese cuerpo en el Estado gobernado por un dem\u00f3crata, creando as\u00ed mayor inestabilidad y temor en la ciudadan\u00eda.<\/p>\n<p class=\"\">Los nuevos agentes enviados por el Departamento de Seguridad Nacional quedar\u00e1n desplegados entre este mismo domingo y el lunes con la misi\u00f3n de &#8220;proteger&#8221; al personal de ICE y de la Patrulla Fronteriza que ya se encuentran en Minnesota, seg\u00fan ha declarado la lamebotas Noem en una entrevista concedida al programa <i>Sunday Morning Futures<\/i> de la cadena de televisi\u00f3n Fox News.<\/p>\n<p class=\"\">En lo que ha descrito como\u00a0<a title=\"https:\/\/elpais.com\/us\/migracion\/2026-01-11\/la-muerte-a-tiros-de-renee-good-en-minneapolis-lleva-a-estados-unidos-a-un-nuevo-punto-de-ebullicion.html\" href=\"https:\/\/elpais.com\/us\/migracion\/2026-01-11\/la-muerte-a-tiros-de-renee-good-en-minneapolis-lleva-a-estados-unidos-a-un-nuevo-punto-de-ebullicion.html\" target=\"_self\" rel=\"\" data-link-track-dtm=\"\" data-mrf-link=\"https:\/\/elpais.com\/us\/migracion\/2026-01-11\/la-muerte-a-tiros-de-renee-good-en-minneapolis-lleva-a-estados-unidos-a-un-nuevo-punto-de-ebullicion.html\">su mayor operaci\u00f3n de la historia<\/a>, el Gobierno de Trump mantiene desplegados cerca de 2.000 agentes de inmigraci\u00f3n en el Estado. El racista inquilino de la Casa Blanca quiere mostrar con ello mano dura en el territorio gobernado por Tim Walz, \u2014el candidato a vicepresidente del Partido Dem\u00f3crata en las elecciones de noviembre de 2024\u2014 y donde ha estallado un esc\u00e1ndalo de fraude del que el republicano culpa a todos los miembros de la numerosa comunidad somal\u00ed del Estado, a la que insulta como \u201cbasura\u201d.<\/p>\n<p class=\"\">En el momento de su asesinato, el mi\u00e9rcoles pasado, Good participaba en una de las numerosas patrullas vecinales que documentan y graban las actividades del ICE, seg\u00fan familiares y activistas locales. La activista se encontraba al volante de su veh\u00edculo, que hab\u00eda bloqueado parcialmente una calle residencial de Minneapolis. Cuando pon\u00eda el SUV en movimiento, un agente, identificado por los medios estadounidenses como Jonathan Ross, dispar\u00f3 contra ella tres veces, argumentando que lo hizo en defensa propia porque Good estaba dirigiendo el auto contra \u00e9l. Sin embargo, todos los videos publicados indican claramente que no fue as\u00ed.<\/p>\n<p class=\"\">Es un falso argumento al que se ha sumado toda la Administraci\u00f3n, empezando por el propio Trump y el vicepresidente, J. D. Vance. Pero las autoridades de Minnesota, incluidos el gobernador Walz y el alcalde de Minneapolis, Jacob Frey, argumentan que los v\u00eddeos grabados por peatones muestran que la mujer, a la que otro funcionario de ICE hab\u00eda ordenado que se bajara del veh\u00edculo, estaba girando para alejarse del agente y marcharse del lugar en el momento en que Ross abri\u00f3 fuego casi a quemarropa.<\/p>\n<p class=\"\">El viernes, las autoridades de Minnesota anunciaron que abrir\u00edan su propia investigaci\u00f3n sobre el incidente, despu\u00e9s de que la polic\u00eda estatal se quejara de que el FBI, la polic\u00eda federal, se negaba a cooperar con ellos. En declaraciones al programa\u00a0<i>Fox News Sunday<\/i>, el responsable de la Casa Blanca para la seguridad fronteriza, Tom Homan, asegur\u00f3 que esperar\u00e1 a que la investigaci\u00f3n (de ellos mismos) concluya, pero que cree \u201csinceramente que el agente dio ese paso porque pens\u00f3 que su vida corr\u00eda peligro\u201d.<\/p>\n<p class=\"\">Decenas de miles de personas participaron el s\u00e1bado en Minneapolis en una marcha para protestar por el vil asesinato de Good, el mi\u00e9rcoles, y los disparos realizados por otro agente del ICE contra dos personas el viernes en Portland, en el Estado de Oreg\u00f3n. La protesta era una de cerca de un millar convocadas por todo el pa\u00eds a lo largo del fin de semana como reacci\u00f3n contra esas acciones y, en general, los despliegues de los agentes de inmigraci\u00f3n que Trump ha ordenado en varias ciudades que son gobernadas por los dem\u00f3cratas.<\/p>\n","protected":false},"excerpt":{"rendered":"<p>&nbsp; &nbsp; La mentirosa secretaria de Seguridad Nacional, Kristy Noem, sostiene que el despliegue adicional comenzar\u00e1 de inmediato a la luz de las manifestaciones por&hellip;<\/p>\n","protected":false},"author":99,"featured_media":540176,"comment_status":"open","ping_status":"open","sticky":false,"template":"","format":"standard","meta":{"footnotes":""},"categories":[24],"tags":[],"class_list":["post-540175","post","type-post","status-publish","format-standard","has-post-thumbnail","hentry","category-mundo"],"_links":{"self":[{"href":"https:\/\/diarioelpopular.com\/index.php\/wp-json\/wp\/v2\/posts\/540175","targetHints":{"allow":["GET"]}}],"collection":[{"href":"https:\/\/diarioelpopular.com\/index.php\/wp-json\/wp\/v2\/posts"}],"about":[{"href":"https:\/\/diarioelpopular.com\/index.php\/wp-json\/wp\/v2\/types\/post"}],"author":[{"embeddable":true,"href":"https:\/\/diarioelpopular.com\/index.php\/wp-json\/wp\/v2\/users\/99"}],"replies":[{"embeddable":true,"href":"https:\/\/diarioelpopular.com\/index.php\/wp-json\/wp\/v2\/comments?post=540175"}],"version-history":[{"count":1,"href":"https:\/\/diarioelpopular.com\/index.php\/wp-json\/wp\/v2\/posts\/540175\/revisions"}],"predecessor-version":[{"id":540177,"href":"https:\/\/diarioelpopular.com\/index.php\/wp-json\/wp\/v2\/posts\/540175\/revisions\/540177"}],"wp:featuredmedia":[{"embeddable":true,"href":"https:\/\/diarioelpopular.com\/index.php\/wp-json\/wp\/v2\/media\/540176"}],"wp:attachment":[{"href":"https:\/\/diarioelpopular.com\/index.php\/wp-json\/wp\/v2\/media?parent=540175"}],"wp:term":[{"taxonomy":"category","embeddable":true,"href":"https:\/\/diarioelpopular.com\/index.php\/wp-json\/wp\/v2\/categories?post=540175"},{"taxonomy":"post_tag","embeddable":true,"href":"https:\/\/diarioelpopular.com\/index.php\/wp-json\/wp\/v2\/tags?post=540175"}],"curies":[{"name":"wp","href":"https:\/\/api.w.org\/{rel}","templated":true}]}}