{"id":540179,"date":"2026-01-12T11:34:47","date_gmt":"2026-01-12T15:34:47","guid":{"rendered":"https:\/\/diarioelpopular.com\/?p=540179"},"modified":"2026-01-12T11:34:47","modified_gmt":"2026-01-12T15:34:47","slug":"lo-excepcional-del-juicio-por-el-feminicidio-de-cecilia-monzon","status":"publish","type":"post","link":"https:\/\/diarioelpopular.com\/index.php\/2026\/01\/12\/lo-excepcional-del-juicio-por-el-feminicidio-de-cecilia-monzon\/","title":{"rendered":"Lo excepcional del juicio por el feminicidio de Cecilia Monz\u00f3n"},"content":{"rendered":"<div id=\"attachment_540180\" style=\"width: 646px\" class=\"wp-caption alignnone\"><img loading=\"lazy\" decoding=\"async\" aria-describedby=\"caption-attachment-540180\" class=\"wp-image-540180 size-custom-full-size\" src=\"https:\/\/diarioelpopular.com\/wp-content\/uploads\/2026\/01\/Screen-Shot-2026-01-12-at-10.34.01-AM-636x429.png\" alt=\"\" width=\"636\" height=\"429\" srcset=\"https:\/\/diarioelpopular.com\/wp-content\/uploads\/2026\/01\/Screen-Shot-2026-01-12-at-10.34.01-AM-636x429.png 636w, https:\/\/diarioelpopular.com\/wp-content\/uploads\/2026\/01\/Screen-Shot-2026-01-12-at-10.34.01-AM-300x203.png 300w, https:\/\/diarioelpopular.com\/wp-content\/uploads\/2026\/01\/Screen-Shot-2026-01-12-at-10.34.01-AM-768x518.png 768w, https:\/\/diarioelpopular.com\/wp-content\/uploads\/2026\/01\/Screen-Shot-2026-01-12-at-10.34.01-AM-80x55.png 80w, https:\/\/diarioelpopular.com\/wp-content\/uploads\/2026\/01\/Screen-Shot-2026-01-12-at-10.34.01-AM-108x73.png 108w, https:\/\/diarioelpopular.com\/wp-content\/uploads\/2026\/01\/Screen-Shot-2026-01-12-at-10.34.01-AM.png 880w\" sizes=\"auto, (max-width: 636px) 100vw, 636px\" \/><p id=\"caption-attachment-540180\" class=\"wp-caption-text\">Activistas fuera del tribunal de Puebla, el 31 de diciembre de 2025. Foto Mireya Novo (Cuartoscuro)<\/p><\/div>\n<p>&nbsp;<\/p>\n<p>&nbsp;<\/p>\n<ul>\n<li><em><strong>Contra todo pron\u00f3stico, el caso obtuvo un veredicto y una sentencia hist\u00f3rica en un pa\u00eds en el que el 95% de los feminicidios quedan impunes<\/strong><\/em><\/li>\n<\/ul>\n<p>&nbsp;<\/p>\n<p class=\"\">La Justicia en M\u00e9xico pocas veces sorprende. Horas antes de terminar el 2025,\u00a0<a title=\"https:\/\/elpais.com\/mexico\/2025-12-24\/javier-lopez-zavala-declarado-culpable-del-feminicidio-de-cecilia-monzon.html\" href=\"https:\/\/elpais.com\/mexico\/2025-12-24\/javier-lopez-zavala-declarado-culpable-del-feminicidio-de-cecilia-monzon.html\" target=\"_self\" rel=\"\" data-link-track-dtm=\"\" data-mrf-link=\"https:\/\/elpais.com\/mexico\/2025-12-24\/javier-lopez-zavala-declarado-culpable-del-feminicidio-de-cecilia-monzon.html\">un tribunal en Puebla declar\u00f3 responsables del feminicidio de Cecilia Monz\u00f3n<\/a> al expol\u00edtico del PRI Javier L\u00f3pez Zavala y a dos de sus c\u00f3mplices en el crimen, Jair Dom\u00ednguez y Silvestre Vargas; y les impuso una sentencia de 60 a\u00f1os en prisi\u00f3n: la pena m\u00e1xima.<\/p>\n<p class=\"\">No fue una sorpresa para quienes siguieron de cerca el caso en los \u00faltimos tres a\u00f1os \u2014abogados, familiares, amigos, periodistas y activistas\u2014, pero s\u00ed para una buena parte de la opini\u00f3n p\u00fablica que sabe que el 95% de los feminicidios en M\u00e9xico quedan impunes.<\/p>\n<p class=\"\">El caso ten\u00eda varios factores en contra, adem\u00e1s del oxidado sistema judicial mexicano: el principal acusado es un conocido pol\u00edtico, que alguna vez aspir\u00f3 a ser gobernador de Puebla, con todos los recursos \u2014tanto econ\u00f3micos como sociales\u2014 necesarios para conseguir que el veredicto nunca llegara y con conexiones pol\u00edticas suficientes para que el aparato de justicia se atascara. El feminicida iba de gane el d\u00eda que lo detuvieron y, probablemente, pens\u00f3 que la Fiscal\u00eda nunca armar\u00eda una buena acusaci\u00f3n para sostener ante el juez, que los abogados de la v\u00edctima no encontrar\u00edan suficientes pruebas para responsabilizarlo, y que la familia Monz\u00f3n se cansar\u00eda antes de llegar a un veredicto y una sentencia.<\/p>\n<p class=\"\">En estad\u00edstica se considera excepcional aquello con una probabilidad de que ocurra menor al 5%. La familia Monz\u00f3n ha logrado justo eso. Con el dolor por la muerte de Cecilia a cuestas, pero con gran dignidad, no se dieron por vencidos y creyeron que en M\u00e9xico la justicia para las mujeres es posible, si se sigue un camino claro y certero. Como lo cre\u00eda Cecilia, una abogada que litigaba en casos en favor de las mujeres. El relevo lo tom\u00f3 su hermana Helena, tambi\u00e9n letrada, que se asegur\u00f3 de no dejar ning\u00fan detalle suelto en el caso m\u00e1s importante de su carrera: la defensa por la vida de su hermana.<\/p>\n<p class=\"\">El<a title=\"https:\/\/elpais.com\/mexico\/2025-12-25\/helena-monzon-tras-el-fallo-contra-javier-lopez-zavala-por-feminicidio-de-su-hermana-merece-la-pena-denunciar-pero-requiere-de-mucha-paciencia.html\" href=\"https:\/\/elpais.com\/mexico\/2025-12-25\/helena-monzon-tras-el-fallo-contra-javier-lopez-zavala-por-feminicidio-de-su-hermana-merece-la-pena-denunciar-pero-requiere-de-mucha-paciencia.html\" target=\"_self\" rel=\"\" data-link-track-dtm=\"\" data-mrf-link=\"https:\/\/elpais.com\/mexico\/2025-12-25\/helena-monzon-tras-el-fallo-contra-javier-lopez-zavala-por-feminicidio-de-su-hermana-merece-la-pena-denunciar-pero-requiere-de-mucha-paciencia.html\">\u00a0camino para Helena Monz\u00f3n<\/a>\u00a0fue cuesta arriba desde el primer d\u00eda que se present\u00f3 en la Fiscal\u00eda de Puebla para saber de primera mano sobre el caso. En esos primeros d\u00edas, en los que todav\u00eda procesaba la p\u00e9rdida de su hermana y se hac\u00eda cargo de su sobrino, el hijo de Cecilia, tuvo la entereza para dar los pasos necesarios para llevar el caso ante la justicia y que esta respondiera. M\u00e9xico mir\u00f3 en primera fila, y como muy pocas veces es posible ver, el proceso judicial que Helena llev\u00f3 acompa\u00f1ada de abogados, fiscales y activistas. En sus redes sociales desvelaba el laberinto burocr\u00e1tico del sistema judicial, las cuestionables herramientas que los acusados empleaban para demorar cualquier avance y la revictimizaci\u00f3n de la que era objeto. Nunca quit\u00f3 el dedo del rengl\u00f3n y sigue sin hacerlo.<\/p>\n<p class=\"\">\u201cMe di cuenta de que si la Fiscal\u00eda presenta mal la acusaci\u00f3n, una prueba o sencillamente no da argumentos fuertes, el caso no tendr\u00e1 ning\u00fan recorrido. No importa que una tenga una buena asesor\u00eda o que sus alegaciones se sostengan. Las v\u00edctimas no somos due\u00f1as de los casos\u201d, contaba Helena Monz\u00f3n.<\/p>\n<p class=\"\">En la sentencia para este feminicidio fue fundamental la atenci\u00f3n p\u00fablica al caso, pero tambi\u00e9n que cada una de las partes involucradas en el proceso judicial haya hecho su parte. Monz\u00f3n ha mencionado que presentar la denuncia y hacerse personalmente cargo de ella, hizo la diferencia. La mayor\u00eda de los cr\u00edmenes contra las mujeres no reciben este tipo de atenci\u00f3n y detalle, pero el\u00a0<i>caso Monz\u00f3n<\/i>\u00a0puede ser la puerta que lleve a que m\u00e1s feminicidios no queden impunes. La receta no es f\u00e1cil y requiere de una constante vigilancia al sistema judicial: ojos que miren todo el tiempo el cumplimiento de su deber, sin atajos.<\/p>\n<p class=\"\">El\u00a0<i>caso Monz\u00f3n<\/i>\u00a0se convierte ahora en el est\u00e1ndar a cumplir. Cientos de familias en M\u00e9xico que han perdido a mujeres en feminicidios se merecen que el sistema de justicia las crea, las respete y cumpla hasta el \u00faltimo momento. Lo ideal es que aquello de que 10 mujeres mueren al d\u00eda en M\u00e9xico deje de ser as\u00ed, pero ante la cruel realidad, las instituciones tienen que hacer su trabajo. \u201cNunca m\u00e1s normalicemos que un feminicida, por ser poderoso, por ser pol\u00edtico, por ser quien sea o por corromper a un juez o por pagarle a un ministerio p\u00fablico, por lo que sea, va a quedar impune\u201d, ha dicho la secretaria de las Mujeres, Citlalli Hern\u00e1ndez, tras conocer la sentencia. Su frase puede ser editada para abarcar m\u00e1s: \u201cNunca m\u00e1s un feminicida impune\u201d.<\/p>\n","protected":false},"excerpt":{"rendered":"<p>&nbsp; &nbsp; Contra todo pron\u00f3stico, el caso obtuvo un veredicto y una sentencia hist\u00f3rica en un pa\u00eds en el que el 95% de los feminicidios&hellip;<\/p>\n","protected":false},"author":99,"featured_media":540180,"comment_status":"open","ping_status":"open","sticky":false,"template":"","format":"standard","meta":{"footnotes":""},"categories":[23],"tags":[],"class_list":["post-540179","post","type-post","status-publish","format-standard","has-post-thumbnail","hentry","category-latinoamerica"],"_links":{"self":[{"href":"https:\/\/diarioelpopular.com\/index.php\/wp-json\/wp\/v2\/posts\/540179","targetHints":{"allow":["GET"]}}],"collection":[{"href":"https:\/\/diarioelpopular.com\/index.php\/wp-json\/wp\/v2\/posts"}],"about":[{"href":"https:\/\/diarioelpopular.com\/index.php\/wp-json\/wp\/v2\/types\/post"}],"author":[{"embeddable":true,"href":"https:\/\/diarioelpopular.com\/index.php\/wp-json\/wp\/v2\/users\/99"}],"replies":[{"embeddable":true,"href":"https:\/\/diarioelpopular.com\/index.php\/wp-json\/wp\/v2\/comments?post=540179"}],"version-history":[{"count":1,"href":"https:\/\/diarioelpopular.com\/index.php\/wp-json\/wp\/v2\/posts\/540179\/revisions"}],"predecessor-version":[{"id":540181,"href":"https:\/\/diarioelpopular.com\/index.php\/wp-json\/wp\/v2\/posts\/540179\/revisions\/540181"}],"wp:featuredmedia":[{"embeddable":true,"href":"https:\/\/diarioelpopular.com\/index.php\/wp-json\/wp\/v2\/media\/540180"}],"wp:attachment":[{"href":"https:\/\/diarioelpopular.com\/index.php\/wp-json\/wp\/v2\/media?parent=540179"}],"wp:term":[{"taxonomy":"category","embeddable":true,"href":"https:\/\/diarioelpopular.com\/index.php\/wp-json\/wp\/v2\/categories?post=540179"},{"taxonomy":"post_tag","embeddable":true,"href":"https:\/\/diarioelpopular.com\/index.php\/wp-json\/wp\/v2\/tags?post=540179"}],"curies":[{"name":"wp","href":"https:\/\/api.w.org\/{rel}","templated":true}]}}