{"id":540187,"date":"2026-01-12T11:52:32","date_gmt":"2026-01-12T15:52:32","guid":{"rendered":"https:\/\/diarioelpopular.com\/?p=540187"},"modified":"2026-01-12T11:52:32","modified_gmt":"2026-01-12T15:52:32","slug":"incendios-forestales-fuera-de-control-en-la-patagonia-argentina-mas-de-15-000-hectareas-afectadas","status":"publish","type":"post","link":"https:\/\/diarioelpopular.com\/index.php\/2026\/01\/12\/incendios-forestales-fuera-de-control-en-la-patagonia-argentina-mas-de-15-000-hectareas-afectadas\/","title":{"rendered":"Incendios forestales fuera de control en la Patagonia argentina: m\u00e1s de 15.000 hect\u00e1reas afectadas"},"content":{"rendered":"<p><img loading=\"lazy\" decoding=\"async\" class=\"alignnone size-custom-big-size wp-image-540188\" src=\"https:\/\/diarioelpopular.com\/wp-content\/uploads\/2026\/01\/Screen-Shot-2026-01-12-at-10.51.12-AM-1200x873.png\" alt=\"\" width=\"1200\" height=\"873\" srcset=\"https:\/\/diarioelpopular.com\/wp-content\/uploads\/2026\/01\/Screen-Shot-2026-01-12-at-10.51.12-AM-1200x873.png 1200w, https:\/\/diarioelpopular.com\/wp-content\/uploads\/2026\/01\/Screen-Shot-2026-01-12-at-10.51.12-AM-300x218.png 300w, https:\/\/diarioelpopular.com\/wp-content\/uploads\/2026\/01\/Screen-Shot-2026-01-12-at-10.51.12-AM-768x559.png 768w, https:\/\/diarioelpopular.com\/wp-content\/uploads\/2026\/01\/Screen-Shot-2026-01-12-at-10.51.12-AM-636x463.png 636w, https:\/\/diarioelpopular.com\/wp-content\/uploads\/2026\/01\/Screen-Shot-2026-01-12-at-10.51.12-AM-100x73.png 100w, https:\/\/diarioelpopular.com\/wp-content\/uploads\/2026\/01\/Screen-Shot-2026-01-12-at-10.51.12-AM.png 1024w\" sizes=\"auto, (max-width: 1200px) 100vw, 1200px\" \/><\/p>\n<p>&nbsp;<\/p>\n<p>&nbsp;<\/p>\n<ul>\n<li><em><strong>Para apagar los incendios trabajan m\u00e1s de 500 personas, entre brigadistas, rescatistas, bomberos, fuerzas de seguridad y personal de apoyo.<\/strong><\/em><\/li>\n<\/ul>\n<p>&nbsp;<\/p>\n<p data-mrf-recirculation=\"Article - enlaces p\u00e1rrafos\">Los incendios forestales que avanzan sin control en la Patagonia argentina\u00a0ya han consumido m\u00e1s de\u00a015.000 hect\u00e1reas y destruido varias viviendas,\u00a0mientras cientos de brigadistas y vecinos voluntarios contin\u00faan las labores para contener las llamas. En medio de esto, se conoce que empiezan a caer las\u00a0primeras lluvias en algunas de las zonas afectadas.<\/p>\n<p data-mrf-recirculation=\"Article - enlaces p\u00e1rrafos\">El foco m\u00e1s grave se origin\u00f3 el lunes pasado en inmediaciones de la localidad de\u00a0Epuy\u00e9n, en la provincia de Chubut.\u00a0En apenas una semana, el fuego arras\u00f3 un estimado de\u00a011.970 hect\u00e1reas, una cifra estimada que se duplic\u00f3 entre el s\u00e1bado y el domingo,\u00a0de acuerdo con un comunicado del Servicio Provincial de Manejo del Fuego.<\/p>\n<p data-mrf-recirculation=\"Article - enlaces p\u00e1rrafos\">\u201cEstamos muy contentos, ojal\u00e1 siga as\u00ed\u201d, le dijo a la agencia de noticias\u00a0<i>AFP,<\/i> Attila Missura, un residente de la zona, en di\u00e1logo telef\u00f3nico desde Rinc\u00f3n de Lobos, una de las zonas m\u00e1s castigadas por el incendio.<\/p>\n<p data-mrf-recirculation=\"Article - enlaces p\u00e1rrafos\">En el terreno trabajan\u00a0m\u00e1s de 500 personas, entre brigadistas, rescatistas, bomberos, fuerzas de seguridad y personal de apoyo,\u00a0adem\u00e1s de brigadas comunitarias conformadas por decenas de vecinos que colaboran en primera l\u00ednea.<\/p>\n<p data-mrf-recirculation=\"Article - enlaces p\u00e1rrafos\">\u201cEs un estado de alerta, tristeza y angustia a la vez, que no se conoce si nunca estuviste en un incendio, es como un estado de guerra\u201d,\u00a0relat\u00f3 tambi\u00e9n Missura, de 59 a\u00f1os.<\/p>\n<p data-mrf-recirculation=\"Article - enlaces p\u00e1rrafos\">La emergencia se produce apenas un a\u00f1o despu\u00e9s de los peores incendios forestales en la Patagonia en tres d\u00e9cadas, cuando el fuego afect\u00f3 unas 32.000 hect\u00e1reas. Esta seguidilla de siniestros ha puesto bajo fuerte presi\u00f3n tanto a los sistemas oficiales como a las organizaciones comunitarias de combate del fuego.<\/p>\n<p data-mrf-recirculation=\"Article - enlaces p\u00e1rrafos\">El gobernador de Chubut, Ignacio Torres, se\u00f1al\u00f3 en una entrevista radial que el domingo la situaci\u00f3n amaneci\u00f3\u00a0\u201cm\u00e1s tranquila\u201d, aunque advirti\u00f3 que \u201csigue siendo muy cr\u00edtica\u201d.\u00a0Adem\u00e1s, hizo un llamado a \u201cno relativizar nunca m\u00e1s la implicancia del cambio clim\u00e1tico\u201d y subray\u00f3 que la provincia atraviesa \u201cla peor sequ\u00eda desde 1965\u201d.<\/p>\n<p data-mrf-recirculation=\"Article - enlaces p\u00e1rrafos\">Otro de los grandes focos activos se encuentra en el Parque Nacional Los Alerces, tambi\u00e9n en Chubut. Aunque las autoridades no precisaron su extensi\u00f3n, la organizaci\u00f3n Greenpeace estim\u00f3 que para el jueves ya hab\u00eda superado las 1.000 hect\u00e1reas afectadas.<\/p>\n<p data-mrf-recirculation=\"Article - enlaces p\u00e1rrafos\">Las brigadas\u00a0trabajan para mantener contenidos otros dos incendios en las provincias de Chubut y Santa Cruz,\u00a0que en los \u00faltimos d\u00edas ya han impactado cerca de 3.800 hect\u00e1reas, seg\u00fan inform\u00f3 la Agencia Federal de Emergencias.<\/p>\n<p data-mrf-recirculation=\"Article - enlaces p\u00e1rrafos\">El domingo se sumaron refuerzos provenientes de la provincia de C\u00f3rdoba y el Gobierno de Chile ofreci\u00f3 apoyo para enfrentar la emergencia.<\/p>\n<p data-mrf-recirculation=\"Article - enlaces p\u00e1rrafos\">Sin embargo, el desgaste es evidente. \u201cLas instituciones est\u00e1n sobrepasadas, nosotros tambi\u00e9n. El incendio es gigantesco, lleva d\u00edas teniendo comportamiento extremo.\u00a0El agotamiento f\u00edsico y mental nos tiene al l\u00edmite\u201d, escribi\u00f3 el s\u00e1bado en redes sociales la Brigada Patag\u00f3nica, una de las organizaciones que se financian con donaciones.<\/p>\n<p data-mrf-recirculation=\"Article - enlaces p\u00e1rrafos\">Esta emergencia ambiental se registra en pleno verano en Argentina, una estaci\u00f3n que, especialmente en esta zona de la Patagonia, se caracteriza por presentar temperaturas elevadas durante esta \u00e9poca del a\u00f1o.<\/p>\n<p data-mrf-recirculation=\"Article - enlaces p\u00e1rrafos\">\n","protected":false},"excerpt":{"rendered":"<p>&nbsp; &nbsp; Para apagar los incendios trabajan m\u00e1s de 500 personas, entre brigadistas, rescatistas, bomberos, fuerzas de seguridad y personal de apoyo. &nbsp; Los incendios&hellip;<\/p>\n","protected":false},"author":99,"featured_media":540188,"comment_status":"open","ping_status":"open","sticky":false,"template":"","format":"standard","meta":{"footnotes":""},"categories":[23],"tags":[],"class_list":["post-540187","post","type-post","status-publish","format-standard","has-post-thumbnail","hentry","category-latinoamerica"],"_links":{"self":[{"href":"https:\/\/diarioelpopular.com\/index.php\/wp-json\/wp\/v2\/posts\/540187","targetHints":{"allow":["GET"]}}],"collection":[{"href":"https:\/\/diarioelpopular.com\/index.php\/wp-json\/wp\/v2\/posts"}],"about":[{"href":"https:\/\/diarioelpopular.com\/index.php\/wp-json\/wp\/v2\/types\/post"}],"author":[{"embeddable":true,"href":"https:\/\/diarioelpopular.com\/index.php\/wp-json\/wp\/v2\/users\/99"}],"replies":[{"embeddable":true,"href":"https:\/\/diarioelpopular.com\/index.php\/wp-json\/wp\/v2\/comments?post=540187"}],"version-history":[{"count":1,"href":"https:\/\/diarioelpopular.com\/index.php\/wp-json\/wp\/v2\/posts\/540187\/revisions"}],"predecessor-version":[{"id":540189,"href":"https:\/\/diarioelpopular.com\/index.php\/wp-json\/wp\/v2\/posts\/540187\/revisions\/540189"}],"wp:featuredmedia":[{"embeddable":true,"href":"https:\/\/diarioelpopular.com\/index.php\/wp-json\/wp\/v2\/media\/540188"}],"wp:attachment":[{"href":"https:\/\/diarioelpopular.com\/index.php\/wp-json\/wp\/v2\/media?parent=540187"}],"wp:term":[{"taxonomy":"category","embeddable":true,"href":"https:\/\/diarioelpopular.com\/index.php\/wp-json\/wp\/v2\/categories?post=540187"},{"taxonomy":"post_tag","embeddable":true,"href":"https:\/\/diarioelpopular.com\/index.php\/wp-json\/wp\/v2\/tags?post=540187"}],"curies":[{"name":"wp","href":"https:\/\/api.w.org\/{rel}","templated":true}]}}